{"id":24347,"date":"2020-03-28T11:48:52","date_gmt":"2020-03-28T09:48:52","guid":{"rendered":"https:\/\/www.e2.law\/?p=24347"},"modified":"2023-08-19T23:23:03","modified_gmt":"2023-08-19T21:23:03","slug":"faut-il-se-lancer-seul-ou-a-plusieurs","status":"publish","type":"post","link":"https:\/\/www.e2.law\/fr\/2020\/03\/28\/faut-il-se-lancer-seul-ou-a-plusieurs\/","title":{"rendered":"Faut-il se lancer seul ou \u00e0 plusieurs ?"},"content":{"rendered":"<p><img data-recalc-dims=\"1\" decoding=\"async\" class=\"lazyload alignnone size-full wp-image-25005\" src=\"https:\/\/i0.wp.com\/www.e2.law\/wp-content\/uploads\/2020\/04\/Se_Lancer_Seul_Ou_A_Plusieurs.png?resize=1100%2C1570&#038;ssl=1\" data-orig-src=\"https:\/\/www.e2.law\/wp-content\/uploads\/2020\/04\/Se_Lancer_Seul_Ou_A_Plusieurs.png\" alt=\"\" width=\"1100\" height=\"1570\" srcset=\"data:image\/svg+xml,%3Csvg%20xmlns%3D%27http%3A%2F%2Fwww.w3.org%2F2000%2Fsvg%27%20width%3D%272645%27%20height%3D%273776%27%20viewBox%3D%270%200%202645%203776%27%3E%3Crect%20width%3D%272645%27%20height%3D%273776%27%20fill-opacity%3D%220%22%2F%3E%3C%2Fsvg%3E\" data-srcset=\"https:\/\/i0.wp.com\/www.e2.law\/wp-content\/uploads\/2020\/04\/Se_Lancer_Seul_Ou_A_Plusieurs.png?resize=200%2C286&amp;ssl=1 200w, https:\/\/i0.wp.com\/www.e2.law\/wp-content\/uploads\/2020\/04\/Se_Lancer_Seul_Ou_A_Plusieurs.png?resize=210%2C300&amp;ssl=1 210w, https:\/\/i0.wp.com\/www.e2.law\/wp-content\/uploads\/2020\/04\/Se_Lancer_Seul_Ou_A_Plusieurs.png?resize=400%2C571&amp;ssl=1 400w, https:\/\/i0.wp.com\/www.e2.law\/wp-content\/uploads\/2020\/04\/Se_Lancer_Seul_Ou_A_Plusieurs.png?resize=500%2C714&amp;ssl=1 500w, https:\/\/i0.wp.com\/www.e2.law\/wp-content\/uploads\/2020\/04\/Se_Lancer_Seul_Ou_A_Plusieurs.png?resize=600%2C857&amp;ssl=1 600w, https:\/\/i0.wp.com\/www.e2.law\/wp-content\/uploads\/2020\/04\/Se_Lancer_Seul_Ou_A_Plusieurs.png?resize=700%2C999&amp;ssl=1 700w, https:\/\/i0.wp.com\/www.e2.law\/wp-content\/uploads\/2020\/04\/Se_Lancer_Seul_Ou_A_Plusieurs.png?resize=717%2C1024&amp;ssl=1 717w, https:\/\/i0.wp.com\/www.e2.law\/wp-content\/uploads\/2020\/04\/Se_Lancer_Seul_Ou_A_Plusieurs.png?resize=768%2C1096&amp;ssl=1 768w, https:\/\/i0.wp.com\/www.e2.law\/wp-content\/uploads\/2020\/04\/Se_Lancer_Seul_Ou_A_Plusieurs.png?resize=800%2C1142&amp;ssl=1 800w, https:\/\/i0.wp.com\/www.e2.law\/wp-content\/uploads\/2020\/04\/Se_Lancer_Seul_Ou_A_Plusieurs.png?resize=1076%2C1536&amp;ssl=1 1076w, https:\/\/i0.wp.com\/www.e2.law\/wp-content\/uploads\/2020\/04\/Se_Lancer_Seul_Ou_A_Plusieurs.png?resize=1200%2C1713&amp;ssl=1 1200w, https:\/\/i0.wp.com\/www.e2.law\/wp-content\/uploads\/2020\/04\/Se_Lancer_Seul_Ou_A_Plusieurs.png?resize=1435%2C2048&amp;ssl=1 1435w, https:\/\/i0.wp.com\/www.e2.law\/wp-content\/uploads\/2020\/04\/Se_Lancer_Seul_Ou_A_Plusieurs.png?w=2200&amp;ssl=1 2200w, https:\/\/i0.wp.com\/www.e2.law\/wp-content\/uploads\/2020\/04\/Se_Lancer_Seul_Ou_A_Plusieurs.png?w=2645&amp;ssl=1 2645w\" data-sizes=\"auto\" data-orig-sizes=\"(max-width: 1100px) 100vw, 1100px\" \/><\/p>\n<p>&nbsp;<\/p>\n<ul>\n<li><i><span style=\"font-weight: 400;\">Seul\u00a0:<\/span><\/i><\/li>\n<\/ul>\n<p><span style=\"font-weight: 400;\">En personne physique\u00a0?\u00a0<\/span><\/p>\n<p><span style=\"font-weight: 400;\">Il existe plusieurs avantages \u00e0 exercer en personne physique.\u00a0<\/span><\/p>\n<p><span style=\"font-weight: 400;\">D\u2019une part, le formalisme est largement r\u00e9duit lorsqu\u2019on exerce en personne physique (comptabilit\u00e9 simplifi\u00e9e, absence de statuts et d\u2019assembl\u00e9es g\u00e9n\u00e9rales, \u2026).\u00a0<\/span><\/p>\n<p><span style=\"font-weight: 400;\">D\u2019autre part, cela permet d\u2019\u00e9viter des frais de notaire \u00e0 engager lors de la constitution de la soci\u00e9t\u00e9 (+- 1.000 EUR). Seule l\u2019inscription \u00e0 la Banque-carrefour des entreprises (BCE) est indispensable mais celle-ci repr\u00e9sente un co\u00fbt relativement faible (&lt; 100 EUR). Le plus gros inconv\u00e9nient du fait d\u2019exercer en personne physique r\u00e9side dans le fait d\u2019avoir une responsabilit\u00e9 quasiment illimit\u00e9, c\u2019est-\u00e0-dire que les patrimoines professionnels et priv\u00e9s sont confondus.\u00a0<\/span><\/p>\n<ul>\n<li><i><span style=\"font-weight: 400;\">Seul ou \u00e0 plusieurs\u00a0:<\/span><\/i><\/li>\n<\/ul>\n<p><span style=\"font-weight: 400;\">En Soci\u00e9t\u00e9\u00a0?<\/span><\/p>\n<p><span style=\"font-weight: 400;\">La cr\u00e9ation d\u2019une soci\u00e9t\u00e9 est plus co\u00fbteuse puisqu\u2019elle implique un acte authentique et donc des frais de notaire (+- 1.000 EUR). N\u00e9anmoins, le nouveau code des soci\u00e9t\u00e9s et associations n\u2019impose plus de capital minimum pour les SRL (soci\u00e9t\u00e9 \u00e0 responsabilit\u00e9 limit\u00e9e). Concernant les SA (soci\u00e9t\u00e9s anonymes) cependant, le capital minimum reste inchang\u00e9. Il est de 61.500 EUR.<\/span><\/p>\n<p><span style=\"font-weight: 400;\">La SRL est donc beaucoup plus adapt\u00e9e aux jeunes soci\u00e9t\u00e9s qui se lancent sur le march\u00e9. Mais attention, il ne faut pas confondre absence de capital minimum et absence de d\u2019apports. Lors de la <\/span><span style=\"font-weight: 400;\">constitution d\u2019une SRL<\/span><span style=\"font-weight: 400;\">, les fondateurs doivent en effet apporter des fonds et veiller \u00e0 ce que ceux-ci soient suffisants pour exercer l\u2019activit\u00e9 projet\u00e9e, faute de quoi ils pourraient engager leur responsabilit\u00e9. Il est \u00e9galement possible d\u2019effectuer des apports en nature (c\u2019est-\u00e0-dire l\u2019apport d\u2019un bien corporel ou incorporel) et en industrie (apport de travaux ou de prestations de services), moyennant le respect de conditions strictes, et notamment le rapport d\u2019un r\u00e9viseur d\u2019entreprise.\u00a0<\/span><\/p>\n<p><span style=\"font-weight: 400;\">La constitution d\u2019une soci\u00e9t\u00e9 permet une limitation de la responsabilit\u00e9, mais entra\u00eenera en contrepartie le respect de toute une s\u00e9rie de formalit\u00e9s\u00a0:\u00a0<\/span><\/p>\n<p>&nbsp;<\/p>\n<ul>\n<li style=\"font-weight: 400;\" aria-level=\"1\"><span style=\"font-weight: 400;\">R\u00e9daction des statuts\u00a0;\u00a0<\/span><\/li>\n<li style=\"font-weight: 400;\" aria-level=\"1\"><span style=\"font-weight: 400;\">R\u00e9daction d\u2019un plan financier\u00a0;\u00a0<\/span><\/li>\n<li style=\"font-weight: 400;\" aria-level=\"1\"><span style=\"font-weight: 400;\">Convocations et tenue d\u2019assembl\u00e9es g\u00e9n\u00e9rales et r\u00e9daction de proc\u00e8s-verbaux de l\u2019assembl\u00e9e g\u00e9n\u00e9rale\u00a0;\u00a0<\/span><\/li>\n<li style=\"font-weight: 400;\" aria-level=\"1\"><span style=\"font-weight: 400;\">Rapports et d\u00e9cisions sp\u00e9cifiques de l\u2019organe de gestion\u00a0;\u00a0<\/span><\/li>\n<li style=\"font-weight: 400;\" aria-level=\"1\"><span style=\"font-weight: 400;\">Respect des r\u00e8gles applicables en mati\u00e8re de conflits d\u2019int\u00e9r\u00eats (vu la distinction des patrimoines)\u00a0;\u00a0\u00a0<\/span><\/li>\n<li style=\"font-weight: 400;\" aria-level=\"1\"><span style=\"font-weight: 400;\">Comptes \u00e0 publier \u00e0 la BNB (Banque nationale de Belgique)\u00a0;\u00a0<\/span><\/li>\n<li style=\"font-weight: 400;\" aria-level=\"1\"><span style=\"font-weight: 400;\">Etc.<\/span><\/li>\n<\/ul>\n<p><span style=\"font-weight: 400;\">L\u2019impact fiscal<\/span><span style=\"font-weight: 400;\"> diff\u00e8re \u00e9galement selon le choix d\u2019exercer en personne physique ou en soci\u00e9t\u00e9.\u00a0<\/span><\/p>\n","protected":false},"excerpt":{"rendered":"<p>&nbsp; Seul\u00a0: En personne physique\u00a0?\u00a0 Il existe plusieurs avantages \u00e0 exercer en personne physique.\u00a0 D\u2019une part, le formalisme est largement r\u00e9duit lorsqu\u2019on exerce en personne physique (comptabilit\u00e9 simplifi\u00e9e, absence de statuts et d\u2019assembl\u00e9es g\u00e9n\u00e9rales, \u2026).\u00a0 D\u2019autre part, cela permet d\u2019\u00e9viter des frais de notaire \u00e0 engager lors de la constitution de la soci\u00e9t\u00e9 (+- 1.000 EUR).   [&#8230;]<\/p>\n","protected":false},"author":169,"featured_media":24343,"comment_status":"open","ping_status":"open","sticky":false,"template":"","format":"standard","meta":{"_acf_changed":false,"_jetpack_memberships_contains_paid_content":false,"footnotes":""},"categories":[141],"tags":[1234],"class_list":["post-24347","post","type-post","status-publish","format-standard","has-post-thumbnail","hentry","category-non-classifiee","tag-societe-a-responsabilite-limitee"],"acf":[],"yoast_head":"<!-- This site is optimized with the Yoast SEO plugin v27.5 - https:\/\/yoast.com\/product\/yoast-seo-wordpress\/ -->\n<title>Faut-il se lancer seul ou \u00e0 plusieurs ? - e2.law<\/title>\n<meta name=\"robots\" content=\"index, follow, max-snippet:-1, max-image-preview:large, max-video-preview:-1\" \/>\n<link rel=\"canonical\" href=\"https:\/\/www.e2.law\/fr\/2020\/03\/28\/faut-il-se-lancer-seul-ou-a-plusieurs\/\" \/>\n<meta property=\"og:locale\" content=\"fr_FR\" \/>\n<meta property=\"og:type\" content=\"article\" \/>\n<meta property=\"og:title\" content=\"Faut-il se lancer seul ou \u00e0 plusieurs ? - e2.law\" \/>\n<meta property=\"og:description\" content=\"&nbsp; Seul\u00a0: En personne physique\u00a0?\u00a0 Il existe plusieurs avantages \u00e0 exercer en personne physique.\u00a0 D\u2019une part, le formalisme est largement r\u00e9duit lorsqu\u2019on exerce en personne physique (comptabilit\u00e9 simplifi\u00e9e, absence de statuts et d\u2019assembl\u00e9es g\u00e9n\u00e9rales, \u2026).\u00a0 D\u2019autre part, cela permet d\u2019\u00e9viter des frais de notaire \u00e0 engager lors de la constitution de la soci\u00e9t\u00e9 (+- 1.000 EUR).  [...]\" \/>\n<meta property=\"og:url\" content=\"https:\/\/www.e2.law\/fr\/2020\/03\/28\/faut-il-se-lancer-seul-ou-a-plusieurs\/\" \/>\n<meta property=\"og:site_name\" content=\"e2.law\" \/>\n<meta property=\"article:published_time\" content=\"2020-03-28T09:48:52+00:00\" \/>\n<meta property=\"article:modified_time\" content=\"2023-08-19T21:23:03+00:00\" \/>\n<meta property=\"og:image\" content=\"https:\/\/www.e2.law\/wp-content\/uploads\/2020\/03\/Se_Lancer_Seul_Ou_A_Plusieurs-scaled.jpg\" \/>\n\t<meta property=\"og:image:width\" content=\"1793\" \/>\n\t<meta property=\"og:image:height\" content=\"2560\" \/>\n\t<meta property=\"og:image:type\" content=\"image\/jpeg\" \/>\n<meta name=\"author\" content=\"e\u00b2.law\" \/>\n<meta name=\"twitter:card\" content=\"summary_large_image\" \/>\n<meta name=\"twitter:label1\" content=\"\u00c9crit par\" \/>\n\t<meta name=\"twitter:data1\" content=\"e\u00b2.law\" \/>\n\t<meta name=\"twitter:label2\" content=\"Dur\u00e9e de lecture estim\u00e9e\" \/>\n\t<meta name=\"twitter:data2\" content=\"2 minutes\" \/>\n<script type=\"application\/ld+json\" class=\"yoast-schema-graph\">{\"@context\":\"https:\\\/\\\/schema.org\",\"@graph\":[{\"@type\":\"Article\",\"@id\":\"https:\\\/\\\/www.e2.law\\\/fr\\\/2020\\\/03\\\/28\\\/faut-il-se-lancer-seul-ou-a-plusieurs\\\/#article\",\"isPartOf\":{\"@id\":\"https:\\\/\\\/www.e2.law\\\/fr\\\/2020\\\/03\\\/28\\\/faut-il-se-lancer-seul-ou-a-plusieurs\\\/\"},\"author\":{\"name\":\"e\u00b2.law\",\"@id\":\"https:\\\/\\\/www.e2.law\\\/fr\\\/#\\\/schema\\\/person\\\/9f822952177053b420c93ceda8001bcd\"},\"headline\":\"Faut-il se lancer seul ou \u00e0 plusieurs ?\",\"datePublished\":\"2020-03-28T09:48:52+00:00\",\"dateModified\":\"2023-08-19T21:23:03+00:00\",\"mainEntityOfPage\":{\"@id\":\"https:\\\/\\\/www.e2.law\\\/fr\\\/2020\\\/03\\\/28\\\/faut-il-se-lancer-seul-ou-a-plusieurs\\\/\"},\"wordCount\":434,\"commentCount\":0,\"publisher\":{\"@id\":\"https:\\\/\\\/www.e2.law\\\/fr\\\/#organization\"},\"image\":{\"@id\":\"https:\\\/\\\/www.e2.law\\\/fr\\\/2020\\\/03\\\/28\\\/faut-il-se-lancer-seul-ou-a-plusieurs\\\/#primaryimage\"},\"thumbnailUrl\":\"https:\\\/\\\/i0.wp.com\\\/www.e2.law\\\/wp-content\\\/uploads\\\/2020\\\/03\\\/Se_Lancer_Seul_Ou_A_Plusieurs-scaled.jpg?fit=1793%2C2560&ssl=1\",\"keywords\":[\"soci\u00e9t\u00e9 \u00e0 responsabilit\u00e9 limit\u00e9e (SRL)\"],\"articleSection\":[\"Non classifi\u00e9(e)\"],\"inLanguage\":\"fr-FR\",\"potentialAction\":[{\"@type\":\"CommentAction\",\"name\":\"Comment\",\"target\":[\"https:\\\/\\\/www.e2.law\\\/fr\\\/2020\\\/03\\\/28\\\/faut-il-se-lancer-seul-ou-a-plusieurs\\\/#respond\"]}]},{\"@type\":\"WebPage\",\"@id\":\"https:\\\/\\\/www.e2.law\\\/fr\\\/2020\\\/03\\\/28\\\/faut-il-se-lancer-seul-ou-a-plusieurs\\\/\",\"url\":\"https:\\\/\\\/www.e2.law\\\/fr\\\/2020\\\/03\\\/28\\\/faut-il-se-lancer-seul-ou-a-plusieurs\\\/\",\"name\":\"Faut-il se lancer seul ou \u00e0 plusieurs ? - e2.law\",\"isPartOf\":{\"@id\":\"https:\\\/\\\/www.e2.law\\\/fr\\\/#website\"},\"primaryImageOfPage\":{\"@id\":\"https:\\\/\\\/www.e2.law\\\/fr\\\/2020\\\/03\\\/28\\\/faut-il-se-lancer-seul-ou-a-plusieurs\\\/#primaryimage\"},\"image\":{\"@id\":\"https:\\\/\\\/www.e2.law\\\/fr\\\/2020\\\/03\\\/28\\\/faut-il-se-lancer-seul-ou-a-plusieurs\\\/#primaryimage\"},\"thumbnailUrl\":\"https:\\\/\\\/i0.wp.com\\\/www.e2.law\\\/wp-content\\\/uploads\\\/2020\\\/03\\\/Se_Lancer_Seul_Ou_A_Plusieurs-scaled.jpg?fit=1793%2C2560&ssl=1\",\"datePublished\":\"2020-03-28T09:48:52+00:00\",\"dateModified\":\"2023-08-19T21:23:03+00:00\",\"breadcrumb\":{\"@id\":\"https:\\\/\\\/www.e2.law\\\/fr\\\/2020\\\/03\\\/28\\\/faut-il-se-lancer-seul-ou-a-plusieurs\\\/#breadcrumb\"},\"inLanguage\":\"fr-FR\",\"potentialAction\":[{\"@type\":\"ReadAction\",\"target\":[\"https:\\\/\\\/www.e2.law\\\/fr\\\/2020\\\/03\\\/28\\\/faut-il-se-lancer-seul-ou-a-plusieurs\\\/\"]}]},{\"@type\":\"ImageObject\",\"inLanguage\":\"fr-FR\",\"@id\":\"https:\\\/\\\/www.e2.law\\\/fr\\\/2020\\\/03\\\/28\\\/faut-il-se-lancer-seul-ou-a-plusieurs\\\/#primaryimage\",\"url\":\"https:\\\/\\\/i0.wp.com\\\/www.e2.law\\\/wp-content\\\/uploads\\\/2020\\\/03\\\/Se_Lancer_Seul_Ou_A_Plusieurs-scaled.jpg?fit=1793%2C2560&ssl=1\",\"contentUrl\":\"https:\\\/\\\/i0.wp.com\\\/www.e2.law\\\/wp-content\\\/uploads\\\/2020\\\/03\\\/Se_Lancer_Seul_Ou_A_Plusieurs-scaled.jpg?fit=1793%2C2560&ssl=1\",\"width\":1793,\"height\":2560},{\"@type\":\"BreadcrumbList\",\"@id\":\"https:\\\/\\\/www.e2.law\\\/fr\\\/2020\\\/03\\\/28\\\/faut-il-se-lancer-seul-ou-a-plusieurs\\\/#breadcrumb\",\"itemListElement\":[{\"@type\":\"ListItem\",\"position\":1,\"name\":\"Home\",\"item\":\"https:\\\/\\\/www.e2.law\\\/fr\\\/home\\\/\"},{\"@type\":\"ListItem\",\"position\":2,\"name\":\"Faut-il se lancer seul ou \u00e0 plusieurs ?\"}]},{\"@type\":\"WebSite\",\"@id\":\"https:\\\/\\\/www.e2.law\\\/fr\\\/#website\",\"url\":\"https:\\\/\\\/www.e2.law\\\/fr\\\/\",\"name\":\"e2.law\",\"description\":\"A Business Law Firm\",\"publisher\":{\"@id\":\"https:\\\/\\\/www.e2.law\\\/fr\\\/#organization\"},\"potentialAction\":[{\"@type\":\"SearchAction\",\"target\":{\"@type\":\"EntryPoint\",\"urlTemplate\":\"https:\\\/\\\/www.e2.law\\\/fr\\\/?s={search_term_string}\"},\"query-input\":{\"@type\":\"PropertyValueSpecification\",\"valueRequired\":true,\"valueName\":\"search_term_string\"}}],\"inLanguage\":\"fr-FR\"},{\"@type\":\"Organization\",\"@id\":\"https:\\\/\\\/www.e2.law\\\/fr\\\/#organization\",\"name\":\"E2.law\",\"url\":\"https:\\\/\\\/www.e2.law\\\/fr\\\/\",\"logo\":{\"@type\":\"ImageObject\",\"inLanguage\":\"fr-FR\",\"@id\":\"https:\\\/\\\/www.e2.law\\\/fr\\\/#\\\/schema\\\/logo\\\/image\\\/\",\"url\":\"https:\\\/\\\/www.e2.law\\\/wp-content\\\/uploads\\\/2018\\\/12\\\/logo-2.png\",\"contentUrl\":\"https:\\\/\\\/www.e2.law\\\/wp-content\\\/uploads\\\/2018\\\/12\\\/logo-2.png\",\"width\":152,\"height\":40,\"caption\":\"E2.law\"},\"image\":{\"@id\":\"https:\\\/\\\/www.e2.law\\\/fr\\\/#\\\/schema\\\/logo\\\/image\\\/\"},\"sameAs\":[\"https:\\\/\\\/www.linkedin.com\\\/company\\\/e2.law\"]},{\"@type\":\"Person\",\"@id\":\"https:\\\/\\\/www.e2.law\\\/fr\\\/#\\\/schema\\\/person\\\/9f822952177053b420c93ceda8001bcd\",\"name\":\"e\u00b2.law\",\"image\":{\"@type\":\"ImageObject\",\"inLanguage\":\"fr-FR\",\"@id\":\"https:\\\/\\\/secure.gravatar.com\\\/avatar\\\/?d=https:\\\/\\\/www.e2.law\\\/wp-content\\\/uploads\\\/2021\\\/01\\\/pixie_1609696175704-e1610820192173.png&amp;s=96\",\"url\":\"https:\\\/\\\/secure.gravatar.com\\\/avatar\\\/?d=https:\\\/\\\/www.e2.law\\\/wp-content\\\/uploads\\\/2021\\\/01\\\/pixie_1609696175704-e1610820192173.png&amp;s=96\",\"contentUrl\":\"https:\\\/\\\/secure.gravatar.com\\\/avatar\\\/?d=https:\\\/\\\/www.e2.law\\\/wp-content\\\/uploads\\\/2021\\\/01\\\/pixie_1609696175704-e1610820192173.png&amp;s=96\",\"caption\":\"e\u00b2.law\"},\"sameAs\":[\"http:\\\/\\\/www.e2.law\",\"www.linkedin.com\\\\companyprofile\\\\e2.law\"],\"url\":\"https:\\\/\\\/www.e2.law\\\/fr\\\/author\\\/visitor\\\/\"}]}<\/script>\n<!-- \/ Yoast SEO plugin. -->","yoast_head_json":{"title":"Faut-il se lancer seul ou \u00e0 plusieurs ? - e2.law","robots":{"index":"index","follow":"follow","max-snippet":"max-snippet:-1","max-image-preview":"max-image-preview:large","max-video-preview":"max-video-preview:-1"},"canonical":"https:\/\/www.e2.law\/fr\/2020\/03\/28\/faut-il-se-lancer-seul-ou-a-plusieurs\/","og_locale":"fr_FR","og_type":"article","og_title":"Faut-il se lancer seul ou \u00e0 plusieurs ? - e2.law","og_description":"&nbsp; Seul\u00a0: En personne physique\u00a0?\u00a0 Il existe plusieurs avantages \u00e0 exercer en personne physique.\u00a0 D\u2019une part, le formalisme est largement r\u00e9duit lorsqu\u2019on exerce en personne physique (comptabilit\u00e9 simplifi\u00e9e, absence de statuts et d\u2019assembl\u00e9es g\u00e9n\u00e9rales, \u2026).\u00a0 D\u2019autre part, cela permet d\u2019\u00e9viter des frais de notaire \u00e0 engager lors de la constitution de la soci\u00e9t\u00e9 (+- 1.000 EUR).  [...]","og_url":"https:\/\/www.e2.law\/fr\/2020\/03\/28\/faut-il-se-lancer-seul-ou-a-plusieurs\/","og_site_name":"e2.law","article_published_time":"2020-03-28T09:48:52+00:00","article_modified_time":"2023-08-19T21:23:03+00:00","og_image":[{"width":1793,"height":2560,"url":"https:\/\/www.e2.law\/wp-content\/uploads\/2020\/03\/Se_Lancer_Seul_Ou_A_Plusieurs-scaled.jpg","type":"image\/jpeg"}],"author":"e\u00b2.law","twitter_card":"summary_large_image","twitter_misc":{"\u00c9crit par":"e\u00b2.law","Dur\u00e9e de lecture estim\u00e9e":"2 minutes"},"schema":{"@context":"https:\/\/schema.org","@graph":[{"@type":"Article","@id":"https:\/\/www.e2.law\/fr\/2020\/03\/28\/faut-il-se-lancer-seul-ou-a-plusieurs\/#article","isPartOf":{"@id":"https:\/\/www.e2.law\/fr\/2020\/03\/28\/faut-il-se-lancer-seul-ou-a-plusieurs\/"},"author":{"name":"e\u00b2.law","@id":"https:\/\/www.e2.law\/fr\/#\/schema\/person\/9f822952177053b420c93ceda8001bcd"},"headline":"Faut-il se lancer seul ou \u00e0 plusieurs ?","datePublished":"2020-03-28T09:48:52+00:00","dateModified":"2023-08-19T21:23:03+00:00","mainEntityOfPage":{"@id":"https:\/\/www.e2.law\/fr\/2020\/03\/28\/faut-il-se-lancer-seul-ou-a-plusieurs\/"},"wordCount":434,"commentCount":0,"publisher":{"@id":"https:\/\/www.e2.law\/fr\/#organization"},"image":{"@id":"https:\/\/www.e2.law\/fr\/2020\/03\/28\/faut-il-se-lancer-seul-ou-a-plusieurs\/#primaryimage"},"thumbnailUrl":"https:\/\/i0.wp.com\/www.e2.law\/wp-content\/uploads\/2020\/03\/Se_Lancer_Seul_Ou_A_Plusieurs-scaled.jpg?fit=1793%2C2560&ssl=1","keywords":["soci\u00e9t\u00e9 \u00e0 responsabilit\u00e9 limit\u00e9e (SRL)"],"articleSection":["Non classifi\u00e9(e)"],"inLanguage":"fr-FR","potentialAction":[{"@type":"CommentAction","name":"Comment","target":["https:\/\/www.e2.law\/fr\/2020\/03\/28\/faut-il-se-lancer-seul-ou-a-plusieurs\/#respond"]}]},{"@type":"WebPage","@id":"https:\/\/www.e2.law\/fr\/2020\/03\/28\/faut-il-se-lancer-seul-ou-a-plusieurs\/","url":"https:\/\/www.e2.law\/fr\/2020\/03\/28\/faut-il-se-lancer-seul-ou-a-plusieurs\/","name":"Faut-il se lancer seul ou \u00e0 plusieurs ? - e2.law","isPartOf":{"@id":"https:\/\/www.e2.law\/fr\/#website"},"primaryImageOfPage":{"@id":"https:\/\/www.e2.law\/fr\/2020\/03\/28\/faut-il-se-lancer-seul-ou-a-plusieurs\/#primaryimage"},"image":{"@id":"https:\/\/www.e2.law\/fr\/2020\/03\/28\/faut-il-se-lancer-seul-ou-a-plusieurs\/#primaryimage"},"thumbnailUrl":"https:\/\/i0.wp.com\/www.e2.law\/wp-content\/uploads\/2020\/03\/Se_Lancer_Seul_Ou_A_Plusieurs-scaled.jpg?fit=1793%2C2560&ssl=1","datePublished":"2020-03-28T09:48:52+00:00","dateModified":"2023-08-19T21:23:03+00:00","breadcrumb":{"@id":"https:\/\/www.e2.law\/fr\/2020\/03\/28\/faut-il-se-lancer-seul-ou-a-plusieurs\/#breadcrumb"},"inLanguage":"fr-FR","potentialAction":[{"@type":"ReadAction","target":["https:\/\/www.e2.law\/fr\/2020\/03\/28\/faut-il-se-lancer-seul-ou-a-plusieurs\/"]}]},{"@type":"ImageObject","inLanguage":"fr-FR","@id":"https:\/\/www.e2.law\/fr\/2020\/03\/28\/faut-il-se-lancer-seul-ou-a-plusieurs\/#primaryimage","url":"https:\/\/i0.wp.com\/www.e2.law\/wp-content\/uploads\/2020\/03\/Se_Lancer_Seul_Ou_A_Plusieurs-scaled.jpg?fit=1793%2C2560&ssl=1","contentUrl":"https:\/\/i0.wp.com\/www.e2.law\/wp-content\/uploads\/2020\/03\/Se_Lancer_Seul_Ou_A_Plusieurs-scaled.jpg?fit=1793%2C2560&ssl=1","width":1793,"height":2560},{"@type":"BreadcrumbList","@id":"https:\/\/www.e2.law\/fr\/2020\/03\/28\/faut-il-se-lancer-seul-ou-a-plusieurs\/#breadcrumb","itemListElement":[{"@type":"ListItem","position":1,"name":"Home","item":"https:\/\/www.e2.law\/fr\/home\/"},{"@type":"ListItem","position":2,"name":"Faut-il se lancer seul ou \u00e0 plusieurs ?"}]},{"@type":"WebSite","@id":"https:\/\/www.e2.law\/fr\/#website","url":"https:\/\/www.e2.law\/fr\/","name":"e2.law","description":"A Business Law Firm","publisher":{"@id":"https:\/\/www.e2.law\/fr\/#organization"},"potentialAction":[{"@type":"SearchAction","target":{"@type":"EntryPoint","urlTemplate":"https:\/\/www.e2.law\/fr\/?s={search_term_string}"},"query-input":{"@type":"PropertyValueSpecification","valueRequired":true,"valueName":"search_term_string"}}],"inLanguage":"fr-FR"},{"@type":"Organization","@id":"https:\/\/www.e2.law\/fr\/#organization","name":"E2.law","url":"https:\/\/www.e2.law\/fr\/","logo":{"@type":"ImageObject","inLanguage":"fr-FR","@id":"https:\/\/www.e2.law\/fr\/#\/schema\/logo\/image\/","url":"https:\/\/www.e2.law\/wp-content\/uploads\/2018\/12\/logo-2.png","contentUrl":"https:\/\/www.e2.law\/wp-content\/uploads\/2018\/12\/logo-2.png","width":152,"height":40,"caption":"E2.law"},"image":{"@id":"https:\/\/www.e2.law\/fr\/#\/schema\/logo\/image\/"},"sameAs":["https:\/\/www.linkedin.com\/company\/e2.law"]},{"@type":"Person","@id":"https:\/\/www.e2.law\/fr\/#\/schema\/person\/9f822952177053b420c93ceda8001bcd","name":"e\u00b2.law","image":{"@type":"ImageObject","inLanguage":"fr-FR","@id":"https:\/\/secure.gravatar.com\/avatar\/?d=https:\/\/www.e2.law\/wp-content\/uploads\/2021\/01\/pixie_1609696175704-e1610820192173.png&amp;s=96","url":"https:\/\/secure.gravatar.com\/avatar\/?d=https:\/\/www.e2.law\/wp-content\/uploads\/2021\/01\/pixie_1609696175704-e1610820192173.png&amp;s=96","contentUrl":"https:\/\/secure.gravatar.com\/avatar\/?d=https:\/\/www.e2.law\/wp-content\/uploads\/2021\/01\/pixie_1609696175704-e1610820192173.png&amp;s=96","caption":"e\u00b2.law"},"sameAs":["http:\/\/www.e2.law","www.linkedin.com\\companyprofile\\e2.law"],"url":"https:\/\/www.e2.law\/fr\/author\/visitor\/"}]}},"jetpack_featured_media_url":"https:\/\/i0.wp.com\/www.e2.law\/wp-content\/uploads\/2020\/03\/Se_Lancer_Seul_Ou_A_Plusieurs-scaled.jpg?fit=1793%2C2560&ssl=1","jetpack_sharing_enabled":true,"_links":{"self":[{"href":"https:\/\/www.e2.law\/fr\/wp-json\/wp\/v2\/posts\/24347","targetHints":{"allow":["GET"]}}],"collection":[{"href":"https:\/\/www.e2.law\/fr\/wp-json\/wp\/v2\/posts"}],"about":[{"href":"https:\/\/www.e2.law\/fr\/wp-json\/wp\/v2\/types\/post"}],"author":[{"embeddable":true,"href":"https:\/\/www.e2.law\/fr\/wp-json\/wp\/v2\/users\/169"}],"replies":[{"embeddable":true,"href":"https:\/\/www.e2.law\/fr\/wp-json\/wp\/v2\/comments?post=24347"}],"version-history":[{"count":1,"href":"https:\/\/www.e2.law\/fr\/wp-json\/wp\/v2\/posts\/24347\/revisions"}],"predecessor-version":[{"id":44365,"href":"https:\/\/www.e2.law\/fr\/wp-json\/wp\/v2\/posts\/24347\/revisions\/44365"}],"wp:featuredmedia":[{"embeddable":true,"href":"https:\/\/www.e2.law\/fr\/wp-json\/wp\/v2\/media\/24343"}],"wp:attachment":[{"href":"https:\/\/www.e2.law\/fr\/wp-json\/wp\/v2\/media?parent=24347"}],"wp:term":[{"taxonomy":"category","embeddable":true,"href":"https:\/\/www.e2.law\/fr\/wp-json\/wp\/v2\/categories?post=24347"},{"taxonomy":"post_tag","embeddable":true,"href":"https:\/\/www.e2.law\/fr\/wp-json\/wp\/v2\/tags?post=24347"}],"curies":[{"name":"wp","href":"https:\/\/api.w.org\/{rel}","templated":true}]}}