{"id":24349,"date":"2020-03-28T11:51:16","date_gmt":"2020-03-28T09:51:16","guid":{"rendered":"https:\/\/www.e2.law\/?p=24349"},"modified":"2022-12-05T13:20:52","modified_gmt":"2022-12-05T11:20:52","slug":"dois-je-proteger-mon-idee","status":"publish","type":"post","link":"https:\/\/www.e2.law\/fr\/2020\/03\/28\/dois-je-proteger-mon-idee\/","title":{"rendered":"Dois-je prot\u00e9ger mon id\u00e9e ?"},"content":{"rendered":"<p><img data-recalc-dims=\"1\" decoding=\"async\" class=\"lazyload alignnone size-full wp-image-24337\" src=\"https:\/\/i0.wp.com\/www.e2.law\/wp-content\/uploads\/2020\/03\/Prot%C3%A9ger_Mon_Id%C3%A9e.jpg?resize=1100%2C825&#038;ssl=1\" data-orig-src=\"https:\/\/www.e2.law\/wp-content\/uploads\/2020\/03\/Prot\u00e9ger_Mon_Id\u00e9e.jpg\" alt=\"\" width=\"1100\" height=\"825\" srcset=\"data:image\/svg+xml,%3Csvg%20xmlns%3D%27http%3A%2F%2Fwww.w3.org%2F2000%2Fsvg%27%20width%3D%272048%27%20height%3D%271536%27%20viewBox%3D%270%200%202048%201536%27%3E%3Crect%20width%3D%272048%27%20height%3D%271536%27%20fill-opacity%3D%220%22%2F%3E%3C%2Fsvg%3E\" data-srcset=\"https:\/\/i0.wp.com\/www.e2.law\/wp-content\/uploads\/2020\/03\/Prot%C3%A9ger_Mon_Id%C3%A9e.jpg?resize=200%2C150&amp;ssl=1 200w, https:\/\/i0.wp.com\/www.e2.law\/wp-content\/uploads\/2020\/03\/Prot%C3%A9ger_Mon_Id%C3%A9e.jpg?resize=300%2C225&amp;ssl=1 300w, https:\/\/i0.wp.com\/www.e2.law\/wp-content\/uploads\/2020\/03\/Prot%C3%A9ger_Mon_Id%C3%A9e.jpg?resize=400%2C300&amp;ssl=1 400w, https:\/\/i0.wp.com\/www.e2.law\/wp-content\/uploads\/2020\/03\/Prot%C3%A9ger_Mon_Id%C3%A9e.jpg?resize=500%2C375&amp;ssl=1 500w, https:\/\/i0.wp.com\/www.e2.law\/wp-content\/uploads\/2020\/03\/Prot%C3%A9ger_Mon_Id%C3%A9e.jpg?resize=600%2C450&amp;ssl=1 600w, https:\/\/i0.wp.com\/www.e2.law\/wp-content\/uploads\/2020\/03\/Prot%C3%A9ger_Mon_Id%C3%A9e.jpg?resize=700%2C525&amp;ssl=1 700w, https:\/\/i0.wp.com\/www.e2.law\/wp-content\/uploads\/2020\/03\/Prot%C3%A9ger_Mon_Id%C3%A9e.jpg?resize=768%2C576&amp;ssl=1 768w, https:\/\/i0.wp.com\/www.e2.law\/wp-content\/uploads\/2020\/03\/Prot%C3%A9ger_Mon_Id%C3%A9e.jpg?resize=800%2C600&amp;ssl=1 800w, https:\/\/i0.wp.com\/www.e2.law\/wp-content\/uploads\/2020\/03\/Prot%C3%A9ger_Mon_Id%C3%A9e.jpg?resize=1024%2C768&amp;ssl=1 1024w, https:\/\/i0.wp.com\/www.e2.law\/wp-content\/uploads\/2020\/03\/Prot%C3%A9ger_Mon_Id%C3%A9e.jpg?resize=1200%2C900&amp;ssl=1 1200w, https:\/\/i0.wp.com\/www.e2.law\/wp-content\/uploads\/2020\/03\/Prot%C3%A9ger_Mon_Id%C3%A9e.jpg?resize=1536%2C1152&amp;ssl=1 1536w, https:\/\/i0.wp.com\/www.e2.law\/wp-content\/uploads\/2020\/03\/Prot%C3%A9ger_Mon_Id%C3%A9e.jpg?w=2048&amp;ssl=1 2048w\" data-sizes=\"auto\" data-orig-sizes=\"(max-width: 1100px) 100vw, 1100px\" \/><\/p>\n<p>&nbsp;<\/p>\n<h3><span style=\"font-weight: 400;\">Beaucoup de personnes ne veulent pas parler de leur id\u00e9e, de peur que d\u2019autres se l&#8217;accaparent. N\u00e9anmoins, de nombreux entrepreneurs qui n&#8217;ont plus \u00e0 se prouver\u00a0consid\u00e8rent au contraire qu&#8217;il faut justement parler de son id\u00e9e afin de l&#8217;enrichir&#8230; L&#8217;id\u00e9e n&#8217;est en effet pas tout car elle ne se concr\u00e9tise que par l&#8217;interm\u00e9diaire d&#8217;un ou plusieurs entrepreneurs.\u00a0<\/span><\/h3>\n<h3><span style=\"font-weight: 400;\">D\u00e8s lors, faut-il prot\u00e9ger son id\u00e9e ?\u00a0<\/span><\/h3>\n<h3><span style=\"font-weight: 400;\">De mani\u00e8re g\u00e9n\u00e9rale, cela n&#8217;est pas n\u00e9cessaire. N\u00e9anmoins, dans certains cas, l&#8217;entrepreneur voudra &#8220;tester&#8221; son id\u00e9e aupr\u00e8s d&#8217;acteurs du monde des affaires. S&#8217;il y a une proximit\u00e9 des activit\u00e9s projet\u00e9es avec les activit\u00e9s de l&#8217;acteur avec qui on rentre en contact, cela peut s\u2019av\u00e9rer utile de se prot\u00e9ger par la signature d&#8217;un\u00a0<\/span><span style=\"font-weight: 400;\">accord de confidentialit\u00e9 et\/ou de non-concurrence<\/span><\/h3>\n","protected":false},"excerpt":{"rendered":"<p>&nbsp; Beaucoup de personnes ne veulent pas parler de leur id\u00e9e, de peur que d\u2019autres se l&#8217;accaparent. N\u00e9anmoins, de nombreux entrepreneurs qui n&#8217;ont plus \u00e0 se prouver\u00a0consid\u00e8rent au contraire qu&#8217;il faut justement parler de son id\u00e9e afin de l&#8217;enrichir&#8230; L&#8217;id\u00e9e n&#8217;est en effet pas tout car elle ne se concr\u00e9tise que par l&#8217;interm\u00e9diaire d&#8217;un ou plusieurs   [&#8230;]<\/p>\n","protected":false},"author":167,"featured_media":43334,"comment_status":"open","ping_status":"open","sticky":false,"template":"","format":"standard","meta":{"_acf_changed":false,"_jetpack_memberships_contains_paid_content":false,"footnotes":""},"categories":[141],"tags":[],"class_list":["post-24349","post","type-post","status-publish","format-standard","has-post-thumbnail","hentry","category-non-classifiee"],"acf":[],"yoast_head":"<!-- This site is optimized with the Yoast SEO plugin v27.5 - https:\/\/yoast.com\/product\/yoast-seo-wordpress\/ -->\n<title>Dois-je prot\u00e9ger mon id\u00e9e ? - e2.law<\/title>\n<meta name=\"robots\" content=\"index, follow, max-snippet:-1, max-image-preview:large, max-video-preview:-1\" \/>\n<link rel=\"canonical\" href=\"https:\/\/www.e2.law\/fr\/2020\/03\/28\/dois-je-proteger-mon-idee\/\" \/>\n<meta property=\"og:locale\" content=\"fr_FR\" \/>\n<meta property=\"og:type\" content=\"article\" \/>\n<meta property=\"og:title\" content=\"Dois-je prot\u00e9ger mon id\u00e9e ? - e2.law\" \/>\n<meta property=\"og:description\" content=\"&nbsp; Beaucoup de personnes ne veulent pas parler de leur id\u00e9e, de peur que d\u2019autres se l&#8217;accaparent. N\u00e9anmoins, de nombreux entrepreneurs qui n&#8217;ont plus \u00e0 se prouver\u00a0consid\u00e8rent au contraire qu&#8217;il faut justement parler de son id\u00e9e afin de l&#8217;enrichir&#8230; L&#8217;id\u00e9e n&#8217;est en effet pas tout car elle ne se concr\u00e9tise que par l&#8217;interm\u00e9diaire d&#8217;un ou plusieurs  [...]\" \/>\n<meta property=\"og:url\" content=\"https:\/\/www.e2.law\/fr\/2020\/03\/28\/dois-je-proteger-mon-idee\/\" \/>\n<meta property=\"og:site_name\" content=\"e2.law\" \/>\n<meta property=\"article:published_time\" content=\"2020-03-28T09:51:16+00:00\" \/>\n<meta property=\"article:modified_time\" content=\"2022-12-05T11:20:52+00:00\" \/>\n<meta property=\"og:image\" content=\"https:\/\/www.e2.law\/wp-content\/uploads\/2020\/03\/Intellectual-property.png\" \/>\n\t<meta property=\"og:image:width\" content=\"500\" \/>\n\t<meta property=\"og:image:height\" content=\"500\" \/>\n\t<meta property=\"og:image:type\" content=\"image\/png\" \/>\n<meta name=\"author\" content=\"Quentin de Bournonville\" \/>\n<meta name=\"twitter:card\" content=\"summary_large_image\" \/>\n<meta name=\"twitter:label1\" content=\"\u00c9crit par\" \/>\n\t<meta name=\"twitter:data1\" content=\"Quentin de Bournonville\" \/>\n\t<meta name=\"twitter:label2\" content=\"Dur\u00e9e de lecture estim\u00e9e\" \/>\n\t<meta name=\"twitter:data2\" content=\"1 minute\" \/>\n<script type=\"application\/ld+json\" class=\"yoast-schema-graph\">{\"@context\":\"https:\\\/\\\/schema.org\",\"@graph\":[{\"@type\":\"Article\",\"@id\":\"https:\\\/\\\/www.e2.law\\\/fr\\\/2020\\\/03\\\/28\\\/dois-je-proteger-mon-idee\\\/#article\",\"isPartOf\":{\"@id\":\"https:\\\/\\\/www.e2.law\\\/fr\\\/2020\\\/03\\\/28\\\/dois-je-proteger-mon-idee\\\/\"},\"author\":{\"name\":\"Quentin de Bournonville\",\"@id\":\"https:\\\/\\\/www.e2.law\\\/fr\\\/#\\\/schema\\\/person\\\/eb704a07551bb99087cc013c2f8c8f73\"},\"headline\":\"Dois-je prot\u00e9ger mon id\u00e9e ?\",\"datePublished\":\"2020-03-28T09:51:16+00:00\",\"dateModified\":\"2022-12-05T11:20:52+00:00\",\"mainEntityOfPage\":{\"@id\":\"https:\\\/\\\/www.e2.law\\\/fr\\\/2020\\\/03\\\/28\\\/dois-je-proteger-mon-idee\\\/\"},\"wordCount\":152,\"commentCount\":0,\"publisher\":{\"@id\":\"https:\\\/\\\/www.e2.law\\\/fr\\\/#organization\"},\"image\":{\"@id\":\"https:\\\/\\\/www.e2.law\\\/fr\\\/2020\\\/03\\\/28\\\/dois-je-proteger-mon-idee\\\/#primaryimage\"},\"thumbnailUrl\":\"https:\\\/\\\/i0.wp.com\\\/www.e2.law\\\/wp-content\\\/uploads\\\/2020\\\/03\\\/Intellectual-property.png?fit=500%2C500&ssl=1\",\"articleSection\":[\"Non classifi\u00e9(e)\"],\"inLanguage\":\"fr-FR\",\"potentialAction\":[{\"@type\":\"CommentAction\",\"name\":\"Comment\",\"target\":[\"https:\\\/\\\/www.e2.law\\\/fr\\\/2020\\\/03\\\/28\\\/dois-je-proteger-mon-idee\\\/#respond\"]}]},{\"@type\":\"WebPage\",\"@id\":\"https:\\\/\\\/www.e2.law\\\/fr\\\/2020\\\/03\\\/28\\\/dois-je-proteger-mon-idee\\\/\",\"url\":\"https:\\\/\\\/www.e2.law\\\/fr\\\/2020\\\/03\\\/28\\\/dois-je-proteger-mon-idee\\\/\",\"name\":\"Dois-je prot\u00e9ger mon id\u00e9e ? - e2.law\",\"isPartOf\":{\"@id\":\"https:\\\/\\\/www.e2.law\\\/fr\\\/#website\"},\"primaryImageOfPage\":{\"@id\":\"https:\\\/\\\/www.e2.law\\\/fr\\\/2020\\\/03\\\/28\\\/dois-je-proteger-mon-idee\\\/#primaryimage\"},\"image\":{\"@id\":\"https:\\\/\\\/www.e2.law\\\/fr\\\/2020\\\/03\\\/28\\\/dois-je-proteger-mon-idee\\\/#primaryimage\"},\"thumbnailUrl\":\"https:\\\/\\\/i0.wp.com\\\/www.e2.law\\\/wp-content\\\/uploads\\\/2020\\\/03\\\/Intellectual-property.png?fit=500%2C500&ssl=1\",\"datePublished\":\"2020-03-28T09:51:16+00:00\",\"dateModified\":\"2022-12-05T11:20:52+00:00\",\"breadcrumb\":{\"@id\":\"https:\\\/\\\/www.e2.law\\\/fr\\\/2020\\\/03\\\/28\\\/dois-je-proteger-mon-idee\\\/#breadcrumb\"},\"inLanguage\":\"fr-FR\",\"potentialAction\":[{\"@type\":\"ReadAction\",\"target\":[\"https:\\\/\\\/www.e2.law\\\/fr\\\/2020\\\/03\\\/28\\\/dois-je-proteger-mon-idee\\\/\"]}]},{\"@type\":\"ImageObject\",\"inLanguage\":\"fr-FR\",\"@id\":\"https:\\\/\\\/www.e2.law\\\/fr\\\/2020\\\/03\\\/28\\\/dois-je-proteger-mon-idee\\\/#primaryimage\",\"url\":\"https:\\\/\\\/i0.wp.com\\\/www.e2.law\\\/wp-content\\\/uploads\\\/2020\\\/03\\\/Intellectual-property.png?fit=500%2C500&ssl=1\",\"contentUrl\":\"https:\\\/\\\/i0.wp.com\\\/www.e2.law\\\/wp-content\\\/uploads\\\/2020\\\/03\\\/Intellectual-property.png?fit=500%2C500&ssl=1\",\"width\":500,\"height\":500},{\"@type\":\"BreadcrumbList\",\"@id\":\"https:\\\/\\\/www.e2.law\\\/fr\\\/2020\\\/03\\\/28\\\/dois-je-proteger-mon-idee\\\/#breadcrumb\",\"itemListElement\":[{\"@type\":\"ListItem\",\"position\":1,\"name\":\"Home\",\"item\":\"https:\\\/\\\/www.e2.law\\\/fr\\\/home\\\/\"},{\"@type\":\"ListItem\",\"position\":2,\"name\":\"Dois-je prot\u00e9ger mon id\u00e9e ?\"}]},{\"@type\":\"WebSite\",\"@id\":\"https:\\\/\\\/www.e2.law\\\/fr\\\/#website\",\"url\":\"https:\\\/\\\/www.e2.law\\\/fr\\\/\",\"name\":\"e2.law\",\"description\":\"A Business Law Firm\",\"publisher\":{\"@id\":\"https:\\\/\\\/www.e2.law\\\/fr\\\/#organization\"},\"potentialAction\":[{\"@type\":\"SearchAction\",\"target\":{\"@type\":\"EntryPoint\",\"urlTemplate\":\"https:\\\/\\\/www.e2.law\\\/fr\\\/?s={search_term_string}\"},\"query-input\":{\"@type\":\"PropertyValueSpecification\",\"valueRequired\":true,\"valueName\":\"search_term_string\"}}],\"inLanguage\":\"fr-FR\"},{\"@type\":\"Organization\",\"@id\":\"https:\\\/\\\/www.e2.law\\\/fr\\\/#organization\",\"name\":\"E2.law\",\"url\":\"https:\\\/\\\/www.e2.law\\\/fr\\\/\",\"logo\":{\"@type\":\"ImageObject\",\"inLanguage\":\"fr-FR\",\"@id\":\"https:\\\/\\\/www.e2.law\\\/fr\\\/#\\\/schema\\\/logo\\\/image\\\/\",\"url\":\"https:\\\/\\\/www.e2.law\\\/wp-content\\\/uploads\\\/2018\\\/12\\\/logo-2.png\",\"contentUrl\":\"https:\\\/\\\/www.e2.law\\\/wp-content\\\/uploads\\\/2018\\\/12\\\/logo-2.png\",\"width\":152,\"height\":40,\"caption\":\"E2.law\"},\"image\":{\"@id\":\"https:\\\/\\\/www.e2.law\\\/fr\\\/#\\\/schema\\\/logo\\\/image\\\/\"},\"sameAs\":[\"https:\\\/\\\/www.linkedin.com\\\/company\\\/e2.law\"]},{\"@type\":\"Person\",\"@id\":\"https:\\\/\\\/www.e2.law\\\/fr\\\/#\\\/schema\\\/person\\\/eb704a07551bb99087cc013c2f8c8f73\",\"name\":\"Quentin de Bournonville\",\"image\":{\"@type\":\"ImageObject\",\"inLanguage\":\"fr-FR\",\"@id\":\"https:\\\/\\\/www.e2.law\\\/wp-content\\\/uploads\\\/2021\\\/02\\\/P1014033_b_w-scaled-96x96.jpg\",\"url\":\"https:\\\/\\\/www.e2.law\\\/wp-content\\\/uploads\\\/2021\\\/02\\\/P1014033_b_w-scaled-96x96.jpg\",\"contentUrl\":\"https:\\\/\\\/www.e2.law\\\/wp-content\\\/uploads\\\/2021\\\/02\\\/P1014033_b_w-scaled-96x96.jpg\",\"caption\":\"Quentin de Bournonville\"},\"url\":\"https:\\\/\\\/www.e2.law\\\/fr\\\/author\\\/quentin-admine2-law\\\/\"}]}<\/script>\n<!-- \/ Yoast SEO plugin. -->","yoast_head_json":{"title":"Dois-je prot\u00e9ger mon id\u00e9e ? - e2.law","robots":{"index":"index","follow":"follow","max-snippet":"max-snippet:-1","max-image-preview":"max-image-preview:large","max-video-preview":"max-video-preview:-1"},"canonical":"https:\/\/www.e2.law\/fr\/2020\/03\/28\/dois-je-proteger-mon-idee\/","og_locale":"fr_FR","og_type":"article","og_title":"Dois-je prot\u00e9ger mon id\u00e9e ? - e2.law","og_description":"&nbsp; Beaucoup de personnes ne veulent pas parler de leur id\u00e9e, de peur que d\u2019autres se l&#8217;accaparent. N\u00e9anmoins, de nombreux entrepreneurs qui n&#8217;ont plus \u00e0 se prouver\u00a0consid\u00e8rent au contraire qu&#8217;il faut justement parler de son id\u00e9e afin de l&#8217;enrichir&#8230; L&#8217;id\u00e9e n&#8217;est en effet pas tout car elle ne se concr\u00e9tise que par l&#8217;interm\u00e9diaire d&#8217;un ou plusieurs  [...]","og_url":"https:\/\/www.e2.law\/fr\/2020\/03\/28\/dois-je-proteger-mon-idee\/","og_site_name":"e2.law","article_published_time":"2020-03-28T09:51:16+00:00","article_modified_time":"2022-12-05T11:20:52+00:00","og_image":[{"width":500,"height":500,"url":"https:\/\/www.e2.law\/wp-content\/uploads\/2020\/03\/Intellectual-property.png","type":"image\/png"}],"author":"Quentin de Bournonville","twitter_card":"summary_large_image","twitter_misc":{"\u00c9crit par":"Quentin de Bournonville","Dur\u00e9e de lecture estim\u00e9e":"1 minute"},"schema":{"@context":"https:\/\/schema.org","@graph":[{"@type":"Article","@id":"https:\/\/www.e2.law\/fr\/2020\/03\/28\/dois-je-proteger-mon-idee\/#article","isPartOf":{"@id":"https:\/\/www.e2.law\/fr\/2020\/03\/28\/dois-je-proteger-mon-idee\/"},"author":{"name":"Quentin de Bournonville","@id":"https:\/\/www.e2.law\/fr\/#\/schema\/person\/eb704a07551bb99087cc013c2f8c8f73"},"headline":"Dois-je prot\u00e9ger mon id\u00e9e ?","datePublished":"2020-03-28T09:51:16+00:00","dateModified":"2022-12-05T11:20:52+00:00","mainEntityOfPage":{"@id":"https:\/\/www.e2.law\/fr\/2020\/03\/28\/dois-je-proteger-mon-idee\/"},"wordCount":152,"commentCount":0,"publisher":{"@id":"https:\/\/www.e2.law\/fr\/#organization"},"image":{"@id":"https:\/\/www.e2.law\/fr\/2020\/03\/28\/dois-je-proteger-mon-idee\/#primaryimage"},"thumbnailUrl":"https:\/\/i0.wp.com\/www.e2.law\/wp-content\/uploads\/2020\/03\/Intellectual-property.png?fit=500%2C500&ssl=1","articleSection":["Non classifi\u00e9(e)"],"inLanguage":"fr-FR","potentialAction":[{"@type":"CommentAction","name":"Comment","target":["https:\/\/www.e2.law\/fr\/2020\/03\/28\/dois-je-proteger-mon-idee\/#respond"]}]},{"@type":"WebPage","@id":"https:\/\/www.e2.law\/fr\/2020\/03\/28\/dois-je-proteger-mon-idee\/","url":"https:\/\/www.e2.law\/fr\/2020\/03\/28\/dois-je-proteger-mon-idee\/","name":"Dois-je prot\u00e9ger mon id\u00e9e ? - e2.law","isPartOf":{"@id":"https:\/\/www.e2.law\/fr\/#website"},"primaryImageOfPage":{"@id":"https:\/\/www.e2.law\/fr\/2020\/03\/28\/dois-je-proteger-mon-idee\/#primaryimage"},"image":{"@id":"https:\/\/www.e2.law\/fr\/2020\/03\/28\/dois-je-proteger-mon-idee\/#primaryimage"},"thumbnailUrl":"https:\/\/i0.wp.com\/www.e2.law\/wp-content\/uploads\/2020\/03\/Intellectual-property.png?fit=500%2C500&ssl=1","datePublished":"2020-03-28T09:51:16+00:00","dateModified":"2022-12-05T11:20:52+00:00","breadcrumb":{"@id":"https:\/\/www.e2.law\/fr\/2020\/03\/28\/dois-je-proteger-mon-idee\/#breadcrumb"},"inLanguage":"fr-FR","potentialAction":[{"@type":"ReadAction","target":["https:\/\/www.e2.law\/fr\/2020\/03\/28\/dois-je-proteger-mon-idee\/"]}]},{"@type":"ImageObject","inLanguage":"fr-FR","@id":"https:\/\/www.e2.law\/fr\/2020\/03\/28\/dois-je-proteger-mon-idee\/#primaryimage","url":"https:\/\/i0.wp.com\/www.e2.law\/wp-content\/uploads\/2020\/03\/Intellectual-property.png?fit=500%2C500&ssl=1","contentUrl":"https:\/\/i0.wp.com\/www.e2.law\/wp-content\/uploads\/2020\/03\/Intellectual-property.png?fit=500%2C500&ssl=1","width":500,"height":500},{"@type":"BreadcrumbList","@id":"https:\/\/www.e2.law\/fr\/2020\/03\/28\/dois-je-proteger-mon-idee\/#breadcrumb","itemListElement":[{"@type":"ListItem","position":1,"name":"Home","item":"https:\/\/www.e2.law\/fr\/home\/"},{"@type":"ListItem","position":2,"name":"Dois-je prot\u00e9ger mon id\u00e9e ?"}]},{"@type":"WebSite","@id":"https:\/\/www.e2.law\/fr\/#website","url":"https:\/\/www.e2.law\/fr\/","name":"e2.law","description":"A Business Law Firm","publisher":{"@id":"https:\/\/www.e2.law\/fr\/#organization"},"potentialAction":[{"@type":"SearchAction","target":{"@type":"EntryPoint","urlTemplate":"https:\/\/www.e2.law\/fr\/?s={search_term_string}"},"query-input":{"@type":"PropertyValueSpecification","valueRequired":true,"valueName":"search_term_string"}}],"inLanguage":"fr-FR"},{"@type":"Organization","@id":"https:\/\/www.e2.law\/fr\/#organization","name":"E2.law","url":"https:\/\/www.e2.law\/fr\/","logo":{"@type":"ImageObject","inLanguage":"fr-FR","@id":"https:\/\/www.e2.law\/fr\/#\/schema\/logo\/image\/","url":"https:\/\/www.e2.law\/wp-content\/uploads\/2018\/12\/logo-2.png","contentUrl":"https:\/\/www.e2.law\/wp-content\/uploads\/2018\/12\/logo-2.png","width":152,"height":40,"caption":"E2.law"},"image":{"@id":"https:\/\/www.e2.law\/fr\/#\/schema\/logo\/image\/"},"sameAs":["https:\/\/www.linkedin.com\/company\/e2.law"]},{"@type":"Person","@id":"https:\/\/www.e2.law\/fr\/#\/schema\/person\/eb704a07551bb99087cc013c2f8c8f73","name":"Quentin de Bournonville","image":{"@type":"ImageObject","inLanguage":"fr-FR","@id":"https:\/\/www.e2.law\/wp-content\/uploads\/2021\/02\/P1014033_b_w-scaled-96x96.jpg","url":"https:\/\/www.e2.law\/wp-content\/uploads\/2021\/02\/P1014033_b_w-scaled-96x96.jpg","contentUrl":"https:\/\/www.e2.law\/wp-content\/uploads\/2021\/02\/P1014033_b_w-scaled-96x96.jpg","caption":"Quentin de Bournonville"},"url":"https:\/\/www.e2.law\/fr\/author\/quentin-admine2-law\/"}]}},"jetpack_featured_media_url":"https:\/\/i0.wp.com\/www.e2.law\/wp-content\/uploads\/2020\/03\/Intellectual-property.png?fit=500%2C500&ssl=1","jetpack_sharing_enabled":true,"_links":{"self":[{"href":"https:\/\/www.e2.law\/fr\/wp-json\/wp\/v2\/posts\/24349","targetHints":{"allow":["GET"]}}],"collection":[{"href":"https:\/\/www.e2.law\/fr\/wp-json\/wp\/v2\/posts"}],"about":[{"href":"https:\/\/www.e2.law\/fr\/wp-json\/wp\/v2\/types\/post"}],"author":[{"embeddable":true,"href":"https:\/\/www.e2.law\/fr\/wp-json\/wp\/v2\/users\/167"}],"replies":[{"embeddable":true,"href":"https:\/\/www.e2.law\/fr\/wp-json\/wp\/v2\/comments?post=24349"}],"version-history":[{"count":1,"href":"https:\/\/www.e2.law\/fr\/wp-json\/wp\/v2\/posts\/24349\/revisions"}],"predecessor-version":[{"id":43337,"href":"https:\/\/www.e2.law\/fr\/wp-json\/wp\/v2\/posts\/24349\/revisions\/43337"}],"wp:featuredmedia":[{"embeddable":true,"href":"https:\/\/www.e2.law\/fr\/wp-json\/wp\/v2\/media\/43334"}],"wp:attachment":[{"href":"https:\/\/www.e2.law\/fr\/wp-json\/wp\/v2\/media?parent=24349"}],"wp:term":[{"taxonomy":"category","embeddable":true,"href":"https:\/\/www.e2.law\/fr\/wp-json\/wp\/v2\/categories?post=24349"},{"taxonomy":"post_tag","embeddable":true,"href":"https:\/\/www.e2.law\/fr\/wp-json\/wp\/v2\/tags?post=24349"}],"curies":[{"name":"wp","href":"https:\/\/api.w.org\/{rel}","templated":true}]}}