{"id":24785,"date":"2019-07-08T16:37:44","date_gmt":"2019-07-08T14:37:44","guid":{"rendered":"https:\/\/www.e2.law\/2020\/04\/03\/e2-law-celebre-trois-ans-de-cooperation-avec-solvay-business-school\/"},"modified":"2023-08-18T12:18:32","modified_gmt":"2023-08-18T10:18:32","slug":"e2-law-celebre-trois-ans-de-cooperation-avec-solvay-business-school","status":"publish","type":"post","link":"https:\/\/www.e2.law\/fr\/2019\/07\/08\/e2-law-celebre-trois-ans-de-cooperation-avec-solvay-business-school\/","title":{"rendered":"e2.law c\u00e9l\u00e8bre trois ans de coop\u00e9ration avec Solvay Business School"},"content":{"rendered":"<p>En tant que partenaire de<a href=\"https:\/\/startlab.be\/\"> Start.LAB<\/a> (auparavant, Solvay Entreprendre), e2.law r\u00e9pond r\u00e9guli\u00e8rement aux questions juridiques les plus diverses des start-ups coach\u00e9s par le Start.LAB. Nous organisons des consultations mensuelles pour celles-ci depuis plus de trois ans.<\/p>\n","protected":false},"excerpt":{"rendered":"<p>En tant que partenaire de Start.LAB (auparavant, Solvay Entreprendre), e2.law r\u00e9pond r\u00e9guli\u00e8rement aux questions juridiques les plus diverses des start-ups coach\u00e9s par le Start.LAB. Nous organisons des consultations mensuelles pour celles-ci depuis plus de trois ans.<\/p>\n","protected":false},"author":169,"featured_media":19184,"comment_status":"open","ping_status":"open","sticky":false,"template":"","format":"standard","meta":{"_acf_changed":false,"_jetpack_memberships_contains_paid_content":false,"footnotes":""},"categories":[141],"tags":[798],"class_list":["post-24785","post","type-post","status-publish","format-standard","has-post-thumbnail","hentry","category-non-classifiee","tag-news"],"acf":[],"yoast_head":"<!-- This site is optimized with the Yoast SEO plugin v27.5 - https:\/\/yoast.com\/product\/yoast-seo-wordpress\/ -->\n<title>e2.law c\u00e9l\u00e8bre trois ans de coop\u00e9ration avec Solvay Business School - e2.law<\/title>\n<meta name=\"robots\" content=\"index, follow, max-snippet:-1, max-image-preview:large, max-video-preview:-1\" \/>\n<link rel=\"canonical\" href=\"https:\/\/www.e2.law\/fr\/2019\/07\/08\/e2-law-celebre-trois-ans-de-cooperation-avec-solvay-business-school\/\" \/>\n<meta property=\"og:locale\" content=\"fr_FR\" \/>\n<meta property=\"og:type\" content=\"article\" \/>\n<meta property=\"og:title\" content=\"e2.law c\u00e9l\u00e8bre trois ans de coop\u00e9ration avec Solvay Business School - e2.law\" \/>\n<meta property=\"og:description\" content=\"En tant que partenaire de Start.LAB (auparavant, Solvay Entreprendre), e2.law r\u00e9pond r\u00e9guli\u00e8rement aux questions juridiques les plus diverses des start-ups coach\u00e9s par le Start.LAB. Nous organisons des consultations mensuelles pour celles-ci depuis plus de trois ans.\" \/>\n<meta property=\"og:url\" content=\"https:\/\/www.e2.law\/fr\/2019\/07\/08\/e2-law-celebre-trois-ans-de-cooperation-avec-solvay-business-school\/\" \/>\n<meta property=\"og:site_name\" content=\"e2.law\" \/>\n<meta property=\"article:published_time\" content=\"2019-07-08T14:37:44+00:00\" \/>\n<meta property=\"article:modified_time\" content=\"2023-08-18T10:18:32+00:00\" \/>\n<meta property=\"og:image\" content=\"https:\/\/www.e2.law\/wp-content\/uploads\/2019\/07\/start.lab_-2.jpg\" \/>\n\t<meta property=\"og:image:width\" content=\"4018\" \/>\n\t<meta property=\"og:image:height\" content=\"2716\" \/>\n\t<meta property=\"og:image:type\" content=\"image\/jpeg\" \/>\n<meta name=\"author\" content=\"e\u00b2.law\" \/>\n<meta name=\"twitter:card\" content=\"summary_large_image\" \/>\n<meta name=\"twitter:label1\" content=\"\u00c9crit par\" \/>\n\t<meta name=\"twitter:data1\" content=\"e\u00b2.law\" \/>\n\t<meta name=\"twitter:label2\" content=\"Dur\u00e9e de lecture estim\u00e9e\" \/>\n\t<meta name=\"twitter:data2\" content=\"1 minute\" \/>\n<script type=\"application\/ld+json\" class=\"yoast-schema-graph\">{\"@context\":\"https:\\\/\\\/schema.org\",\"@graph\":[{\"@type\":\"Article\",\"@id\":\"https:\\\/\\\/www.e2.law\\\/fr\\\/2019\\\/07\\\/08\\\/e2-law-celebre-trois-ans-de-cooperation-avec-solvay-business-school\\\/#article\",\"isPartOf\":{\"@id\":\"https:\\\/\\\/www.e2.law\\\/fr\\\/2019\\\/07\\\/08\\\/e2-law-celebre-trois-ans-de-cooperation-avec-solvay-business-school\\\/\"},\"author\":{\"name\":\"e\u00b2.law\",\"@id\":\"https:\\\/\\\/www.e2.law\\\/fr\\\/#\\\/schema\\\/person\\\/9f822952177053b420c93ceda8001bcd\"},\"headline\":\"e2.law c\u00e9l\u00e8bre trois ans de coop\u00e9ration avec Solvay Business School\",\"datePublished\":\"2019-07-08T14:37:44+00:00\",\"dateModified\":\"2023-08-18T10:18:32+00:00\",\"mainEntityOfPage\":{\"@id\":\"https:\\\/\\\/www.e2.law\\\/fr\\\/2019\\\/07\\\/08\\\/e2-law-celebre-trois-ans-de-cooperation-avec-solvay-business-school\\\/\"},\"wordCount\":57,\"commentCount\":0,\"publisher\":{\"@id\":\"https:\\\/\\\/www.e2.law\\\/fr\\\/#organization\"},\"image\":{\"@id\":\"https:\\\/\\\/www.e2.law\\\/fr\\\/2019\\\/07\\\/08\\\/e2-law-celebre-trois-ans-de-cooperation-avec-solvay-business-school\\\/#primaryimage\"},\"thumbnailUrl\":\"https:\\\/\\\/i0.wp.com\\\/www.e2.law\\\/wp-content\\\/uploads\\\/2019\\\/07\\\/start.lab_-2.jpg?fit=4018%2C2716&ssl=1\",\"keywords\":[\"News\"],\"articleSection\":[\"Non classifi\u00e9(e)\"],\"inLanguage\":\"fr-FR\",\"potentialAction\":[{\"@type\":\"CommentAction\",\"name\":\"Comment\",\"target\":[\"https:\\\/\\\/www.e2.law\\\/fr\\\/2019\\\/07\\\/08\\\/e2-law-celebre-trois-ans-de-cooperation-avec-solvay-business-school\\\/#respond\"]}]},{\"@type\":\"WebPage\",\"@id\":\"https:\\\/\\\/www.e2.law\\\/fr\\\/2019\\\/07\\\/08\\\/e2-law-celebre-trois-ans-de-cooperation-avec-solvay-business-school\\\/\",\"url\":\"https:\\\/\\\/www.e2.law\\\/fr\\\/2019\\\/07\\\/08\\\/e2-law-celebre-trois-ans-de-cooperation-avec-solvay-business-school\\\/\",\"name\":\"e2.law c\u00e9l\u00e8bre trois ans de coop\u00e9ration avec Solvay Business School - e2.law\",\"isPartOf\":{\"@id\":\"https:\\\/\\\/www.e2.law\\\/fr\\\/#website\"},\"primaryImageOfPage\":{\"@id\":\"https:\\\/\\\/www.e2.law\\\/fr\\\/2019\\\/07\\\/08\\\/e2-law-celebre-trois-ans-de-cooperation-avec-solvay-business-school\\\/#primaryimage\"},\"image\":{\"@id\":\"https:\\\/\\\/www.e2.law\\\/fr\\\/2019\\\/07\\\/08\\\/e2-law-celebre-trois-ans-de-cooperation-avec-solvay-business-school\\\/#primaryimage\"},\"thumbnailUrl\":\"https:\\\/\\\/i0.wp.com\\\/www.e2.law\\\/wp-content\\\/uploads\\\/2019\\\/07\\\/start.lab_-2.jpg?fit=4018%2C2716&ssl=1\",\"datePublished\":\"2019-07-08T14:37:44+00:00\",\"dateModified\":\"2023-08-18T10:18:32+00:00\",\"breadcrumb\":{\"@id\":\"https:\\\/\\\/www.e2.law\\\/fr\\\/2019\\\/07\\\/08\\\/e2-law-celebre-trois-ans-de-cooperation-avec-solvay-business-school\\\/#breadcrumb\"},\"inLanguage\":\"fr-FR\",\"potentialAction\":[{\"@type\":\"ReadAction\",\"target\":[\"https:\\\/\\\/www.e2.law\\\/fr\\\/2019\\\/07\\\/08\\\/e2-law-celebre-trois-ans-de-cooperation-avec-solvay-business-school\\\/\"]}]},{\"@type\":\"ImageObject\",\"inLanguage\":\"fr-FR\",\"@id\":\"https:\\\/\\\/www.e2.law\\\/fr\\\/2019\\\/07\\\/08\\\/e2-law-celebre-trois-ans-de-cooperation-avec-solvay-business-school\\\/#primaryimage\",\"url\":\"https:\\\/\\\/i0.wp.com\\\/www.e2.law\\\/wp-content\\\/uploads\\\/2019\\\/07\\\/start.lab_-2.jpg?fit=4018%2C2716&ssl=1\",\"contentUrl\":\"https:\\\/\\\/i0.wp.com\\\/www.e2.law\\\/wp-content\\\/uploads\\\/2019\\\/07\\\/start.lab_-2.jpg?fit=4018%2C2716&ssl=1\",\"width\":4018,\"height\":2716},{\"@type\":\"BreadcrumbList\",\"@id\":\"https:\\\/\\\/www.e2.law\\\/fr\\\/2019\\\/07\\\/08\\\/e2-law-celebre-trois-ans-de-cooperation-avec-solvay-business-school\\\/#breadcrumb\",\"itemListElement\":[{\"@type\":\"ListItem\",\"position\":1,\"name\":\"Home\",\"item\":\"https:\\\/\\\/www.e2.law\\\/fr\\\/home\\\/\"},{\"@type\":\"ListItem\",\"position\":2,\"name\":\"e2.law c\u00e9l\u00e8bre trois ans de coop\u00e9ration avec Solvay Business School\"}]},{\"@type\":\"WebSite\",\"@id\":\"https:\\\/\\\/www.e2.law\\\/fr\\\/#website\",\"url\":\"https:\\\/\\\/www.e2.law\\\/fr\\\/\",\"name\":\"e2.law\",\"description\":\"A Business Law Firm\",\"publisher\":{\"@id\":\"https:\\\/\\\/www.e2.law\\\/fr\\\/#organization\"},\"potentialAction\":[{\"@type\":\"SearchAction\",\"target\":{\"@type\":\"EntryPoint\",\"urlTemplate\":\"https:\\\/\\\/www.e2.law\\\/fr\\\/?s={search_term_string}\"},\"query-input\":{\"@type\":\"PropertyValueSpecification\",\"valueRequired\":true,\"valueName\":\"search_term_string\"}}],\"inLanguage\":\"fr-FR\"},{\"@type\":\"Organization\",\"@id\":\"https:\\\/\\\/www.e2.law\\\/fr\\\/#organization\",\"name\":\"E2.law\",\"url\":\"https:\\\/\\\/www.e2.law\\\/fr\\\/\",\"logo\":{\"@type\":\"ImageObject\",\"inLanguage\":\"fr-FR\",\"@id\":\"https:\\\/\\\/www.e2.law\\\/fr\\\/#\\\/schema\\\/logo\\\/image\\\/\",\"url\":\"https:\\\/\\\/www.e2.law\\\/wp-content\\\/uploads\\\/2018\\\/12\\\/logo-2.png\",\"contentUrl\":\"https:\\\/\\\/www.e2.law\\\/wp-content\\\/uploads\\\/2018\\\/12\\\/logo-2.png\",\"width\":152,\"height\":40,\"caption\":\"E2.law\"},\"image\":{\"@id\":\"https:\\\/\\\/www.e2.law\\\/fr\\\/#\\\/schema\\\/logo\\\/image\\\/\"},\"sameAs\":[\"https:\\\/\\\/www.linkedin.com\\\/company\\\/e2.law\"]},{\"@type\":\"Person\",\"@id\":\"https:\\\/\\\/www.e2.law\\\/fr\\\/#\\\/schema\\\/person\\\/9f822952177053b420c93ceda8001bcd\",\"name\":\"e\u00b2.law\",\"image\":{\"@type\":\"ImageObject\",\"inLanguage\":\"fr-FR\",\"@id\":\"https:\\\/\\\/secure.gravatar.com\\\/avatar\\\/?d=https:\\\/\\\/www.e2.law\\\/wp-content\\\/uploads\\\/2021\\\/01\\\/pixie_1609696175704-e1610820192173.png&amp;s=96\",\"url\":\"https:\\\/\\\/secure.gravatar.com\\\/avatar\\\/?d=https:\\\/\\\/www.e2.law\\\/wp-content\\\/uploads\\\/2021\\\/01\\\/pixie_1609696175704-e1610820192173.png&amp;s=96\",\"contentUrl\":\"https:\\\/\\\/secure.gravatar.com\\\/avatar\\\/?d=https:\\\/\\\/www.e2.law\\\/wp-content\\\/uploads\\\/2021\\\/01\\\/pixie_1609696175704-e1610820192173.png&amp;s=96\",\"caption\":\"e\u00b2.law\"},\"sameAs\":[\"http:\\\/\\\/www.e2.law\",\"www.linkedin.com\\\\companyprofile\\\\e2.law\"],\"url\":\"https:\\\/\\\/www.e2.law\\\/fr\\\/author\\\/visitor\\\/\"}]}<\/script>\n<!-- \/ Yoast SEO plugin. -->","yoast_head_json":{"title":"e2.law c\u00e9l\u00e8bre trois ans de coop\u00e9ration avec Solvay Business School - e2.law","robots":{"index":"index","follow":"follow","max-snippet":"max-snippet:-1","max-image-preview":"max-image-preview:large","max-video-preview":"max-video-preview:-1"},"canonical":"https:\/\/www.e2.law\/fr\/2019\/07\/08\/e2-law-celebre-trois-ans-de-cooperation-avec-solvay-business-school\/","og_locale":"fr_FR","og_type":"article","og_title":"e2.law c\u00e9l\u00e8bre trois ans de coop\u00e9ration avec Solvay Business School - e2.law","og_description":"En tant que partenaire de Start.LAB (auparavant, Solvay Entreprendre), e2.law r\u00e9pond r\u00e9guli\u00e8rement aux questions juridiques les plus diverses des start-ups coach\u00e9s par le Start.LAB. Nous organisons des consultations mensuelles pour celles-ci depuis plus de trois ans.","og_url":"https:\/\/www.e2.law\/fr\/2019\/07\/08\/e2-law-celebre-trois-ans-de-cooperation-avec-solvay-business-school\/","og_site_name":"e2.law","article_published_time":"2019-07-08T14:37:44+00:00","article_modified_time":"2023-08-18T10:18:32+00:00","og_image":[{"width":4018,"height":2716,"url":"https:\/\/www.e2.law\/wp-content\/uploads\/2019\/07\/start.lab_-2.jpg","type":"image\/jpeg"}],"author":"e\u00b2.law","twitter_card":"summary_large_image","twitter_misc":{"\u00c9crit par":"e\u00b2.law","Dur\u00e9e de lecture estim\u00e9e":"1 minute"},"schema":{"@context":"https:\/\/schema.org","@graph":[{"@type":"Article","@id":"https:\/\/www.e2.law\/fr\/2019\/07\/08\/e2-law-celebre-trois-ans-de-cooperation-avec-solvay-business-school\/#article","isPartOf":{"@id":"https:\/\/www.e2.law\/fr\/2019\/07\/08\/e2-law-celebre-trois-ans-de-cooperation-avec-solvay-business-school\/"},"author":{"name":"e\u00b2.law","@id":"https:\/\/www.e2.law\/fr\/#\/schema\/person\/9f822952177053b420c93ceda8001bcd"},"headline":"e2.law c\u00e9l\u00e8bre trois ans de coop\u00e9ration avec Solvay Business School","datePublished":"2019-07-08T14:37:44+00:00","dateModified":"2023-08-18T10:18:32+00:00","mainEntityOfPage":{"@id":"https:\/\/www.e2.law\/fr\/2019\/07\/08\/e2-law-celebre-trois-ans-de-cooperation-avec-solvay-business-school\/"},"wordCount":57,"commentCount":0,"publisher":{"@id":"https:\/\/www.e2.law\/fr\/#organization"},"image":{"@id":"https:\/\/www.e2.law\/fr\/2019\/07\/08\/e2-law-celebre-trois-ans-de-cooperation-avec-solvay-business-school\/#primaryimage"},"thumbnailUrl":"https:\/\/i0.wp.com\/www.e2.law\/wp-content\/uploads\/2019\/07\/start.lab_-2.jpg?fit=4018%2C2716&ssl=1","keywords":["News"],"articleSection":["Non classifi\u00e9(e)"],"inLanguage":"fr-FR","potentialAction":[{"@type":"CommentAction","name":"Comment","target":["https:\/\/www.e2.law\/fr\/2019\/07\/08\/e2-law-celebre-trois-ans-de-cooperation-avec-solvay-business-school\/#respond"]}]},{"@type":"WebPage","@id":"https:\/\/www.e2.law\/fr\/2019\/07\/08\/e2-law-celebre-trois-ans-de-cooperation-avec-solvay-business-school\/","url":"https:\/\/www.e2.law\/fr\/2019\/07\/08\/e2-law-celebre-trois-ans-de-cooperation-avec-solvay-business-school\/","name":"e2.law c\u00e9l\u00e8bre trois ans de coop\u00e9ration avec Solvay Business School - e2.law","isPartOf":{"@id":"https:\/\/www.e2.law\/fr\/#website"},"primaryImageOfPage":{"@id":"https:\/\/www.e2.law\/fr\/2019\/07\/08\/e2-law-celebre-trois-ans-de-cooperation-avec-solvay-business-school\/#primaryimage"},"image":{"@id":"https:\/\/www.e2.law\/fr\/2019\/07\/08\/e2-law-celebre-trois-ans-de-cooperation-avec-solvay-business-school\/#primaryimage"},"thumbnailUrl":"https:\/\/i0.wp.com\/www.e2.law\/wp-content\/uploads\/2019\/07\/start.lab_-2.jpg?fit=4018%2C2716&ssl=1","datePublished":"2019-07-08T14:37:44+00:00","dateModified":"2023-08-18T10:18:32+00:00","breadcrumb":{"@id":"https:\/\/www.e2.law\/fr\/2019\/07\/08\/e2-law-celebre-trois-ans-de-cooperation-avec-solvay-business-school\/#breadcrumb"},"inLanguage":"fr-FR","potentialAction":[{"@type":"ReadAction","target":["https:\/\/www.e2.law\/fr\/2019\/07\/08\/e2-law-celebre-trois-ans-de-cooperation-avec-solvay-business-school\/"]}]},{"@type":"ImageObject","inLanguage":"fr-FR","@id":"https:\/\/www.e2.law\/fr\/2019\/07\/08\/e2-law-celebre-trois-ans-de-cooperation-avec-solvay-business-school\/#primaryimage","url":"https:\/\/i0.wp.com\/www.e2.law\/wp-content\/uploads\/2019\/07\/start.lab_-2.jpg?fit=4018%2C2716&ssl=1","contentUrl":"https:\/\/i0.wp.com\/www.e2.law\/wp-content\/uploads\/2019\/07\/start.lab_-2.jpg?fit=4018%2C2716&ssl=1","width":4018,"height":2716},{"@type":"BreadcrumbList","@id":"https:\/\/www.e2.law\/fr\/2019\/07\/08\/e2-law-celebre-trois-ans-de-cooperation-avec-solvay-business-school\/#breadcrumb","itemListElement":[{"@type":"ListItem","position":1,"name":"Home","item":"https:\/\/www.e2.law\/fr\/home\/"},{"@type":"ListItem","position":2,"name":"e2.law c\u00e9l\u00e8bre trois ans de coop\u00e9ration avec Solvay Business School"}]},{"@type":"WebSite","@id":"https:\/\/www.e2.law\/fr\/#website","url":"https:\/\/www.e2.law\/fr\/","name":"e2.law","description":"A Business Law Firm","publisher":{"@id":"https:\/\/www.e2.law\/fr\/#organization"},"potentialAction":[{"@type":"SearchAction","target":{"@type":"EntryPoint","urlTemplate":"https:\/\/www.e2.law\/fr\/?s={search_term_string}"},"query-input":{"@type":"PropertyValueSpecification","valueRequired":true,"valueName":"search_term_string"}}],"inLanguage":"fr-FR"},{"@type":"Organization","@id":"https:\/\/www.e2.law\/fr\/#organization","name":"E2.law","url":"https:\/\/www.e2.law\/fr\/","logo":{"@type":"ImageObject","inLanguage":"fr-FR","@id":"https:\/\/www.e2.law\/fr\/#\/schema\/logo\/image\/","url":"https:\/\/www.e2.law\/wp-content\/uploads\/2018\/12\/logo-2.png","contentUrl":"https:\/\/www.e2.law\/wp-content\/uploads\/2018\/12\/logo-2.png","width":152,"height":40,"caption":"E2.law"},"image":{"@id":"https:\/\/www.e2.law\/fr\/#\/schema\/logo\/image\/"},"sameAs":["https:\/\/www.linkedin.com\/company\/e2.law"]},{"@type":"Person","@id":"https:\/\/www.e2.law\/fr\/#\/schema\/person\/9f822952177053b420c93ceda8001bcd","name":"e\u00b2.law","image":{"@type":"ImageObject","inLanguage":"fr-FR","@id":"https:\/\/secure.gravatar.com\/avatar\/?d=https:\/\/www.e2.law\/wp-content\/uploads\/2021\/01\/pixie_1609696175704-e1610820192173.png&amp;s=96","url":"https:\/\/secure.gravatar.com\/avatar\/?d=https:\/\/www.e2.law\/wp-content\/uploads\/2021\/01\/pixie_1609696175704-e1610820192173.png&amp;s=96","contentUrl":"https:\/\/secure.gravatar.com\/avatar\/?d=https:\/\/www.e2.law\/wp-content\/uploads\/2021\/01\/pixie_1609696175704-e1610820192173.png&amp;s=96","caption":"e\u00b2.law"},"sameAs":["http:\/\/www.e2.law","www.linkedin.com\\companyprofile\\e2.law"],"url":"https:\/\/www.e2.law\/fr\/author\/visitor\/"}]}},"jetpack_featured_media_url":"https:\/\/i0.wp.com\/www.e2.law\/wp-content\/uploads\/2019\/07\/start.lab_-2.jpg?fit=4018%2C2716&ssl=1","jetpack_sharing_enabled":true,"_links":{"self":[{"href":"https:\/\/www.e2.law\/fr\/wp-json\/wp\/v2\/posts\/24785","targetHints":{"allow":["GET"]}}],"collection":[{"href":"https:\/\/www.e2.law\/fr\/wp-json\/wp\/v2\/posts"}],"about":[{"href":"https:\/\/www.e2.law\/fr\/wp-json\/wp\/v2\/types\/post"}],"author":[{"embeddable":true,"href":"https:\/\/www.e2.law\/fr\/wp-json\/wp\/v2\/users\/169"}],"replies":[{"embeddable":true,"href":"https:\/\/www.e2.law\/fr\/wp-json\/wp\/v2\/comments?post=24785"}],"version-history":[{"count":1,"href":"https:\/\/www.e2.law\/fr\/wp-json\/wp\/v2\/posts\/24785\/revisions"}],"predecessor-version":[{"id":44072,"href":"https:\/\/www.e2.law\/fr\/wp-json\/wp\/v2\/posts\/24785\/revisions\/44072"}],"wp:featuredmedia":[{"embeddable":true,"href":"https:\/\/www.e2.law\/fr\/wp-json\/wp\/v2\/media\/19184"}],"wp:attachment":[{"href":"https:\/\/www.e2.law\/fr\/wp-json\/wp\/v2\/media?parent=24785"}],"wp:term":[{"taxonomy":"category","embeddable":true,"href":"https:\/\/www.e2.law\/fr\/wp-json\/wp\/v2\/categories?post=24785"},{"taxonomy":"post_tag","embeddable":true,"href":"https:\/\/www.e2.law\/fr\/wp-json\/wp\/v2\/tags?post=24785"}],"curies":[{"name":"wp","href":"https:\/\/api.w.org\/{rel}","templated":true}]}}