{"id":25481,"date":"2019-12-10T16:00:08","date_gmt":"2019-12-10T14:00:08","guid":{"rendered":"https:\/\/www.e2.law\/?p=25481"},"modified":"2023-08-18T15:16:18","modified_gmt":"2023-08-18T13:16:18","slug":"ubo-rappel-pour-les-administrateurs-non-residents-belges","status":"publish","type":"post","link":"https:\/\/www.e2.law\/fr\/2019\/12\/10\/ubo-rappel-pour-les-administrateurs-non-residents-belges\/","title":{"rendered":"UBO: rappel pour les administrateurs &#8220;non-r\u00e9sidents&#8221; belges"},"content":{"rendered":"<p><span id=\"ember1034\" class=\"ember-view\">En vertu des r\u00e8gles <a id=\"ember1040\" class=\"hashtag-link ember-view\" href=\"https:\/\/www.linkedin.com\/feed\/hashtag\/?highlightedUpdateUrns=urn%3Ali%3Aactivity%3A6613438123533828096&amp;keywords=%23UBO&amp;originTrackingId=1%2FLhW6oCRp6305IGY7WqrA%3D%3D\" target=\"_self\" rel=\"noopener noreferrer\" data-control-name=\"hashtag\"><span id=\"ember1041\" class=\"hashtag-a11y ember-view\" dir=\"ltr\"><span class=\"hashtag-a11y__name\">de l\u2019UBO,<\/span><\/span><\/a> les personnes morales constitu\u00e9es en Belgique doivent d\u00e9poser une d\u00e9claration <a id=\"ember1044\" class=\"hashtag-link ember-view\" href=\"https:\/\/www.linkedin.com\/feed\/hashtag\/?highlightedUpdateUrns=urn%3Ali%3Aactivity%3A6613438123533828096&amp;keywords=%23UBO&amp;originTrackingId=1%2FLhW6oCRp6305IGY7WqrA%3D%3D\" target=\"_self\" rel=\"noopener noreferrer\" data-control-name=\"hashtag\"><span id=\"ember1045\" class=\"hashtag-a11y ember-view\" dir=\"ltr\"><span class=\"hashtag-a11y__name\">UBO.<\/span><\/span><\/a> <\/span> <span id=\"ember1034\" class=\"ember-view\">\u00c0 compter du 1er janvier 2020, l&#8217;administration pourrait imposer une amende \u00e0 tous ceux qui ne seraient pas en ordre<\/span><span id=\"ember1034\" class=\"ember-view\">.<\/span> <span id=\"ember1034\" class=\"ember-view\">En principe, le d\u00e9p\u00f4t exige un token ou une EID, ce que les administrateurs non-r\u00e9sidents ont rarement.<\/span><\/p>\n<blockquote><p><span id=\"ember1034\" class=\"ember-view\">Ce sketchnote r\u00e9sume les diff\u00e9rentes options disponibles. N\u2019h\u00e9sitez pas \u00e0 nous contacter pour toute information ou question \u00e0 ce sujet.\u00a0<\/span><\/p>\n<p><a id=\"ember1057\" class=\"tap-target feed-shared-text-view__mention ember-view\" href=\"https:\/\/www.linkedin.com\/company\/e2law\/\" target=\"_self\" rel=\"noopener noreferrer\"><span data-entity-hovercard-id=\"urn:li:fs_miniCompany:12672722\" data-entity-type=\"MINI_COMPANY\">e2.law (UBO)<\/span><\/a><\/p><\/blockquote>\n","protected":false},"excerpt":{"rendered":"<p>En vertu des r\u00e8gles de l\u2019UBO, les personnes morales constitu\u00e9es en Belgique doivent d\u00e9poser une d\u00e9claration UBO. \u00c0 compter du 1er janvier 2020, l&#8217;administration pourrait imposer une amende \u00e0 tous ceux qui ne seraient pas en ordre. En principe, le d\u00e9p\u00f4t exige un token ou une EID, ce que les administrateurs non-r\u00e9sidents ont rarement. Ce sketchnote   [&#8230;]<\/p>\n","protected":false},"author":167,"featured_media":0,"comment_status":"open","ping_status":"open","sticky":false,"template":"","format":"standard","meta":{"_acf_changed":false,"_jetpack_memberships_contains_paid_content":false,"footnotes":""},"categories":[141],"tags":[796],"class_list":["post-25481","post","type-post","status-publish","format-standard","hentry","category-non-classifiee","tag-alerts"],"acf":[],"yoast_head":"<!-- This site is optimized with the Yoast SEO plugin v27.5 - https:\/\/yoast.com\/product\/yoast-seo-wordpress\/ -->\n<title>UBO: rappel pour les administrateurs &quot;non-r\u00e9sidents&quot; belges - e2.law<\/title>\n<meta name=\"robots\" content=\"index, follow, max-snippet:-1, max-image-preview:large, max-video-preview:-1\" \/>\n<link rel=\"canonical\" href=\"https:\/\/www.e2.law\/fr\/2019\/12\/10\/ubo-rappel-pour-les-administrateurs-non-residents-belges\/\" \/>\n<meta property=\"og:locale\" content=\"fr_FR\" \/>\n<meta property=\"og:type\" content=\"article\" \/>\n<meta property=\"og:title\" content=\"UBO: rappel pour les administrateurs &quot;non-r\u00e9sidents&quot; belges - e2.law\" \/>\n<meta property=\"og:description\" content=\"En vertu des r\u00e8gles de l\u2019UBO, les personnes morales constitu\u00e9es en Belgique doivent d\u00e9poser une d\u00e9claration UBO. \u00c0 compter du 1er janvier 2020, l&#8217;administration pourrait imposer une amende \u00e0 tous ceux qui ne seraient pas en ordre. En principe, le d\u00e9p\u00f4t exige un token ou une EID, ce que les administrateurs non-r\u00e9sidents ont rarement. Ce sketchnote  [...]\" \/>\n<meta property=\"og:url\" content=\"https:\/\/www.e2.law\/fr\/2019\/12\/10\/ubo-rappel-pour-les-administrateurs-non-residents-belges\/\" \/>\n<meta property=\"og:site_name\" content=\"e2.law\" \/>\n<meta property=\"article:published_time\" content=\"2019-12-10T14:00:08+00:00\" \/>\n<meta property=\"article:modified_time\" content=\"2023-08-18T13:16:18+00:00\" \/>\n<meta name=\"author\" content=\"Quentin de Bournonville\" \/>\n<meta name=\"twitter:card\" content=\"summary_large_image\" \/>\n<meta name=\"twitter:label1\" content=\"\u00c9crit par\" \/>\n\t<meta name=\"twitter:data1\" content=\"Quentin de Bournonville\" \/>\n<script type=\"application\/ld+json\" class=\"yoast-schema-graph\">{\"@context\":\"https:\\\/\\\/schema.org\",\"@graph\":[{\"@type\":\"Article\",\"@id\":\"https:\\\/\\\/www.e2.law\\\/fr\\\/2019\\\/12\\\/10\\\/ubo-rappel-pour-les-administrateurs-non-residents-belges\\\/#article\",\"isPartOf\":{\"@id\":\"https:\\\/\\\/www.e2.law\\\/fr\\\/2019\\\/12\\\/10\\\/ubo-rappel-pour-les-administrateurs-non-residents-belges\\\/\"},\"author\":{\"name\":\"Quentin de Bournonville\",\"@id\":\"https:\\\/\\\/www.e2.law\\\/fr\\\/#\\\/schema\\\/person\\\/eb704a07551bb99087cc013c2f8c8f73\"},\"headline\":\"UBO: rappel pour les administrateurs &#8220;non-r\u00e9sidents&#8221; belges\",\"datePublished\":\"2019-12-10T14:00:08+00:00\",\"dateModified\":\"2023-08-18T13:16:18+00:00\",\"mainEntityOfPage\":{\"@id\":\"https:\\\/\\\/www.e2.law\\\/fr\\\/2019\\\/12\\\/10\\\/ubo-rappel-pour-les-administrateurs-non-residents-belges\\\/\"},\"wordCount\":92,\"commentCount\":0,\"publisher\":{\"@id\":\"https:\\\/\\\/www.e2.law\\\/fr\\\/#organization\"},\"keywords\":[\"Alerts\"],\"articleSection\":[\"Non classifi\u00e9(e)\"],\"inLanguage\":\"fr-FR\",\"potentialAction\":[{\"@type\":\"CommentAction\",\"name\":\"Comment\",\"target\":[\"https:\\\/\\\/www.e2.law\\\/fr\\\/2019\\\/12\\\/10\\\/ubo-rappel-pour-les-administrateurs-non-residents-belges\\\/#respond\"]}]},{\"@type\":\"WebPage\",\"@id\":\"https:\\\/\\\/www.e2.law\\\/fr\\\/2019\\\/12\\\/10\\\/ubo-rappel-pour-les-administrateurs-non-residents-belges\\\/\",\"url\":\"https:\\\/\\\/www.e2.law\\\/fr\\\/2019\\\/12\\\/10\\\/ubo-rappel-pour-les-administrateurs-non-residents-belges\\\/\",\"name\":\"UBO: rappel pour les administrateurs \\\"non-r\u00e9sidents\\\" belges - e2.law\",\"isPartOf\":{\"@id\":\"https:\\\/\\\/www.e2.law\\\/fr\\\/#website\"},\"datePublished\":\"2019-12-10T14:00:08+00:00\",\"dateModified\":\"2023-08-18T13:16:18+00:00\",\"breadcrumb\":{\"@id\":\"https:\\\/\\\/www.e2.law\\\/fr\\\/2019\\\/12\\\/10\\\/ubo-rappel-pour-les-administrateurs-non-residents-belges\\\/#breadcrumb\"},\"inLanguage\":\"fr-FR\",\"potentialAction\":[{\"@type\":\"ReadAction\",\"target\":[\"https:\\\/\\\/www.e2.law\\\/fr\\\/2019\\\/12\\\/10\\\/ubo-rappel-pour-les-administrateurs-non-residents-belges\\\/\"]}]},{\"@type\":\"BreadcrumbList\",\"@id\":\"https:\\\/\\\/www.e2.law\\\/fr\\\/2019\\\/12\\\/10\\\/ubo-rappel-pour-les-administrateurs-non-residents-belges\\\/#breadcrumb\",\"itemListElement\":[{\"@type\":\"ListItem\",\"position\":1,\"name\":\"Home\",\"item\":\"https:\\\/\\\/www.e2.law\\\/fr\\\/home\\\/\"},{\"@type\":\"ListItem\",\"position\":2,\"name\":\"UBO: rappel pour les administrateurs &#8220;non-r\u00e9sidents&#8221; belges\"}]},{\"@type\":\"WebSite\",\"@id\":\"https:\\\/\\\/www.e2.law\\\/fr\\\/#website\",\"url\":\"https:\\\/\\\/www.e2.law\\\/fr\\\/\",\"name\":\"e2.law\",\"description\":\"A Business Law Firm\",\"publisher\":{\"@id\":\"https:\\\/\\\/www.e2.law\\\/fr\\\/#organization\"},\"potentialAction\":[{\"@type\":\"SearchAction\",\"target\":{\"@type\":\"EntryPoint\",\"urlTemplate\":\"https:\\\/\\\/www.e2.law\\\/fr\\\/?s={search_term_string}\"},\"query-input\":{\"@type\":\"PropertyValueSpecification\",\"valueRequired\":true,\"valueName\":\"search_term_string\"}}],\"inLanguage\":\"fr-FR\"},{\"@type\":\"Organization\",\"@id\":\"https:\\\/\\\/www.e2.law\\\/fr\\\/#organization\",\"name\":\"E2.law\",\"url\":\"https:\\\/\\\/www.e2.law\\\/fr\\\/\",\"logo\":{\"@type\":\"ImageObject\",\"inLanguage\":\"fr-FR\",\"@id\":\"https:\\\/\\\/www.e2.law\\\/fr\\\/#\\\/schema\\\/logo\\\/image\\\/\",\"url\":\"https:\\\/\\\/www.e2.law\\\/wp-content\\\/uploads\\\/2018\\\/12\\\/logo-2.png\",\"contentUrl\":\"https:\\\/\\\/www.e2.law\\\/wp-content\\\/uploads\\\/2018\\\/12\\\/logo-2.png\",\"width\":152,\"height\":40,\"caption\":\"E2.law\"},\"image\":{\"@id\":\"https:\\\/\\\/www.e2.law\\\/fr\\\/#\\\/schema\\\/logo\\\/image\\\/\"},\"sameAs\":[\"https:\\\/\\\/www.linkedin.com\\\/company\\\/e2.law\"]},{\"@type\":\"Person\",\"@id\":\"https:\\\/\\\/www.e2.law\\\/fr\\\/#\\\/schema\\\/person\\\/eb704a07551bb99087cc013c2f8c8f73\",\"name\":\"Quentin de Bournonville\",\"image\":{\"@type\":\"ImageObject\",\"inLanguage\":\"fr-FR\",\"@id\":\"https:\\\/\\\/www.e2.law\\\/wp-content\\\/uploads\\\/2021\\\/02\\\/P1014033_b_w-scaled-96x96.jpg\",\"url\":\"https:\\\/\\\/www.e2.law\\\/wp-content\\\/uploads\\\/2021\\\/02\\\/P1014033_b_w-scaled-96x96.jpg\",\"contentUrl\":\"https:\\\/\\\/www.e2.law\\\/wp-content\\\/uploads\\\/2021\\\/02\\\/P1014033_b_w-scaled-96x96.jpg\",\"caption\":\"Quentin de Bournonville\"},\"url\":\"https:\\\/\\\/www.e2.law\\\/fr\\\/author\\\/quentin-admine2-law\\\/\"}]}<\/script>\n<!-- \/ Yoast SEO plugin. -->","yoast_head_json":{"title":"UBO: rappel pour les administrateurs \"non-r\u00e9sidents\" belges - e2.law","robots":{"index":"index","follow":"follow","max-snippet":"max-snippet:-1","max-image-preview":"max-image-preview:large","max-video-preview":"max-video-preview:-1"},"canonical":"https:\/\/www.e2.law\/fr\/2019\/12\/10\/ubo-rappel-pour-les-administrateurs-non-residents-belges\/","og_locale":"fr_FR","og_type":"article","og_title":"UBO: rappel pour les administrateurs \"non-r\u00e9sidents\" belges - e2.law","og_description":"En vertu des r\u00e8gles de l\u2019UBO, les personnes morales constitu\u00e9es en Belgique doivent d\u00e9poser une d\u00e9claration UBO. \u00c0 compter du 1er janvier 2020, l&#8217;administration pourrait imposer une amende \u00e0 tous ceux qui ne seraient pas en ordre. En principe, le d\u00e9p\u00f4t exige un token ou une EID, ce que les administrateurs non-r\u00e9sidents ont rarement. Ce sketchnote  [...]","og_url":"https:\/\/www.e2.law\/fr\/2019\/12\/10\/ubo-rappel-pour-les-administrateurs-non-residents-belges\/","og_site_name":"e2.law","article_published_time":"2019-12-10T14:00:08+00:00","article_modified_time":"2023-08-18T13:16:18+00:00","author":"Quentin de Bournonville","twitter_card":"summary_large_image","twitter_misc":{"\u00c9crit par":"Quentin de Bournonville"},"schema":{"@context":"https:\/\/schema.org","@graph":[{"@type":"Article","@id":"https:\/\/www.e2.law\/fr\/2019\/12\/10\/ubo-rappel-pour-les-administrateurs-non-residents-belges\/#article","isPartOf":{"@id":"https:\/\/www.e2.law\/fr\/2019\/12\/10\/ubo-rappel-pour-les-administrateurs-non-residents-belges\/"},"author":{"name":"Quentin de Bournonville","@id":"https:\/\/www.e2.law\/fr\/#\/schema\/person\/eb704a07551bb99087cc013c2f8c8f73"},"headline":"UBO: rappel pour les administrateurs &#8220;non-r\u00e9sidents&#8221; belges","datePublished":"2019-12-10T14:00:08+00:00","dateModified":"2023-08-18T13:16:18+00:00","mainEntityOfPage":{"@id":"https:\/\/www.e2.law\/fr\/2019\/12\/10\/ubo-rappel-pour-les-administrateurs-non-residents-belges\/"},"wordCount":92,"commentCount":0,"publisher":{"@id":"https:\/\/www.e2.law\/fr\/#organization"},"keywords":["Alerts"],"articleSection":["Non classifi\u00e9(e)"],"inLanguage":"fr-FR","potentialAction":[{"@type":"CommentAction","name":"Comment","target":["https:\/\/www.e2.law\/fr\/2019\/12\/10\/ubo-rappel-pour-les-administrateurs-non-residents-belges\/#respond"]}]},{"@type":"WebPage","@id":"https:\/\/www.e2.law\/fr\/2019\/12\/10\/ubo-rappel-pour-les-administrateurs-non-residents-belges\/","url":"https:\/\/www.e2.law\/fr\/2019\/12\/10\/ubo-rappel-pour-les-administrateurs-non-residents-belges\/","name":"UBO: rappel pour les administrateurs \"non-r\u00e9sidents\" belges - e2.law","isPartOf":{"@id":"https:\/\/www.e2.law\/fr\/#website"},"datePublished":"2019-12-10T14:00:08+00:00","dateModified":"2023-08-18T13:16:18+00:00","breadcrumb":{"@id":"https:\/\/www.e2.law\/fr\/2019\/12\/10\/ubo-rappel-pour-les-administrateurs-non-residents-belges\/#breadcrumb"},"inLanguage":"fr-FR","potentialAction":[{"@type":"ReadAction","target":["https:\/\/www.e2.law\/fr\/2019\/12\/10\/ubo-rappel-pour-les-administrateurs-non-residents-belges\/"]}]},{"@type":"BreadcrumbList","@id":"https:\/\/www.e2.law\/fr\/2019\/12\/10\/ubo-rappel-pour-les-administrateurs-non-residents-belges\/#breadcrumb","itemListElement":[{"@type":"ListItem","position":1,"name":"Home","item":"https:\/\/www.e2.law\/fr\/home\/"},{"@type":"ListItem","position":2,"name":"UBO: rappel pour les administrateurs &#8220;non-r\u00e9sidents&#8221; belges"}]},{"@type":"WebSite","@id":"https:\/\/www.e2.law\/fr\/#website","url":"https:\/\/www.e2.law\/fr\/","name":"e2.law","description":"A Business Law Firm","publisher":{"@id":"https:\/\/www.e2.law\/fr\/#organization"},"potentialAction":[{"@type":"SearchAction","target":{"@type":"EntryPoint","urlTemplate":"https:\/\/www.e2.law\/fr\/?s={search_term_string}"},"query-input":{"@type":"PropertyValueSpecification","valueRequired":true,"valueName":"search_term_string"}}],"inLanguage":"fr-FR"},{"@type":"Organization","@id":"https:\/\/www.e2.law\/fr\/#organization","name":"E2.law","url":"https:\/\/www.e2.law\/fr\/","logo":{"@type":"ImageObject","inLanguage":"fr-FR","@id":"https:\/\/www.e2.law\/fr\/#\/schema\/logo\/image\/","url":"https:\/\/www.e2.law\/wp-content\/uploads\/2018\/12\/logo-2.png","contentUrl":"https:\/\/www.e2.law\/wp-content\/uploads\/2018\/12\/logo-2.png","width":152,"height":40,"caption":"E2.law"},"image":{"@id":"https:\/\/www.e2.law\/fr\/#\/schema\/logo\/image\/"},"sameAs":["https:\/\/www.linkedin.com\/company\/e2.law"]},{"@type":"Person","@id":"https:\/\/www.e2.law\/fr\/#\/schema\/person\/eb704a07551bb99087cc013c2f8c8f73","name":"Quentin de Bournonville","image":{"@type":"ImageObject","inLanguage":"fr-FR","@id":"https:\/\/www.e2.law\/wp-content\/uploads\/2021\/02\/P1014033_b_w-scaled-96x96.jpg","url":"https:\/\/www.e2.law\/wp-content\/uploads\/2021\/02\/P1014033_b_w-scaled-96x96.jpg","contentUrl":"https:\/\/www.e2.law\/wp-content\/uploads\/2021\/02\/P1014033_b_w-scaled-96x96.jpg","caption":"Quentin de Bournonville"},"url":"https:\/\/www.e2.law\/fr\/author\/quentin-admine2-law\/"}]}},"jetpack_featured_media_url":"","jetpack_sharing_enabled":true,"_links":{"self":[{"href":"https:\/\/www.e2.law\/fr\/wp-json\/wp\/v2\/posts\/25481","targetHints":{"allow":["GET"]}}],"collection":[{"href":"https:\/\/www.e2.law\/fr\/wp-json\/wp\/v2\/posts"}],"about":[{"href":"https:\/\/www.e2.law\/fr\/wp-json\/wp\/v2\/types\/post"}],"author":[{"embeddable":true,"href":"https:\/\/www.e2.law\/fr\/wp-json\/wp\/v2\/users\/167"}],"replies":[{"embeddable":true,"href":"https:\/\/www.e2.law\/fr\/wp-json\/wp\/v2\/comments?post=25481"}],"version-history":[{"count":1,"href":"https:\/\/www.e2.law\/fr\/wp-json\/wp\/v2\/posts\/25481\/revisions"}],"predecessor-version":[{"id":44349,"href":"https:\/\/www.e2.law\/fr\/wp-json\/wp\/v2\/posts\/25481\/revisions\/44349"}],"wp:attachment":[{"href":"https:\/\/www.e2.law\/fr\/wp-json\/wp\/v2\/media?parent=25481"}],"wp:term":[{"taxonomy":"category","embeddable":true,"href":"https:\/\/www.e2.law\/fr\/wp-json\/wp\/v2\/categories?post=25481"},{"taxonomy":"post_tag","embeddable":true,"href":"https:\/\/www.e2.law\/fr\/wp-json\/wp\/v2\/tags?post=25481"}],"curies":[{"name":"wp","href":"https:\/\/api.w.org\/{rel}","templated":true}]}}