{"id":26542,"date":"2020-08-03T10:06:19","date_gmt":"2020-08-03T08:06:19","guid":{"rendered":"https:\/\/www.e2.law\/2020\/08\/03\/movement-of-persons\/"},"modified":"2023-08-18T11:59:20","modified_gmt":"2023-08-18T09:59:20","slug":"movement-of-persons","status":"publish","type":"post","link":"https:\/\/www.e2.law\/fr\/2020\/08\/03\/movement-of-persons\/","title":{"rendered":"Circulation des personnes"},"content":{"rendered":"<p>La notion de mobilit\u00e9 fait ici r\u00e9f\u00e9rence aux questions li\u00e9es \u00e0 la migration des personnes et de la main-d&#8217;\u0153uvre dans le monde entier.<\/p>\n<p>La mobilit\u00e9 tend \u00e0 se d\u00e9velopper avec les repr\u00e9sentations diplomatiques, les soci\u00e9t\u00e9s multinationales, ou dans le cadre du d\u00e9veloppement de start-ups \u00e0 l&#8217;\u00e9tranger.\u00a0 Elle se retrouve chez les \u00e9tudiants, qui peuvent effectuer tout ou partie de leurs \u00e9tudes \u00e0 l&#8217;\u00e9tranger, dans les carri\u00e8res scientifiques et dans le domaine de certains sports (notamment le football).<\/p>\n<p>La mobilit\u00e9 internationale est un domaine complexe qui couvre toutes les questions li\u00e9es \u00e0 l&#8217;envoi de travailleurs \u00e0 l&#8217;\u00e9tranger ou \u00e0 l&#8217;accueil de travailleurs \u00e9trangers.<\/p>\n<p>La mondialisation de l&#8217;\u00e9conomie et la flexibilit\u00e9 toujours plus grande du monde du travail ont pour effet d&#8217;accro\u00eetre la mobilit\u00e9 des travailleurs. Cette mobilit\u00e9 peut prendre la forme d&#8217;une expatriation ou d&#8217;un d\u00e9tachement.<\/p>\n<p>L&#8217;\u00e9volution de l&#8217;Union europ\u00e9enne exige que les personnes prennent en compte les opportunit\u00e9s offertes par les \u00e9conomies des autres pays membres.<\/p>\n<p>Le commerce europ\u00e9en implique l&#8217;application de r\u00e8gles fiscales et sociales parfois complexes et souvent mal comprises.<\/p>\n","protected":false},"excerpt":{"rendered":"<p>La notion de mobilit\u00e9 fait ici r\u00e9f\u00e9rence aux questions li\u00e9es \u00e0 la migration des personnes et de la main-d&#8217;\u0153uvre dans le monde entier. La mobilit\u00e9 tend \u00e0 se d\u00e9velopper avec les repr\u00e9sentations diplomatiques, les soci\u00e9t\u00e9s multinationales, ou dans le cadre du d\u00e9veloppement de start-ups \u00e0 l&#8217;\u00e9tranger.\u00a0 Elle se retrouve chez les \u00e9tudiants, qui peuvent effectuer tout   [&#8230;]<\/p>\n","protected":false},"author":169,"featured_media":0,"comment_status":"open","ping_status":"open","sticky":false,"template":"","format":"standard","meta":{"_acf_changed":false,"_jetpack_memberships_contains_paid_content":false,"footnotes":""},"categories":[141],"tags":[1477],"class_list":["post-26542","post","type-post","status-publish","format-standard","hentry","category-non-classifiee","tag-international"],"acf":[],"yoast_head":"<!-- This site is optimized with the Yoast SEO plugin v27.5 - https:\/\/yoast.com\/product\/yoast-seo-wordpress\/ -->\n<title>Circulation des personnes - e2.law<\/title>\n<meta name=\"robots\" content=\"index, follow, max-snippet:-1, max-image-preview:large, max-video-preview:-1\" \/>\n<link rel=\"canonical\" href=\"https:\/\/www.e2.law\/fr\/2020\/08\/03\/movement-of-persons\/\" \/>\n<meta property=\"og:locale\" content=\"fr_FR\" \/>\n<meta property=\"og:type\" content=\"article\" \/>\n<meta property=\"og:title\" content=\"Circulation des personnes - e2.law\" \/>\n<meta property=\"og:description\" content=\"La notion de mobilit\u00e9 fait ici r\u00e9f\u00e9rence aux questions li\u00e9es \u00e0 la migration des personnes et de la main-d&#8217;\u0153uvre dans le monde entier. La mobilit\u00e9 tend \u00e0 se d\u00e9velopper avec les repr\u00e9sentations diplomatiques, les soci\u00e9t\u00e9s multinationales, ou dans le cadre du d\u00e9veloppement de start-ups \u00e0 l&#8217;\u00e9tranger.\u00a0 Elle se retrouve chez les \u00e9tudiants, qui peuvent effectuer tout  [...]\" \/>\n<meta property=\"og:url\" content=\"https:\/\/www.e2.law\/fr\/2020\/08\/03\/movement-of-persons\/\" \/>\n<meta property=\"og:site_name\" content=\"e2.law\" \/>\n<meta property=\"article:published_time\" content=\"2020-08-03T08:06:19+00:00\" \/>\n<meta property=\"article:modified_time\" content=\"2023-08-18T09:59:20+00:00\" \/>\n<meta property=\"og:image\" content=\"https:\/\/www.e2.law\/wp-content\/uploads\/2019\/10\/extraniety-1.jpg\" \/>\n\t<meta property=\"og:image:width\" content=\"340\" \/>\n\t<meta property=\"og:image:height\" content=\"230\" \/>\n\t<meta property=\"og:image:type\" content=\"image\/jpeg\" \/>\n<meta name=\"author\" content=\"e\u00b2.law\" \/>\n<meta name=\"twitter:card\" content=\"summary_large_image\" \/>\n<meta name=\"twitter:label1\" content=\"\u00c9crit par\" \/>\n\t<meta name=\"twitter:data1\" content=\"e\u00b2.law\" \/>\n\t<meta name=\"twitter:label2\" content=\"Dur\u00e9e de lecture estim\u00e9e\" \/>\n\t<meta name=\"twitter:data2\" content=\"1 minute\" \/>\n<script type=\"application\/ld+json\" class=\"yoast-schema-graph\">{\"@context\":\"https:\\\/\\\/schema.org\",\"@graph\":[{\"@type\":\"Article\",\"@id\":\"https:\\\/\\\/www.e2.law\\\/fr\\\/2020\\\/08\\\/03\\\/movement-of-persons\\\/#article\",\"isPartOf\":{\"@id\":\"https:\\\/\\\/www.e2.law\\\/fr\\\/2020\\\/08\\\/03\\\/movement-of-persons\\\/\"},\"author\":{\"name\":\"e\u00b2.law\",\"@id\":\"https:\\\/\\\/www.e2.law\\\/fr\\\/#\\\/schema\\\/person\\\/9f822952177053b420c93ceda8001bcd\"},\"headline\":\"Circulation des personnes\",\"datePublished\":\"2020-08-03T08:06:19+00:00\",\"dateModified\":\"2023-08-18T09:59:20+00:00\",\"mainEntityOfPage\":{\"@id\":\"https:\\\/\\\/www.e2.law\\\/fr\\\/2020\\\/08\\\/03\\\/movement-of-persons\\\/\"},\"wordCount\":190,\"commentCount\":0,\"publisher\":{\"@id\":\"https:\\\/\\\/www.e2.law\\\/fr\\\/#organization\"},\"keywords\":[\"international\"],\"articleSection\":[\"Non classifi\u00e9(e)\"],\"inLanguage\":\"fr-FR\",\"potentialAction\":[{\"@type\":\"CommentAction\",\"name\":\"Comment\",\"target\":[\"https:\\\/\\\/www.e2.law\\\/fr\\\/2020\\\/08\\\/03\\\/movement-of-persons\\\/#respond\"]}]},{\"@type\":\"WebPage\",\"@id\":\"https:\\\/\\\/www.e2.law\\\/fr\\\/2020\\\/08\\\/03\\\/movement-of-persons\\\/\",\"url\":\"https:\\\/\\\/www.e2.law\\\/fr\\\/2020\\\/08\\\/03\\\/movement-of-persons\\\/\",\"name\":\"Circulation des personnes - e2.law\",\"isPartOf\":{\"@id\":\"https:\\\/\\\/www.e2.law\\\/fr\\\/#website\"},\"datePublished\":\"2020-08-03T08:06:19+00:00\",\"dateModified\":\"2023-08-18T09:59:20+00:00\",\"breadcrumb\":{\"@id\":\"https:\\\/\\\/www.e2.law\\\/fr\\\/2020\\\/08\\\/03\\\/movement-of-persons\\\/#breadcrumb\"},\"inLanguage\":\"fr-FR\",\"potentialAction\":[{\"@type\":\"ReadAction\",\"target\":[\"https:\\\/\\\/www.e2.law\\\/fr\\\/2020\\\/08\\\/03\\\/movement-of-persons\\\/\"]}]},{\"@type\":\"BreadcrumbList\",\"@id\":\"https:\\\/\\\/www.e2.law\\\/fr\\\/2020\\\/08\\\/03\\\/movement-of-persons\\\/#breadcrumb\",\"itemListElement\":[{\"@type\":\"ListItem\",\"position\":1,\"name\":\"Home\",\"item\":\"https:\\\/\\\/www.e2.law\\\/fr\\\/home\\\/\"},{\"@type\":\"ListItem\",\"position\":2,\"name\":\"Circulation des personnes\"}]},{\"@type\":\"WebSite\",\"@id\":\"https:\\\/\\\/www.e2.law\\\/fr\\\/#website\",\"url\":\"https:\\\/\\\/www.e2.law\\\/fr\\\/\",\"name\":\"e2.law\",\"description\":\"A Business Law Firm\",\"publisher\":{\"@id\":\"https:\\\/\\\/www.e2.law\\\/fr\\\/#organization\"},\"potentialAction\":[{\"@type\":\"SearchAction\",\"target\":{\"@type\":\"EntryPoint\",\"urlTemplate\":\"https:\\\/\\\/www.e2.law\\\/fr\\\/?s={search_term_string}\"},\"query-input\":{\"@type\":\"PropertyValueSpecification\",\"valueRequired\":true,\"valueName\":\"search_term_string\"}}],\"inLanguage\":\"fr-FR\"},{\"@type\":\"Organization\",\"@id\":\"https:\\\/\\\/www.e2.law\\\/fr\\\/#organization\",\"name\":\"E2.law\",\"url\":\"https:\\\/\\\/www.e2.law\\\/fr\\\/\",\"logo\":{\"@type\":\"ImageObject\",\"inLanguage\":\"fr-FR\",\"@id\":\"https:\\\/\\\/www.e2.law\\\/fr\\\/#\\\/schema\\\/logo\\\/image\\\/\",\"url\":\"https:\\\/\\\/www.e2.law\\\/wp-content\\\/uploads\\\/2018\\\/12\\\/logo-2.png\",\"contentUrl\":\"https:\\\/\\\/www.e2.law\\\/wp-content\\\/uploads\\\/2018\\\/12\\\/logo-2.png\",\"width\":152,\"height\":40,\"caption\":\"E2.law\"},\"image\":{\"@id\":\"https:\\\/\\\/www.e2.law\\\/fr\\\/#\\\/schema\\\/logo\\\/image\\\/\"},\"sameAs\":[\"https:\\\/\\\/www.linkedin.com\\\/company\\\/e2.law\"]},{\"@type\":\"Person\",\"@id\":\"https:\\\/\\\/www.e2.law\\\/fr\\\/#\\\/schema\\\/person\\\/9f822952177053b420c93ceda8001bcd\",\"name\":\"e\u00b2.law\",\"image\":{\"@type\":\"ImageObject\",\"inLanguage\":\"fr-FR\",\"@id\":\"https:\\\/\\\/secure.gravatar.com\\\/avatar\\\/?d=https:\\\/\\\/www.e2.law\\\/wp-content\\\/uploads\\\/2021\\\/01\\\/pixie_1609696175704-e1610820192173.png&amp;s=96\",\"url\":\"https:\\\/\\\/secure.gravatar.com\\\/avatar\\\/?d=https:\\\/\\\/www.e2.law\\\/wp-content\\\/uploads\\\/2021\\\/01\\\/pixie_1609696175704-e1610820192173.png&amp;s=96\",\"contentUrl\":\"https:\\\/\\\/secure.gravatar.com\\\/avatar\\\/?d=https:\\\/\\\/www.e2.law\\\/wp-content\\\/uploads\\\/2021\\\/01\\\/pixie_1609696175704-e1610820192173.png&amp;s=96\",\"caption\":\"e\u00b2.law\"},\"sameAs\":[\"http:\\\/\\\/www.e2.law\",\"www.linkedin.com\\\\companyprofile\\\\e2.law\"],\"url\":\"https:\\\/\\\/www.e2.law\\\/fr\\\/author\\\/visitor\\\/\"}]}<\/script>\n<!-- \/ Yoast SEO plugin. -->","yoast_head_json":{"title":"Circulation des personnes - e2.law","robots":{"index":"index","follow":"follow","max-snippet":"max-snippet:-1","max-image-preview":"max-image-preview:large","max-video-preview":"max-video-preview:-1"},"canonical":"https:\/\/www.e2.law\/fr\/2020\/08\/03\/movement-of-persons\/","og_locale":"fr_FR","og_type":"article","og_title":"Circulation des personnes - e2.law","og_description":"La notion de mobilit\u00e9 fait ici r\u00e9f\u00e9rence aux questions li\u00e9es \u00e0 la migration des personnes et de la main-d&#8217;\u0153uvre dans le monde entier. La mobilit\u00e9 tend \u00e0 se d\u00e9velopper avec les repr\u00e9sentations diplomatiques, les soci\u00e9t\u00e9s multinationales, ou dans le cadre du d\u00e9veloppement de start-ups \u00e0 l&#8217;\u00e9tranger.\u00a0 Elle se retrouve chez les \u00e9tudiants, qui peuvent effectuer tout  [...]","og_url":"https:\/\/www.e2.law\/fr\/2020\/08\/03\/movement-of-persons\/","og_site_name":"e2.law","article_published_time":"2020-08-03T08:06:19+00:00","article_modified_time":"2023-08-18T09:59:20+00:00","og_image":[{"width":340,"height":230,"url":"https:\/\/www.e2.law\/wp-content\/uploads\/2019\/10\/extraniety-1.jpg","type":"image\/jpeg"}],"author":"e\u00b2.law","twitter_card":"summary_large_image","twitter_misc":{"\u00c9crit par":"e\u00b2.law","Dur\u00e9e de lecture estim\u00e9e":"1 minute"},"schema":{"@context":"https:\/\/schema.org","@graph":[{"@type":"Article","@id":"https:\/\/www.e2.law\/fr\/2020\/08\/03\/movement-of-persons\/#article","isPartOf":{"@id":"https:\/\/www.e2.law\/fr\/2020\/08\/03\/movement-of-persons\/"},"author":{"name":"e\u00b2.law","@id":"https:\/\/www.e2.law\/fr\/#\/schema\/person\/9f822952177053b420c93ceda8001bcd"},"headline":"Circulation des personnes","datePublished":"2020-08-03T08:06:19+00:00","dateModified":"2023-08-18T09:59:20+00:00","mainEntityOfPage":{"@id":"https:\/\/www.e2.law\/fr\/2020\/08\/03\/movement-of-persons\/"},"wordCount":190,"commentCount":0,"publisher":{"@id":"https:\/\/www.e2.law\/fr\/#organization"},"keywords":["international"],"articleSection":["Non classifi\u00e9(e)"],"inLanguage":"fr-FR","potentialAction":[{"@type":"CommentAction","name":"Comment","target":["https:\/\/www.e2.law\/fr\/2020\/08\/03\/movement-of-persons\/#respond"]}]},{"@type":"WebPage","@id":"https:\/\/www.e2.law\/fr\/2020\/08\/03\/movement-of-persons\/","url":"https:\/\/www.e2.law\/fr\/2020\/08\/03\/movement-of-persons\/","name":"Circulation des personnes - e2.law","isPartOf":{"@id":"https:\/\/www.e2.law\/fr\/#website"},"datePublished":"2020-08-03T08:06:19+00:00","dateModified":"2023-08-18T09:59:20+00:00","breadcrumb":{"@id":"https:\/\/www.e2.law\/fr\/2020\/08\/03\/movement-of-persons\/#breadcrumb"},"inLanguage":"fr-FR","potentialAction":[{"@type":"ReadAction","target":["https:\/\/www.e2.law\/fr\/2020\/08\/03\/movement-of-persons\/"]}]},{"@type":"BreadcrumbList","@id":"https:\/\/www.e2.law\/fr\/2020\/08\/03\/movement-of-persons\/#breadcrumb","itemListElement":[{"@type":"ListItem","position":1,"name":"Home","item":"https:\/\/www.e2.law\/fr\/home\/"},{"@type":"ListItem","position":2,"name":"Circulation des personnes"}]},{"@type":"WebSite","@id":"https:\/\/www.e2.law\/fr\/#website","url":"https:\/\/www.e2.law\/fr\/","name":"e2.law","description":"A Business Law Firm","publisher":{"@id":"https:\/\/www.e2.law\/fr\/#organization"},"potentialAction":[{"@type":"SearchAction","target":{"@type":"EntryPoint","urlTemplate":"https:\/\/www.e2.law\/fr\/?s={search_term_string}"},"query-input":{"@type":"PropertyValueSpecification","valueRequired":true,"valueName":"search_term_string"}}],"inLanguage":"fr-FR"},{"@type":"Organization","@id":"https:\/\/www.e2.law\/fr\/#organization","name":"E2.law","url":"https:\/\/www.e2.law\/fr\/","logo":{"@type":"ImageObject","inLanguage":"fr-FR","@id":"https:\/\/www.e2.law\/fr\/#\/schema\/logo\/image\/","url":"https:\/\/www.e2.law\/wp-content\/uploads\/2018\/12\/logo-2.png","contentUrl":"https:\/\/www.e2.law\/wp-content\/uploads\/2018\/12\/logo-2.png","width":152,"height":40,"caption":"E2.law"},"image":{"@id":"https:\/\/www.e2.law\/fr\/#\/schema\/logo\/image\/"},"sameAs":["https:\/\/www.linkedin.com\/company\/e2.law"]},{"@type":"Person","@id":"https:\/\/www.e2.law\/fr\/#\/schema\/person\/9f822952177053b420c93ceda8001bcd","name":"e\u00b2.law","image":{"@type":"ImageObject","inLanguage":"fr-FR","@id":"https:\/\/secure.gravatar.com\/avatar\/?d=https:\/\/www.e2.law\/wp-content\/uploads\/2021\/01\/pixie_1609696175704-e1610820192173.png&amp;s=96","url":"https:\/\/secure.gravatar.com\/avatar\/?d=https:\/\/www.e2.law\/wp-content\/uploads\/2021\/01\/pixie_1609696175704-e1610820192173.png&amp;s=96","contentUrl":"https:\/\/secure.gravatar.com\/avatar\/?d=https:\/\/www.e2.law\/wp-content\/uploads\/2021\/01\/pixie_1609696175704-e1610820192173.png&amp;s=96","caption":"e\u00b2.law"},"sameAs":["http:\/\/www.e2.law","www.linkedin.com\\companyprofile\\e2.law"],"url":"https:\/\/www.e2.law\/fr\/author\/visitor\/"}]}},"jetpack_featured_media_url":"","jetpack_sharing_enabled":true,"_links":{"self":[{"href":"https:\/\/www.e2.law\/fr\/wp-json\/wp\/v2\/posts\/26542","targetHints":{"allow":["GET"]}}],"collection":[{"href":"https:\/\/www.e2.law\/fr\/wp-json\/wp\/v2\/posts"}],"about":[{"href":"https:\/\/www.e2.law\/fr\/wp-json\/wp\/v2\/types\/post"}],"author":[{"embeddable":true,"href":"https:\/\/www.e2.law\/fr\/wp-json\/wp\/v2\/users\/169"}],"replies":[{"embeddable":true,"href":"https:\/\/www.e2.law\/fr\/wp-json\/wp\/v2\/comments?post=26542"}],"version-history":[{"count":1,"href":"https:\/\/www.e2.law\/fr\/wp-json\/wp\/v2\/posts\/26542\/revisions"}],"predecessor-version":[{"id":44079,"href":"https:\/\/www.e2.law\/fr\/wp-json\/wp\/v2\/posts\/26542\/revisions\/44079"}],"wp:attachment":[{"href":"https:\/\/www.e2.law\/fr\/wp-json\/wp\/v2\/media?parent=26542"}],"wp:term":[{"taxonomy":"category","embeddable":true,"href":"https:\/\/www.e2.law\/fr\/wp-json\/wp\/v2\/categories?post=26542"},{"taxonomy":"post_tag","embeddable":true,"href":"https:\/\/www.e2.law\/fr\/wp-json\/wp\/v2\/tags?post=26542"}],"curies":[{"name":"wp","href":"https:\/\/api.w.org\/{rel}","templated":true}]}}