{"id":26906,"date":"2020-08-03T10:05:52","date_gmt":"2020-08-03T08:05:52","guid":{"rendered":"https:\/\/www.e2.law\/?p=26906"},"modified":"2023-08-16T23:09:34","modified_gmt":"2023-08-16T21:09:34","slug":"visualmapping-legaldesign","status":"publish","type":"post","link":"https:\/\/www.e2.law\/fr\/2020\/08\/03\/visualmapping-legaldesign\/","title":{"rendered":"La pens\u00e9e visuelle et les professions juridiques : illustrations issues de notre pratique"},"content":{"rendered":"<p><div class=\"fusion-fullwidth fullwidth-box fusion-builder-row-1 nonhundred-percent-fullwidth non-hundred-percent-height-scrolling\" style=\"--awb-border-radius-top-left:0px;--awb-border-radius-top-right:0px;--awb-border-radius-bottom-right:0px;--awb-border-radius-bottom-left:0px;--awb-flex-wrap:wrap;\" ><div class=\"fusion-builder-row fusion-row\"><div class=\"fusion-layout-column fusion_builder_column fusion-builder-column-0 fusion_builder_column_1_1 1_1 fusion-one-full fusion-column-first fusion-column-last\" style=\"--awb-bg-size:cover;--awb-margin-bottom:0px;\"><div class=\"fusion-column-wrapper fusion-flex-column-wrapper-legacy\"><div class=\"fusion-text fusion-text-1\" style=\"--awb-text-transform:none;\"><p>Propuls\u00e9 par la digitalisation et par l\u2019apparition de nouveaux m\u00e9dias et d\u2019outils graphiques facilement accessibles au profanes, l\u2019utilisation du visuel se r\u00e9pand dans le monde des affaires \u00e0 tous les niveaux.\u00a0 Il suffit de parcourir internet pour s\u2019en convaincre.<\/p>\n<p>Le monde juridique n\u2019\u00e9chappe pas \u00e0 la r\u00e8gle.<\/p>\n<p>Associ\u00e9 au courant du langage clair, le visuel permet offre un rapport original aux concepts et aux processus juridiques.\u00a0 Etant l\u2019occasion d\u2019un rapport plus simple et plus convivial, le visuel permet de faire perdre au droit un peu de son c\u00f4t\u00e9 r\u00e9barbatif.\u00a0 Dans une s\u00e9rie d\u2019applications, le visuel parvient par ailleurs de rendre compte d\u2019un grand degr\u00e9 de nuance, ce qui pr\u00e9serve le droit d\u2019une vulgarisation excessive.<\/p>\n<p>Notre cabinet s\u2019est investi dans ce courant et est en mesure de penser en image et de repr\u00e9senter graphiquement l\u2019information juridique.\u00a0 Ainsi, par exemple, tous les sch\u00e9ma et les picto figurant sur ce site internet ont \u00e9t\u00e9 r\u00e9alis\u00e9 en interne, soit par un(e) graphiste en relation avec des avocats, soit directement avec des avocats.<\/p>\n<p>Le visuel trouve un terrain\u00a0 d\u2019applications privil\u00e9gi\u00e9 dans le corporate housekeeping et la compliance.<\/p>\n<\/div><div class=\"fusion-text fusion-text-2\" style=\"--awb-text-transform:none;\"><h2>Voici quelques illustrations de l&#8217;utilisation de la pens\u00e9e visuelle dans notre pratique juridique.<\/h2>\n<p>Les bras du mindmap ci-dessous sont interactifs. Pour voir nos r\u00e9alisations, cliquer sur les extr\u00e9mit\u00e9s ou sur le centre.<\/p>\n<p>Le sch\u00e9ma ci-avant a \u00e9t\u00e9 effectu\u00e9 \u00e0 l&#8217;occasion d&#8217;une conf\u00e9rence donn\u00e9e par le cabinet lors d&#8217;un \u00e9venement organis\u00e9 par Wolters Kluwer.<\/p>\n<p>Pour d\u2019autres informations concernant <a href=\"https:\/\/www.e2.law\/fr\/fondamentaux\/#Empowerment\">notre d\u00e9marche<\/a>.<\/p>\n<\/div><div class=\"fusion-clearfix\"><\/div><\/div><\/div><\/div><\/div><div class=\"fusion-fullwidth fullwidth-box fusion-builder-row-2 nonhundred-percent-fullwidth non-hundred-percent-height-scrolling\" style=\"--awb-border-radius-top-left:0px;--awb-border-radius-top-right:0px;--awb-border-radius-bottom-right:0px;--awb-border-radius-bottom-left:0px;--awb-margin-top:150px;--awb-flex-wrap:wrap;\" ><div class=\"fusion-builder-row fusion-row\"><div class=\"fusion-layout-column fusion_builder_column fusion-builder-column-1 fusion_builder_column_1_1 1_1 fusion-one-full fusion-column-first fusion-column-last\" style=\"--awb-bg-size:cover;\"><div class=\"fusion-column-wrapper fusion-flex-column-wrapper-legacy\"><div class=\"fusion-clearfix\"><\/div><\/div><\/div><\/div><\/div><\/p>\n","protected":false},"excerpt":{"rendered":"","protected":false},"author":169,"featured_media":26903,"comment_status":"open","ping_status":"open","sticky":false,"template":"","format":"standard","meta":{"_acf_changed":false,"_jetpack_memberships_contains_paid_content":false,"footnotes":""},"categories":[141],"tags":[798,796],"class_list":["post-26906","post","type-post","status-publish","format-standard","has-post-thumbnail","hentry","category-non-classifiee","tag-news","tag-alerts"],"acf":[],"yoast_head":"<!-- This site is optimized with the Yoast SEO plugin v27.5 - https:\/\/yoast.com\/product\/yoast-seo-wordpress\/ -->\n<title>La pens\u00e9e visuelle et les professions juridiques : illustrations issues de notre pratique - e2.law<\/title>\n<meta name=\"description\" content=\"Les avocats d&#039;E2.law pratiquent le visual mapping dans leur pratique juridique en Belgique. En voici quelques illustrations.\" \/>\n<meta name=\"robots\" content=\"index, follow, max-snippet:-1, max-image-preview:large, max-video-preview:-1\" \/>\n<link rel=\"canonical\" href=\"https:\/\/www.e2.law\/fr\/2020\/08\/03\/visualmapping-legaldesign\/\" \/>\n<meta property=\"og:locale\" content=\"fr_FR\" \/>\n<meta property=\"og:type\" content=\"article\" \/>\n<meta property=\"og:title\" content=\"La pens\u00e9e visuelle et les professions juridiques : illustrations issues de notre pratique - e2.law\" \/>\n<meta property=\"og:description\" content=\"Les avocats d&#039;E2.law pratiquent le visual mapping dans leur pratique juridique en Belgique. En voici quelques illustrations.\" \/>\n<meta property=\"og:url\" content=\"https:\/\/www.e2.law\/fr\/2020\/08\/03\/visualmapping-legaldesign\/\" \/>\n<meta property=\"og:site_name\" content=\"e2.law\" \/>\n<meta property=\"article:published_time\" content=\"2020-08-03T08:05:52+00:00\" \/>\n<meta property=\"article:modified_time\" content=\"2023-08-16T21:09:34+00:00\" \/>\n<meta property=\"og:image\" content=\"https:\/\/www.e2.law\/wp-content\/uploads\/2020\/11\/visual-mapping-lawyers-scaled.jpg\" \/>\n\t<meta property=\"og:image:width\" content=\"2560\" \/>\n\t<meta property=\"og:image:height\" content=\"1919\" \/>\n\t<meta property=\"og:image:type\" content=\"image\/jpeg\" \/>\n<meta name=\"author\" content=\"e\u00b2.law\" \/>\n<meta name=\"twitter:card\" content=\"summary_large_image\" \/>\n<meta name=\"twitter:label1\" content=\"\u00c9crit par\" \/>\n\t<meta name=\"twitter:data1\" content=\"e\u00b2.law\" \/>\n\t<meta name=\"twitter:label2\" content=\"Dur\u00e9e de lecture estim\u00e9e\" \/>\n\t<meta name=\"twitter:data2\" content=\"3 minutes\" \/>\n<script type=\"application\/ld+json\" class=\"yoast-schema-graph\">{\"@context\":\"https:\\\/\\\/schema.org\",\"@graph\":[{\"@type\":\"Article\",\"@id\":\"https:\\\/\\\/www.e2.law\\\/fr\\\/2020\\\/08\\\/03\\\/visualmapping-legaldesign\\\/#article\",\"isPartOf\":{\"@id\":\"https:\\\/\\\/www.e2.law\\\/fr\\\/2020\\\/08\\\/03\\\/visualmapping-legaldesign\\\/\"},\"author\":{\"name\":\"e\u00b2.law\",\"@id\":\"https:\\\/\\\/www.e2.law\\\/fr\\\/#\\\/schema\\\/person\\\/9f822952177053b420c93ceda8001bcd\"},\"headline\":\"La pens\u00e9e visuelle et les professions juridiques : illustrations issues de notre pratique\",\"datePublished\":\"2020-08-03T08:05:52+00:00\",\"dateModified\":\"2023-08-16T21:09:34+00:00\",\"mainEntityOfPage\":{\"@id\":\"https:\\\/\\\/www.e2.law\\\/fr\\\/2020\\\/08\\\/03\\\/visualmapping-legaldesign\\\/\"},\"wordCount\":805,\"commentCount\":0,\"publisher\":{\"@id\":\"https:\\\/\\\/www.e2.law\\\/fr\\\/#organization\"},\"image\":{\"@id\":\"https:\\\/\\\/www.e2.law\\\/fr\\\/2020\\\/08\\\/03\\\/visualmapping-legaldesign\\\/#primaryimage\"},\"thumbnailUrl\":\"https:\\\/\\\/i0.wp.com\\\/www.e2.law\\\/wp-content\\\/uploads\\\/2020\\\/11\\\/visual-mapping-lawyers-scaled.jpg?fit=2560%2C1919&ssl=1\",\"keywords\":[\"News\",\"Alerts\"],\"articleSection\":[\"Non classifi\u00e9(e)\"],\"inLanguage\":\"fr-FR\",\"potentialAction\":[{\"@type\":\"CommentAction\",\"name\":\"Comment\",\"target\":[\"https:\\\/\\\/www.e2.law\\\/fr\\\/2020\\\/08\\\/03\\\/visualmapping-legaldesign\\\/#respond\"]}]},{\"@type\":\"WebPage\",\"@id\":\"https:\\\/\\\/www.e2.law\\\/fr\\\/2020\\\/08\\\/03\\\/visualmapping-legaldesign\\\/\",\"url\":\"https:\\\/\\\/www.e2.law\\\/fr\\\/2020\\\/08\\\/03\\\/visualmapping-legaldesign\\\/\",\"name\":\"La pens\u00e9e visuelle et les professions juridiques : illustrations issues de notre pratique - e2.law\",\"isPartOf\":{\"@id\":\"https:\\\/\\\/www.e2.law\\\/fr\\\/#website\"},\"primaryImageOfPage\":{\"@id\":\"https:\\\/\\\/www.e2.law\\\/fr\\\/2020\\\/08\\\/03\\\/visualmapping-legaldesign\\\/#primaryimage\"},\"image\":{\"@id\":\"https:\\\/\\\/www.e2.law\\\/fr\\\/2020\\\/08\\\/03\\\/visualmapping-legaldesign\\\/#primaryimage\"},\"thumbnailUrl\":\"https:\\\/\\\/i0.wp.com\\\/www.e2.law\\\/wp-content\\\/uploads\\\/2020\\\/11\\\/visual-mapping-lawyers-scaled.jpg?fit=2560%2C1919&ssl=1\",\"datePublished\":\"2020-08-03T08:05:52+00:00\",\"dateModified\":\"2023-08-16T21:09:34+00:00\",\"description\":\"Les avocats d'E2.law pratiquent le visual mapping dans leur pratique juridique en Belgique. En voici quelques illustrations.\",\"breadcrumb\":{\"@id\":\"https:\\\/\\\/www.e2.law\\\/fr\\\/2020\\\/08\\\/03\\\/visualmapping-legaldesign\\\/#breadcrumb\"},\"inLanguage\":\"fr-FR\",\"potentialAction\":[{\"@type\":\"ReadAction\",\"target\":[\"https:\\\/\\\/www.e2.law\\\/fr\\\/2020\\\/08\\\/03\\\/visualmapping-legaldesign\\\/\"]}]},{\"@type\":\"ImageObject\",\"inLanguage\":\"fr-FR\",\"@id\":\"https:\\\/\\\/www.e2.law\\\/fr\\\/2020\\\/08\\\/03\\\/visualmapping-legaldesign\\\/#primaryimage\",\"url\":\"https:\\\/\\\/i0.wp.com\\\/www.e2.law\\\/wp-content\\\/uploads\\\/2020\\\/11\\\/visual-mapping-lawyers-scaled.jpg?fit=2560%2C1919&ssl=1\",\"contentUrl\":\"https:\\\/\\\/i0.wp.com\\\/www.e2.law\\\/wp-content\\\/uploads\\\/2020\\\/11\\\/visual-mapping-lawyers-scaled.jpg?fit=2560%2C1919&ssl=1\",\"width\":2560,\"height\":1919},{\"@type\":\"BreadcrumbList\",\"@id\":\"https:\\\/\\\/www.e2.law\\\/fr\\\/2020\\\/08\\\/03\\\/visualmapping-legaldesign\\\/#breadcrumb\",\"itemListElement\":[{\"@type\":\"ListItem\",\"position\":1,\"name\":\"Home\",\"item\":\"https:\\\/\\\/www.e2.law\\\/fr\\\/home\\\/\"},{\"@type\":\"ListItem\",\"position\":2,\"name\":\"La pens\u00e9e visuelle et les professions juridiques : illustrations issues de notre pratique\"}]},{\"@type\":\"WebSite\",\"@id\":\"https:\\\/\\\/www.e2.law\\\/fr\\\/#website\",\"url\":\"https:\\\/\\\/www.e2.law\\\/fr\\\/\",\"name\":\"e2.law\",\"description\":\"A Business Law Firm\",\"publisher\":{\"@id\":\"https:\\\/\\\/www.e2.law\\\/fr\\\/#organization\"},\"potentialAction\":[{\"@type\":\"SearchAction\",\"target\":{\"@type\":\"EntryPoint\",\"urlTemplate\":\"https:\\\/\\\/www.e2.law\\\/fr\\\/?s={search_term_string}\"},\"query-input\":{\"@type\":\"PropertyValueSpecification\",\"valueRequired\":true,\"valueName\":\"search_term_string\"}}],\"inLanguage\":\"fr-FR\"},{\"@type\":\"Organization\",\"@id\":\"https:\\\/\\\/www.e2.law\\\/fr\\\/#organization\",\"name\":\"E2.law\",\"url\":\"https:\\\/\\\/www.e2.law\\\/fr\\\/\",\"logo\":{\"@type\":\"ImageObject\",\"inLanguage\":\"fr-FR\",\"@id\":\"https:\\\/\\\/www.e2.law\\\/fr\\\/#\\\/schema\\\/logo\\\/image\\\/\",\"url\":\"https:\\\/\\\/www.e2.law\\\/wp-content\\\/uploads\\\/2018\\\/12\\\/logo-2.png\",\"contentUrl\":\"https:\\\/\\\/www.e2.law\\\/wp-content\\\/uploads\\\/2018\\\/12\\\/logo-2.png\",\"width\":152,\"height\":40,\"caption\":\"E2.law\"},\"image\":{\"@id\":\"https:\\\/\\\/www.e2.law\\\/fr\\\/#\\\/schema\\\/logo\\\/image\\\/\"},\"sameAs\":[\"https:\\\/\\\/www.linkedin.com\\\/company\\\/e2.law\"]},{\"@type\":\"Person\",\"@id\":\"https:\\\/\\\/www.e2.law\\\/fr\\\/#\\\/schema\\\/person\\\/9f822952177053b420c93ceda8001bcd\",\"name\":\"e\u00b2.law\",\"image\":{\"@type\":\"ImageObject\",\"inLanguage\":\"fr-FR\",\"@id\":\"https:\\\/\\\/secure.gravatar.com\\\/avatar\\\/?d=https:\\\/\\\/www.e2.law\\\/wp-content\\\/uploads\\\/2021\\\/01\\\/pixie_1609696175704-e1610820192173.png&amp;s=96\",\"url\":\"https:\\\/\\\/secure.gravatar.com\\\/avatar\\\/?d=https:\\\/\\\/www.e2.law\\\/wp-content\\\/uploads\\\/2021\\\/01\\\/pixie_1609696175704-e1610820192173.png&amp;s=96\",\"contentUrl\":\"https:\\\/\\\/secure.gravatar.com\\\/avatar\\\/?d=https:\\\/\\\/www.e2.law\\\/wp-content\\\/uploads\\\/2021\\\/01\\\/pixie_1609696175704-e1610820192173.png&amp;s=96\",\"caption\":\"e\u00b2.law\"},\"sameAs\":[\"http:\\\/\\\/www.e2.law\",\"www.linkedin.com\\\\companyprofile\\\\e2.law\"],\"url\":\"https:\\\/\\\/www.e2.law\\\/fr\\\/author\\\/visitor\\\/\"}]}<\/script>\n<!-- \/ Yoast SEO plugin. -->","yoast_head_json":{"title":"La pens\u00e9e visuelle et les professions juridiques : illustrations issues de notre pratique - e2.law","description":"Les avocats d'E2.law pratiquent le visual mapping dans leur pratique juridique en Belgique. En voici quelques illustrations.","robots":{"index":"index","follow":"follow","max-snippet":"max-snippet:-1","max-image-preview":"max-image-preview:large","max-video-preview":"max-video-preview:-1"},"canonical":"https:\/\/www.e2.law\/fr\/2020\/08\/03\/visualmapping-legaldesign\/","og_locale":"fr_FR","og_type":"article","og_title":"La pens\u00e9e visuelle et les professions juridiques : illustrations issues de notre pratique - e2.law","og_description":"Les avocats d'E2.law pratiquent le visual mapping dans leur pratique juridique en Belgique. En voici quelques illustrations.","og_url":"https:\/\/www.e2.law\/fr\/2020\/08\/03\/visualmapping-legaldesign\/","og_site_name":"e2.law","article_published_time":"2020-08-03T08:05:52+00:00","article_modified_time":"2023-08-16T21:09:34+00:00","og_image":[{"width":2560,"height":1919,"url":"https:\/\/www.e2.law\/wp-content\/uploads\/2020\/11\/visual-mapping-lawyers-scaled.jpg","type":"image\/jpeg"}],"author":"e\u00b2.law","twitter_card":"summary_large_image","twitter_misc":{"\u00c9crit par":"e\u00b2.law","Dur\u00e9e de lecture estim\u00e9e":"3 minutes"},"schema":{"@context":"https:\/\/schema.org","@graph":[{"@type":"Article","@id":"https:\/\/www.e2.law\/fr\/2020\/08\/03\/visualmapping-legaldesign\/#article","isPartOf":{"@id":"https:\/\/www.e2.law\/fr\/2020\/08\/03\/visualmapping-legaldesign\/"},"author":{"name":"e\u00b2.law","@id":"https:\/\/www.e2.law\/fr\/#\/schema\/person\/9f822952177053b420c93ceda8001bcd"},"headline":"La pens\u00e9e visuelle et les professions juridiques : illustrations issues de notre pratique","datePublished":"2020-08-03T08:05:52+00:00","dateModified":"2023-08-16T21:09:34+00:00","mainEntityOfPage":{"@id":"https:\/\/www.e2.law\/fr\/2020\/08\/03\/visualmapping-legaldesign\/"},"wordCount":805,"commentCount":0,"publisher":{"@id":"https:\/\/www.e2.law\/fr\/#organization"},"image":{"@id":"https:\/\/www.e2.law\/fr\/2020\/08\/03\/visualmapping-legaldesign\/#primaryimage"},"thumbnailUrl":"https:\/\/i0.wp.com\/www.e2.law\/wp-content\/uploads\/2020\/11\/visual-mapping-lawyers-scaled.jpg?fit=2560%2C1919&ssl=1","keywords":["News","Alerts"],"articleSection":["Non classifi\u00e9(e)"],"inLanguage":"fr-FR","potentialAction":[{"@type":"CommentAction","name":"Comment","target":["https:\/\/www.e2.law\/fr\/2020\/08\/03\/visualmapping-legaldesign\/#respond"]}]},{"@type":"WebPage","@id":"https:\/\/www.e2.law\/fr\/2020\/08\/03\/visualmapping-legaldesign\/","url":"https:\/\/www.e2.law\/fr\/2020\/08\/03\/visualmapping-legaldesign\/","name":"La pens\u00e9e visuelle et les professions juridiques : illustrations issues de notre pratique - e2.law","isPartOf":{"@id":"https:\/\/www.e2.law\/fr\/#website"},"primaryImageOfPage":{"@id":"https:\/\/www.e2.law\/fr\/2020\/08\/03\/visualmapping-legaldesign\/#primaryimage"},"image":{"@id":"https:\/\/www.e2.law\/fr\/2020\/08\/03\/visualmapping-legaldesign\/#primaryimage"},"thumbnailUrl":"https:\/\/i0.wp.com\/www.e2.law\/wp-content\/uploads\/2020\/11\/visual-mapping-lawyers-scaled.jpg?fit=2560%2C1919&ssl=1","datePublished":"2020-08-03T08:05:52+00:00","dateModified":"2023-08-16T21:09:34+00:00","description":"Les avocats d'E2.law pratiquent le visual mapping dans leur pratique juridique en Belgique. En voici quelques illustrations.","breadcrumb":{"@id":"https:\/\/www.e2.law\/fr\/2020\/08\/03\/visualmapping-legaldesign\/#breadcrumb"},"inLanguage":"fr-FR","potentialAction":[{"@type":"ReadAction","target":["https:\/\/www.e2.law\/fr\/2020\/08\/03\/visualmapping-legaldesign\/"]}]},{"@type":"ImageObject","inLanguage":"fr-FR","@id":"https:\/\/www.e2.law\/fr\/2020\/08\/03\/visualmapping-legaldesign\/#primaryimage","url":"https:\/\/i0.wp.com\/www.e2.law\/wp-content\/uploads\/2020\/11\/visual-mapping-lawyers-scaled.jpg?fit=2560%2C1919&ssl=1","contentUrl":"https:\/\/i0.wp.com\/www.e2.law\/wp-content\/uploads\/2020\/11\/visual-mapping-lawyers-scaled.jpg?fit=2560%2C1919&ssl=1","width":2560,"height":1919},{"@type":"BreadcrumbList","@id":"https:\/\/www.e2.law\/fr\/2020\/08\/03\/visualmapping-legaldesign\/#breadcrumb","itemListElement":[{"@type":"ListItem","position":1,"name":"Home","item":"https:\/\/www.e2.law\/fr\/home\/"},{"@type":"ListItem","position":2,"name":"La pens\u00e9e visuelle et les professions juridiques : illustrations issues de notre pratique"}]},{"@type":"WebSite","@id":"https:\/\/www.e2.law\/fr\/#website","url":"https:\/\/www.e2.law\/fr\/","name":"e2.law","description":"A Business Law Firm","publisher":{"@id":"https:\/\/www.e2.law\/fr\/#organization"},"potentialAction":[{"@type":"SearchAction","target":{"@type":"EntryPoint","urlTemplate":"https:\/\/www.e2.law\/fr\/?s={search_term_string}"},"query-input":{"@type":"PropertyValueSpecification","valueRequired":true,"valueName":"search_term_string"}}],"inLanguage":"fr-FR"},{"@type":"Organization","@id":"https:\/\/www.e2.law\/fr\/#organization","name":"E2.law","url":"https:\/\/www.e2.law\/fr\/","logo":{"@type":"ImageObject","inLanguage":"fr-FR","@id":"https:\/\/www.e2.law\/fr\/#\/schema\/logo\/image\/","url":"https:\/\/www.e2.law\/wp-content\/uploads\/2018\/12\/logo-2.png","contentUrl":"https:\/\/www.e2.law\/wp-content\/uploads\/2018\/12\/logo-2.png","width":152,"height":40,"caption":"E2.law"},"image":{"@id":"https:\/\/www.e2.law\/fr\/#\/schema\/logo\/image\/"},"sameAs":["https:\/\/www.linkedin.com\/company\/e2.law"]},{"@type":"Person","@id":"https:\/\/www.e2.law\/fr\/#\/schema\/person\/9f822952177053b420c93ceda8001bcd","name":"e\u00b2.law","image":{"@type":"ImageObject","inLanguage":"fr-FR","@id":"https:\/\/secure.gravatar.com\/avatar\/?d=https:\/\/www.e2.law\/wp-content\/uploads\/2021\/01\/pixie_1609696175704-e1610820192173.png&amp;s=96","url":"https:\/\/secure.gravatar.com\/avatar\/?d=https:\/\/www.e2.law\/wp-content\/uploads\/2021\/01\/pixie_1609696175704-e1610820192173.png&amp;s=96","contentUrl":"https:\/\/secure.gravatar.com\/avatar\/?d=https:\/\/www.e2.law\/wp-content\/uploads\/2021\/01\/pixie_1609696175704-e1610820192173.png&amp;s=96","caption":"e\u00b2.law"},"sameAs":["http:\/\/www.e2.law","www.linkedin.com\\companyprofile\\e2.law"],"url":"https:\/\/www.e2.law\/fr\/author\/visitor\/"}]}},"jetpack_featured_media_url":"https:\/\/i0.wp.com\/www.e2.law\/wp-content\/uploads\/2020\/11\/visual-mapping-lawyers-scaled.jpg?fit=2560%2C1919&ssl=1","jetpack_sharing_enabled":true,"_links":{"self":[{"href":"https:\/\/www.e2.law\/fr\/wp-json\/wp\/v2\/posts\/26906","targetHints":{"allow":["GET"]}}],"collection":[{"href":"https:\/\/www.e2.law\/fr\/wp-json\/wp\/v2\/posts"}],"about":[{"href":"https:\/\/www.e2.law\/fr\/wp-json\/wp\/v2\/types\/post"}],"author":[{"embeddable":true,"href":"https:\/\/www.e2.law\/fr\/wp-json\/wp\/v2\/users\/169"}],"replies":[{"embeddable":true,"href":"https:\/\/www.e2.law\/fr\/wp-json\/wp\/v2\/comments?post=26906"}],"version-history":[{"count":3,"href":"https:\/\/www.e2.law\/fr\/wp-json\/wp\/v2\/posts\/26906\/revisions"}],"predecessor-version":[{"id":33024,"href":"https:\/\/www.e2.law\/fr\/wp-json\/wp\/v2\/posts\/26906\/revisions\/33024"}],"wp:featuredmedia":[{"embeddable":true,"href":"https:\/\/www.e2.law\/fr\/wp-json\/wp\/v2\/media\/26903"}],"wp:attachment":[{"href":"https:\/\/www.e2.law\/fr\/wp-json\/wp\/v2\/media?parent=26906"}],"wp:term":[{"taxonomy":"category","embeddable":true,"href":"https:\/\/www.e2.law\/fr\/wp-json\/wp\/v2\/categories?post=26906"},{"taxonomy":"post_tag","embeddable":true,"href":"https:\/\/www.e2.law\/fr\/wp-json\/wp\/v2\/tags?post=26906"}],"curies":[{"name":"wp","href":"https:\/\/api.w.org\/{rel}","templated":true}]}}