{"id":27735,"date":"2020-12-17T00:03:35","date_gmt":"2020-12-16T22:03:35","guid":{"rendered":"https:\/\/www.e2.law\/?p=27735"},"modified":"2024-05-16T09:53:21","modified_gmt":"2024-05-16T07:53:21","slug":"le-droit-de-retractation","status":"publish","type":"post","link":"https:\/\/www.e2.law\/fr\/2020\/12\/17\/le-droit-de-retractation\/","title":{"rendered":"Le droit de r\u00e9tractation"},"content":{"rendered":"<div class=\"fusion-fullwidth fullwidth-box fusion-builder-row-1 fusion-flex-container nonhundred-percent-fullwidth non-hundred-percent-height-scrolling\" style=\"--awb-border-radius-top-left:0px;--awb-border-radius-top-right:0px;--awb-border-radius-bottom-right:0px;--awb-border-radius-bottom-left:0px;--awb-flex-wrap:wrap;\" ><div class=\"fusion-builder-row fusion-row fusion-flex-align-items-flex-start fusion-flex-content-wrap\" style=\"max-width:1144px;margin-left: calc(-4% \/ 2 );margin-right: calc(-4% \/ 2 );\"><div class=\"fusion-layout-column fusion_builder_column fusion-builder-column-0 fusion_builder_column_1_1 1_1 fusion-flex-column\" style=\"--awb-bg-size:cover;--awb-width-large:100%;--awb-margin-top-large:0px;--awb-spacing-right-large:1.92%;--awb-margin-bottom-large:0px;--awb-spacing-left-large:1.92%;--awb-width-medium:100%;--awb-spacing-right-medium:1.92%;--awb-spacing-left-medium:1.92%;--awb-width-small:100%;--awb-spacing-right-small:1.92%;--awb-spacing-left-small:1.92%;\"><div class=\"fusion-column-wrapper fusion-flex-justify-content-flex-start fusion-content-layout-column\"><div class=\"fusion-text fusion-text-1\"><p>Un consommateur qui a conclu un contrat \u00e0 distance ou hors \u00e9tablissement, sur un e-shop par exemple, dispose d\u2019un d\u00e9lai de r\u00e9tractation qui lui permet de changer d\u2019avis et de se r\u00e9tracter de ce contrat sans devoir justifier son choix.<\/p>\n<p>Cette facult\u00e9 est pr\u00e9vue par la loi, les e-shops ne peuvent donc pas y \u00e9chapper. Vous trouverez dans cette note les principales informations concernant ce droit de r\u00e9tractation et les obligations auxquelles vous \u00eates soumis en tant que vendeur en ligne.<\/p>\n<p><img data-recalc-dims=\"1\" decoding=\"async\" class=\"lazyload alignnone size-full wp-image-29904\" src=\"https:\/\/i0.wp.com\/www.e2.law\/wp-content\/uploads\/2020\/12\/CCEFE841-4FE8-4C62-92CF-9295BF2ABF01.png?resize=1100%2C825&#038;ssl=1\" data-orig-src=\"https:\/\/www.e2.law\/wp-content\/uploads\/2020\/12\/CCEFE841-4FE8-4C62-92CF-9295BF2ABF01.png\" alt=\"\" width=\"1100\" height=\"825\" srcset=\"data:image\/svg+xml,%3Csvg%20xmlns%3D%27http%3A%2F%2Fwww.w3.org%2F2000%2Fsvg%27%20width%3D%272732%27%20height%3D%272048%27%20viewBox%3D%270%200%202732%202048%27%3E%3Crect%20width%3D%272732%27%20height%3D%272048%27%20fill-opacity%3D%220%22%2F%3E%3C%2Fsvg%3E\" data-srcset=\"https:\/\/i0.wp.com\/www.e2.law\/wp-content\/uploads\/2020\/12\/CCEFE841-4FE8-4C62-92CF-9295BF2ABF01.png?resize=200%2C150&amp;ssl=1 200w, https:\/\/i0.wp.com\/www.e2.law\/wp-content\/uploads\/2020\/12\/CCEFE841-4FE8-4C62-92CF-9295BF2ABF01.png?resize=300%2C225&amp;ssl=1 300w, https:\/\/i0.wp.com\/www.e2.law\/wp-content\/uploads\/2020\/12\/CCEFE841-4FE8-4C62-92CF-9295BF2ABF01.png?resize=400%2C300&amp;ssl=1 400w, https:\/\/i0.wp.com\/www.e2.law\/wp-content\/uploads\/2020\/12\/CCEFE841-4FE8-4C62-92CF-9295BF2ABF01.png?resize=500%2C375&amp;ssl=1 500w, https:\/\/i0.wp.com\/www.e2.law\/wp-content\/uploads\/2020\/12\/CCEFE841-4FE8-4C62-92CF-9295BF2ABF01.png?resize=600%2C450&amp;ssl=1 600w, https:\/\/i0.wp.com\/www.e2.law\/wp-content\/uploads\/2020\/12\/CCEFE841-4FE8-4C62-92CF-9295BF2ABF01.png?resize=700%2C525&amp;ssl=1 700w, https:\/\/i0.wp.com\/www.e2.law\/wp-content\/uploads\/2020\/12\/CCEFE841-4FE8-4C62-92CF-9295BF2ABF01.png?resize=768%2C576&amp;ssl=1 768w, https:\/\/i0.wp.com\/www.e2.law\/wp-content\/uploads\/2020\/12\/CCEFE841-4FE8-4C62-92CF-9295BF2ABF01.png?resize=800%2C600&amp;ssl=1 800w, https:\/\/i0.wp.com\/www.e2.law\/wp-content\/uploads\/2020\/12\/CCEFE841-4FE8-4C62-92CF-9295BF2ABF01.png?resize=1024%2C768&amp;ssl=1 1024w, https:\/\/i0.wp.com\/www.e2.law\/wp-content\/uploads\/2020\/12\/CCEFE841-4FE8-4C62-92CF-9295BF2ABF01.png?resize=1200%2C900&amp;ssl=1 1200w, https:\/\/i0.wp.com\/www.e2.law\/wp-content\/uploads\/2020\/12\/CCEFE841-4FE8-4C62-92CF-9295BF2ABF01.png?resize=1536%2C1151&amp;ssl=1 1536w, https:\/\/i0.wp.com\/www.e2.law\/wp-content\/uploads\/2020\/12\/CCEFE841-4FE8-4C62-92CF-9295BF2ABF01.png?w=2200&amp;ssl=1 2200w, https:\/\/i0.wp.com\/www.e2.law\/wp-content\/uploads\/2020\/12\/CCEFE841-4FE8-4C62-92CF-9295BF2ABF01.png?w=2732&amp;ssl=1 2732w\" data-sizes=\"auto\" data-orig-sizes=\"(max-width: 1100px) 100vw, 1100px\" \/><\/p>\n<h1>1.\u00a0\u00a0 Informations \u00e0 fournir aux consommateurs<\/h1>\n<p>Le consommateur doit conna\u00eetre l\u2019existence (ou l\u2019absence, dans les cas pr\u00e9vus par la loi) de son droit de r\u00e9tractation et de la mani\u00e8re dont il peut l\u2019exercer.<\/p>\n<p><strong>Il est tr\u00e8s important de respecter ces exigences. Si le consommateur n\u2019est pas correctement inform\u00e9 de l\u2019existence d\u2019un droit de r\u00e9tractation, ce d\u00e9lai de r\u00e9tractation sera rallong\u00e9 de 12 mois \u00e0 compter de la fin du d\u00e9lai initial de 14 jours. Si vous communiquez au consommateur les informations utiles dans ce d\u00e9lai de 12 mois, alors le d\u00e9lai de r\u00e9tractation expirera au terme d\u2019une p\u00e9riode de 14 jours \u00e0 compter du jour o\u00f9 le consommateur a re\u00e7u ces informations.<\/strong><\/p>\n<p>Pour plus d\u2019informations sur les informations obligatoires \u00e0 mentionner sur votre e-shop, <a href=\"https:\/\/www.e2.law\/fr\/2020\/11\/13\/que-faut-il-savoir-ou-faire-lorsque-lon-lance-un-e-shop\/\">cliquez ici<\/a>.<\/p>\n<h1>2.\u00a0\u00a0 L\u2019exercice du droit de r\u00e9tractation par le consommateur<\/h1>\n<h2>2.1. Comment doit-il exercer son droit\u00a0?<\/h2>\n<p>Le consommateur devra vous informer de son souhait avant l\u2019expiration du d\u00e9lai. Il doit le faire sans ambigu\u00eft\u00e9, par le moyen de son choix\u00a0: lettre, appel t\u00e9l\u00e9phonique ou renvoi du bien avec d\u00e9claration explicite.<\/p>\n<p>Vous pouvez \u00e9galement mettre \u00e0 disposition des consommateurs un formulaire \u00e0 remplir en ligne. Dans ce cas, vous devrez faire parvenir un accus\u00e9 de r\u00e9ception sur un support durable, par email par exemple.<\/p>\n<h2>2.2. Dans quel d\u00e9lai\u00a0?<\/h2>\n<p>Le consommateur peut faire usage de son droit de r\u00e9tractation pendant 14 jours calendrier.<\/p>\n<p>S\u2019il s\u2019agit d\u2019un contrat de service, le service peut \u00eatre prest\u00e9 avant la fin du d\u00e9lai de r\u00e9tractation mais il faut alors le consentement expr\u00e8s du consommateur. Le consommateur ne perd pas son droit de r\u00e9tractation mais pourrait \u00eatre tenu de payer le montant proportionnel au service d\u00e9j\u00e0 fourni.<\/p>\n<h2>2.3. Quand commence ce d\u00e9lai\u00a0?<\/h2>\n<p>Si le contrat est un contrat de livraison de bien, le d\u00e9lai commence le jour o\u00f9 le consommateur, ou une autre personne d\u00e9sign\u00e9e par lui, prend possession physiquement du bien.<\/p>\n<p>Si le contrat est un contrat de prestation de service, c\u2019est le jour de la conclusion du contrat qui compte.<\/p>\n<h2>2.4. Tous les biens et services sont-ils concern\u00e9s\u00a0?<\/h2>\n<p>Non. Le Code de droit \u00e9conomique contient une liste de 14 contrats qui sont exclus du b\u00e9n\u00e9fice du droit de r\u00e9tractation. Cela concerne notamment les services d\u00e9j\u00e0 ex\u00e9cut\u00e9s, les biens personnalis\u00e9s, les biens qui se p\u00e9riment rapidement ou le contenu num\u00e9rique non fourni sur un support num\u00e9rique.<\/p>\n<p>La liste compl\u00e8te se trouve <a href=\"http:\/\/www.ejustice.just.fgov.be\/cgi_loi\/loi_a1.pl?imgcn.x=23&amp;imgcn.y=8&amp;DETAIL=2013022819%2FF&amp;caller=list&amp;row_id=1&amp;numero=1&amp;rech=1&amp;cn=2013022819&amp;table_name=LOI&amp;nm=2013A11134&amp;la=F&amp;chercher=t&amp;dt=CODE+DE+DROIT+ECONOMIQUE&amp;language=fr&amp;fr=f&amp;choix1=ET&amp;choix2=ET&amp;fromtab=loi_all&amp;sql=dt+contains++%27CODE%27%2526+%27DE%27%2526+%27DROIT%27%2526+%27ECONOMIQUE%27and+actif+%3D+%27Y%27&amp;tri=dd+AS+RANK+&amp;trier=promulgation#Art.VI.53\">ici<\/a>.<\/p>\n<h1>3.\u00a0\u00a0 Le remboursement<\/h1>\n<h2>3.1. Que dois-je rembourser\u00a0?<\/h2>\n<p>Si le consommateur fait correctement usage de son droit de r\u00e9tractation, vous devrez lui rembourser les paiements que vous avez re\u00e7u, en ce compris les frais de livraison standard.<\/p>\n<h2>3.2. Dans quel d\u00e9lai\u00a0?<\/h2>\n<p>Le remboursement doit se faire sans retard excessif et au plus tard dans les 14 jours suivant celui o\u00f9 vous avez \u00e9t\u00e9 inform\u00e9 de la d\u00e9cision du consommateur.<\/p>\n<h2>3.3. Renvoi du bien achet\u00e9<\/h2>\n<p>Dans le cadre d\u2019un contrat de vente, vous pouvez diff\u00e9rer le remboursement soit jusqu\u2019\u00e0 r\u00e9cup\u00e9ration du bien, soit jusqu\u2019\u00e0 ce que le consommateur vous ait fourni la preuve d\u2019exp\u00e9dition du bien, la date retenue \u00e9tant celle du premier de ces faits.<\/p>\n<p>Le consommateur doit vous renvoyer le bien sans retard excessif et au plus tard dans les quatorze jours qui suivent sa d\u00e9cision de se r\u00e9tracter.<\/p>\n<p>Pour pouvoir se r\u00e9tracter, le consommateur ne doit avoir utilis\u00e9 le bien que pour en \u00e9tablir la nature, les caract\u00e9ristiques et le bon fonctionnement. Au-del\u00e0, le consommateur devra compenser la d\u00e9pr\u00e9ciation du bien et la diminution de valeur subie par le bien en cons\u00e9quence.<\/p>\n<h2>3.4. Comment dois-je rembourser\u00a0?<\/h2>\n<p>En principe, vous devez rembourser le consommateur en utilisant le m\u00eame moyen de paiement que celui qu\u2019il a utilis\u00e9.<\/p>\n<h1>4.\u00a0\u00a0 O\u00f9 est-ce que je peux trouver ces r\u00e8gles\u00a0?<\/h1>\n<p>Le droit de r\u00e9tractation est r\u00e9gi par les articles VI.47 \u00e0 VI.53 du Code de droit \u00e9conomique. Vous pouvez les retrouver <a href=\"http:\/\/www.ejustice.just.fgov.be\/cgi_loi\/loi_a1.pl?imgcn.x=23&amp;imgcn.y=8&amp;DETAIL=2013022819%2FF&amp;caller=list&amp;row_id=1&amp;numero=1&amp;rech=1&amp;cn=2013022819&amp;table_name=LOI&amp;nm=2013A11134&amp;la=F&amp;chercher=t&amp;dt=CODE+DE+DROIT+ECONOMIQUE&amp;language=fr&amp;fr=f&amp;choix1=ET&amp;choix2=ET&amp;fromtab=loi_all&amp;sql=dt+contains++%27CODE%27%2526+%27DE%27%2526+%27DROIT%27%2526+%27ECONOMIQUE%27and+actif+%3D+%27Y%27&amp;tri=dd+AS+RANK+&amp;trier=promulgation#Art.VI.47\">ici<\/a>.<\/p>\n<pre data-initialized=\"true\" data-gclp-id=\"4\"><div class=\"rcp_restricted\"><\/div><\/pre>\n<h1><\/h1>\n<\/div><\/div><\/div><\/div><\/div>\n","protected":false},"excerpt":{"rendered":"","protected":false},"author":169,"featured_media":43879,"comment_status":"open","ping_status":"open","sticky":false,"template":"","format":"standard","meta":{"_acf_changed":false,"_jetpack_memberships_contains_paid_content":false,"footnotes":""},"categories":[141],"tags":[719,885],"class_list":["post-27735","post","type-post","status-publish","format-standard","has-post-thumbnail","hentry","category-non-classifiee","tag-e-shop","tag-consommateurs"],"acf":[],"yoast_head":"<!-- This site is optimized with the Yoast SEO plugin v27.5 - https:\/\/yoast.com\/product\/yoast-seo-wordpress\/ -->\n<title>Le droit de r\u00e9tractation - e2.law<\/title>\n<meta name=\"description\" content=\"Un consommateur qui a conclu un contrat \u00e0 distance ou hors \u00e9tablissement, sur un e-shop par exemple, dispose d\u2019un d\u00e9lai de r\u00e9tractation qui lui permet de changer d\u2019avis et de se r\u00e9tracter de ce contrat sans devoir justifier son choix.\" \/>\n<meta name=\"robots\" content=\"index, follow, max-snippet:-1, max-image-preview:large, max-video-preview:-1\" \/>\n<link rel=\"canonical\" href=\"https:\/\/www.e2.law\/fr\/2020\/12\/17\/le-droit-de-retractation\/\" \/>\n<meta property=\"og:locale\" content=\"fr_FR\" \/>\n<meta property=\"og:type\" content=\"article\" \/>\n<meta property=\"og:title\" content=\"Le droit de r\u00e9tractation - e2.law\" \/>\n<meta property=\"og:description\" content=\"Un consommateur qui a conclu un contrat \u00e0 distance ou hors \u00e9tablissement, sur un e-shop par exemple, dispose d\u2019un d\u00e9lai de r\u00e9tractation qui lui permet de changer d\u2019avis et de se r\u00e9tracter de ce contrat sans devoir justifier son choix.\" \/>\n<meta property=\"og:url\" content=\"https:\/\/www.e2.law\/fr\/2020\/12\/17\/le-droit-de-retractation\/\" \/>\n<meta property=\"og:site_name\" content=\"e2.law\" \/>\n<meta property=\"article:published_time\" content=\"2020-12-16T22:03:35+00:00\" \/>\n<meta property=\"article:modified_time\" content=\"2024-05-16T07:53:21+00:00\" \/>\n<meta property=\"og:image\" content=\"https:\/\/www.e2.law\/wp-content\/uploads\/2020\/12\/Re\u0301tractation-2.png\" \/>\n\t<meta property=\"og:image:width\" content=\"800\" \/>\n\t<meta property=\"og:image:height\" content=\"800\" \/>\n\t<meta property=\"og:image:type\" content=\"image\/png\" \/>\n<meta name=\"author\" content=\"e\u00b2.law\" \/>\n<meta name=\"twitter:card\" content=\"summary_large_image\" \/>\n<meta name=\"twitter:label1\" content=\"\u00c9crit par\" \/>\n\t<meta name=\"twitter:data1\" content=\"e\u00b2.law\" \/>\n\t<meta name=\"twitter:label2\" content=\"Dur\u00e9e de lecture estim\u00e9e\" \/>\n\t<meta name=\"twitter:data2\" content=\"5 minutes\" \/>\n<script type=\"application\/ld+json\" class=\"yoast-schema-graph\">{\"@context\":\"https:\\\/\\\/schema.org\",\"@graph\":[{\"@type\":\"Article\",\"@id\":\"https:\\\/\\\/www.e2.law\\\/fr\\\/2020\\\/12\\\/17\\\/le-droit-de-retractation\\\/#article\",\"isPartOf\":{\"@id\":\"https:\\\/\\\/www.e2.law\\\/fr\\\/2020\\\/12\\\/17\\\/le-droit-de-retractation\\\/\"},\"author\":{\"name\":\"e\u00b2.law\",\"@id\":\"https:\\\/\\\/www.e2.law\\\/fr\\\/#\\\/schema\\\/person\\\/9f822952177053b420c93ceda8001bcd\"},\"headline\":\"Le droit de r\u00e9tractation\",\"datePublished\":\"2020-12-16T22:03:35+00:00\",\"dateModified\":\"2024-05-16T07:53:21+00:00\",\"mainEntityOfPage\":{\"@id\":\"https:\\\/\\\/www.e2.law\\\/fr\\\/2020\\\/12\\\/17\\\/le-droit-de-retractation\\\/\"},\"wordCount\":994,\"commentCount\":0,\"publisher\":{\"@id\":\"https:\\\/\\\/www.e2.law\\\/fr\\\/#organization\"},\"image\":{\"@id\":\"https:\\\/\\\/www.e2.law\\\/fr\\\/2020\\\/12\\\/17\\\/le-droit-de-retractation\\\/#primaryimage\"},\"thumbnailUrl\":\"https:\\\/\\\/i0.wp.com\\\/www.e2.law\\\/wp-content\\\/uploads\\\/2020\\\/12\\\/Re%CC%81tractation-2.png?fit=800%2C800&ssl=1\",\"keywords\":[\"e-shop\",\"consommateurs\"],\"articleSection\":[\"Non classifi\u00e9(e)\"],\"inLanguage\":\"fr-FR\",\"potentialAction\":[{\"@type\":\"CommentAction\",\"name\":\"Comment\",\"target\":[\"https:\\\/\\\/www.e2.law\\\/fr\\\/2020\\\/12\\\/17\\\/le-droit-de-retractation\\\/#respond\"]}]},{\"@type\":\"WebPage\",\"@id\":\"https:\\\/\\\/www.e2.law\\\/fr\\\/2020\\\/12\\\/17\\\/le-droit-de-retractation\\\/\",\"url\":\"https:\\\/\\\/www.e2.law\\\/fr\\\/2020\\\/12\\\/17\\\/le-droit-de-retractation\\\/\",\"name\":\"Le droit de r\u00e9tractation - e2.law\",\"isPartOf\":{\"@id\":\"https:\\\/\\\/www.e2.law\\\/fr\\\/#website\"},\"primaryImageOfPage\":{\"@id\":\"https:\\\/\\\/www.e2.law\\\/fr\\\/2020\\\/12\\\/17\\\/le-droit-de-retractation\\\/#primaryimage\"},\"image\":{\"@id\":\"https:\\\/\\\/www.e2.law\\\/fr\\\/2020\\\/12\\\/17\\\/le-droit-de-retractation\\\/#primaryimage\"},\"thumbnailUrl\":\"https:\\\/\\\/i0.wp.com\\\/www.e2.law\\\/wp-content\\\/uploads\\\/2020\\\/12\\\/Re%CC%81tractation-2.png?fit=800%2C800&ssl=1\",\"datePublished\":\"2020-12-16T22:03:35+00:00\",\"dateModified\":\"2024-05-16T07:53:21+00:00\",\"description\":\"Un consommateur qui a conclu un contrat \u00e0 distance ou hors \u00e9tablissement, sur un e-shop par exemple, dispose d\u2019un d\u00e9lai de r\u00e9tractation qui lui permet de changer d\u2019avis et de se r\u00e9tracter de ce contrat sans devoir justifier son choix.\",\"breadcrumb\":{\"@id\":\"https:\\\/\\\/www.e2.law\\\/fr\\\/2020\\\/12\\\/17\\\/le-droit-de-retractation\\\/#breadcrumb\"},\"inLanguage\":\"fr-FR\",\"potentialAction\":[{\"@type\":\"ReadAction\",\"target\":[\"https:\\\/\\\/www.e2.law\\\/fr\\\/2020\\\/12\\\/17\\\/le-droit-de-retractation\\\/\"]}]},{\"@type\":\"ImageObject\",\"inLanguage\":\"fr-FR\",\"@id\":\"https:\\\/\\\/www.e2.law\\\/fr\\\/2020\\\/12\\\/17\\\/le-droit-de-retractation\\\/#primaryimage\",\"url\":\"https:\\\/\\\/i0.wp.com\\\/www.e2.law\\\/wp-content\\\/uploads\\\/2020\\\/12\\\/Re%CC%81tractation-2.png?fit=800%2C800&ssl=1\",\"contentUrl\":\"https:\\\/\\\/i0.wp.com\\\/www.e2.law\\\/wp-content\\\/uploads\\\/2020\\\/12\\\/Re%CC%81tractation-2.png?fit=800%2C800&ssl=1\",\"width\":800,\"height\":800},{\"@type\":\"BreadcrumbList\",\"@id\":\"https:\\\/\\\/www.e2.law\\\/fr\\\/2020\\\/12\\\/17\\\/le-droit-de-retractation\\\/#breadcrumb\",\"itemListElement\":[{\"@type\":\"ListItem\",\"position\":1,\"name\":\"Home\",\"item\":\"https:\\\/\\\/www.e2.law\\\/fr\\\/home\\\/\"},{\"@type\":\"ListItem\",\"position\":2,\"name\":\"Le droit de r\u00e9tractation\"}]},{\"@type\":\"WebSite\",\"@id\":\"https:\\\/\\\/www.e2.law\\\/fr\\\/#website\",\"url\":\"https:\\\/\\\/www.e2.law\\\/fr\\\/\",\"name\":\"e2.law\",\"description\":\"A Business Law Firm\",\"publisher\":{\"@id\":\"https:\\\/\\\/www.e2.law\\\/fr\\\/#organization\"},\"potentialAction\":[{\"@type\":\"SearchAction\",\"target\":{\"@type\":\"EntryPoint\",\"urlTemplate\":\"https:\\\/\\\/www.e2.law\\\/fr\\\/?s={search_term_string}\"},\"query-input\":{\"@type\":\"PropertyValueSpecification\",\"valueRequired\":true,\"valueName\":\"search_term_string\"}}],\"inLanguage\":\"fr-FR\"},{\"@type\":\"Organization\",\"@id\":\"https:\\\/\\\/www.e2.law\\\/fr\\\/#organization\",\"name\":\"E2.law\",\"url\":\"https:\\\/\\\/www.e2.law\\\/fr\\\/\",\"logo\":{\"@type\":\"ImageObject\",\"inLanguage\":\"fr-FR\",\"@id\":\"https:\\\/\\\/www.e2.law\\\/fr\\\/#\\\/schema\\\/logo\\\/image\\\/\",\"url\":\"https:\\\/\\\/www.e2.law\\\/wp-content\\\/uploads\\\/2018\\\/12\\\/logo-2.png\",\"contentUrl\":\"https:\\\/\\\/www.e2.law\\\/wp-content\\\/uploads\\\/2018\\\/12\\\/logo-2.png\",\"width\":152,\"height\":40,\"caption\":\"E2.law\"},\"image\":{\"@id\":\"https:\\\/\\\/www.e2.law\\\/fr\\\/#\\\/schema\\\/logo\\\/image\\\/\"},\"sameAs\":[\"https:\\\/\\\/www.linkedin.com\\\/company\\\/e2.law\"]},{\"@type\":\"Person\",\"@id\":\"https:\\\/\\\/www.e2.law\\\/fr\\\/#\\\/schema\\\/person\\\/9f822952177053b420c93ceda8001bcd\",\"name\":\"e\u00b2.law\",\"image\":{\"@type\":\"ImageObject\",\"inLanguage\":\"fr-FR\",\"@id\":\"https:\\\/\\\/secure.gravatar.com\\\/avatar\\\/?d=https:\\\/\\\/www.e2.law\\\/wp-content\\\/uploads\\\/2021\\\/01\\\/pixie_1609696175704-e1610820192173.png&amp;s=96\",\"url\":\"https:\\\/\\\/secure.gravatar.com\\\/avatar\\\/?d=https:\\\/\\\/www.e2.law\\\/wp-content\\\/uploads\\\/2021\\\/01\\\/pixie_1609696175704-e1610820192173.png&amp;s=96\",\"contentUrl\":\"https:\\\/\\\/secure.gravatar.com\\\/avatar\\\/?d=https:\\\/\\\/www.e2.law\\\/wp-content\\\/uploads\\\/2021\\\/01\\\/pixie_1609696175704-e1610820192173.png&amp;s=96\",\"caption\":\"e\u00b2.law\"},\"sameAs\":[\"http:\\\/\\\/www.e2.law\",\"www.linkedin.com\\\\companyprofile\\\\e2.law\"],\"url\":\"https:\\\/\\\/www.e2.law\\\/fr\\\/author\\\/visitor\\\/\"}]}<\/script>\n<!-- \/ Yoast SEO plugin. -->","yoast_head_json":{"title":"Le droit de r\u00e9tractation - e2.law","description":"Un consommateur qui a conclu un contrat \u00e0 distance ou hors \u00e9tablissement, sur un e-shop par exemple, dispose d\u2019un d\u00e9lai de r\u00e9tractation qui lui permet de changer d\u2019avis et de se r\u00e9tracter de ce contrat sans devoir justifier son choix.","robots":{"index":"index","follow":"follow","max-snippet":"max-snippet:-1","max-image-preview":"max-image-preview:large","max-video-preview":"max-video-preview:-1"},"canonical":"https:\/\/www.e2.law\/fr\/2020\/12\/17\/le-droit-de-retractation\/","og_locale":"fr_FR","og_type":"article","og_title":"Le droit de r\u00e9tractation - e2.law","og_description":"Un consommateur qui a conclu un contrat \u00e0 distance ou hors \u00e9tablissement, sur un e-shop par exemple, dispose d\u2019un d\u00e9lai de r\u00e9tractation qui lui permet de changer d\u2019avis et de se r\u00e9tracter de ce contrat sans devoir justifier son choix.","og_url":"https:\/\/www.e2.law\/fr\/2020\/12\/17\/le-droit-de-retractation\/","og_site_name":"e2.law","article_published_time":"2020-12-16T22:03:35+00:00","article_modified_time":"2024-05-16T07:53:21+00:00","og_image":[{"width":800,"height":800,"url":"https:\/\/www.e2.law\/wp-content\/uploads\/2020\/12\/Re\u0301tractation-2.png","type":"image\/png"}],"author":"e\u00b2.law","twitter_card":"summary_large_image","twitter_misc":{"\u00c9crit par":"e\u00b2.law","Dur\u00e9e de lecture estim\u00e9e":"5 minutes"},"schema":{"@context":"https:\/\/schema.org","@graph":[{"@type":"Article","@id":"https:\/\/www.e2.law\/fr\/2020\/12\/17\/le-droit-de-retractation\/#article","isPartOf":{"@id":"https:\/\/www.e2.law\/fr\/2020\/12\/17\/le-droit-de-retractation\/"},"author":{"name":"e\u00b2.law","@id":"https:\/\/www.e2.law\/fr\/#\/schema\/person\/9f822952177053b420c93ceda8001bcd"},"headline":"Le droit de r\u00e9tractation","datePublished":"2020-12-16T22:03:35+00:00","dateModified":"2024-05-16T07:53:21+00:00","mainEntityOfPage":{"@id":"https:\/\/www.e2.law\/fr\/2020\/12\/17\/le-droit-de-retractation\/"},"wordCount":994,"commentCount":0,"publisher":{"@id":"https:\/\/www.e2.law\/fr\/#organization"},"image":{"@id":"https:\/\/www.e2.law\/fr\/2020\/12\/17\/le-droit-de-retractation\/#primaryimage"},"thumbnailUrl":"https:\/\/i0.wp.com\/www.e2.law\/wp-content\/uploads\/2020\/12\/Re%CC%81tractation-2.png?fit=800%2C800&ssl=1","keywords":["e-shop","consommateurs"],"articleSection":["Non classifi\u00e9(e)"],"inLanguage":"fr-FR","potentialAction":[{"@type":"CommentAction","name":"Comment","target":["https:\/\/www.e2.law\/fr\/2020\/12\/17\/le-droit-de-retractation\/#respond"]}]},{"@type":"WebPage","@id":"https:\/\/www.e2.law\/fr\/2020\/12\/17\/le-droit-de-retractation\/","url":"https:\/\/www.e2.law\/fr\/2020\/12\/17\/le-droit-de-retractation\/","name":"Le droit de r\u00e9tractation - e2.law","isPartOf":{"@id":"https:\/\/www.e2.law\/fr\/#website"},"primaryImageOfPage":{"@id":"https:\/\/www.e2.law\/fr\/2020\/12\/17\/le-droit-de-retractation\/#primaryimage"},"image":{"@id":"https:\/\/www.e2.law\/fr\/2020\/12\/17\/le-droit-de-retractation\/#primaryimage"},"thumbnailUrl":"https:\/\/i0.wp.com\/www.e2.law\/wp-content\/uploads\/2020\/12\/Re%CC%81tractation-2.png?fit=800%2C800&ssl=1","datePublished":"2020-12-16T22:03:35+00:00","dateModified":"2024-05-16T07:53:21+00:00","description":"Un consommateur qui a conclu un contrat \u00e0 distance ou hors \u00e9tablissement, sur un e-shop par exemple, dispose d\u2019un d\u00e9lai de r\u00e9tractation qui lui permet de changer d\u2019avis et de se r\u00e9tracter de ce contrat sans devoir justifier son choix.","breadcrumb":{"@id":"https:\/\/www.e2.law\/fr\/2020\/12\/17\/le-droit-de-retractation\/#breadcrumb"},"inLanguage":"fr-FR","potentialAction":[{"@type":"ReadAction","target":["https:\/\/www.e2.law\/fr\/2020\/12\/17\/le-droit-de-retractation\/"]}]},{"@type":"ImageObject","inLanguage":"fr-FR","@id":"https:\/\/www.e2.law\/fr\/2020\/12\/17\/le-droit-de-retractation\/#primaryimage","url":"https:\/\/i0.wp.com\/www.e2.law\/wp-content\/uploads\/2020\/12\/Re%CC%81tractation-2.png?fit=800%2C800&ssl=1","contentUrl":"https:\/\/i0.wp.com\/www.e2.law\/wp-content\/uploads\/2020\/12\/Re%CC%81tractation-2.png?fit=800%2C800&ssl=1","width":800,"height":800},{"@type":"BreadcrumbList","@id":"https:\/\/www.e2.law\/fr\/2020\/12\/17\/le-droit-de-retractation\/#breadcrumb","itemListElement":[{"@type":"ListItem","position":1,"name":"Home","item":"https:\/\/www.e2.law\/fr\/home\/"},{"@type":"ListItem","position":2,"name":"Le droit de r\u00e9tractation"}]},{"@type":"WebSite","@id":"https:\/\/www.e2.law\/fr\/#website","url":"https:\/\/www.e2.law\/fr\/","name":"e2.law","description":"A Business Law Firm","publisher":{"@id":"https:\/\/www.e2.law\/fr\/#organization"},"potentialAction":[{"@type":"SearchAction","target":{"@type":"EntryPoint","urlTemplate":"https:\/\/www.e2.law\/fr\/?s={search_term_string}"},"query-input":{"@type":"PropertyValueSpecification","valueRequired":true,"valueName":"search_term_string"}}],"inLanguage":"fr-FR"},{"@type":"Organization","@id":"https:\/\/www.e2.law\/fr\/#organization","name":"E2.law","url":"https:\/\/www.e2.law\/fr\/","logo":{"@type":"ImageObject","inLanguage":"fr-FR","@id":"https:\/\/www.e2.law\/fr\/#\/schema\/logo\/image\/","url":"https:\/\/www.e2.law\/wp-content\/uploads\/2018\/12\/logo-2.png","contentUrl":"https:\/\/www.e2.law\/wp-content\/uploads\/2018\/12\/logo-2.png","width":152,"height":40,"caption":"E2.law"},"image":{"@id":"https:\/\/www.e2.law\/fr\/#\/schema\/logo\/image\/"},"sameAs":["https:\/\/www.linkedin.com\/company\/e2.law"]},{"@type":"Person","@id":"https:\/\/www.e2.law\/fr\/#\/schema\/person\/9f822952177053b420c93ceda8001bcd","name":"e\u00b2.law","image":{"@type":"ImageObject","inLanguage":"fr-FR","@id":"https:\/\/secure.gravatar.com\/avatar\/?d=https:\/\/www.e2.law\/wp-content\/uploads\/2021\/01\/pixie_1609696175704-e1610820192173.png&amp;s=96","url":"https:\/\/secure.gravatar.com\/avatar\/?d=https:\/\/www.e2.law\/wp-content\/uploads\/2021\/01\/pixie_1609696175704-e1610820192173.png&amp;s=96","contentUrl":"https:\/\/secure.gravatar.com\/avatar\/?d=https:\/\/www.e2.law\/wp-content\/uploads\/2021\/01\/pixie_1609696175704-e1610820192173.png&amp;s=96","caption":"e\u00b2.law"},"sameAs":["http:\/\/www.e2.law","www.linkedin.com\\companyprofile\\e2.law"],"url":"https:\/\/www.e2.law\/fr\/author\/visitor\/"}]}},"jetpack_featured_media_url":"https:\/\/i0.wp.com\/www.e2.law\/wp-content\/uploads\/2020\/12\/Re%CC%81tractation-2.png?fit=800%2C800&ssl=1","jetpack_sharing_enabled":true,"_links":{"self":[{"href":"https:\/\/www.e2.law\/fr\/wp-json\/wp\/v2\/posts\/27735","targetHints":{"allow":["GET"]}}],"collection":[{"href":"https:\/\/www.e2.law\/fr\/wp-json\/wp\/v2\/posts"}],"about":[{"href":"https:\/\/www.e2.law\/fr\/wp-json\/wp\/v2\/types\/post"}],"author":[{"embeddable":true,"href":"https:\/\/www.e2.law\/fr\/wp-json\/wp\/v2\/users\/169"}],"replies":[{"embeddable":true,"href":"https:\/\/www.e2.law\/fr\/wp-json\/wp\/v2\/comments?post=27735"}],"version-history":[{"count":2,"href":"https:\/\/www.e2.law\/fr\/wp-json\/wp\/v2\/posts\/27735\/revisions"}],"predecessor-version":[{"id":44687,"href":"https:\/\/www.e2.law\/fr\/wp-json\/wp\/v2\/posts\/27735\/revisions\/44687"}],"wp:featuredmedia":[{"embeddable":true,"href":"https:\/\/www.e2.law\/fr\/wp-json\/wp\/v2\/media\/43879"}],"wp:attachment":[{"href":"https:\/\/www.e2.law\/fr\/wp-json\/wp\/v2\/media?parent=27735"}],"wp:term":[{"taxonomy":"category","embeddable":true,"href":"https:\/\/www.e2.law\/fr\/wp-json\/wp\/v2\/categories?post=27735"},{"taxonomy":"post_tag","embeddable":true,"href":"https:\/\/www.e2.law\/fr\/wp-json\/wp\/v2\/tags?post=27735"}],"curies":[{"name":"wp","href":"https:\/\/api.w.org\/{rel}","templated":true}]}}