{"id":29517,"date":"2021-03-04T09:24:08","date_gmt":"2021-03-04T07:24:08","guid":{"rendered":"https:\/\/www.e2.law\/?p=29517"},"modified":"2023-04-12T14:11:11","modified_gmt":"2023-04-12T12:11:11","slug":"privacy-policy","status":"publish","type":"post","link":"https:\/\/www.e2.law\/fr\/2021\/03\/04\/privacy-policy\/","title":{"rendered":"D\u00e9claration vie priv\u00e9e (E2.LAW)"},"content":{"rendered":"<div class=\"fusion-fullwidth fullwidth-box fusion-builder-row-1 nonhundred-percent-fullwidth non-hundred-percent-height-scrolling\" style=\"--awb-border-radius-top-left:0px;--awb-border-radius-top-right:0px;--awb-border-radius-bottom-right:0px;--awb-border-radius-bottom-left:0px;--awb-flex-wrap:wrap;\" ><div class=\"fusion-builder-row fusion-row\"><div class=\"fusion-layout-column fusion_builder_column fusion-builder-column-0 fusion_builder_column_3_4 3_4 fusion-three-fourth fusion-column-first\" style=\"--awb-bg-size:cover;width:75%;width:calc(75% - ( ( 4% ) * 0.75 ) );margin-right: 4%;\"><div class=\"fusion-column-wrapper fusion-flex-column-wrapper-legacy\"><div class=\"fusion-text fusion-text-1\"><h2>POLITIQUE DE PROTECTION DES DONN\u00c9ES<\/h2>\n<\/div><div class=\"fusion-text fusion-text-2\"><p id=\"u4838-2\">La pr\u00e9sente politique de protection des donn\u00e9es r\u00e8gle le traitement des donn\u00e9es \u00e0 caract\u00e8re personnel \u2013 tel que d\u00e9finit ci-dessous \u2013 par le cabinet d\u2019avocats e2.law, responsable du traitement.<\/p>\n<p id=\"u4838-5\">Le cabinet d\u2019avocats e2.law est op\u00e9r\u00e9 par Quentin de Bournonville srl, qui a son si\u00e8ge social sis \u00e0 1000 Bruxelles, Galerie du Roi 27 (ci-apr\u00e8s &#8220;e2.law&#8221;). Son num\u00e9ro d\u2019entreprise est le suivant : BCE : 0847.833.547.<\/p>\n<p id=\"u4838-8\">La personne de contact pour le traitement est Me Quentin de Bournonville : qdebournonville@e2.law.<\/p>\n<\/div><div class=\"accordian fusion-accordian\" style=\"--awb-border-size:1px;--awb-icon-size:13px;--awb-content-font-size:16px;--awb-icon-alignment:left;--awb-hover-color:#f9f9f9;--awb-border-color:#cccccc;--awb-background-color:#ffffff;--awb-divider-color:#e0dede;--awb-divider-hover-color:#e0dede;--awb-icon-color:#ffffff;--awb-title-color:#333333;--awb-content-color:#747474;--awb-icon-box-color:#333333;--awb-toggle-hover-accent-color:#0da74c;--awb-title-font-family:&quot;Roboto Slab&quot;;--awb-title-font-weight:300;--awb-title-font-style:normal;--awb-title-font-size:14px;--awb-content-font-family:&quot;PT Sans&quot;;--awb-content-font-style:normal;--awb-content-font-weight:400;\"><div class=\"panel-group fusion-toggle-icon-boxed\" id=\"accordion-29517-1\"><div class=\"fusion-panel panel-default panel-1ccd3682f538fbfe5 fusion-toggle-no-divider fusion-toggle-boxed-mode\"><div class=\"panel-heading\"><h4 class=\"panel-title toggle\" id=\"toggle_1ccd3682f538fbfe5\"><a aria-expanded=\"false\" aria-controls=\"1ccd3682f538fbfe5\" role=\"button\" data-toggle=\"collapse\" data-parent=\"#accordion-29517-1\" data-target=\"#1ccd3682f538fbfe5\" href=\"#1ccd3682f538fbfe5\"><span class=\"fusion-toggle-icon-wrapper\" aria-hidden=\"true\"><i class=\"fa-fusion-box active-icon awb-icon-minus\" aria-hidden=\"true\"><\/i><i class=\"fa-fusion-box inactive-icon awb-icon-plus\" aria-hidden=\"true\"><\/i><\/span><span class=\"fusion-toggle-heading\"> D\u00e9finitions<\/span><\/a><\/h4><\/div><div id=\"1ccd3682f538fbfe5\" class=\"panel-collapse collapse \" aria-labelledby=\"toggle_1ccd3682f538fbfe5\"><div class=\"panel-body toggle-content fusion-clearfix\">\n<p id=\"u4838-14\">Le r\u00e8glement g\u00e9n\u00e9ral sur la protection des donn\u00e9es d\u00e9finit le terme donn\u00e9es \u00e0 caract\u00e8re personnel comme suit :<\/p>\n<p id=\"u4838-16\">Toute information se rapportant \u00e0 une personne physique identifi\u00e9e ou identifiable (ci-apr\u00e8s d\u00e9nomm\u00e9e \u00ab personne concern\u00e9e \u00bb) ; est r\u00e9put\u00e9e \u00eatre une \u00ab personne physique identifiable \u00bb une personne physique qui peut \u00eatre identifi\u00e9e, directement ou indirectement, notamment par r\u00e9f\u00e9rence \u00e0 un identifiant, tel qu\u2019un nom, un num\u00e9ro d\u2019identification, des donn\u00e9es de localisation, un identifiant en ligne, ou \u00e0 un ou plusieurs \u00e9l\u00e9ments sp\u00e9cifiques propres \u00e0 son identit\u00e9 physique, physiologique, g\u00e9n\u00e9tique, psychique, \u00e9conomique, culturelle ou sociale.<\/p>\n<p id=\"u4838-19\">Le r\u00e8glement g\u00e9n\u00e9ral sur la protection des donn\u00e9es d\u00e9finit le terme traitement de donn\u00e9es comme suit :<\/p>\n<p id=\"u4838-21\">Toute op\u00e9ration ou tout ensemble d&#8217;op\u00e9rations effectu\u00e9es ou non \u00e0 l&#8217;aide de proc\u00e9d\u00e9s automatis\u00e9s et appliqu\u00e9es \u00e0 des donn\u00e9es ou des ensembles de donn\u00e9es \u00e0 caract\u00e8re personnel, telles que la collecte, l&#8217;enregistrement, l&#8217;organisation, la structuration, la conservation, l&#8217;adaptation ou la modification, l&#8217;extraction, la consultation, l&#8217;utilisation, la communication par transmission, la diffusion ou toute autre forme de mise \u00e0 disposition, le rapprochement ou l&#8217;interconnexion, la limitation, l&#8217;effacement ou la destruction.<\/p>\n<\/div><\/div><\/div><\/div><\/div><div class=\"accordian fusion-accordian\" style=\"--awb-border-size:1px;--awb-icon-size:13px;--awb-content-font-size:16px;--awb-icon-alignment:left;--awb-hover-color:#f9f9f9;--awb-border-color:#cccccc;--awb-background-color:#ffffff;--awb-divider-color:#e0dede;--awb-divider-hover-color:#e0dede;--awb-icon-color:#ffffff;--awb-title-color:#333333;--awb-content-color:#747474;--awb-icon-box-color:#333333;--awb-toggle-hover-accent-color:#0da74c;--awb-title-font-family:&quot;Roboto Slab&quot;;--awb-title-font-weight:300;--awb-title-font-style:normal;--awb-title-font-size:14px;--awb-content-font-family:&quot;PT Sans&quot;;--awb-content-font-style:normal;--awb-content-font-weight:400;\"><div class=\"panel-group fusion-toggle-icon-boxed\" id=\"accordion-29517-2\"><div class=\"fusion-panel panel-default panel-59684f377b28780ca fusion-toggle-no-divider fusion-toggle-boxed-mode\"><div class=\"panel-heading\"><h4 class=\"panel-title toggle\" id=\"toggle_59684f377b28780ca\"><a aria-expanded=\"false\" aria-controls=\"59684f377b28780ca\" role=\"button\" data-toggle=\"collapse\" data-parent=\"#accordion-29517-2\" data-target=\"#59684f377b28780ca\" href=\"#59684f377b28780ca\"><span class=\"fusion-toggle-icon-wrapper\" aria-hidden=\"true\"><i class=\"fa-fusion-box active-icon awb-icon-minus\" aria-hidden=\"true\"><\/i><i class=\"fa-fusion-box inactive-icon awb-icon-plus\" aria-hidden=\"true\"><\/i><\/span><span class=\"fusion-toggle-heading\">Donn\u00e9es trait\u00e9es par le responsable<\/span><\/a><\/h4><\/div><div id=\"59684f377b28780ca\" class=\"panel-collapse collapse \" aria-labelledby=\"toggle_59684f377b28780ca\"><div class=\"panel-body toggle-content fusion-clearfix\">\n<p id=\"u4838-27\">Le cabinet d\u2019avocats e2.law collecte et traite les donn\u00e9es personnelles communiqu\u00e9es par ses clients.<\/p>\n<p id=\"u4838-30\">Le cabinet d\u2019avocats e2.law collecte et traite entre autres les donn\u00e9es \u00e0 caract\u00e8re personnel suivantes : nom (pr\u00e9nom et nom), adresse postale, num\u00e9ro de t\u00e9l\u00e9phone (y compris le num\u00e9ro de t\u00e9l\u00e9phone portable), num\u00e9ro de bureau, num\u00e9ro de fax, adresse \u00e9lectronique, date de naissance, ant\u00e9c\u00e9dents judiciaires, situation familiale, etc.<\/p>\n<p id=\"u4838-33\">Les donn\u00e9es personnelles collect\u00e9es et trait\u00e9es par le cabinet d\u2019avocats e2.law\u00a0 d\u00e9pend directement du type de dossier trait\u00e9 pour le client concern\u00e9.<\/p>\n<\/div><\/div><\/div><\/div><\/div><div class=\"accordian fusion-accordian\" style=\"--awb-border-size:1px;--awb-icon-size:13px;--awb-content-font-size:16px;--awb-icon-alignment:left;--awb-hover-color:#f9f9f9;--awb-border-color:#cccccc;--awb-background-color:#ffffff;--awb-divider-color:#e0dede;--awb-divider-hover-color:#e0dede;--awb-icon-color:#ffffff;--awb-title-color:#333333;--awb-content-color:#747474;--awb-icon-box-color:#333333;--awb-toggle-hover-accent-color:#0da74c;--awb-title-font-family:&quot;Roboto Slab&quot;;--awb-title-font-weight:300;--awb-title-font-style:normal;--awb-title-font-size:14px;--awb-content-font-family:&quot;PT Sans&quot;;--awb-content-font-style:normal;--awb-content-font-weight:400;\"><div class=\"panel-group fusion-toggle-icon-boxed\" id=\"accordion-29517-3\"><div class=\"fusion-panel panel-default panel-c9421fba4ef99fe3b fusion-toggle-no-divider fusion-toggle-boxed-mode\"><div class=\"panel-heading\"><h4 class=\"panel-title toggle\" id=\"toggle_c9421fba4ef99fe3b\"><a aria-expanded=\"false\" aria-controls=\"c9421fba4ef99fe3b\" role=\"button\" data-toggle=\"collapse\" data-parent=\"#accordion-29517-3\" data-target=\"#c9421fba4ef99fe3b\" href=\"#c9421fba4ef99fe3b\"><span class=\"fusion-toggle-icon-wrapper\" aria-hidden=\"true\"><i class=\"fa-fusion-box active-icon awb-icon-minus\" aria-hidden=\"true\"><\/i><i class=\"fa-fusion-box inactive-icon awb-icon-plus\" aria-hidden=\"true\"><\/i><\/span><span class=\"fusion-toggle-heading\">Finalit\u00e9s du traitement :<\/span><\/a><\/h4><\/div><div id=\"c9421fba4ef99fe3b\" class=\"panel-collapse collapse \" aria-labelledby=\"toggle_c9421fba4ef99fe3b\"><div class=\"panel-body toggle-content fusion-clearfix\">\n<p id=\"u4838-40\">Le cabinet d\u2019avocats e2.law agit en qualit\u00e9 de conseiller juridique, de repr\u00e9sentant l\u00e9gal ou pour d\u2019autres finalit\u00e9s.<\/p>\n<p id=\"u4838-43\">Il doit d\u00e8s lors d\u00e9tenir diff\u00e9rents types d\u2019informations, de documents et de donn\u00e9es \u00e0 caract\u00e8re personnel pour la bonne ex\u00e9cution de ses missions.<\/p>\n<p id=\"u4838-46\">Dans le cadre de l\u2019interaction avec les autorit\u00e9s, les huissiers et les acteurs de la justice, il est \u00e9ventuellement possible que des donn\u00e9es personnelles doivent \u00eatre communiqu\u00e9es \u00e0 des tiers.<\/p>\n<p id=\"u4838-49\">Les donn\u00e9es \u00e0 caract\u00e8re personnel de nos clients sont trait\u00e9es uniquement dans le cadre de missions confi\u00e9es au cabinet d\u2019avocats e2.law.<\/p>\n<p id=\"u4838-52\">Toutes les donn\u00e9es sont soumises au secret professionnel et ne sont transmises \u00e0 aucun tiers.<\/p>\n<\/div><\/div><\/div><\/div><\/div><div class=\"accordian fusion-accordian\" style=\"--awb-border-size:1px;--awb-icon-size:13px;--awb-content-font-size:16px;--awb-icon-alignment:left;--awb-hover-color:#f9f9f9;--awb-border-color:#cccccc;--awb-background-color:#ffffff;--awb-divider-color:#e0dede;--awb-divider-hover-color:#e0dede;--awb-icon-color:#ffffff;--awb-title-color:#333333;--awb-content-color:#747474;--awb-icon-box-color:#333333;--awb-toggle-hover-accent-color:#0da74c;--awb-title-font-family:&quot;Roboto Slab&quot;;--awb-title-font-weight:300;--awb-title-font-style:normal;--awb-title-font-size:14px;--awb-content-font-family:&quot;PT Sans&quot;;--awb-content-font-style:normal;--awb-content-font-weight:400;\"><div class=\"panel-group fusion-toggle-icon-boxed\" id=\"accordion-29517-4\"><div class=\"fusion-panel panel-default panel-bdb2e5d7b1bb621f9 fusion-toggle-no-divider fusion-toggle-boxed-mode\"><div class=\"panel-heading\"><h4 class=\"panel-title toggle\" id=\"toggle_bdb2e5d7b1bb621f9\"><a aria-expanded=\"false\" aria-controls=\"bdb2e5d7b1bb621f9\" role=\"button\" data-toggle=\"collapse\" data-parent=\"#accordion-29517-4\" data-target=\"#bdb2e5d7b1bb621f9\" href=\"#bdb2e5d7b1bb621f9\"><span class=\"fusion-toggle-icon-wrapper\" aria-hidden=\"true\"><i class=\"fa-fusion-box active-icon awb-icon-minus\" aria-hidden=\"true\"><\/i><i class=\"fa-fusion-box inactive-icon awb-icon-plus\" aria-hidden=\"true\"><\/i><\/span><span class=\"fusion-toggle-heading\">Dur\u00e9e du traitement<\/span><\/a><\/h4><\/div><div id=\"bdb2e5d7b1bb621f9\" class=\"panel-collapse collapse \" aria-labelledby=\"toggle_bdb2e5d7b1bb621f9\"><div class=\"panel-body toggle-content fusion-clearfix\">\n<p id=\"u4838-59\">Le cabinet d\u2019avocats e2.law conserve les donn\u00e9es \u00e0 caract\u00e8re personnel des diff\u00e9rentes parties pendant les dur\u00e9es des missions qui lui sont confi\u00e9es.<\/p>\n<p id=\"u4838-62\">Il existe diff\u00e9rentes obligations et protections applicables dans le cadre de dossiers juridiques, comme le secret professionnel et le devoir de conservation professionnel. Il existe des int\u00e9r\u00eats l\u00e9gitimes qui autorisent la conservation des donn\u00e9es \u00e0 caract\u00e8re personnel apr\u00e8s la cl\u00f4ture des dossiers.<\/p>\n<p id=\"u4838-65\">Le cabinet d\u2019avocats e2.law vous confirme que le traitement de vos donn\u00e9es \u00e0 caract\u00e8re personnel sera limit\u00e9 \u00e0 ce qui est strictement n\u00e9cessaire dans le cadre des int\u00e9r\u00eats l\u00e9gitimes.<\/p>\n<p id=\"u4838-67\">Le cabinet d\u2019avocats e2.law est li\u00e9 par le secret professionnel et les donn\u00e9es \u00e0 caract\u00e8re personnel entrent dans ce cadre.<\/p>\n<\/div><\/div><\/div><\/div><\/div><div class=\"accordian fusion-accordian\" style=\"--awb-border-size:1px;--awb-icon-size:13px;--awb-content-font-size:16px;--awb-icon-alignment:left;--awb-hover-color:#f9f9f9;--awb-border-color:#cccccc;--awb-background-color:#ffffff;--awb-divider-color:#e0dede;--awb-divider-hover-color:#e0dede;--awb-icon-color:#ffffff;--awb-title-color:#333333;--awb-content-color:#747474;--awb-icon-box-color:#333333;--awb-toggle-hover-accent-color:#0da74c;--awb-title-font-family:&quot;Roboto Slab&quot;;--awb-title-font-weight:300;--awb-title-font-style:normal;--awb-title-font-size:14px;--awb-content-font-family:&quot;PT Sans&quot;;--awb-content-font-style:normal;--awb-content-font-weight:400;\"><div class=\"panel-group fusion-toggle-icon-boxed\" id=\"accordion-29517-5\"><div class=\"fusion-panel panel-default panel-b4b41a90ec6c12ada fusion-toggle-no-divider fusion-toggle-boxed-mode\"><div class=\"panel-heading\"><h4 class=\"panel-title toggle\" id=\"toggle_b4b41a90ec6c12ada\"><a aria-expanded=\"false\" aria-controls=\"b4b41a90ec6c12ada\" role=\"button\" data-toggle=\"collapse\" data-parent=\"#accordion-29517-5\" data-target=\"#b4b41a90ec6c12ada\" href=\"#b4b41a90ec6c12ada\"><span class=\"fusion-toggle-icon-wrapper\" aria-hidden=\"true\"><i class=\"fa-fusion-box active-icon awb-icon-minus\" aria-hidden=\"true\"><\/i><i class=\"fa-fusion-box inactive-icon awb-icon-plus\" aria-hidden=\"true\"><\/i><\/span><span class=\"fusion-toggle-heading\">Mesures de s\u00e9curit\u00e9<\/span><\/a><\/h4><\/div><div id=\"b4b41a90ec6c12ada\" class=\"panel-collapse collapse \" aria-labelledby=\"toggle_b4b41a90ec6c12ada\"><div class=\"panel-body toggle-content fusion-clearfix\">\n<p id=\"u4838-74\">Le cabinet d\u2019avocats e2.law a mis en place des mesures de s\u00e9curit\u00e9 appropri\u00e9es sur le plan technique et organisationnel afin d\u2019\u00e9viter la destruction, la perte, la falsification, la modification, l\u2019acc\u00e8s non autoris\u00e9 par des tiers ou la notification par erreur \u00e0 des tiers des donn\u00e9es \u00e0 caract\u00e8re personnel collect\u00e9es, ainsi que tout traitement non autoris\u00e9 de ces donn\u00e9es.<\/p>\n<p id=\"u4838-77\">Le cabinet d\u2019avocats e2.law\u00a0 a en outre opt\u00e9 pour un logiciel destin\u00e9 aux cabinets d\u2019avocats (DLex de Wolters Kluwer) avec lequel toutes les donn\u00e9es du cabinet sont prot\u00e9g\u00e9es par des mots de passe.<\/p>\n<p id=\"u4838-80\">Avec notre partenaire IT diff\u00e9rentes mesures techniques ont \u00e9t\u00e9 prises au niveau de notre organisation et infrastructure de nos syst\u00e8mes.<\/p>\n<p id=\"u4838-82\">(Articles 24 et 28 du RGPD)<\/p>\n<\/div><\/div><\/div><\/div><\/div><div class=\"accordian fusion-accordian\" style=\"--awb-border-size:1px;--awb-icon-size:13px;--awb-content-font-size:16px;--awb-icon-alignment:left;--awb-hover-color:#f9f9f9;--awb-border-color:#cccccc;--awb-background-color:#ffffff;--awb-divider-color:#e0dede;--awb-divider-hover-color:#e0dede;--awb-icon-color:#ffffff;--awb-title-color:#333333;--awb-content-color:#747474;--awb-icon-box-color:#333333;--awb-toggle-hover-accent-color:#0da74c;--awb-title-font-family:&quot;Roboto Slab&quot;;--awb-title-font-weight:300;--awb-title-font-style:normal;--awb-title-font-size:14px;--awb-content-font-family:&quot;PT Sans&quot;;--awb-content-font-style:normal;--awb-content-font-weight:400;\"><div class=\"panel-group fusion-toggle-icon-boxed\" id=\"accordion-29517-6\"><div class=\"fusion-panel panel-default panel-baa56b8ea95fd90ad fusion-toggle-no-divider fusion-toggle-boxed-mode\"><div class=\"panel-heading\"><h4 class=\"panel-title toggle\" id=\"toggle_baa56b8ea95fd90ad\"><a aria-expanded=\"false\" aria-controls=\"baa56b8ea95fd90ad\" role=\"button\" data-toggle=\"collapse\" data-parent=\"#accordion-29517-6\" data-target=\"#baa56b8ea95fd90ad\" href=\"#baa56b8ea95fd90ad\"><span class=\"fusion-toggle-icon-wrapper\" aria-hidden=\"true\"><i class=\"fa-fusion-box active-icon awb-icon-minus\" aria-hidden=\"true\"><\/i><i class=\"fa-fusion-box inactive-icon awb-icon-plus\" aria-hidden=\"true\"><\/i><\/span><span class=\"fusion-toggle-heading\"> Droits des personnes concern\u00c9es<\/span><\/a><\/h4><\/div><div id=\"baa56b8ea95fd90ad\" class=\"panel-collapse collapse \" aria-labelledby=\"toggle_baa56b8ea95fd90ad\"><div class=\"panel-body toggle-content fusion-clearfix\">\n<p>Vous avez \u00e0 tout moment le droit de consulter gratuitement vos donn\u00e9es \u00e0 caract\u00e8re personnel, ainsi que de prendre connaissance de l\u2019utilisation que le cabinet d\u2019avocats e2.law\u00a0 fait de ces donn\u00e9es.<\/p>\n<p id=\"u4838-92\">Droit de modification, de suppression et de limitation<\/p>\n<p id=\"u4838-95\">Vous \u00eates libre de communiquer ou non vos donn\u00e9es \u00e0 caract\u00e8re personnel au cabinet d\u2019avocats e2.law.<\/p>\n<p id=\"u4838-98\">En outre, vous avez \u00e0 tout moment le droit de demander au cabinet d\u2019avocats e2.law\u00a0 de rectifier, compl\u00e9ter ou supprimer vos donn\u00e9es \u00e0 caract\u00e8re personnel.<\/p>\n<p id=\"u4838-101\">Vous reconnaissez qu\u2019en cas de refus de communication ou de demande de suppression des donn\u00e9es \u00e0 caract\u00e8re personnel, nous serons dans l\u2019impossibilit\u00e9 de vous fournir certains services.<\/p>\n<p id=\"u4838-104\">Vous pouvez \u00e9galement demander la limitation du traitement de vos donn\u00e9es \u00e0 caract\u00e8re personnel.<\/p>\n<p id=\"u4838-107\">F.2 Droit d\u2019opposition<\/p>\n<p id=\"u4838-110\">Vous disposez d\u2019un droit d\u2019opposition contre le traitement de vos donn\u00e9es \u00e0 caract\u00e8re personnel pour des motifs imp\u00e9rieux et l\u00e9gitimes.<\/p>\n<p id=\"u4838-113\">En outre, vous avez le droit de vous opposer \u00e0 l\u2019utilisation de donn\u00e9es \u00e0 caract\u00e8re personnel \u00e0 des fins de marketing direct. Le cas \u00e9ch\u00e9ant, vous ne devez m\u00eame pas invoquer de motif.<\/p>\n<p id=\"u4838-116\">F.3 Droit de libre transfert des donn\u00e9es<\/p>\n<p id=\"u4838-119\">Vous disposez du droit de recevoir les donn\u00e9es \u00e0 caract\u00e8re personnel que vous avez fournies au cabinet d\u2019avocats e2.law dans un format structur\u00e9, couramment utilis\u00e9 et lisible par machine et de transmettre ces donn\u00e9es \u00e0 d\u2019autres responsables du traitement.<\/p>\n<p id=\"u4838-122\">F.4 Droit de retrait du consentement<\/p>\n<p id=\"u4838-125\">Pour autant que le traitement soit bas\u00e9 sur votre consentement pr\u00e9alable, vous avez le droit de retirer ce consentement.<\/p>\n<p id=\"u4838-128\">F.5 Exercice de vos droits<\/p>\n<p id=\"u4838-131\">Vous pouvez exercer vos droits en contactant le cabinet d\u2019avocats e2.law\u00a0 \u00e0 cette fin par e-mail \u00e0 l\u2019adresse qdebournonville@lexlitiscenter.be , par courrier \u00e0 l\u2019adresse Galerie du Roi 27, 1000 Bruxelles ou en utilisant le formulaire de contact \u00ab Contactez-nous \u00bb sur le site web, moyennant l\u2019ajout en annexe d\u2019une copie de votre carte d\u2019identit\u00e9.<\/p>\n<p id=\"u4838-134\">F.6 D\u00e9cisions automatis\u00e9es et profilage<\/p>\n<p id=\"u4838-137\">Le traitement de vos donn\u00e9es \u00e0 caract\u00e8re personnel ne comprend aucun profilage et ne fera pas l\u2019objet de d\u00e9cisions automatis\u00e9es par le cabinet d\u2019avocats e2.law .<\/p>\n<p id=\"u4838-140\">F.7 Droit \u00e0 l\u2019introduction d\u2019une plainte<\/p>\n<p id=\"u4838-143\">Vous avez le droit d\u2019introduire une plainte aupr\u00e8s de la Commission vie priv\u00e9e belge : Commission de la protection de la vie priv\u00e9e, rue de la presse 35, 1000 Bruxelles, T\u00e9l +32 (0)2 274 48 00, Fax +32 (0)2 274 48 35, e-mail : commission@privacycommission.be ;<\/p>\n<p id=\"u4838-146\">Ceci sans pr\u00e9judice de tout recours devant un tribunal civil.<\/p>\n<\/div><\/div><\/div><\/div><\/div><div class=\"accordian fusion-accordian\" style=\"--awb-border-size:1px;--awb-icon-size:13px;--awb-content-font-size:16px;--awb-icon-alignment:left;--awb-hover-color:#f9f9f9;--awb-border-color:#cccccc;--awb-background-color:#ffffff;--awb-divider-color:#e0dede;--awb-divider-hover-color:#e0dede;--awb-icon-color:#ffffff;--awb-title-color:#333333;--awb-content-color:#747474;--awb-icon-box-color:#333333;--awb-toggle-hover-accent-color:#0da74c;--awb-title-font-family:&quot;Roboto Slab&quot;;--awb-title-font-weight:300;--awb-title-font-style:normal;--awb-title-font-size:14px;--awb-content-font-family:&quot;PT Sans&quot;;--awb-content-font-style:normal;--awb-content-font-weight:400;\"><div class=\"panel-group fusion-toggle-icon-boxed\" id=\"accordion-29517-7\"><div class=\"fusion-panel panel-default panel-b2e4f89d41f24fc8a fusion-toggle-no-divider fusion-toggle-boxed-mode\"><div class=\"panel-heading\"><h4 class=\"panel-title toggle\" id=\"toggle_b2e4f89d41f24fc8a\"><a aria-expanded=\"false\" aria-controls=\"b2e4f89d41f24fc8a\" role=\"button\" data-toggle=\"collapse\" data-parent=\"#accordion-29517-7\" data-target=\"#b2e4f89d41f24fc8a\" href=\"#b2e4f89d41f24fc8a\"><span class=\"fusion-toggle-icon-wrapper\" aria-hidden=\"true\"><i class=\"fa-fusion-box active-icon awb-icon-minus\" aria-hidden=\"true\"><\/i><i class=\"fa-fusion-box inactive-icon awb-icon-plus\" aria-hidden=\"true\"><\/i><\/span><span class=\"fusion-toggle-heading\">Cookies<\/span><\/a><\/h4><\/div><div id=\"b2e4f89d41f24fc8a\" class=\"panel-collapse collapse \" aria-labelledby=\"toggle_b2e4f89d41f24fc8a\"><div class=\"panel-body toggle-content fusion-clearfix\">\n<p id=\"u4838-152\">La consultation du site web du cabinet d\u2019avocats e2.law\u00a0 peut entra\u00eener l\u2019installation de cookies sur votre ordinateur. Ces derniers simplifient la visite et optimisent l\u2019ergonomie du dialogue.<\/p>\n<p id=\"u4838-155\">Vous pouvez refuser l\u2019installation de ces cookies sur votre ordinateur, mais ce refus peut vous emp\u00eacher d\u2019acc\u00e9der \u00e0 certains services des sites web.<\/p>\n<\/div><\/div><\/div><\/div><\/div><div class=\"accordian fusion-accordian\" style=\"--awb-border-size:1px;--awb-icon-size:13px;--awb-content-font-size:16px;--awb-icon-alignment:left;--awb-hover-color:#f9f9f9;--awb-border-color:#cccccc;--awb-background-color:#ffffff;--awb-divider-color:#e0dede;--awb-divider-hover-color:#e0dede;--awb-icon-color:#ffffff;--awb-title-color:#333333;--awb-content-color:#747474;--awb-icon-box-color:#333333;--awb-toggle-hover-accent-color:#0da74c;--awb-title-font-family:&quot;Roboto Slab&quot;;--awb-title-font-weight:300;--awb-title-font-style:normal;--awb-title-font-size:14px;--awb-content-font-family:&quot;PT Sans&quot;;--awb-content-font-style:normal;--awb-content-font-weight:400;\"><div class=\"panel-group fusion-toggle-icon-boxed\" id=\"accordion-29517-8\"><div class=\"fusion-panel panel-default panel-5f7f754dec8deeba5 fusion-toggle-no-divider fusion-toggle-boxed-mode\"><div class=\"panel-heading\"><h4 class=\"panel-title toggle\" id=\"toggle_5f7f754dec8deeba5\"><a aria-expanded=\"false\" aria-controls=\"5f7f754dec8deeba5\" role=\"button\" data-toggle=\"collapse\" data-parent=\"#accordion-29517-8\" data-target=\"#5f7f754dec8deeba5\" href=\"#5f7f754dec8deeba5\"><span class=\"fusion-toggle-icon-wrapper\" aria-hidden=\"true\"><i class=\"fa-fusion-box active-icon awb-icon-minus\" aria-hidden=\"true\"><\/i><i class=\"fa-fusion-box inactive-icon awb-icon-plus\" aria-hidden=\"true\"><\/i><\/span><span class=\"fusion-toggle-heading\">Lettres d\u2019information<\/span><\/a><\/h4><\/div><div id=\"5f7f754dec8deeba5\" class=\"panel-collapse collapse \" aria-labelledby=\"toggle_5f7f754dec8deeba5\"><div class=\"panel-body toggle-content fusion-clearfix\">\n<p id=\"u4838-162\">Le cabinet d\u2019avocats e2.law\u00a0 prend son r\u00f4le de conseiller juridique \u00e0 c\u0153ur et souhaite informer de mani\u00e8re proactive ses clients sur les modifications importantes de la l\u00e9gislation ou les tendances de la jurisprudence qui pourraient avoir des cons\u00e9quences pour le client.<\/p>\n<p id=\"u4838-165\">Conform\u00e9ment au r\u00e8glement g\u00e9n\u00e9ral sur la protection des donn\u00e9es, le cabinet d\u2019avocats e2.law\u00a0 demande \u00e0 chaque client de donner pr\u00e9alablement son consentement avant l\u2019envoi de lettres d\u2019information.<\/p>\n<p id=\"u4838-168\">Par ailleurs, le cabinet d\u2019avocats e2.law\u00a0 laissera \u00e0 tout moment la possibilit\u00e9 de retirer le consentement pour toute forme de communication \u00e0 but informatif, le cas \u00e9ch\u00e9ant.<\/p>\n<\/div><\/div><\/div><\/div><\/div><div class=\"accordian fusion-accordian\" style=\"--awb-border-size:1px;--awb-icon-size:13px;--awb-content-font-size:16px;--awb-icon-alignment:left;--awb-hover-color:#f9f9f9;--awb-border-color:#cccccc;--awb-background-color:#ffffff;--awb-divider-color:#e0dede;--awb-divider-hover-color:#e0dede;--awb-icon-color:#ffffff;--awb-title-color:#333333;--awb-content-color:#747474;--awb-icon-box-color:#333333;--awb-toggle-hover-accent-color:#0da74c;--awb-title-font-family:&quot;Roboto Slab&quot;;--awb-title-font-weight:300;--awb-title-font-style:normal;--awb-title-font-size:14px;--awb-content-font-family:&quot;PT Sans&quot;;--awb-content-font-style:normal;--awb-content-font-weight:400;\"><div class=\"panel-group fusion-toggle-icon-boxed\" id=\"accordion-29517-9\"><div class=\"fusion-panel panel-default panel-20722d6c0e8200afd fusion-toggle-no-divider fusion-toggle-boxed-mode\"><div class=\"panel-heading\"><h4 class=\"panel-title toggle\" id=\"toggle_20722d6c0e8200afd\"><a aria-expanded=\"false\" aria-controls=\"20722d6c0e8200afd\" role=\"button\" data-toggle=\"collapse\" data-parent=\"#accordion-29517-9\" data-target=\"#20722d6c0e8200afd\" href=\"#20722d6c0e8200afd\"><span class=\"fusion-toggle-icon-wrapper\" aria-hidden=\"true\"><i class=\"fa-fusion-box active-icon awb-icon-minus\" aria-hidden=\"true\"><\/i><i class=\"fa-fusion-box inactive-icon awb-icon-plus\" aria-hidden=\"true\"><\/i><\/span><span class=\"fusion-toggle-heading\">Modifications<\/span><\/a><\/h4><\/div><div id=\"20722d6c0e8200afd\" class=\"panel-collapse collapse \" aria-labelledby=\"toggle_20722d6c0e8200afd\"><div class=\"panel-body toggle-content fusion-clearfix\">\n<p id=\"u4838-175\">La pr\u00e9sente politique de protection des donn\u00e9es peut faire l\u2019objet de modifications. Nous vous recommandons de consulter r\u00e9guli\u00e8rement la politique de protection des donn\u00e9es pour prendre connaissance des \u00e9ventuelles modifications.<\/p>\n<\/div><\/div><\/div><\/div><\/div><div class=\"fusion-clearfix\"><\/div><\/div><\/div><\/div><\/div>\n","protected":false},"excerpt":{"rendered":"","protected":false},"author":169,"featured_media":0,"comment_status":"closed","ping_status":"open","sticky":false,"template":"","format":"standard","meta":{"_acf_changed":false,"_jetpack_memberships_contains_paid_content":false,"footnotes":""},"categories":[1],"tags":[],"class_list":["post-29517","post","type-post","status-publish","format-standard","hentry","category-uncategorized"],"acf":[],"yoast_head":"<!-- This site is optimized with the Yoast SEO plugin v27.5 - https:\/\/yoast.com\/product\/yoast-seo-wordpress\/ -->\n<title>D\u00e9claration vie priv\u00e9e (E2.LAW) - e2.law<\/title>\n<meta name=\"robots\" content=\"index, follow, max-snippet:-1, max-image-preview:large, max-video-preview:-1\" \/>\n<link rel=\"canonical\" href=\"https:\/\/www.e2.law\/fr\/2021\/03\/04\/privacy-policy\/\" \/>\n<meta property=\"og:locale\" content=\"fr_FR\" \/>\n<meta property=\"og:type\" content=\"article\" \/>\n<meta property=\"og:title\" content=\"D\u00e9claration vie priv\u00e9e (E2.LAW) - e2.law\" \/>\n<meta property=\"og:url\" content=\"https:\/\/www.e2.law\/fr\/2021\/03\/04\/privacy-policy\/\" \/>\n<meta property=\"og:site_name\" content=\"e2.law\" \/>\n<meta property=\"article:published_time\" content=\"2021-03-04T07:24:08+00:00\" \/>\n<meta property=\"article:modified_time\" content=\"2023-04-12T12:11:11+00:00\" \/>\n<meta name=\"author\" content=\"e\u00b2.law\" \/>\n<meta name=\"twitter:card\" content=\"summary_large_image\" \/>\n<meta name=\"twitter:label1\" content=\"\u00c9crit par\" \/>\n\t<meta name=\"twitter:data1\" content=\"e\u00b2.law\" \/>\n\t<meta name=\"twitter:label2\" content=\"Dur\u00e9e de lecture estim\u00e9e\" \/>\n\t<meta name=\"twitter:data2\" content=\"7 minutes\" \/>\n<script type=\"application\/ld+json\" class=\"yoast-schema-graph\">{\"@context\":\"https:\\\/\\\/schema.org\",\"@graph\":[{\"@type\":\"Article\",\"@id\":\"https:\\\/\\\/www.e2.law\\\/fr\\\/2021\\\/03\\\/04\\\/privacy-policy\\\/#article\",\"isPartOf\":{\"@id\":\"https:\\\/\\\/www.e2.law\\\/fr\\\/2021\\\/03\\\/04\\\/privacy-policy\\\/\"},\"author\":{\"name\":\"e\u00b2.law\",\"@id\":\"https:\\\/\\\/www.e2.law\\\/fr\\\/#\\\/schema\\\/person\\\/9f822952177053b420c93ceda8001bcd\"},\"headline\":\"D\u00e9claration vie priv\u00e9e (E2.LAW)\",\"datePublished\":\"2021-03-04T07:24:08+00:00\",\"dateModified\":\"2023-04-12T12:11:11+00:00\",\"mainEntityOfPage\":{\"@id\":\"https:\\\/\\\/www.e2.law\\\/fr\\\/2021\\\/03\\\/04\\\/privacy-policy\\\/\"},\"wordCount\":2184,\"publisher\":{\"@id\":\"https:\\\/\\\/www.e2.law\\\/fr\\\/#organization\"},\"articleSection\":[\"Uncategorized\"],\"inLanguage\":\"fr-FR\"},{\"@type\":\"WebPage\",\"@id\":\"https:\\\/\\\/www.e2.law\\\/fr\\\/2021\\\/03\\\/04\\\/privacy-policy\\\/\",\"url\":\"https:\\\/\\\/www.e2.law\\\/fr\\\/2021\\\/03\\\/04\\\/privacy-policy\\\/\",\"name\":\"D\u00e9claration vie priv\u00e9e (E2.LAW) - e2.law\",\"isPartOf\":{\"@id\":\"https:\\\/\\\/www.e2.law\\\/fr\\\/#website\"},\"datePublished\":\"2021-03-04T07:24:08+00:00\",\"dateModified\":\"2023-04-12T12:11:11+00:00\",\"breadcrumb\":{\"@id\":\"https:\\\/\\\/www.e2.law\\\/fr\\\/2021\\\/03\\\/04\\\/privacy-policy\\\/#breadcrumb\"},\"inLanguage\":\"fr-FR\",\"potentialAction\":[{\"@type\":\"ReadAction\",\"target\":[\"https:\\\/\\\/www.e2.law\\\/fr\\\/2021\\\/03\\\/04\\\/privacy-policy\\\/\"]}]},{\"@type\":\"BreadcrumbList\",\"@id\":\"https:\\\/\\\/www.e2.law\\\/fr\\\/2021\\\/03\\\/04\\\/privacy-policy\\\/#breadcrumb\",\"itemListElement\":[{\"@type\":\"ListItem\",\"position\":1,\"name\":\"Home\",\"item\":\"https:\\\/\\\/www.e2.law\\\/fr\\\/home\\\/\"},{\"@type\":\"ListItem\",\"position\":2,\"name\":\"D\u00e9claration vie priv\u00e9e (E2.LAW)\"}]},{\"@type\":\"WebSite\",\"@id\":\"https:\\\/\\\/www.e2.law\\\/fr\\\/#website\",\"url\":\"https:\\\/\\\/www.e2.law\\\/fr\\\/\",\"name\":\"e2.law\",\"description\":\"A Business Law Firm\",\"publisher\":{\"@id\":\"https:\\\/\\\/www.e2.law\\\/fr\\\/#organization\"},\"potentialAction\":[{\"@type\":\"SearchAction\",\"target\":{\"@type\":\"EntryPoint\",\"urlTemplate\":\"https:\\\/\\\/www.e2.law\\\/fr\\\/?s={search_term_string}\"},\"query-input\":{\"@type\":\"PropertyValueSpecification\",\"valueRequired\":true,\"valueName\":\"search_term_string\"}}],\"inLanguage\":\"fr-FR\"},{\"@type\":\"Organization\",\"@id\":\"https:\\\/\\\/www.e2.law\\\/fr\\\/#organization\",\"name\":\"E2.law\",\"url\":\"https:\\\/\\\/www.e2.law\\\/fr\\\/\",\"logo\":{\"@type\":\"ImageObject\",\"inLanguage\":\"fr-FR\",\"@id\":\"https:\\\/\\\/www.e2.law\\\/fr\\\/#\\\/schema\\\/logo\\\/image\\\/\",\"url\":\"https:\\\/\\\/www.e2.law\\\/wp-content\\\/uploads\\\/2018\\\/12\\\/logo-2.png\",\"contentUrl\":\"https:\\\/\\\/www.e2.law\\\/wp-content\\\/uploads\\\/2018\\\/12\\\/logo-2.png\",\"width\":152,\"height\":40,\"caption\":\"E2.law\"},\"image\":{\"@id\":\"https:\\\/\\\/www.e2.law\\\/fr\\\/#\\\/schema\\\/logo\\\/image\\\/\"},\"sameAs\":[\"https:\\\/\\\/www.linkedin.com\\\/company\\\/e2.law\"]},{\"@type\":\"Person\",\"@id\":\"https:\\\/\\\/www.e2.law\\\/fr\\\/#\\\/schema\\\/person\\\/9f822952177053b420c93ceda8001bcd\",\"name\":\"e\u00b2.law\",\"image\":{\"@type\":\"ImageObject\",\"inLanguage\":\"fr-FR\",\"@id\":\"https:\\\/\\\/secure.gravatar.com\\\/avatar\\\/?d=https:\\\/\\\/www.e2.law\\\/wp-content\\\/uploads\\\/2021\\\/01\\\/pixie_1609696175704-e1610820192173.png&amp;s=96\",\"url\":\"https:\\\/\\\/secure.gravatar.com\\\/avatar\\\/?d=https:\\\/\\\/www.e2.law\\\/wp-content\\\/uploads\\\/2021\\\/01\\\/pixie_1609696175704-e1610820192173.png&amp;s=96\",\"contentUrl\":\"https:\\\/\\\/secure.gravatar.com\\\/avatar\\\/?d=https:\\\/\\\/www.e2.law\\\/wp-content\\\/uploads\\\/2021\\\/01\\\/pixie_1609696175704-e1610820192173.png&amp;s=96\",\"caption\":\"e\u00b2.law\"},\"sameAs\":[\"http:\\\/\\\/www.e2.law\",\"www.linkedin.com\\\\companyprofile\\\\e2.law\"],\"url\":\"https:\\\/\\\/www.e2.law\\\/fr\\\/author\\\/visitor\\\/\"}]}<\/script>\n<!-- \/ Yoast SEO plugin. -->","yoast_head_json":{"title":"D\u00e9claration vie priv\u00e9e (E2.LAW) - e2.law","robots":{"index":"index","follow":"follow","max-snippet":"max-snippet:-1","max-image-preview":"max-image-preview:large","max-video-preview":"max-video-preview:-1"},"canonical":"https:\/\/www.e2.law\/fr\/2021\/03\/04\/privacy-policy\/","og_locale":"fr_FR","og_type":"article","og_title":"D\u00e9claration vie priv\u00e9e (E2.LAW) - e2.law","og_url":"https:\/\/www.e2.law\/fr\/2021\/03\/04\/privacy-policy\/","og_site_name":"e2.law","article_published_time":"2021-03-04T07:24:08+00:00","article_modified_time":"2023-04-12T12:11:11+00:00","author":"e\u00b2.law","twitter_card":"summary_large_image","twitter_misc":{"\u00c9crit par":"e\u00b2.law","Dur\u00e9e de lecture estim\u00e9e":"7 minutes"},"schema":{"@context":"https:\/\/schema.org","@graph":[{"@type":"Article","@id":"https:\/\/www.e2.law\/fr\/2021\/03\/04\/privacy-policy\/#article","isPartOf":{"@id":"https:\/\/www.e2.law\/fr\/2021\/03\/04\/privacy-policy\/"},"author":{"name":"e\u00b2.law","@id":"https:\/\/www.e2.law\/fr\/#\/schema\/person\/9f822952177053b420c93ceda8001bcd"},"headline":"D\u00e9claration vie priv\u00e9e (E2.LAW)","datePublished":"2021-03-04T07:24:08+00:00","dateModified":"2023-04-12T12:11:11+00:00","mainEntityOfPage":{"@id":"https:\/\/www.e2.law\/fr\/2021\/03\/04\/privacy-policy\/"},"wordCount":2184,"publisher":{"@id":"https:\/\/www.e2.law\/fr\/#organization"},"articleSection":["Uncategorized"],"inLanguage":"fr-FR"},{"@type":"WebPage","@id":"https:\/\/www.e2.law\/fr\/2021\/03\/04\/privacy-policy\/","url":"https:\/\/www.e2.law\/fr\/2021\/03\/04\/privacy-policy\/","name":"D\u00e9claration vie priv\u00e9e (E2.LAW) - e2.law","isPartOf":{"@id":"https:\/\/www.e2.law\/fr\/#website"},"datePublished":"2021-03-04T07:24:08+00:00","dateModified":"2023-04-12T12:11:11+00:00","breadcrumb":{"@id":"https:\/\/www.e2.law\/fr\/2021\/03\/04\/privacy-policy\/#breadcrumb"},"inLanguage":"fr-FR","potentialAction":[{"@type":"ReadAction","target":["https:\/\/www.e2.law\/fr\/2021\/03\/04\/privacy-policy\/"]}]},{"@type":"BreadcrumbList","@id":"https:\/\/www.e2.law\/fr\/2021\/03\/04\/privacy-policy\/#breadcrumb","itemListElement":[{"@type":"ListItem","position":1,"name":"Home","item":"https:\/\/www.e2.law\/fr\/home\/"},{"@type":"ListItem","position":2,"name":"D\u00e9claration vie priv\u00e9e (E2.LAW)"}]},{"@type":"WebSite","@id":"https:\/\/www.e2.law\/fr\/#website","url":"https:\/\/www.e2.law\/fr\/","name":"e2.law","description":"A Business Law Firm","publisher":{"@id":"https:\/\/www.e2.law\/fr\/#organization"},"potentialAction":[{"@type":"SearchAction","target":{"@type":"EntryPoint","urlTemplate":"https:\/\/www.e2.law\/fr\/?s={search_term_string}"},"query-input":{"@type":"PropertyValueSpecification","valueRequired":true,"valueName":"search_term_string"}}],"inLanguage":"fr-FR"},{"@type":"Organization","@id":"https:\/\/www.e2.law\/fr\/#organization","name":"E2.law","url":"https:\/\/www.e2.law\/fr\/","logo":{"@type":"ImageObject","inLanguage":"fr-FR","@id":"https:\/\/www.e2.law\/fr\/#\/schema\/logo\/image\/","url":"https:\/\/www.e2.law\/wp-content\/uploads\/2018\/12\/logo-2.png","contentUrl":"https:\/\/www.e2.law\/wp-content\/uploads\/2018\/12\/logo-2.png","width":152,"height":40,"caption":"E2.law"},"image":{"@id":"https:\/\/www.e2.law\/fr\/#\/schema\/logo\/image\/"},"sameAs":["https:\/\/www.linkedin.com\/company\/e2.law"]},{"@type":"Person","@id":"https:\/\/www.e2.law\/fr\/#\/schema\/person\/9f822952177053b420c93ceda8001bcd","name":"e\u00b2.law","image":{"@type":"ImageObject","inLanguage":"fr-FR","@id":"https:\/\/secure.gravatar.com\/avatar\/?d=https:\/\/www.e2.law\/wp-content\/uploads\/2021\/01\/pixie_1609696175704-e1610820192173.png&amp;s=96","url":"https:\/\/secure.gravatar.com\/avatar\/?d=https:\/\/www.e2.law\/wp-content\/uploads\/2021\/01\/pixie_1609696175704-e1610820192173.png&amp;s=96","contentUrl":"https:\/\/secure.gravatar.com\/avatar\/?d=https:\/\/www.e2.law\/wp-content\/uploads\/2021\/01\/pixie_1609696175704-e1610820192173.png&amp;s=96","caption":"e\u00b2.law"},"sameAs":["http:\/\/www.e2.law","www.linkedin.com\\companyprofile\\e2.law"],"url":"https:\/\/www.e2.law\/fr\/author\/visitor\/"}]}},"jetpack_featured_media_url":"","jetpack_sharing_enabled":true,"_links":{"self":[{"href":"https:\/\/www.e2.law\/fr\/wp-json\/wp\/v2\/posts\/29517","targetHints":{"allow":["GET"]}}],"collection":[{"href":"https:\/\/www.e2.law\/fr\/wp-json\/wp\/v2\/posts"}],"about":[{"href":"https:\/\/www.e2.law\/fr\/wp-json\/wp\/v2\/types\/post"}],"author":[{"embeddable":true,"href":"https:\/\/www.e2.law\/fr\/wp-json\/wp\/v2\/users\/169"}],"replies":[{"embeddable":true,"href":"https:\/\/www.e2.law\/fr\/wp-json\/wp\/v2\/comments?post=29517"}],"version-history":[{"count":6,"href":"https:\/\/www.e2.law\/fr\/wp-json\/wp\/v2\/posts\/29517\/revisions"}],"predecessor-version":[{"id":44087,"href":"https:\/\/www.e2.law\/fr\/wp-json\/wp\/v2\/posts\/29517\/revisions\/44087"}],"wp:attachment":[{"href":"https:\/\/www.e2.law\/fr\/wp-json\/wp\/v2\/media?parent=29517"}],"wp:term":[{"taxonomy":"category","embeddable":true,"href":"https:\/\/www.e2.law\/fr\/wp-json\/wp\/v2\/categories?post=29517"},{"taxonomy":"post_tag","embeddable":true,"href":"https:\/\/www.e2.law\/fr\/wp-json\/wp\/v2\/tags?post=29517"}],"curies":[{"name":"wp","href":"https:\/\/api.w.org\/{rel}","templated":true}]}}