{"id":30121,"date":"2021-03-25T18:04:15","date_gmt":"2021-03-25T16:04:15","guid":{"rendered":"https:\/\/www.e2.law\/?p=30121"},"modified":"2022-12-06T13:46:20","modified_gmt":"2022-12-06T11:46:20","slug":"la-responsabilite-des-administrateurs-de-la-personne-morale","status":"publish","type":"post","link":"https:\/\/www.e2.law\/fr\/2021\/03\/25\/la-responsabilite-des-administrateurs-de-la-personne-morale\/","title":{"rendered":"La responsabilit\u00e9 des administrateurs de la personne morale"},"content":{"rendered":"<p>Selon l\u2019article 2:56, al. 1 du CSA,\u00a0<em>\u00ab Les [administrateurs] sont responsables envers la personne morale des fautes commises dans l\u2019accomplissement de leur mission. Il en va de m\u00eame envers les tiers pour autant que la faute commise pr\u00e9sente un caract\u00e8re extracontractuel. Ces personnes ne sont toutefois responsables que des d\u00e9cisions, actes ou comportements qui exc\u00e8dent manifestement la marge dans laquelle des administrateurs normalement prudents et diligents plac\u00e9s dans les m\u00eames circonstances peuvent raisonnablement avoir une opinion divergente. \u00bb<\/em><\/p>\n<p>Cette responsabilit\u00e9 concerne chaque membre d\u2019un organe d\u2019administration, ainsi que le d\u00e9l\u00e9gu\u00e9 \u00e0 la gestion journali\u00e8re, et toute personne ayant d\u00e9tenu le pouvoir de gestion dans les faits (appel\u00e9 \u00ab\u00a0administrateur de fait\u00a0\u00bb).<\/p>\n<p>Il est, toutefois, possible d\u2019\u00e9chapper \u00e0 la responsabilit\u00e9. Comment\u00a0? Dans un premier temps, il faudra d\u00e9montrer que la personne n\u2019a pas pris part \u00e0 la faute (par exemple\u00a0: l\u2019administrateur a protest\u00e9 contre la d\u00e9cision fautive, ou n\u2019\u00e9tait pas pr\u00e9sent lors de la r\u00e9union pour une raison justifi\u00e9e). Dans un deuxi\u00e8mement temps, il faudra d\u00e9noncer la faute aux autres membres de l\u2019organe d\u2019administration.<\/p>\n<p>Il existe des plafonds en mati\u00e8re de montants \u00e0 devoir payer en cas de responsabilit\u00e9 engag\u00e9e.<\/p>\n<p><img data-recalc-dims=\"1\" decoding=\"async\" class=\"lazyload wp-image-43365 size-full aligncenter\" src=\"https:\/\/i0.wp.com\/www.e2.law\/wp-content\/uploads\/2021\/03\/plafond-fr.png?resize=800%2C392&#038;ssl=1\" data-orig-src=\"https:\/\/www.e2.law\/wp-content\/uploads\/2021\/03\/plafond-fr.png\" alt=\"\" width=\"800\" height=\"392\" srcset=\"data:image\/svg+xml,%3Csvg%20xmlns%3D%27http%3A%2F%2Fwww.w3.org%2F2000%2Fsvg%27%20width%3D%27800%27%20height%3D%27392%27%20viewBox%3D%270%200%20800%20392%27%3E%3Crect%20width%3D%27800%27%20height%3D%27392%27%20fill-opacity%3D%220%22%2F%3E%3C%2Fsvg%3E\" data-srcset=\"https:\/\/i0.wp.com\/www.e2.law\/wp-content\/uploads\/2021\/03\/plafond-fr.png?resize=200%2C98&amp;ssl=1 200w, https:\/\/i0.wp.com\/www.e2.law\/wp-content\/uploads\/2021\/03\/plafond-fr.png?resize=300%2C147&amp;ssl=1 300w, https:\/\/i0.wp.com\/www.e2.law\/wp-content\/uploads\/2021\/03\/plafond-fr.png?resize=400%2C196&amp;ssl=1 400w, https:\/\/i0.wp.com\/www.e2.law\/wp-content\/uploads\/2021\/03\/plafond-fr.png?resize=500%2C245&amp;ssl=1 500w, https:\/\/i0.wp.com\/www.e2.law\/wp-content\/uploads\/2021\/03\/plafond-fr.png?resize=600%2C294&amp;ssl=1 600w, https:\/\/i0.wp.com\/www.e2.law\/wp-content\/uploads\/2021\/03\/plafond-fr.png?resize=700%2C343&amp;ssl=1 700w, https:\/\/i0.wp.com\/www.e2.law\/wp-content\/uploads\/2021\/03\/plafond-fr.png?resize=768%2C376&amp;ssl=1 768w, https:\/\/i0.wp.com\/www.e2.law\/wp-content\/uploads\/2021\/03\/plafond-fr.png?w=800&amp;ssl=1 800w\" data-sizes=\"auto\" data-orig-sizes=\"(max-width: 800px) 100vw, 800px\" \/><\/p>\n<p>Cependant, ces plafonds ne sont pas applicables en cas notamment de faute l\u00e9g\u00e8re habituelle (par opposition \u00e0 accidentelle), de faute grave, d\u2019intention frauduleuse ou \u00e0 dessein de nuire, de certaines responsabilit\u00e9s fiscales (taxes et imp\u00f4ts\u00a0: ONSS, TVA, etc.).<\/p>\n<p>Une autre fa\u00e7on de limiter la responsabilit\u00e9 des administrateurs est de souscrire une assurance sp\u00e9cialis\u00e9e en l\u2019esp\u00e8ce.<\/p>\n","protected":false},"excerpt":{"rendered":"<p>Selon l\u2019article 2:56, al. 1 du CSA,\u00a0\u00ab Les [administrateurs] sont responsables envers la personne morale des fautes commises dans l\u2019accomplissement de leur mission. Il en va de m\u00eame envers les tiers pour autant que la faute commise pr\u00e9sente un caract\u00e8re extracontractuel. Ces personnes ne sont toutefois responsables que des d\u00e9cisions, actes ou comportements qui exc\u00e8dent manifestement   [&#8230;]<\/p>\n","protected":false},"author":169,"featured_media":0,"comment_status":"closed","ping_status":"open","sticky":false,"template":"","format":"standard","meta":{"_acf_changed":false,"_jetpack_memberships_contains_paid_content":false,"footnotes":""},"categories":[141],"tags":[],"class_list":["post-30121","post","type-post","status-publish","format-standard","hentry","category-non-classifiee"],"acf":[],"yoast_head":"<!-- This site is optimized with the Yoast SEO plugin v27.5 - https:\/\/yoast.com\/product\/yoast-seo-wordpress\/ -->\n<title>La responsabilit\u00e9 des administrateurs de la personne morale - e2.law<\/title>\n<meta name=\"robots\" content=\"index, follow, max-snippet:-1, max-image-preview:large, max-video-preview:-1\" \/>\n<link rel=\"canonical\" href=\"https:\/\/www.e2.law\/fr\/2021\/03\/25\/la-responsabilite-des-administrateurs-de-la-personne-morale\/\" \/>\n<meta property=\"og:locale\" content=\"fr_FR\" \/>\n<meta property=\"og:type\" content=\"article\" \/>\n<meta property=\"og:title\" content=\"La responsabilit\u00e9 des administrateurs de la personne morale - e2.law\" \/>\n<meta property=\"og:description\" content=\"Selon l\u2019article 2:56, al. 1 du CSA,\u00a0\u00ab Les [administrateurs] sont responsables envers la personne morale des fautes commises dans l\u2019accomplissement de leur mission. Il en va de m\u00eame envers les tiers pour autant que la faute commise pr\u00e9sente un caract\u00e8re extracontractuel. Ces personnes ne sont toutefois responsables que des d\u00e9cisions, actes ou comportements qui exc\u00e8dent manifestement  [...]\" \/>\n<meta property=\"og:url\" content=\"https:\/\/www.e2.law\/fr\/2021\/03\/25\/la-responsabilite-des-administrateurs-de-la-personne-morale\/\" \/>\n<meta property=\"og:site_name\" content=\"e2.law\" \/>\n<meta property=\"article:published_time\" content=\"2021-03-25T16:04:15+00:00\" \/>\n<meta property=\"article:modified_time\" content=\"2022-12-06T11:46:20+00:00\" \/>\n<meta property=\"og:image\" content=\"https:\/\/www.e2.law\/wp-content\/uploads\/2021\/03\/plafond-fr.png\" \/>\n<meta name=\"author\" content=\"e\u00b2.law\" \/>\n<meta name=\"twitter:card\" content=\"summary_large_image\" \/>\n<meta name=\"twitter:label1\" content=\"\u00c9crit par\" \/>\n\t<meta name=\"twitter:data1\" content=\"e\u00b2.law\" \/>\n\t<meta name=\"twitter:label2\" content=\"Dur\u00e9e de lecture estim\u00e9e\" \/>\n\t<meta name=\"twitter:data2\" content=\"2 minutes\" \/>\n<script type=\"application\/ld+json\" class=\"yoast-schema-graph\">{\"@context\":\"https:\\\/\\\/schema.org\",\"@graph\":[{\"@type\":\"Article\",\"@id\":\"https:\\\/\\\/www.e2.law\\\/fr\\\/2021\\\/03\\\/25\\\/la-responsabilite-des-administrateurs-de-la-personne-morale\\\/#article\",\"isPartOf\":{\"@id\":\"https:\\\/\\\/www.e2.law\\\/fr\\\/2021\\\/03\\\/25\\\/la-responsabilite-des-administrateurs-de-la-personne-morale\\\/\"},\"author\":{\"name\":\"e\u00b2.law\",\"@id\":\"https:\\\/\\\/www.e2.law\\\/fr\\\/#\\\/schema\\\/person\\\/9f822952177053b420c93ceda8001bcd\"},\"headline\":\"La responsabilit\u00e9 des administrateurs de la personne morale\",\"datePublished\":\"2021-03-25T16:04:15+00:00\",\"dateModified\":\"2022-12-06T11:46:20+00:00\",\"mainEntityOfPage\":{\"@id\":\"https:\\\/\\\/www.e2.law\\\/fr\\\/2021\\\/03\\\/25\\\/la-responsabilite-des-administrateurs-de-la-personne-morale\\\/\"},\"wordCount\":282,\"publisher\":{\"@id\":\"https:\\\/\\\/www.e2.law\\\/fr\\\/#organization\"},\"image\":{\"@id\":\"https:\\\/\\\/www.e2.law\\\/fr\\\/2021\\\/03\\\/25\\\/la-responsabilite-des-administrateurs-de-la-personne-morale\\\/#primaryimage\"},\"thumbnailUrl\":\"https:\\\/\\\/www.e2.law\\\/wp-content\\\/uploads\\\/2021\\\/03\\\/plafond-fr.png\",\"articleSection\":[\"Non classifi\u00e9(e)\"],\"inLanguage\":\"fr-FR\"},{\"@type\":\"WebPage\",\"@id\":\"https:\\\/\\\/www.e2.law\\\/fr\\\/2021\\\/03\\\/25\\\/la-responsabilite-des-administrateurs-de-la-personne-morale\\\/\",\"url\":\"https:\\\/\\\/www.e2.law\\\/fr\\\/2021\\\/03\\\/25\\\/la-responsabilite-des-administrateurs-de-la-personne-morale\\\/\",\"name\":\"La responsabilit\u00e9 des administrateurs de la personne morale - e2.law\",\"isPartOf\":{\"@id\":\"https:\\\/\\\/www.e2.law\\\/fr\\\/#website\"},\"primaryImageOfPage\":{\"@id\":\"https:\\\/\\\/www.e2.law\\\/fr\\\/2021\\\/03\\\/25\\\/la-responsabilite-des-administrateurs-de-la-personne-morale\\\/#primaryimage\"},\"image\":{\"@id\":\"https:\\\/\\\/www.e2.law\\\/fr\\\/2021\\\/03\\\/25\\\/la-responsabilite-des-administrateurs-de-la-personne-morale\\\/#primaryimage\"},\"thumbnailUrl\":\"https:\\\/\\\/www.e2.law\\\/wp-content\\\/uploads\\\/2021\\\/03\\\/plafond-fr.png\",\"datePublished\":\"2021-03-25T16:04:15+00:00\",\"dateModified\":\"2022-12-06T11:46:20+00:00\",\"breadcrumb\":{\"@id\":\"https:\\\/\\\/www.e2.law\\\/fr\\\/2021\\\/03\\\/25\\\/la-responsabilite-des-administrateurs-de-la-personne-morale\\\/#breadcrumb\"},\"inLanguage\":\"fr-FR\",\"potentialAction\":[{\"@type\":\"ReadAction\",\"target\":[\"https:\\\/\\\/www.e2.law\\\/fr\\\/2021\\\/03\\\/25\\\/la-responsabilite-des-administrateurs-de-la-personne-morale\\\/\"]}]},{\"@type\":\"ImageObject\",\"inLanguage\":\"fr-FR\",\"@id\":\"https:\\\/\\\/www.e2.law\\\/fr\\\/2021\\\/03\\\/25\\\/la-responsabilite-des-administrateurs-de-la-personne-morale\\\/#primaryimage\",\"url\":\"https:\\\/\\\/www.e2.law\\\/wp-content\\\/uploads\\\/2021\\\/03\\\/plafond-fr.png\",\"contentUrl\":\"https:\\\/\\\/www.e2.law\\\/wp-content\\\/uploads\\\/2021\\\/03\\\/plafond-fr.png\"},{\"@type\":\"BreadcrumbList\",\"@id\":\"https:\\\/\\\/www.e2.law\\\/fr\\\/2021\\\/03\\\/25\\\/la-responsabilite-des-administrateurs-de-la-personne-morale\\\/#breadcrumb\",\"itemListElement\":[{\"@type\":\"ListItem\",\"position\":1,\"name\":\"Home\",\"item\":\"https:\\\/\\\/www.e2.law\\\/fr\\\/home\\\/\"},{\"@type\":\"ListItem\",\"position\":2,\"name\":\"La responsabilit\u00e9 des administrateurs de la personne morale\"}]},{\"@type\":\"WebSite\",\"@id\":\"https:\\\/\\\/www.e2.law\\\/fr\\\/#website\",\"url\":\"https:\\\/\\\/www.e2.law\\\/fr\\\/\",\"name\":\"e2.law\",\"description\":\"A Business Law Firm\",\"publisher\":{\"@id\":\"https:\\\/\\\/www.e2.law\\\/fr\\\/#organization\"},\"potentialAction\":[{\"@type\":\"SearchAction\",\"target\":{\"@type\":\"EntryPoint\",\"urlTemplate\":\"https:\\\/\\\/www.e2.law\\\/fr\\\/?s={search_term_string}\"},\"query-input\":{\"@type\":\"PropertyValueSpecification\",\"valueRequired\":true,\"valueName\":\"search_term_string\"}}],\"inLanguage\":\"fr-FR\"},{\"@type\":\"Organization\",\"@id\":\"https:\\\/\\\/www.e2.law\\\/fr\\\/#organization\",\"name\":\"E2.law\",\"url\":\"https:\\\/\\\/www.e2.law\\\/fr\\\/\",\"logo\":{\"@type\":\"ImageObject\",\"inLanguage\":\"fr-FR\",\"@id\":\"https:\\\/\\\/www.e2.law\\\/fr\\\/#\\\/schema\\\/logo\\\/image\\\/\",\"url\":\"https:\\\/\\\/www.e2.law\\\/wp-content\\\/uploads\\\/2018\\\/12\\\/logo-2.png\",\"contentUrl\":\"https:\\\/\\\/www.e2.law\\\/wp-content\\\/uploads\\\/2018\\\/12\\\/logo-2.png\",\"width\":152,\"height\":40,\"caption\":\"E2.law\"},\"image\":{\"@id\":\"https:\\\/\\\/www.e2.law\\\/fr\\\/#\\\/schema\\\/logo\\\/image\\\/\"},\"sameAs\":[\"https:\\\/\\\/www.linkedin.com\\\/company\\\/e2.law\"]},{\"@type\":\"Person\",\"@id\":\"https:\\\/\\\/www.e2.law\\\/fr\\\/#\\\/schema\\\/person\\\/9f822952177053b420c93ceda8001bcd\",\"name\":\"e\u00b2.law\",\"image\":{\"@type\":\"ImageObject\",\"inLanguage\":\"fr-FR\",\"@id\":\"https:\\\/\\\/secure.gravatar.com\\\/avatar\\\/?d=https:\\\/\\\/www.e2.law\\\/wp-content\\\/uploads\\\/2021\\\/01\\\/pixie_1609696175704-e1610820192173.png&amp;s=96\",\"url\":\"https:\\\/\\\/secure.gravatar.com\\\/avatar\\\/?d=https:\\\/\\\/www.e2.law\\\/wp-content\\\/uploads\\\/2021\\\/01\\\/pixie_1609696175704-e1610820192173.png&amp;s=96\",\"contentUrl\":\"https:\\\/\\\/secure.gravatar.com\\\/avatar\\\/?d=https:\\\/\\\/www.e2.law\\\/wp-content\\\/uploads\\\/2021\\\/01\\\/pixie_1609696175704-e1610820192173.png&amp;s=96\",\"caption\":\"e\u00b2.law\"},\"sameAs\":[\"http:\\\/\\\/www.e2.law\",\"www.linkedin.com\\\\companyprofile\\\\e2.law\"],\"url\":\"https:\\\/\\\/www.e2.law\\\/fr\\\/author\\\/visitor\\\/\"}]}<\/script>\n<!-- \/ Yoast SEO plugin. -->","yoast_head_json":{"title":"La responsabilit\u00e9 des administrateurs de la personne morale - e2.law","robots":{"index":"index","follow":"follow","max-snippet":"max-snippet:-1","max-image-preview":"max-image-preview:large","max-video-preview":"max-video-preview:-1"},"canonical":"https:\/\/www.e2.law\/fr\/2021\/03\/25\/la-responsabilite-des-administrateurs-de-la-personne-morale\/","og_locale":"fr_FR","og_type":"article","og_title":"La responsabilit\u00e9 des administrateurs de la personne morale - e2.law","og_description":"Selon l\u2019article 2:56, al. 1 du CSA,\u00a0\u00ab Les [administrateurs] sont responsables envers la personne morale des fautes commises dans l\u2019accomplissement de leur mission. Il en va de m\u00eame envers les tiers pour autant que la faute commise pr\u00e9sente un caract\u00e8re extracontractuel. Ces personnes ne sont toutefois responsables que des d\u00e9cisions, actes ou comportements qui exc\u00e8dent manifestement  [...]","og_url":"https:\/\/www.e2.law\/fr\/2021\/03\/25\/la-responsabilite-des-administrateurs-de-la-personne-morale\/","og_site_name":"e2.law","article_published_time":"2021-03-25T16:04:15+00:00","article_modified_time":"2022-12-06T11:46:20+00:00","og_image":[{"url":"https:\/\/www.e2.law\/wp-content\/uploads\/2021\/03\/plafond-fr.png","type":"","width":"","height":""}],"author":"e\u00b2.law","twitter_card":"summary_large_image","twitter_misc":{"\u00c9crit par":"e\u00b2.law","Dur\u00e9e de lecture estim\u00e9e":"2 minutes"},"schema":{"@context":"https:\/\/schema.org","@graph":[{"@type":"Article","@id":"https:\/\/www.e2.law\/fr\/2021\/03\/25\/la-responsabilite-des-administrateurs-de-la-personne-morale\/#article","isPartOf":{"@id":"https:\/\/www.e2.law\/fr\/2021\/03\/25\/la-responsabilite-des-administrateurs-de-la-personne-morale\/"},"author":{"name":"e\u00b2.law","@id":"https:\/\/www.e2.law\/fr\/#\/schema\/person\/9f822952177053b420c93ceda8001bcd"},"headline":"La responsabilit\u00e9 des administrateurs de la personne morale","datePublished":"2021-03-25T16:04:15+00:00","dateModified":"2022-12-06T11:46:20+00:00","mainEntityOfPage":{"@id":"https:\/\/www.e2.law\/fr\/2021\/03\/25\/la-responsabilite-des-administrateurs-de-la-personne-morale\/"},"wordCount":282,"publisher":{"@id":"https:\/\/www.e2.law\/fr\/#organization"},"image":{"@id":"https:\/\/www.e2.law\/fr\/2021\/03\/25\/la-responsabilite-des-administrateurs-de-la-personne-morale\/#primaryimage"},"thumbnailUrl":"https:\/\/www.e2.law\/wp-content\/uploads\/2021\/03\/plafond-fr.png","articleSection":["Non classifi\u00e9(e)"],"inLanguage":"fr-FR"},{"@type":"WebPage","@id":"https:\/\/www.e2.law\/fr\/2021\/03\/25\/la-responsabilite-des-administrateurs-de-la-personne-morale\/","url":"https:\/\/www.e2.law\/fr\/2021\/03\/25\/la-responsabilite-des-administrateurs-de-la-personne-morale\/","name":"La responsabilit\u00e9 des administrateurs de la personne morale - e2.law","isPartOf":{"@id":"https:\/\/www.e2.law\/fr\/#website"},"primaryImageOfPage":{"@id":"https:\/\/www.e2.law\/fr\/2021\/03\/25\/la-responsabilite-des-administrateurs-de-la-personne-morale\/#primaryimage"},"image":{"@id":"https:\/\/www.e2.law\/fr\/2021\/03\/25\/la-responsabilite-des-administrateurs-de-la-personne-morale\/#primaryimage"},"thumbnailUrl":"https:\/\/www.e2.law\/wp-content\/uploads\/2021\/03\/plafond-fr.png","datePublished":"2021-03-25T16:04:15+00:00","dateModified":"2022-12-06T11:46:20+00:00","breadcrumb":{"@id":"https:\/\/www.e2.law\/fr\/2021\/03\/25\/la-responsabilite-des-administrateurs-de-la-personne-morale\/#breadcrumb"},"inLanguage":"fr-FR","potentialAction":[{"@type":"ReadAction","target":["https:\/\/www.e2.law\/fr\/2021\/03\/25\/la-responsabilite-des-administrateurs-de-la-personne-morale\/"]}]},{"@type":"ImageObject","inLanguage":"fr-FR","@id":"https:\/\/www.e2.law\/fr\/2021\/03\/25\/la-responsabilite-des-administrateurs-de-la-personne-morale\/#primaryimage","url":"https:\/\/www.e2.law\/wp-content\/uploads\/2021\/03\/plafond-fr.png","contentUrl":"https:\/\/www.e2.law\/wp-content\/uploads\/2021\/03\/plafond-fr.png"},{"@type":"BreadcrumbList","@id":"https:\/\/www.e2.law\/fr\/2021\/03\/25\/la-responsabilite-des-administrateurs-de-la-personne-morale\/#breadcrumb","itemListElement":[{"@type":"ListItem","position":1,"name":"Home","item":"https:\/\/www.e2.law\/fr\/home\/"},{"@type":"ListItem","position":2,"name":"La responsabilit\u00e9 des administrateurs de la personne morale"}]},{"@type":"WebSite","@id":"https:\/\/www.e2.law\/fr\/#website","url":"https:\/\/www.e2.law\/fr\/","name":"e2.law","description":"A Business Law Firm","publisher":{"@id":"https:\/\/www.e2.law\/fr\/#organization"},"potentialAction":[{"@type":"SearchAction","target":{"@type":"EntryPoint","urlTemplate":"https:\/\/www.e2.law\/fr\/?s={search_term_string}"},"query-input":{"@type":"PropertyValueSpecification","valueRequired":true,"valueName":"search_term_string"}}],"inLanguage":"fr-FR"},{"@type":"Organization","@id":"https:\/\/www.e2.law\/fr\/#organization","name":"E2.law","url":"https:\/\/www.e2.law\/fr\/","logo":{"@type":"ImageObject","inLanguage":"fr-FR","@id":"https:\/\/www.e2.law\/fr\/#\/schema\/logo\/image\/","url":"https:\/\/www.e2.law\/wp-content\/uploads\/2018\/12\/logo-2.png","contentUrl":"https:\/\/www.e2.law\/wp-content\/uploads\/2018\/12\/logo-2.png","width":152,"height":40,"caption":"E2.law"},"image":{"@id":"https:\/\/www.e2.law\/fr\/#\/schema\/logo\/image\/"},"sameAs":["https:\/\/www.linkedin.com\/company\/e2.law"]},{"@type":"Person","@id":"https:\/\/www.e2.law\/fr\/#\/schema\/person\/9f822952177053b420c93ceda8001bcd","name":"e\u00b2.law","image":{"@type":"ImageObject","inLanguage":"fr-FR","@id":"https:\/\/secure.gravatar.com\/avatar\/?d=https:\/\/www.e2.law\/wp-content\/uploads\/2021\/01\/pixie_1609696175704-e1610820192173.png&amp;s=96","url":"https:\/\/secure.gravatar.com\/avatar\/?d=https:\/\/www.e2.law\/wp-content\/uploads\/2021\/01\/pixie_1609696175704-e1610820192173.png&amp;s=96","contentUrl":"https:\/\/secure.gravatar.com\/avatar\/?d=https:\/\/www.e2.law\/wp-content\/uploads\/2021\/01\/pixie_1609696175704-e1610820192173.png&amp;s=96","caption":"e\u00b2.law"},"sameAs":["http:\/\/www.e2.law","www.linkedin.com\\companyprofile\\e2.law"],"url":"https:\/\/www.e2.law\/fr\/author\/visitor\/"}]}},"jetpack_featured_media_url":"","jetpack_sharing_enabled":true,"_links":{"self":[{"href":"https:\/\/www.e2.law\/fr\/wp-json\/wp\/v2\/posts\/30121","targetHints":{"allow":["GET"]}}],"collection":[{"href":"https:\/\/www.e2.law\/fr\/wp-json\/wp\/v2\/posts"}],"about":[{"href":"https:\/\/www.e2.law\/fr\/wp-json\/wp\/v2\/types\/post"}],"author":[{"embeddable":true,"href":"https:\/\/www.e2.law\/fr\/wp-json\/wp\/v2\/users\/169"}],"replies":[{"embeddable":true,"href":"https:\/\/www.e2.law\/fr\/wp-json\/wp\/v2\/comments?post=30121"}],"version-history":[{"count":3,"href":"https:\/\/www.e2.law\/fr\/wp-json\/wp\/v2\/posts\/30121\/revisions"}],"predecessor-version":[{"id":43368,"href":"https:\/\/www.e2.law\/fr\/wp-json\/wp\/v2\/posts\/30121\/revisions\/43368"}],"wp:attachment":[{"href":"https:\/\/www.e2.law\/fr\/wp-json\/wp\/v2\/media?parent=30121"}],"wp:term":[{"taxonomy":"category","embeddable":true,"href":"https:\/\/www.e2.law\/fr\/wp-json\/wp\/v2\/categories?post=30121"},{"taxonomy":"post_tag","embeddable":true,"href":"https:\/\/www.e2.law\/fr\/wp-json\/wp\/v2\/tags?post=30121"}],"curies":[{"name":"wp","href":"https:\/\/api.w.org\/{rel}","templated":true}]}}