{"id":30130,"date":"2021-03-25T18:24:48","date_gmt":"2021-03-25T16:24:48","guid":{"rendered":"https:\/\/www.e2.law\/?p=30130"},"modified":"2024-05-20T17:40:02","modified_gmt":"2024-05-20T15:40:02","slug":"administration-de-la-srl","status":"publish","type":"post","link":"https:\/\/www.e2.law\/fr\/2021\/03\/25\/administration-de-la-srl\/","title":{"rendered":"Administration de la SRL"},"content":{"rendered":"<div class=\"fusion-fullwidth fullwidth-box fusion-builder-row-1 fusion-flex-container nonhundred-percent-fullwidth non-hundred-percent-height-scrolling\" style=\"--awb-border-radius-top-left:0px;--awb-border-radius-top-right:0px;--awb-border-radius-bottom-right:0px;--awb-border-radius-bottom-left:0px;--awb-flex-wrap:wrap;\" ><div class=\"fusion-builder-row fusion-row fusion-flex-align-items-flex-start fusion-flex-content-wrap\" style=\"max-width:1144px;margin-left: calc(-4% \/ 2 );margin-right: calc(-4% \/ 2 );\"><div class=\"fusion-layout-column fusion_builder_column fusion-builder-column-0 fusion_builder_column_1_1 1_1 fusion-flex-column\" style=\"--awb-bg-size:cover;--awb-width-large:100%;--awb-margin-top-large:0px;--awb-spacing-right-large:1.92%;--awb-margin-bottom-large:0px;--awb-spacing-left-large:1.92%;--awb-width-medium:100%;--awb-spacing-right-medium:1.92%;--awb-spacing-left-medium:1.92%;--awb-width-small:100%;--awb-spacing-right-small:1.92%;--awb-spacing-left-small:1.92%;\"><div class=\"fusion-column-wrapper fusion-flex-justify-content-flex-start fusion-content-layout-column\"><div class=\"fusion-text fusion-text-1\"><h2>I. Structure<\/h2>\n<p>L\u2019organe d\u2019administration g\u00e8re la personne morale et prend l\u2019ensemble des d\u00e9cisions relatives \u00e0 son fonctionnement. Une SRL peut b\u00e9n\u00e9ficier d\u2019une gestion par d\u00e9faut, ou coll\u00e9giale (<a href=\"https:\/\/www.ejustice.just.fgov.be\/cgi_loi\/loi_a1.pl?language=fr&amp;la=F&amp;cn=2019032309&amp;table_name=loi&amp;&amp;caller=list&amp;F&amp;fromtab=loi&amp;tri=dd+AS+RANK&amp;rech=1&amp;numero=1&amp;sql=(text+contains+(%27%27))#Art.5:70\">art. 5:70 CSA<\/a>). La gestion par d\u00e9faut sera exerc\u00e9e par un ou plusieurs <a href=\"https:\/\/www.e2.law\/fr\/legalconcepts\/administrateur\/\">administrateurs<\/a> ayant l\u2019enti\u00e8ret\u00e9 des comp\u00e9tences. La gestion coll\u00e9giale, comme son nom l\u2019indique, sera exerc\u00e9e par un organe d\u2019administration coll\u00e9gial, dont les membres ne pourront agir qu\u2019ensemble au nom de la soci\u00e9t\u00e9. Cette forme devra \u00eatre mentionn\u00e9e dans les statuts.<\/p>\n<h2>II. Gestion journali\u00e8re<\/h2>\n<p>Le CSA \u00e9tend la notion de <a href=\"https:\/\/www.e2.law\/fr\/legalconcepts\/gestion-journaliere\/\">d\u00e9l\u00e9gation journali\u00e8re<\/a>. En effet, celle-ci passe du concept \u00ab\u00a0d\u2019actes urgents de minime importance\u00a0\u00bb, \u00e0 celui d\u2019 <em>\u00ab actes et d\u00e9cisions qui n&#8217;exc\u00e8dent pas les besoins de la vie quotidienne de la soci\u00e9t\u00e9\u00a0\u00bb ainsi qu\u2019aux \u00ab\u00a0actes et les d\u00e9cisions qui, soit en raison de leur int\u00e9r\u00eat mineur qu&#8217;ils repr\u00e9sentent soit en raison de leur caract\u00e8re urgent, ne justifient pas l&#8217;intervention de l&#8217;organe d&#8217;administration\u00a0\u00bb<\/em> (<a href=\"https:\/\/www.ejustice.just.fgov.be\/cgi_loi\/loi_a1.pl?language=fr&amp;la=F&amp;cn=2019032309&amp;table_name=loi&amp;&amp;caller=list&amp;F&amp;fromtab=loi&amp;tri=dd+AS+RANK&amp;rech=1&amp;numero=1&amp;sql=(text+contains+(%27%27))#Art.5:79\">art. 5:79, al. 2 CSA<\/a>). Encadrer et d\u00e9finir de mani\u00e8re claire la notion de gestion journali\u00e8re, ainsi que ce qu\u2019elle comporte, peut \u00eatre un avantage et permettre d\u2019\u00e9viter aux administrateurs-d\u00e9l\u00e9gu\u00e9s d\u2019exc\u00e9der leurs pouvoirs.<\/p>\n<h2>III. Les administrateurs<\/h2>\n<p>Les SRL peuvent b\u00e9n\u00e9ficier d\u2019un ou de plusieurs administrateurs qui peuvent \u00eatre des personnes physique ou des personnes morales. Ces administrateurs sont d\u00e9sign\u00e9s au sein des statuts ou sont nomm\u00e9 par l\u2019<a href=\"https:\/\/www.e2.law\/fr\/2021\/04\/07\/les-pouvoirs-de-lassemblee-generale-de-la-srl\/\">Assembl\u00e9e G\u00e9n\u00e9rale<\/a> (AG). A la constitution, la nomination peut figurer dans l\u2019acte constitutif. La dur\u00e9e de la nomination peut \u00eatre d\u00e9termin\u00e9e ou ind\u00e9termin\u00e9e. Le ou les administrateurs sont ind\u00e9pendants au sens du droit social. Cela signifie qu\u2019ils ne sont pas soumis \u00e0 un contrat de travail. En principe, la fonction d\u2019administrateur est r\u00e9mun\u00e9r\u00e9e, selon ce qui est fix\u00e9 par l\u2019AG (<a href=\"https:\/\/www.ejustice.just.fgov.be\/cgi_loi\/loi_a1.pl?language=fr&amp;la=F&amp;cn=2019032309&amp;table_name=loi&amp;&amp;caller=list&amp;F&amp;fromtab=loi&amp;tri=dd+AS+RANK&amp;rech=1&amp;numero=1&amp;sql=(text+contains+(%27%27))#Art.5:70\">art. 5:70 \u00a71 et 2 CSA<\/a>).<\/p>\n<p>Un administrateur peut d\u00e9missionner par une simple notification adress\u00e9e \u00e0 l\u2019organe d\u2019administration (<a href=\"https:\/\/www.ejustice.just.fgov.be\/cgi_loi\/loi_a1.pl?language=fr&amp;la=F&amp;cn=2019032309&amp;table_name=loi&amp;&amp;caller=list&amp;F&amp;fromtab=loi&amp;tri=dd+AS+RANK&amp;rech=1&amp;numero=1&amp;sql=(text+contains+(%27%27))#Art.5:70\">art. 5:70 \u00a74 CSA<\/a>). Cette d\u00e9mission n\u2019a pas besoin d\u2019\u00eatre accept\u00e9e ou \u00ab\u00a0act\u00e9e\u00a0\u00bb pour \u00eatre effective. Si la soci\u00e9t\u00e9 le demande, l\u2019administrateur peut \u00eatre tenu de rester en fonction durant un d\u00e9lai raisonnable n\u00e9cessaire \u00e0 son remplacement. Ce dernier peut publier lui-m\u00eame sa d\u00e9mission.<\/p>\n<p>Un administrateur peut \u00e9galement \u00eatre r\u00e9voqu\u00e9 soit par la modification des statuts (pour les administrateurs statutaires) soit <a href=\"https:\/\/www.e2.law\/fr\/legalconcepts\/revocabilite-ad-nutum\/\"><em>ad nutum<\/em> <\/a>(pour les administrateurs non-statutaires). Il est possible de pr\u00e9voir dans les statuts que la r\u00e9vocation d\u2019un administrateur sera pr\u00e9c\u00e9d\u00e9e d\u2019un pr\u00e9avis et sera accompagn\u00e9e d\u2019un \u00ab\u00a0parachute dor\u00e9\u00a0\u00bb. Cependant, l\u2019AG peut toujours mettre fin au mandat, sans pr\u00e9avis ni indemnit\u00e9, pour de justes motifs.<\/p>\n<\/div><\/div><\/div><\/div><\/div>\n","protected":false},"excerpt":{"rendered":"","protected":false},"author":169,"featured_media":0,"comment_status":"closed","ping_status":"open","sticky":false,"template":"","format":"standard","meta":{"_acf_changed":false,"_jetpack_memberships_contains_paid_content":false,"footnotes":""},"categories":[141],"tags":[1234,1504],"class_list":["post-30130","post","type-post","status-publish","format-standard","hentry","category-non-classifiee","tag-societe-a-responsabilite-limitee","tag-organe-dadministration"],"acf":[],"yoast_head":"<!-- This site is optimized with the Yoast SEO plugin v27.5 - https:\/\/yoast.com\/product\/yoast-seo-wordpress\/ -->\n<title>Administration de la SRL - e2.law<\/title>\n<meta name=\"description\" content=\"L\u2019organe d\u2019administration g\u00e8re la personne morale et prend l\u2019ensemble des d\u00e9cisions relatives \u00e0 son fonctionnement.\" \/>\n<meta name=\"robots\" content=\"index, follow, max-snippet:-1, max-image-preview:large, max-video-preview:-1\" \/>\n<link rel=\"canonical\" href=\"https:\/\/www.e2.law\/fr\/2021\/03\/25\/administration-de-la-srl\/\" \/>\n<meta property=\"og:locale\" content=\"fr_FR\" \/>\n<meta property=\"og:type\" content=\"article\" \/>\n<meta property=\"og:title\" content=\"Administration de la SRL - e2.law\" \/>\n<meta property=\"og:description\" content=\"L\u2019organe d\u2019administration g\u00e8re la personne morale et prend l\u2019ensemble des d\u00e9cisions relatives \u00e0 son fonctionnement.\" \/>\n<meta property=\"og:url\" content=\"https:\/\/www.e2.law\/fr\/2021\/03\/25\/administration-de-la-srl\/\" \/>\n<meta property=\"og:site_name\" content=\"e2.law\" \/>\n<meta property=\"article:published_time\" content=\"2021-03-25T16:24:48+00:00\" \/>\n<meta property=\"article:modified_time\" content=\"2024-05-20T15:40:02+00:00\" \/>\n<meta name=\"author\" content=\"e\u00b2.law\" \/>\n<meta name=\"twitter:card\" content=\"summary_large_image\" \/>\n<meta name=\"twitter:label1\" content=\"\u00c9crit par\" \/>\n\t<meta name=\"twitter:data1\" content=\"e\u00b2.law\" \/>\n\t<meta name=\"twitter:label2\" content=\"Dur\u00e9e de lecture estim\u00e9e\" \/>\n\t<meta name=\"twitter:data2\" content=\"3 minutes\" \/>\n<script type=\"application\/ld+json\" class=\"yoast-schema-graph\">{\"@context\":\"https:\\\/\\\/schema.org\",\"@graph\":[{\"@type\":\"Article\",\"@id\":\"https:\\\/\\\/www.e2.law\\\/fr\\\/2021\\\/03\\\/25\\\/administration-de-la-srl\\\/#article\",\"isPartOf\":{\"@id\":\"https:\\\/\\\/www.e2.law\\\/fr\\\/2021\\\/03\\\/25\\\/administration-de-la-srl\\\/\"},\"author\":{\"name\":\"e\u00b2.law\",\"@id\":\"https:\\\/\\\/www.e2.law\\\/fr\\\/#\\\/schema\\\/person\\\/9f822952177053b420c93ceda8001bcd\"},\"headline\":\"Administration de la SRL\",\"datePublished\":\"2021-03-25T16:24:48+00:00\",\"dateModified\":\"2024-05-20T15:40:02+00:00\",\"mainEntityOfPage\":{\"@id\":\"https:\\\/\\\/www.e2.law\\\/fr\\\/2021\\\/03\\\/25\\\/administration-de-la-srl\\\/\"},\"wordCount\":659,\"publisher\":{\"@id\":\"https:\\\/\\\/www.e2.law\\\/fr\\\/#organization\"},\"keywords\":[\"soci\u00e9t\u00e9 \u00e0 responsabilit\u00e9 limit\u00e9e (SRL)\",\"organe d'administration\"],\"articleSection\":[\"Non classifi\u00e9(e)\"],\"inLanguage\":\"fr-FR\"},{\"@type\":\"WebPage\",\"@id\":\"https:\\\/\\\/www.e2.law\\\/fr\\\/2021\\\/03\\\/25\\\/administration-de-la-srl\\\/\",\"url\":\"https:\\\/\\\/www.e2.law\\\/fr\\\/2021\\\/03\\\/25\\\/administration-de-la-srl\\\/\",\"name\":\"Administration de la SRL - e2.law\",\"isPartOf\":{\"@id\":\"https:\\\/\\\/www.e2.law\\\/fr\\\/#website\"},\"datePublished\":\"2021-03-25T16:24:48+00:00\",\"dateModified\":\"2024-05-20T15:40:02+00:00\",\"description\":\"L\u2019organe d\u2019administration g\u00e8re la personne morale et prend l\u2019ensemble des d\u00e9cisions relatives \u00e0 son fonctionnement.\",\"breadcrumb\":{\"@id\":\"https:\\\/\\\/www.e2.law\\\/fr\\\/2021\\\/03\\\/25\\\/administration-de-la-srl\\\/#breadcrumb\"},\"inLanguage\":\"fr-FR\",\"potentialAction\":[{\"@type\":\"ReadAction\",\"target\":[\"https:\\\/\\\/www.e2.law\\\/fr\\\/2021\\\/03\\\/25\\\/administration-de-la-srl\\\/\"]}]},{\"@type\":\"BreadcrumbList\",\"@id\":\"https:\\\/\\\/www.e2.law\\\/fr\\\/2021\\\/03\\\/25\\\/administration-de-la-srl\\\/#breadcrumb\",\"itemListElement\":[{\"@type\":\"ListItem\",\"position\":1,\"name\":\"Home\",\"item\":\"https:\\\/\\\/www.e2.law\\\/fr\\\/home\\\/\"},{\"@type\":\"ListItem\",\"position\":2,\"name\":\"Administration de la SRL\"}]},{\"@type\":\"WebSite\",\"@id\":\"https:\\\/\\\/www.e2.law\\\/fr\\\/#website\",\"url\":\"https:\\\/\\\/www.e2.law\\\/fr\\\/\",\"name\":\"e2.law\",\"description\":\"A Business Law Firm\",\"publisher\":{\"@id\":\"https:\\\/\\\/www.e2.law\\\/fr\\\/#organization\"},\"potentialAction\":[{\"@type\":\"SearchAction\",\"target\":{\"@type\":\"EntryPoint\",\"urlTemplate\":\"https:\\\/\\\/www.e2.law\\\/fr\\\/?s={search_term_string}\"},\"query-input\":{\"@type\":\"PropertyValueSpecification\",\"valueRequired\":true,\"valueName\":\"search_term_string\"}}],\"inLanguage\":\"fr-FR\"},{\"@type\":\"Organization\",\"@id\":\"https:\\\/\\\/www.e2.law\\\/fr\\\/#organization\",\"name\":\"E2.law\",\"url\":\"https:\\\/\\\/www.e2.law\\\/fr\\\/\",\"logo\":{\"@type\":\"ImageObject\",\"inLanguage\":\"fr-FR\",\"@id\":\"https:\\\/\\\/www.e2.law\\\/fr\\\/#\\\/schema\\\/logo\\\/image\\\/\",\"url\":\"https:\\\/\\\/www.e2.law\\\/wp-content\\\/uploads\\\/2018\\\/12\\\/logo-2.png\",\"contentUrl\":\"https:\\\/\\\/www.e2.law\\\/wp-content\\\/uploads\\\/2018\\\/12\\\/logo-2.png\",\"width\":152,\"height\":40,\"caption\":\"E2.law\"},\"image\":{\"@id\":\"https:\\\/\\\/www.e2.law\\\/fr\\\/#\\\/schema\\\/logo\\\/image\\\/\"},\"sameAs\":[\"https:\\\/\\\/www.linkedin.com\\\/company\\\/e2.law\"]},{\"@type\":\"Person\",\"@id\":\"https:\\\/\\\/www.e2.law\\\/fr\\\/#\\\/schema\\\/person\\\/9f822952177053b420c93ceda8001bcd\",\"name\":\"e\u00b2.law\",\"image\":{\"@type\":\"ImageObject\",\"inLanguage\":\"fr-FR\",\"@id\":\"https:\\\/\\\/secure.gravatar.com\\\/avatar\\\/?d=https:\\\/\\\/www.e2.law\\\/wp-content\\\/uploads\\\/2021\\\/01\\\/pixie_1609696175704-e1610820192173.png&amp;s=96\",\"url\":\"https:\\\/\\\/secure.gravatar.com\\\/avatar\\\/?d=https:\\\/\\\/www.e2.law\\\/wp-content\\\/uploads\\\/2021\\\/01\\\/pixie_1609696175704-e1610820192173.png&amp;s=96\",\"contentUrl\":\"https:\\\/\\\/secure.gravatar.com\\\/avatar\\\/?d=https:\\\/\\\/www.e2.law\\\/wp-content\\\/uploads\\\/2021\\\/01\\\/pixie_1609696175704-e1610820192173.png&amp;s=96\",\"caption\":\"e\u00b2.law\"},\"sameAs\":[\"http:\\\/\\\/www.e2.law\",\"www.linkedin.com\\\\companyprofile\\\\e2.law\"],\"url\":\"https:\\\/\\\/www.e2.law\\\/fr\\\/author\\\/visitor\\\/\"}]}<\/script>\n<!-- \/ Yoast SEO plugin. -->","yoast_head_json":{"title":"Administration de la SRL - e2.law","description":"L\u2019organe d\u2019administration g\u00e8re la personne morale et prend l\u2019ensemble des d\u00e9cisions relatives \u00e0 son fonctionnement.","robots":{"index":"index","follow":"follow","max-snippet":"max-snippet:-1","max-image-preview":"max-image-preview:large","max-video-preview":"max-video-preview:-1"},"canonical":"https:\/\/www.e2.law\/fr\/2021\/03\/25\/administration-de-la-srl\/","og_locale":"fr_FR","og_type":"article","og_title":"Administration de la SRL - e2.law","og_description":"L\u2019organe d\u2019administration g\u00e8re la personne morale et prend l\u2019ensemble des d\u00e9cisions relatives \u00e0 son fonctionnement.","og_url":"https:\/\/www.e2.law\/fr\/2021\/03\/25\/administration-de-la-srl\/","og_site_name":"e2.law","article_published_time":"2021-03-25T16:24:48+00:00","article_modified_time":"2024-05-20T15:40:02+00:00","author":"e\u00b2.law","twitter_card":"summary_large_image","twitter_misc":{"\u00c9crit par":"e\u00b2.law","Dur\u00e9e de lecture estim\u00e9e":"3 minutes"},"schema":{"@context":"https:\/\/schema.org","@graph":[{"@type":"Article","@id":"https:\/\/www.e2.law\/fr\/2021\/03\/25\/administration-de-la-srl\/#article","isPartOf":{"@id":"https:\/\/www.e2.law\/fr\/2021\/03\/25\/administration-de-la-srl\/"},"author":{"name":"e\u00b2.law","@id":"https:\/\/www.e2.law\/fr\/#\/schema\/person\/9f822952177053b420c93ceda8001bcd"},"headline":"Administration de la SRL","datePublished":"2021-03-25T16:24:48+00:00","dateModified":"2024-05-20T15:40:02+00:00","mainEntityOfPage":{"@id":"https:\/\/www.e2.law\/fr\/2021\/03\/25\/administration-de-la-srl\/"},"wordCount":659,"publisher":{"@id":"https:\/\/www.e2.law\/fr\/#organization"},"keywords":["soci\u00e9t\u00e9 \u00e0 responsabilit\u00e9 limit\u00e9e (SRL)","organe d'administration"],"articleSection":["Non classifi\u00e9(e)"],"inLanguage":"fr-FR"},{"@type":"WebPage","@id":"https:\/\/www.e2.law\/fr\/2021\/03\/25\/administration-de-la-srl\/","url":"https:\/\/www.e2.law\/fr\/2021\/03\/25\/administration-de-la-srl\/","name":"Administration de la SRL - e2.law","isPartOf":{"@id":"https:\/\/www.e2.law\/fr\/#website"},"datePublished":"2021-03-25T16:24:48+00:00","dateModified":"2024-05-20T15:40:02+00:00","description":"L\u2019organe d\u2019administration g\u00e8re la personne morale et prend l\u2019ensemble des d\u00e9cisions relatives \u00e0 son fonctionnement.","breadcrumb":{"@id":"https:\/\/www.e2.law\/fr\/2021\/03\/25\/administration-de-la-srl\/#breadcrumb"},"inLanguage":"fr-FR","potentialAction":[{"@type":"ReadAction","target":["https:\/\/www.e2.law\/fr\/2021\/03\/25\/administration-de-la-srl\/"]}]},{"@type":"BreadcrumbList","@id":"https:\/\/www.e2.law\/fr\/2021\/03\/25\/administration-de-la-srl\/#breadcrumb","itemListElement":[{"@type":"ListItem","position":1,"name":"Home","item":"https:\/\/www.e2.law\/fr\/home\/"},{"@type":"ListItem","position":2,"name":"Administration de la SRL"}]},{"@type":"WebSite","@id":"https:\/\/www.e2.law\/fr\/#website","url":"https:\/\/www.e2.law\/fr\/","name":"e2.law","description":"A Business Law Firm","publisher":{"@id":"https:\/\/www.e2.law\/fr\/#organization"},"potentialAction":[{"@type":"SearchAction","target":{"@type":"EntryPoint","urlTemplate":"https:\/\/www.e2.law\/fr\/?s={search_term_string}"},"query-input":{"@type":"PropertyValueSpecification","valueRequired":true,"valueName":"search_term_string"}}],"inLanguage":"fr-FR"},{"@type":"Organization","@id":"https:\/\/www.e2.law\/fr\/#organization","name":"E2.law","url":"https:\/\/www.e2.law\/fr\/","logo":{"@type":"ImageObject","inLanguage":"fr-FR","@id":"https:\/\/www.e2.law\/fr\/#\/schema\/logo\/image\/","url":"https:\/\/www.e2.law\/wp-content\/uploads\/2018\/12\/logo-2.png","contentUrl":"https:\/\/www.e2.law\/wp-content\/uploads\/2018\/12\/logo-2.png","width":152,"height":40,"caption":"E2.law"},"image":{"@id":"https:\/\/www.e2.law\/fr\/#\/schema\/logo\/image\/"},"sameAs":["https:\/\/www.linkedin.com\/company\/e2.law"]},{"@type":"Person","@id":"https:\/\/www.e2.law\/fr\/#\/schema\/person\/9f822952177053b420c93ceda8001bcd","name":"e\u00b2.law","image":{"@type":"ImageObject","inLanguage":"fr-FR","@id":"https:\/\/secure.gravatar.com\/avatar\/?d=https:\/\/www.e2.law\/wp-content\/uploads\/2021\/01\/pixie_1609696175704-e1610820192173.png&amp;s=96","url":"https:\/\/secure.gravatar.com\/avatar\/?d=https:\/\/www.e2.law\/wp-content\/uploads\/2021\/01\/pixie_1609696175704-e1610820192173.png&amp;s=96","contentUrl":"https:\/\/secure.gravatar.com\/avatar\/?d=https:\/\/www.e2.law\/wp-content\/uploads\/2021\/01\/pixie_1609696175704-e1610820192173.png&amp;s=96","caption":"e\u00b2.law"},"sameAs":["http:\/\/www.e2.law","www.linkedin.com\\companyprofile\\e2.law"],"url":"https:\/\/www.e2.law\/fr\/author\/visitor\/"}]}},"jetpack_featured_media_url":"","jetpack_sharing_enabled":true,"_links":{"self":[{"href":"https:\/\/www.e2.law\/fr\/wp-json\/wp\/v2\/posts\/30130","targetHints":{"allow":["GET"]}}],"collection":[{"href":"https:\/\/www.e2.law\/fr\/wp-json\/wp\/v2\/posts"}],"about":[{"href":"https:\/\/www.e2.law\/fr\/wp-json\/wp\/v2\/types\/post"}],"author":[{"embeddable":true,"href":"https:\/\/www.e2.law\/fr\/wp-json\/wp\/v2\/users\/169"}],"replies":[{"embeddable":true,"href":"https:\/\/www.e2.law\/fr\/wp-json\/wp\/v2\/comments?post=30130"}],"version-history":[{"count":4,"href":"https:\/\/www.e2.law\/fr\/wp-json\/wp\/v2\/posts\/30130\/revisions"}],"predecessor-version":[{"id":44692,"href":"https:\/\/www.e2.law\/fr\/wp-json\/wp\/v2\/posts\/30130\/revisions\/44692"}],"wp:attachment":[{"href":"https:\/\/www.e2.law\/fr\/wp-json\/wp\/v2\/media?parent=30130"}],"wp:term":[{"taxonomy":"category","embeddable":true,"href":"https:\/\/www.e2.law\/fr\/wp-json\/wp\/v2\/categories?post=30130"},{"taxonomy":"post_tag","embeddable":true,"href":"https:\/\/www.e2.law\/fr\/wp-json\/wp\/v2\/tags?post=30130"}],"curies":[{"name":"wp","href":"https:\/\/api.w.org\/{rel}","templated":true}]}}