{"id":30143,"date":"2021-04-03T10:09:17","date_gmt":"2021-04-03T08:09:17","guid":{"rendered":"https:\/\/www.e2.law\/?p=30143"},"modified":"2021-05-17T10:32:48","modified_gmt":"2021-05-17T08:32:48","slug":"comment-proteger-votre-invention-la-breveter-ou-la-garder-secrete","status":"publish","type":"post","link":"https:\/\/www.e2.law\/fr\/2021\/04\/03\/comment-proteger-votre-invention-la-breveter-ou-la-garder-secrete\/","title":{"rendered":"Comment prot\u00e9ger votre invention &#8211; la breveter ou la garder secr\u00e8te ?"},"content":{"rendered":"<p>Comment prot\u00e9ger votre invention ? Faut-il la faire breveter ? \u00a0Vaut-il mieux la garder secr\u00e8te ? Petit tour d&#8217;horizon des possibilit\u00e9s qui s&#8217;offrent \u00e0 vous.<\/p>\n<div class=\"accordian fusion-accordian\" style=\"--awb-border-size:1px;--awb-icon-size:13px;--awb-content-font-size:16px;--awb-icon-alignment:left;--awb-hover-color:#f9f9f9;--awb-border-color:#cccccc;--awb-background-color:#ffffff;--awb-divider-color:#e0dede;--awb-divider-hover-color:#e0dede;--awb-icon-color:#ffffff;--awb-title-color:#333333;--awb-content-color:#747474;--awb-icon-box-color:#333333;--awb-toggle-hover-accent-color:#0da74c;--awb-title-font-family:&quot;Roboto Slab&quot;;--awb-title-font-weight:300;--awb-title-font-style:normal;--awb-title-font-size:14px;--awb-content-font-family:&quot;PT Sans&quot;;--awb-content-font-style:normal;--awb-content-font-weight:400;\"><div class=\"panel-group fusion-toggle-icon-boxed\" id=\"accordion-30143-1\"><div class=\"fusion-panel panel-default panel-0c9efc9a5accfa034 fusion-toggle-has-divider\"><div class=\"panel-heading\"><h4 class=\"panel-title toggle\" id=\"toggle_0c9efc9a5accfa034\"><a aria-expanded=\"false\" aria-controls=\"0c9efc9a5accfa034\" role=\"button\" data-toggle=\"collapse\" data-parent=\"#accordion-30143-1\" data-target=\"#0c9efc9a5accfa034\" href=\"#0c9efc9a5accfa034\"><span class=\"fusion-toggle-icon-wrapper\" aria-hidden=\"true\"><i class=\"fa-fusion-box active-icon awb-icon-minus\" aria-hidden=\"true\"><\/i><i class=\"fa-fusion-box inactive-icon awb-icon-plus\" aria-hidden=\"true\"><\/i><\/span><span class=\"fusion-toggle-heading\">Breveter son invention<\/span><\/a><\/h4><\/div><div id=\"0c9efc9a5accfa034\" class=\"panel-collapse collapse \" aria-labelledby=\"toggle_0c9efc9a5accfa034\"><div class=\"panel-body toggle-content fusion-clearfix\"><\/p>\n<h2>Pourquoi breveter son invention ?<\/h2>\n<p>Pour commencer, examinons les avantages et les inconv\u00e9nients de prot\u00e9ger votre invention par un brevet.<\/p>\n<h4>Breveter son invention permet :<\/h4>\n<ul>\n<li>d&#8217;obtenir un droit exclusif d&#8217;interdiction : personne ne pourra utiliser votre intention sans votre accord pr\u00e9alable ;<\/li>\n<li>de pouvoir c\u00e9der l&#8217;invention \u00e0 des tiers ou d&#8217;octroyer des licences d&#8217;exploitation \u00e0 des partenaires sur celle-ci ;<\/li>\n<li>d&#8217;emp\u00eacher tout tiers d&#8217;introduire un brevet sur cette m\u00eame invention avant vous. Vous l&#8217;emp\u00eacher ainsi de vous en restreindre l&#8217;utilisation ;<\/li>\n<li>une certaine publicit\u00e9.<\/li>\n<\/ul>\n<h4>Breveter peut n\u00e9anmoins pr\u00e9senter des inconv\u00e9nients, notamment:<\/h4>\n<ul>\n<li>C&#8217;est assez co\u00fbteux ;<\/li>\n<li>La demande de brevet est publi\u00e9e 18 mois apr\u00e8s le d\u00e9pot de celle-ci. Cette demande, qui contient une description claire et compl\u00e8te de l&#8217;invention, sera consultable par des tiers. Breveter une invention emp\u00eache donc de la garder secr\u00e8te ;<\/li>\n<li>La protection limit\u00e9e dans le temps (20 ans pour les inventions).<\/li>\n<\/ul>\n<h2>L&#8217;invention est-elle brevetable ?<\/h2>\n<p>Encore faut-il que votre invention soit brevetable. Pour ce faire, elle doit pr\u00e9senter les caract\u00e9ristiques suivantes:<\/p>\n<ol>\n<li><strong>Nouveaut\u00e9.<\/strong>\u00a0 Une invention est consid\u00e9r\u00e9e comme nouvelle si elle n&#8217;est pas comprise dans l&#8217;\u00e9tat de la technique.<\/li>\n<li><strong>Activit\u00e9 inventive.<\/strong>\u00a0C&#8217;est-\u00e0-dire qu&#8217;elle ne doit pas d\u00e9couler d&#8217;une mani\u00e8re \u00e9vidente de l&#8217;\u00e9tat de la technique pour un homme de m\u00e9tier.<\/li>\n<li><strong>Susceptible d&#8217;application industrielle.\u00a0<\/strong>Elle doit pouvoir \u00eatre fabriqu\u00e9e ou utilis\u00e9e dans tous types d&#8217;industrie.<\/li>\n<li><strong>Lic\u00e9it\u00e9.\u00a0<\/strong>Il est \u00e9vident que l&#8217;invention ne peut \u00eatre contraire \u00e0 l&#8217;ordre public et aux bonnes moeurs.<\/li>\n<\/ol>\n<h2>Quelle proc\u00e9dure choisir ?<\/h2>\n<p>Vous pouvez choisir de demander un brevet uniquement pour la Belgique, ou de voir plus grand.<\/p>\n<h3>Brevet belge<\/h3>\n<p>Si vous vous adressez uniquement au march\u00e9 belge, cette forme de brevet peut suffire. La demande de brevet belge s&#8217;introduit aupr\u00e8s de <a href=\"https:\/\/economie.fgov.be\/fr\/themes\/propriete-intellectuelle\/office-belge-de-la-propriete\">l&#8217;OPRI, l&#8217;Office de la Propri\u00e9t\u00e9 intellectuelle<\/a>.<\/p>\n<blockquote>\n<p>Lorsque vous introduisez votre demande aupr\u00e8s de l&#8217;OPRI, vous b\u00e9n\u00e9ficiez du droit de priorit\u00e9 dans <strong><a href=\"https:\/\/wipolex.wipo.int\/fr\/treaties\/ShowResults?start_year=ANY&amp;end_year=ANY&amp;search_what=C&amp;code=ALL&amp;treaty_id=2\">tous les Etats de l&#8217;Union de Paris<\/a><\/strong>. Ce droit de priorit\u00e9 vous octroie un d\u00e9lai de 12 mois \u00e0 partir du d\u00e9p\u00f4t de la demande originelle pendant lequel vous pouvez d\u00e9poser une demande pour cette m\u00eame invention dans un autre Etat tout en b\u00e9n\u00e9ficiant de la date de d\u00e9p\u00f4t de votre premi\u00e8re demande. En d&#8217;autres termes, aucune demande introduite par un tiers pour la m\u00eame invention durant ce d\u00e9lai ne vous sera opposable dans ces Etats.<\/p>\n<\/blockquote>\n<h3>Brevet europ\u00e9en<\/h3>\n<p>Pour obtenir une protection dans un ou plusieurs Etats europ\u00e9ens, il faut demander un brevet europ\u00e9en aupr\u00e8s de <a href=\"https:\/\/my.epoline.org\/epoline-portal\/classic\">l&#8217;OEB, l&#8217;Office europ\u00e9en des brevets<\/a>. Cette proc\u00e9dure est plus complexe et plus couteuse.<\/p>\n<h3>Demande internationale de brevet<\/h3>\n<p>Vous souhaitez prot\u00e9ger votre invention dans un pays en dehors de l&#8217;Europe ? C&#8217;est \u00e9galement possible. Pour ce faire, il est n\u00e9cessaire d&#8217;introduire d&#8217;abord une demande nationale (ou r\u00e9gionale). Ensuite, la proc\u00e9dure se poursuit dans le pays dans lequel vous souhaitez faire breveter votre invention. Cette deuxi\u00e8me demande doit \u00eatre introduite dans un d\u00e9lai de 30 mois apr\u00e8s l&#8217;introduction de la demande en Belgique. Si vous introduisez une demande aupr\u00e8s de l&#8217;OEB, \u00a0le d\u00e9lai est de 31 mois.<br \/>\nPour plus d&#8217;informations, visitez <a href=\"https:\/\/www.wipo.int\/pct\/fr\/filing\/filing.html\">le site du Bureau International de l&#8217;OMPI<\/a>.<\/p>\n<p><\/div><\/div><\/div><\/div><\/div>\n<div class=\"accordian fusion-accordian\" style=\"--awb-border-size:1px;--awb-icon-size:13px;--awb-content-font-size:16px;--awb-icon-alignment:left;--awb-hover-color:#f9f9f9;--awb-border-color:#cccccc;--awb-background-color:#ffffff;--awb-divider-color:#e0dede;--awb-divider-hover-color:#e0dede;--awb-icon-color:#ffffff;--awb-title-color:#333333;--awb-content-color:#747474;--awb-icon-box-color:#333333;--awb-toggle-hover-accent-color:#0da74c;--awb-title-font-family:&quot;Roboto Slab&quot;;--awb-title-font-weight:300;--awb-title-font-style:normal;--awb-title-font-size:14px;--awb-content-font-family:&quot;PT Sans&quot;;--awb-content-font-style:normal;--awb-content-font-weight:400;\"><div class=\"panel-group fusion-toggle-icon-boxed\" id=\"accordion-30143-2\"><div class=\"fusion-panel panel-default panel-ff06b46df0d17f221 fusion-toggle-has-divider\"><div class=\"panel-heading\"><h4 class=\"panel-title toggle\" id=\"toggle_ff06b46df0d17f221\"><a aria-expanded=\"false\" aria-controls=\"ff06b46df0d17f221\" role=\"button\" data-toggle=\"collapse\" data-parent=\"#accordion-30143-2\" data-target=\"#ff06b46df0d17f221\" href=\"#ff06b46df0d17f221\"><span class=\"fusion-toggle-icon-wrapper\" aria-hidden=\"true\"><i class=\"fa-fusion-box active-icon awb-icon-minus\" aria-hidden=\"true\"><\/i><i class=\"fa-fusion-box inactive-icon awb-icon-plus\" aria-hidden=\"true\"><\/i><\/span><span class=\"fusion-toggle-heading\">Garder son invention secr\u00e8te<\/span><\/a><\/h4><\/div><div id=\"ff06b46df0d17f221\" class=\"panel-collapse collapse \" aria-labelledby=\"toggle_ff06b46df0d17f221\"><div class=\"panel-body toggle-content fusion-clearfix\"><\/p>\n<p>Breveter une invention n&#8217;est pas le seul moyen efficace de la prot\u00e9ger. Vous pouvez \u00e9galement d\u00e9cider de ne pas la breveter mais de la garder secr\u00e8te. Ainsi, vous \u00e9viterez de divulguer le contenu de votre demande de brevet \u00e0 des tiers. Vous ne devrez pas non plus vous soucier de la dur\u00e9e limit\u00e9e de protection qu&#8217;offre le brevet.<\/p>\n<p>Comment prot\u00e9ger vos secrets ?<\/p>\n<h2>Protections l\u00e9gales<\/h2>\n<p>Les dispositions l\u00e9gales belges vous offre plusieurs protections. Premi\u00e8rement, la loi du 30 juillet 2018 prot\u00e8gent les secrets d&#8217;affaire de mani\u00e8re g\u00e9n\u00e9rale. Ensuite, la loi sur le contrat de travail prot\u00e8ge vos secrets vis-\u00e0-vis de vos travailleurs. Enfin, vos travailleurs peuvent \u00e9galement \u00eatre punis p\u00e9nalement s&#8217;ils r\u00e9v\u00e8lent des secrets de fabriques.<\/p>\n<h3>1. La loi du 30 juillet 2018 sur les secrets d&#8217;affaire<\/h3>\n<p><a href=\"https:\/\/www.ejustice.just.fgov.be\/cgi_loi\/change_lg.pl?language=fr&amp;la=F&amp;cn=2018073046&amp;table_name=loi\">La loi du 30 juillet 2018<\/a> prot\u00e8ge les secrets d&#8217;affaires, c&#8217;est-\u00e0-dire les savoir-faire et les informations commerciales qui ont de la valeur en raison de leur caract\u00e8re secret, qui ont vocation \u00e0 demeurer confidentiels et pour lesquels le d\u00e9tenteur a pris des dispositions en vue de les garder secrets.<\/p>\n<blockquote>\n<p>Par exemple:<\/p>\n<ul>\n<li>fichiers clients<\/li>\n<li>strat\u00e9gies commerciales<\/li>\n<li>contrats<\/li>\n<li>logiciels<\/li>\n<li>connaissances techniques<\/li>\n<li>formules ou recettes<\/li>\n<li>etc.<\/li>\n<\/ul>\n<\/blockquote>\n<h4>Pour qu&#8217;un secret soit prot\u00e9g\u00e9, trois conditions doivent \u00eatre remplies:<\/h4>\n<ol>\n<li><strong>Le secret doit \u00eatre &#8230; secret<\/strong>. L&#8217;information ne doit pas \u00eatre g\u00e9n\u00e9ralement connue des personnes qui utilisent ce genre d&#8217;information ou leur \u00eatre ais\u00e9ment accessible.<\/li>\n<li><strong>Il doit avoir une valeur commerciale<\/strong>. Si le produit n&#8217;\u00e9tait pas secret, il n&#8217;aurait plus de valeur puisque tout le monde pourrait l&#8217;utiliser ou le fabriquer.<\/li>\n<li><strong>Le d\u00e9tendeur doit avoir pris des dispositions raisonnables pour pr\u00e9server la confidentialit\u00e9 du secret.<\/strong><\/li>\n<\/ol>\n<blockquote>\n<p><strong>C&#8217;est quoi &#8220;des dispositions raisonnables&#8221; ?<\/strong> Cela peut \u00eatre par exemple le fait de s\u00e9curiser num\u00e9riquement ou physiquement vos informations.<br \/>\nSi elles sont en format papier, il vaut mieux les ranger dans des archives s\u00e9par\u00e9es, ou m\u00eame dans un coffre-fort.<br \/>\nS&#8217;ils sont num\u00e9riques, il s&#8217;agira plut\u00f4t de les prot\u00e9ger par des mots de passe ou un syst\u00e8me de s\u00e9curit\u00e9.<\/p>\n<p>Vous pouvez \u00e9galement pr\u00e9voir des clauses de non-concurrence et des clauses de confidentialit\u00e9 pour vos employ\u00e9s ou vos partenaires commerciaux.<\/p>\n<\/blockquote>\n<h4>Si vos donn\u00e9es sont bien consid\u00e9r\u00e9es comme des secrets, vous pouvez demander au juge:<\/h4>\n<ul>\n<li>d&#8217;interdire \u00e0 un tiers d&#8217;obtenir\/utiliser\/divulguer le secret ou d&#8217;ordonner la cessation de l&#8217;utilisation ou la divulgation en cours;<\/li>\n<li>d&#8217;interdire \u00e0 un tiers de produire ou de commercialiser des produits \u00e0 l&#8217;aide de votre secret;<\/li>\n<li>d&#8217;ordonner une saisie des produits fabriqu\u00e9s en infraction, de les retirer du march\u00e9 et\/ou de les d\u00e9tuire; et<\/li>\n<li>des dommages et int\u00e9r\u00eats si vous avez subi un pr\u00e9judice.<\/li>\n<\/ul>\n<p>Pour plus d&#8217;information sur cette proc\u00e9dure, cliquez ici.<\/p>\n<h3>2. L&#8217;article 17 de la loi sur le contrat de travail<\/h3>\n<p><a href=\"https:\/\/www.ejustice.just.fgov.be\/cgi_loi\/loi_a1.pl?language=fr&amp;nm=1978070303&amp;la=F&amp;dd=1978-07-03&amp;cn=1978070301&amp;table_name=loi&amp;&amp;caller=list&amp;F&amp;fromtab=loi&amp;tri=dd+AS+RANK&amp;rech=1&amp;numero=1&amp;sql=(text+contains+(%27%27))#Art.17\">L&#8217;article 17 de la loi sur le contrat de travail<\/a> interdit au travail de divulguer de mani\u00e8re illicite un secret dont il aurait eu connaissance pendant son activit\u00e9 professionnelle. Cette interdiction vaut pendant toute la dur\u00e9e du contrat, mais aussi apr\u00e8s la cessation de celui-ci.<\/p>\n<h3>3. L&#8217;article 309 du Code p\u00e9nal<\/h3>\n<p>La violation d&#8217;un secret de fabrique par un travailleur est une infraction p\u00e9nale, punissable d&#8217;une amende et\/ou d&#8217;emprisonnement en vertu de <a href=\"https:\/\/www.ejustice.just.fgov.be\/cgi_loi\/loi_a1.pl?language=fr&amp;nm=1867060850&amp;la=F&amp;dd=1867-06-08&amp;cn=1867060801&amp;table_name=loi&amp;&amp;caller=list&amp;F&amp;fromtab=loi&amp;tri=dd+AS+RANK&amp;rech=1&amp;numero=1&amp;sql=(text+contains+(%27%27))#Art.309\">l&#8217;article 309 du Code p\u00e9nal<\/a>.<\/p>\n<h2>Protections contractuelles<\/h2>\n<p>Que \u00e7a soit dans un contrat avec un fournisseur, un partenaire ou un employ\u00e9, vous pouvez pr\u00e9voir des accords ou des clauses de confidentialit\u00e9 ou de non-concurrence pour vous prot\u00e9ger. Ces dispositions peuvent faire l&#8217;objet d&#8217;accord sp\u00e9cifique, ou \u00eatre ins\u00e9r\u00e9es, sous la forme de clause, dans des contrats plus larges.<\/p>\n<h3>L&#8217;accord ou la clause de confidentialit\u00e9<\/h3>\n<p>Il sert \u00e0 pr\u00e9server la nature confidentielle des informations \u00e9chang\u00e9es lors des n\u00e9gociations ou de l&#8217;ex\u00e9cution du contrat. Le(s) signataire(s) s&#8217;engagent alors \u00e0 ne pas divulguer ces informations \u00e0 d\u2019autres fins que celles qui auront \u00e9t\u00e9 express\u00e9ment convenues.<\/p>\n<h3>L&#8217;accord ou la clause de non-concurrence<\/h3>\n<p>Il permet d&#8217;interdir \u00e0 quelqu&#8217;un d\u2019exercer des activit\u00e9s similaires \u00e0 celles qu\u2019elle exer\u00e7ait avec ou dans votre entreprise. Il peut \u00eatre sign\u00e9 par un travailleur ou un partenaire. Celui-ci s\u2019interdit alors de porter atteinte \u00e0 votre entreprise en mettant les connaissances particuli\u00e8re qu\u2019elle a acquise avec vous au profit d\u2019une entreprise concurrente, ou en exploitant sa propre entreprise.<\/p>\n<p>Ces clauses sont soumises \u00e0 des restrictions. N&#8217;h\u00e9sitez pas \u00e0 nous contacter pour plus d&#8217;informations.<\/p>\n<p><\/div><\/div><\/div><\/div><\/div>\n<p>Pour plus d&#8217;informations sur ce sujet, n&#8217;h\u00e9sitez pas \u00e0 nous contacter.<\/p>\n<p>&nbsp;<\/p>\n<p><!--more--><\/p>\n","protected":false},"excerpt":{"rendered":"<p>Comment prot\u00e9ger votre invention ? Faut-il la faire breveter ? \u00a0Vaut-il mieux la garder secr\u00e8te ? Petit tour d&#8217;horizon des possibilit\u00e9s qui s&#8217;offrent \u00e0 vous. Pour plus d&#8217;informations sur ce sujet, n&#8217;h\u00e9sitez pas \u00e0 nous contacter. &nbsp;<\/p>\n","protected":false},"author":164,"featured_media":30146,"comment_status":"closed","ping_status":"open","sticky":false,"template":"","format":"standard","meta":{"_acf_changed":false,"_jetpack_memberships_contains_paid_content":false,"footnotes":""},"categories":[141],"tags":[],"class_list":["post-30143","post","type-post","status-publish","format-standard","has-post-thumbnail","hentry","category-non-classifiee"],"acf":[],"yoast_head":"<!-- This site is optimized with the Yoast SEO plugin v27.5 - https:\/\/yoast.com\/product\/yoast-seo-wordpress\/ -->\n<title>Comment prot\u00e9ger votre invention : la breveter ou la garder secr\u00e8te ?<\/title>\n<meta name=\"description\" content=\"Comment prot\u00e9ger votre invention ? Faut-il la breveter ou la garder secr\u00e8te ? Tour d&#039;horizon des possibilit\u00e9s qui s&#039;offrent \u00e0 vous.\" \/>\n<meta name=\"robots\" content=\"index, follow, max-snippet:-1, max-image-preview:large, max-video-preview:-1\" \/>\n<link rel=\"canonical\" href=\"https:\/\/www.e2.law\/fr\/2021\/04\/03\/comment-proteger-votre-invention-la-breveter-ou-la-garder-secrete\/\" \/>\n<meta property=\"og:locale\" content=\"fr_FR\" \/>\n<meta property=\"og:type\" content=\"article\" \/>\n<meta property=\"og:title\" content=\"Comment prot\u00e9ger votre invention : la breveter ou la garder secr\u00e8te ?\" \/>\n<meta property=\"og:description\" content=\"Comment prot\u00e9ger votre invention ? Faut-il la breveter ou la garder secr\u00e8te ? Tour d&#039;horizon des possibilit\u00e9s qui s&#039;offrent \u00e0 vous.\" \/>\n<meta property=\"og:url\" content=\"https:\/\/www.e2.law\/fr\/2021\/04\/03\/comment-proteger-votre-invention-la-breveter-ou-la-garder-secrete\/\" \/>\n<meta property=\"og:site_name\" content=\"e2.law\" \/>\n<meta property=\"article:published_time\" content=\"2021-04-03T08:09:17+00:00\" \/>\n<meta property=\"article:modified_time\" content=\"2021-05-17T08:32:48+00:00\" \/>\n<meta property=\"og:image\" content=\"https:\/\/www.e2.law\/wp-content\/uploads\/2021\/03\/Secret-2.png\" \/>\n\t<meta property=\"og:image:width\" content=\"800\" \/>\n\t<meta property=\"og:image:height\" content=\"824\" \/>\n\t<meta property=\"og:image:type\" content=\"image\/png\" \/>\n<meta name=\"author\" content=\"Valentine Bonamis\" \/>\n<meta name=\"twitter:card\" content=\"summary_large_image\" \/>\n<meta name=\"twitter:label1\" content=\"\u00c9crit par\" \/>\n\t<meta name=\"twitter:data1\" content=\"Valentine Bonamis\" \/>\n\t<meta name=\"twitter:label2\" content=\"Dur\u00e9e de lecture estim\u00e9e\" \/>\n\t<meta name=\"twitter:data2\" content=\"6 minutes\" \/>\n<script type=\"application\/ld+json\" class=\"yoast-schema-graph\">{\"@context\":\"https:\\\/\\\/schema.org\",\"@graph\":[{\"@type\":\"Article\",\"@id\":\"https:\\\/\\\/www.e2.law\\\/fr\\\/2021\\\/04\\\/03\\\/comment-proteger-votre-invention-la-breveter-ou-la-garder-secrete\\\/#article\",\"isPartOf\":{\"@id\":\"https:\\\/\\\/www.e2.law\\\/fr\\\/2021\\\/04\\\/03\\\/comment-proteger-votre-invention-la-breveter-ou-la-garder-secrete\\\/\"},\"author\":{\"name\":\"Valentine Bonamis\",\"@id\":\"https:\\\/\\\/www.e2.law\\\/fr\\\/#\\\/schema\\\/person\\\/fc4936c485fc15b9d2be735eb6fa9080\"},\"headline\":\"Comment prot\u00e9ger votre invention &#8211; la breveter ou la garder secr\u00e8te ?\",\"datePublished\":\"2021-04-03T08:09:17+00:00\",\"dateModified\":\"2021-05-17T08:32:48+00:00\",\"mainEntityOfPage\":{\"@id\":\"https:\\\/\\\/www.e2.law\\\/fr\\\/2021\\\/04\\\/03\\\/comment-proteger-votre-invention-la-breveter-ou-la-garder-secrete\\\/\"},\"wordCount\":1449,\"publisher\":{\"@id\":\"https:\\\/\\\/www.e2.law\\\/fr\\\/#organization\"},\"image\":{\"@id\":\"https:\\\/\\\/www.e2.law\\\/fr\\\/2021\\\/04\\\/03\\\/comment-proteger-votre-invention-la-breveter-ou-la-garder-secrete\\\/#primaryimage\"},\"thumbnailUrl\":\"https:\\\/\\\/i0.wp.com\\\/www.e2.law\\\/wp-content\\\/uploads\\\/2021\\\/03\\\/Secret-2.png?fit=800%2C824&ssl=1\",\"articleSection\":[\"Non classifi\u00e9(e)\"],\"inLanguage\":\"fr-FR\"},{\"@type\":\"WebPage\",\"@id\":\"https:\\\/\\\/www.e2.law\\\/fr\\\/2021\\\/04\\\/03\\\/comment-proteger-votre-invention-la-breveter-ou-la-garder-secrete\\\/\",\"url\":\"https:\\\/\\\/www.e2.law\\\/fr\\\/2021\\\/04\\\/03\\\/comment-proteger-votre-invention-la-breveter-ou-la-garder-secrete\\\/\",\"name\":\"Comment prot\u00e9ger votre invention : la breveter ou la garder secr\u00e8te ?\",\"isPartOf\":{\"@id\":\"https:\\\/\\\/www.e2.law\\\/fr\\\/#website\"},\"primaryImageOfPage\":{\"@id\":\"https:\\\/\\\/www.e2.law\\\/fr\\\/2021\\\/04\\\/03\\\/comment-proteger-votre-invention-la-breveter-ou-la-garder-secrete\\\/#primaryimage\"},\"image\":{\"@id\":\"https:\\\/\\\/www.e2.law\\\/fr\\\/2021\\\/04\\\/03\\\/comment-proteger-votre-invention-la-breveter-ou-la-garder-secrete\\\/#primaryimage\"},\"thumbnailUrl\":\"https:\\\/\\\/i0.wp.com\\\/www.e2.law\\\/wp-content\\\/uploads\\\/2021\\\/03\\\/Secret-2.png?fit=800%2C824&ssl=1\",\"datePublished\":\"2021-04-03T08:09:17+00:00\",\"dateModified\":\"2021-05-17T08:32:48+00:00\",\"description\":\"Comment prot\u00e9ger votre invention ? Faut-il la breveter ou la garder secr\u00e8te ? Tour d'horizon des possibilit\u00e9s qui s'offrent \u00e0 vous.\",\"breadcrumb\":{\"@id\":\"https:\\\/\\\/www.e2.law\\\/fr\\\/2021\\\/04\\\/03\\\/comment-proteger-votre-invention-la-breveter-ou-la-garder-secrete\\\/#breadcrumb\"},\"inLanguage\":\"fr-FR\",\"potentialAction\":[{\"@type\":\"ReadAction\",\"target\":[\"https:\\\/\\\/www.e2.law\\\/fr\\\/2021\\\/04\\\/03\\\/comment-proteger-votre-invention-la-breveter-ou-la-garder-secrete\\\/\"]}]},{\"@type\":\"ImageObject\",\"inLanguage\":\"fr-FR\",\"@id\":\"https:\\\/\\\/www.e2.law\\\/fr\\\/2021\\\/04\\\/03\\\/comment-proteger-votre-invention-la-breveter-ou-la-garder-secrete\\\/#primaryimage\",\"url\":\"https:\\\/\\\/i0.wp.com\\\/www.e2.law\\\/wp-content\\\/uploads\\\/2021\\\/03\\\/Secret-2.png?fit=800%2C824&ssl=1\",\"contentUrl\":\"https:\\\/\\\/i0.wp.com\\\/www.e2.law\\\/wp-content\\\/uploads\\\/2021\\\/03\\\/Secret-2.png?fit=800%2C824&ssl=1\",\"width\":800,\"height\":824},{\"@type\":\"BreadcrumbList\",\"@id\":\"https:\\\/\\\/www.e2.law\\\/fr\\\/2021\\\/04\\\/03\\\/comment-proteger-votre-invention-la-breveter-ou-la-garder-secrete\\\/#breadcrumb\",\"itemListElement\":[{\"@type\":\"ListItem\",\"position\":1,\"name\":\"Home\",\"item\":\"https:\\\/\\\/www.e2.law\\\/fr\\\/home\\\/\"},{\"@type\":\"ListItem\",\"position\":2,\"name\":\"Comment prot\u00e9ger votre invention &#8211; la breveter ou la garder secr\u00e8te ?\"}]},{\"@type\":\"WebSite\",\"@id\":\"https:\\\/\\\/www.e2.law\\\/fr\\\/#website\",\"url\":\"https:\\\/\\\/www.e2.law\\\/fr\\\/\",\"name\":\"e2.law\",\"description\":\"A Business Law Firm\",\"publisher\":{\"@id\":\"https:\\\/\\\/www.e2.law\\\/fr\\\/#organization\"},\"potentialAction\":[{\"@type\":\"SearchAction\",\"target\":{\"@type\":\"EntryPoint\",\"urlTemplate\":\"https:\\\/\\\/www.e2.law\\\/fr\\\/?s={search_term_string}\"},\"query-input\":{\"@type\":\"PropertyValueSpecification\",\"valueRequired\":true,\"valueName\":\"search_term_string\"}}],\"inLanguage\":\"fr-FR\"},{\"@type\":\"Organization\",\"@id\":\"https:\\\/\\\/www.e2.law\\\/fr\\\/#organization\",\"name\":\"E2.law\",\"url\":\"https:\\\/\\\/www.e2.law\\\/fr\\\/\",\"logo\":{\"@type\":\"ImageObject\",\"inLanguage\":\"fr-FR\",\"@id\":\"https:\\\/\\\/www.e2.law\\\/fr\\\/#\\\/schema\\\/logo\\\/image\\\/\",\"url\":\"https:\\\/\\\/www.e2.law\\\/wp-content\\\/uploads\\\/2018\\\/12\\\/logo-2.png\",\"contentUrl\":\"https:\\\/\\\/www.e2.law\\\/wp-content\\\/uploads\\\/2018\\\/12\\\/logo-2.png\",\"width\":152,\"height\":40,\"caption\":\"E2.law\"},\"image\":{\"@id\":\"https:\\\/\\\/www.e2.law\\\/fr\\\/#\\\/schema\\\/logo\\\/image\\\/\"},\"sameAs\":[\"https:\\\/\\\/www.linkedin.com\\\/company\\\/e2.law\"]},{\"@type\":\"Person\",\"@id\":\"https:\\\/\\\/www.e2.law\\\/fr\\\/#\\\/schema\\\/person\\\/fc4936c485fc15b9d2be735eb6fa9080\",\"name\":\"Valentine Bonamis\",\"image\":{\"@type\":\"ImageObject\",\"inLanguage\":\"fr-FR\",\"@id\":\"https:\\\/\\\/www.e2.law\\\/wp-content\\\/uploads\\\/2021\\\/02\\\/6E22BF17-266E-4CB1-A676-FCE71D83B2A2_1_201_a-scaled-96x96.jpeg\",\"url\":\"https:\\\/\\\/www.e2.law\\\/wp-content\\\/uploads\\\/2021\\\/02\\\/6E22BF17-266E-4CB1-A676-FCE71D83B2A2_1_201_a-scaled-96x96.jpeg\",\"contentUrl\":\"https:\\\/\\\/www.e2.law\\\/wp-content\\\/uploads\\\/2021\\\/02\\\/6E22BF17-266E-4CB1-A676-FCE71D83B2A2_1_201_a-scaled-96x96.jpeg\",\"caption\":\"Valentine Bonamis\"},\"url\":\"https:\\\/\\\/www.e2.law\\\/fr\\\/author\\\/valentine-b\\\/\"}]}<\/script>\n<!-- \/ Yoast SEO plugin. -->","yoast_head_json":{"title":"Comment prot\u00e9ger votre invention : la breveter ou la garder secr\u00e8te ?","description":"Comment prot\u00e9ger votre invention ? Faut-il la breveter ou la garder secr\u00e8te ? Tour d'horizon des possibilit\u00e9s qui s'offrent \u00e0 vous.","robots":{"index":"index","follow":"follow","max-snippet":"max-snippet:-1","max-image-preview":"max-image-preview:large","max-video-preview":"max-video-preview:-1"},"canonical":"https:\/\/www.e2.law\/fr\/2021\/04\/03\/comment-proteger-votre-invention-la-breveter-ou-la-garder-secrete\/","og_locale":"fr_FR","og_type":"article","og_title":"Comment prot\u00e9ger votre invention : la breveter ou la garder secr\u00e8te ?","og_description":"Comment prot\u00e9ger votre invention ? Faut-il la breveter ou la garder secr\u00e8te ? Tour d'horizon des possibilit\u00e9s qui s'offrent \u00e0 vous.","og_url":"https:\/\/www.e2.law\/fr\/2021\/04\/03\/comment-proteger-votre-invention-la-breveter-ou-la-garder-secrete\/","og_site_name":"e2.law","article_published_time":"2021-04-03T08:09:17+00:00","article_modified_time":"2021-05-17T08:32:48+00:00","og_image":[{"width":800,"height":824,"url":"https:\/\/www.e2.law\/wp-content\/uploads\/2021\/03\/Secret-2.png","type":"image\/png"}],"author":"Valentine Bonamis","twitter_card":"summary_large_image","twitter_misc":{"\u00c9crit par":"Valentine Bonamis","Dur\u00e9e de lecture estim\u00e9e":"6 minutes"},"schema":{"@context":"https:\/\/schema.org","@graph":[{"@type":"Article","@id":"https:\/\/www.e2.law\/fr\/2021\/04\/03\/comment-proteger-votre-invention-la-breveter-ou-la-garder-secrete\/#article","isPartOf":{"@id":"https:\/\/www.e2.law\/fr\/2021\/04\/03\/comment-proteger-votre-invention-la-breveter-ou-la-garder-secrete\/"},"author":{"name":"Valentine Bonamis","@id":"https:\/\/www.e2.law\/fr\/#\/schema\/person\/fc4936c485fc15b9d2be735eb6fa9080"},"headline":"Comment prot\u00e9ger votre invention &#8211; la breveter ou la garder secr\u00e8te ?","datePublished":"2021-04-03T08:09:17+00:00","dateModified":"2021-05-17T08:32:48+00:00","mainEntityOfPage":{"@id":"https:\/\/www.e2.law\/fr\/2021\/04\/03\/comment-proteger-votre-invention-la-breveter-ou-la-garder-secrete\/"},"wordCount":1449,"publisher":{"@id":"https:\/\/www.e2.law\/fr\/#organization"},"image":{"@id":"https:\/\/www.e2.law\/fr\/2021\/04\/03\/comment-proteger-votre-invention-la-breveter-ou-la-garder-secrete\/#primaryimage"},"thumbnailUrl":"https:\/\/i0.wp.com\/www.e2.law\/wp-content\/uploads\/2021\/03\/Secret-2.png?fit=800%2C824&ssl=1","articleSection":["Non classifi\u00e9(e)"],"inLanguage":"fr-FR"},{"@type":"WebPage","@id":"https:\/\/www.e2.law\/fr\/2021\/04\/03\/comment-proteger-votre-invention-la-breveter-ou-la-garder-secrete\/","url":"https:\/\/www.e2.law\/fr\/2021\/04\/03\/comment-proteger-votre-invention-la-breveter-ou-la-garder-secrete\/","name":"Comment prot\u00e9ger votre invention : la breveter ou la garder secr\u00e8te ?","isPartOf":{"@id":"https:\/\/www.e2.law\/fr\/#website"},"primaryImageOfPage":{"@id":"https:\/\/www.e2.law\/fr\/2021\/04\/03\/comment-proteger-votre-invention-la-breveter-ou-la-garder-secrete\/#primaryimage"},"image":{"@id":"https:\/\/www.e2.law\/fr\/2021\/04\/03\/comment-proteger-votre-invention-la-breveter-ou-la-garder-secrete\/#primaryimage"},"thumbnailUrl":"https:\/\/i0.wp.com\/www.e2.law\/wp-content\/uploads\/2021\/03\/Secret-2.png?fit=800%2C824&ssl=1","datePublished":"2021-04-03T08:09:17+00:00","dateModified":"2021-05-17T08:32:48+00:00","description":"Comment prot\u00e9ger votre invention ? Faut-il la breveter ou la garder secr\u00e8te ? Tour d'horizon des possibilit\u00e9s qui s'offrent \u00e0 vous.","breadcrumb":{"@id":"https:\/\/www.e2.law\/fr\/2021\/04\/03\/comment-proteger-votre-invention-la-breveter-ou-la-garder-secrete\/#breadcrumb"},"inLanguage":"fr-FR","potentialAction":[{"@type":"ReadAction","target":["https:\/\/www.e2.law\/fr\/2021\/04\/03\/comment-proteger-votre-invention-la-breveter-ou-la-garder-secrete\/"]}]},{"@type":"ImageObject","inLanguage":"fr-FR","@id":"https:\/\/www.e2.law\/fr\/2021\/04\/03\/comment-proteger-votre-invention-la-breveter-ou-la-garder-secrete\/#primaryimage","url":"https:\/\/i0.wp.com\/www.e2.law\/wp-content\/uploads\/2021\/03\/Secret-2.png?fit=800%2C824&ssl=1","contentUrl":"https:\/\/i0.wp.com\/www.e2.law\/wp-content\/uploads\/2021\/03\/Secret-2.png?fit=800%2C824&ssl=1","width":800,"height":824},{"@type":"BreadcrumbList","@id":"https:\/\/www.e2.law\/fr\/2021\/04\/03\/comment-proteger-votre-invention-la-breveter-ou-la-garder-secrete\/#breadcrumb","itemListElement":[{"@type":"ListItem","position":1,"name":"Home","item":"https:\/\/www.e2.law\/fr\/home\/"},{"@type":"ListItem","position":2,"name":"Comment prot\u00e9ger votre invention &#8211; la breveter ou la garder secr\u00e8te ?"}]},{"@type":"WebSite","@id":"https:\/\/www.e2.law\/fr\/#website","url":"https:\/\/www.e2.law\/fr\/","name":"e2.law","description":"A Business Law Firm","publisher":{"@id":"https:\/\/www.e2.law\/fr\/#organization"},"potentialAction":[{"@type":"SearchAction","target":{"@type":"EntryPoint","urlTemplate":"https:\/\/www.e2.law\/fr\/?s={search_term_string}"},"query-input":{"@type":"PropertyValueSpecification","valueRequired":true,"valueName":"search_term_string"}}],"inLanguage":"fr-FR"},{"@type":"Organization","@id":"https:\/\/www.e2.law\/fr\/#organization","name":"E2.law","url":"https:\/\/www.e2.law\/fr\/","logo":{"@type":"ImageObject","inLanguage":"fr-FR","@id":"https:\/\/www.e2.law\/fr\/#\/schema\/logo\/image\/","url":"https:\/\/www.e2.law\/wp-content\/uploads\/2018\/12\/logo-2.png","contentUrl":"https:\/\/www.e2.law\/wp-content\/uploads\/2018\/12\/logo-2.png","width":152,"height":40,"caption":"E2.law"},"image":{"@id":"https:\/\/www.e2.law\/fr\/#\/schema\/logo\/image\/"},"sameAs":["https:\/\/www.linkedin.com\/company\/e2.law"]},{"@type":"Person","@id":"https:\/\/www.e2.law\/fr\/#\/schema\/person\/fc4936c485fc15b9d2be735eb6fa9080","name":"Valentine Bonamis","image":{"@type":"ImageObject","inLanguage":"fr-FR","@id":"https:\/\/www.e2.law\/wp-content\/uploads\/2021\/02\/6E22BF17-266E-4CB1-A676-FCE71D83B2A2_1_201_a-scaled-96x96.jpeg","url":"https:\/\/www.e2.law\/wp-content\/uploads\/2021\/02\/6E22BF17-266E-4CB1-A676-FCE71D83B2A2_1_201_a-scaled-96x96.jpeg","contentUrl":"https:\/\/www.e2.law\/wp-content\/uploads\/2021\/02\/6E22BF17-266E-4CB1-A676-FCE71D83B2A2_1_201_a-scaled-96x96.jpeg","caption":"Valentine Bonamis"},"url":"https:\/\/www.e2.law\/fr\/author\/valentine-b\/"}]}},"jetpack_featured_media_url":"https:\/\/i0.wp.com\/www.e2.law\/wp-content\/uploads\/2021\/03\/Secret-2.png?fit=800%2C824&ssl=1","jetpack_sharing_enabled":true,"_links":{"self":[{"href":"https:\/\/www.e2.law\/fr\/wp-json\/wp\/v2\/posts\/30143","targetHints":{"allow":["GET"]}}],"collection":[{"href":"https:\/\/www.e2.law\/fr\/wp-json\/wp\/v2\/posts"}],"about":[{"href":"https:\/\/www.e2.law\/fr\/wp-json\/wp\/v2\/types\/post"}],"author":[{"embeddable":true,"href":"https:\/\/www.e2.law\/fr\/wp-json\/wp\/v2\/users\/164"}],"replies":[{"embeddable":true,"href":"https:\/\/www.e2.law\/fr\/wp-json\/wp\/v2\/comments?post=30143"}],"version-history":[{"count":0,"href":"https:\/\/www.e2.law\/fr\/wp-json\/wp\/v2\/posts\/30143\/revisions"}],"wp:featuredmedia":[{"embeddable":true,"href":"https:\/\/www.e2.law\/fr\/wp-json\/wp\/v2\/media\/30146"}],"wp:attachment":[{"href":"https:\/\/www.e2.law\/fr\/wp-json\/wp\/v2\/media?parent=30143"}],"wp:term":[{"taxonomy":"category","embeddable":true,"href":"https:\/\/www.e2.law\/fr\/wp-json\/wp\/v2\/categories?post=30143"},{"taxonomy":"post_tag","embeddable":true,"href":"https:\/\/www.e2.law\/fr\/wp-json\/wp\/v2\/tags?post=30143"}],"curies":[{"name":"wp","href":"https:\/\/api.w.org\/{rel}","templated":true}]}}