{"id":30178,"date":"2021-04-07T20:53:15","date_gmt":"2021-04-07T18:53:15","guid":{"rendered":"https:\/\/www.e2.law\/?p=30178"},"modified":"2024-05-20T17:18:38","modified_gmt":"2024-05-20T15:18:38","slug":"les-pouvoirs-de-lassemblee-generale-de-la-srl","status":"publish","type":"post","link":"https:\/\/www.e2.law\/fr\/2021\/04\/07\/les-pouvoirs-de-lassemblee-generale-de-la-srl\/","title":{"rendered":"Les pouvoirs de l&#8217;assembl\u00e9e g\u00e9n\u00e9rale de la SRL"},"content":{"rendered":"<div class=\"fusion-fullwidth fullwidth-box fusion-builder-row-1 fusion-flex-container nonhundred-percent-fullwidth non-hundred-percent-height-scrolling\" style=\"--awb-border-radius-top-left:0px;--awb-border-radius-top-right:0px;--awb-border-radius-bottom-right:0px;--awb-border-radius-bottom-left:0px;--awb-flex-wrap:wrap;\" ><div class=\"fusion-builder-row fusion-row fusion-flex-align-items-flex-start fusion-flex-content-wrap\" style=\"max-width:1144px;margin-left: calc(-4% \/ 2 );margin-right: calc(-4% \/ 2 );\"><div class=\"fusion-layout-column fusion_builder_column fusion-builder-column-0 fusion_builder_column_1_1 1_1 fusion-flex-column\" style=\"--awb-bg-size:cover;--awb-width-large:100%;--awb-margin-top-large:0px;--awb-spacing-right-large:1.92%;--awb-margin-bottom-large:0px;--awb-spacing-left-large:1.92%;--awb-width-medium:100%;--awb-spacing-right-medium:1.92%;--awb-spacing-left-medium:1.92%;--awb-width-small:100%;--awb-spacing-right-small:1.92%;--awb-spacing-left-small:1.92%;\"><div class=\"fusion-column-wrapper fusion-flex-justify-content-flex-start fusion-content-layout-column\"><div class=\"fusion-text fusion-text-1\"><h2>I. Pouvoirs r\u00e9serv\u00e9s par la loi \u00e0 l&#8217;Assembl\u00e9e g\u00e9n\u00e9rale de la SRL<\/h2>\n<p>Les pouvoirs r\u00e9serv\u00e9s par la loi sont les suivants.<\/p>\n<h3>A. Avec r\u00e8gle de majorit\u00e9 simple<\/h3>\n<ul>\n<li style=\"list-style-type: none;\">\n<ul>\n<li>l&#8217;approbation des comptes ;<\/li>\n<li>la nomination, r\u00e9mun\u00e9ration, r\u00e9vocation et d\u00e9charge du ou des administrateurs ;<\/li>\n<li>l&#8217; <a href=\"https:\/\/www.e2.law\/fr\/enforceablerights\/exclusion-dun-actionnaire-a-charge-du-patrimoine-de-la-srl\/\">exclusion d&#8217;un actionnaire<\/a> (<a href=\"https:\/\/www.ejustice.just.fgov.be\/cgi_loi\/loi_a1.pl?language=fr&amp;la=F&amp;cn=2019032309&amp;table_name=loi&amp;&amp;caller=list&amp;F&amp;fromtab=loi&amp;tri=dd+AS+RANK&amp;rech=1&amp;numero=1&amp;sql=(text+contains+(%27%27))#Art.5:155\">5:155, \u00a71, al. 2 CSA<\/a>)<\/li>\n<li>l&#8217;action sociale (toutefois, les actionnaires poss\u00e9dant (tous ensemble) un minimum de 10 % des actions \u00e9mises peuvent initier cette action juridique).<\/li>\n<li>la <a href=\"https:\/\/www.e2.law\/fr\/compliances\/la-distribution-des-dividendes-dans-les-srl\/\">distribution des b\u00e9n\u00e9fices<\/a> (m\u00eame si les statuts peuvent d\u00e9l\u00e9guer cette pr\u00e9rogative au conseil d&#8217;administration)<\/li>\n<li>La d\u00e9signation du commissaire<\/li>\n<\/ul>\n<\/li>\n<\/ul>\n<h3>B. Avec r\u00e8gle de majorit\u00e9 sp\u00e9ciale<\/h3>\n<p style=\"padding-left: 40px;\">moyennant le respect des r\u00e8gles applicables \u00e0 la <a href=\"https:\/\/www.e2.law\/fr\/compliances\/modifier-les-statuts-dune-societe\/\">modification des statuts<\/a>, soit un quorum de pr\u00e9sence de 1\/2 actions pr\u00e9sentes ou repr\u00e9sent\u00e9es et une majorit\u00e9 de \u00be des suffrages exprim\u00e9s (5:100 et suivants ) :<\/p>\n<ul>\n<li style=\"list-style-type: none;\">\n<ul>\n<li><a href=\"https:\/\/www.e2.law\/fr\/compliances\/rachat-dactions-propres-conditions-pour-y-proceder\/\">acquisition d&#8217;actions propres<\/a> (<a href=\"https:\/\/www.ejustice.just.fgov.be\/cgi_loi\/loi_a1.pl?language=fr&amp;la=F&amp;cn=2019032309&amp;table_name=loi&amp;&amp;caller=list&amp;F&amp;fromtab=loi&amp;tri=dd+AS+RANK&amp;rech=1&amp;numero=1&amp;sql=(text+contains+(%27%27))#Art.5:145\">5:145 CSA<\/a>) ;<\/li>\n<li>liquidation et dissolution ;<\/li>\n<li><a href=\"https:\/\/www.e2.law\/fr\/compliances\/modifier-les-statuts-dune-societe\/\">modification des statuts<\/a> ;<\/li>\n<li>modification des droits attach\u00e9s aux titres (en plus de la majorit\u00e9 sp\u00e9ciale dans chaque cat\u00e9gorie <a href=\"https:\/\/www.ejustice.just.fgov.be\/cgi_loi\/loi_a1.pl?language=fr&amp;la=F&amp;cn=2019032309&amp;table_name=loi&amp;&amp;caller=list&amp;F&amp;fromtab=loi&amp;tri=dd+AS+RANK&amp;rech=1&amp;numero=1&amp;sql=(text+contains+(%27%27))#Art.5:102\">5:102<\/a>) ;<\/li>\n<li>modification de l&#8217;objet social (4\/5 des voix = art. <a href=\"https:\/\/www.ejustice.just.fgov.be\/cgi_loi\/loi_a1.pl?language=fr&amp;la=F&amp;cn=2019032309&amp;table_name=loi&amp;&amp;caller=list&amp;F&amp;fromtab=loi&amp;tri=dd+AS+RANK&amp;rech=1&amp;numero=1&amp;sql=(text+contains+(%27%27))#Art.5:101\">5:101.<\/a>) ; \u00b5<\/li>\n<li>transformation de la soci\u00e9t\u00e9 en une autre forme de soci\u00e9t\u00e9,<\/li>\n<li>\u00e9mission de nouvelles actions,<\/li>\n<li>suppression ou limitation du droit de pr\u00e9f\u00e9rence &#8211; <a href=\"https:\/\/www.ejustice.just.fgov.be\/cgi_loi\/loi_a1.pl?language=fr&amp;la=F&amp;cn=2019032309&amp;table_name=loi&amp;&amp;caller=list&amp;F&amp;fromtab=loi&amp;tri=dd+AS+RANK&amp;rech=1&amp;numero=1&amp;sql=(text+contains+(%27%27))#Art.5:130\">Art. 5:130<\/a>.<\/li>\n<\/ul>\n<\/li>\n<\/ul>\n<h2>II. Pouvoirs r\u00e9serv\u00e9s par les <a href=\"https:\/\/www.e2.law\/fr\/document\/statutes\/\">statuts<\/a> \u00e0 l&#8217;Assembl\u00e9e g\u00e9n\u00e9rale de la SRL<\/h2>\n<p>L&#8217;assembl\u00e9e g\u00e9n\u00e9rale des actionnaires exerce les pouvoirs qui lui sont conf\u00e9r\u00e9s par les statuts.<\/p>\n<p>Les statuts peuvent \u00e9tendre les pouvoirs de l&#8217;assembl\u00e9e g\u00e9n\u00e9rale. Cette extension n&#8217;est pas opposable aux tiers, m\u00eame si elle est publi\u00e9e.<\/p>\n<p>Les statuts ne peuvent r\u00e9duire les pouvoirs r\u00e9serv\u00e9s \u00e0 l&#8217;assembl\u00e9e g\u00e9n\u00e9rale.<\/p>\n<\/div><\/div><\/div><\/div><\/div>\n","protected":false},"excerpt":{"rendered":"","protected":false},"author":169,"featured_media":0,"comment_status":"closed","ping_status":"open","sticky":false,"template":"","format":"standard","meta":{"_acf_changed":false,"_jetpack_memberships_contains_paid_content":false,"footnotes":""},"categories":[141],"tags":[774,1376,1234],"class_list":["post-30178","post","type-post","status-publish","format-standard","hentry","category-non-classifiee","tag-assemblee-generale-fr","tag-procedure","tag-societe-a-responsabilite-limitee"],"acf":[],"yoast_head":"<!-- This site is optimized with the Yoast SEO plugin v27.5 - https:\/\/yoast.com\/product\/yoast-seo-wordpress\/ -->\n<title>Les pouvoirs de l&#039;assembl\u00e9e g\u00e9n\u00e9rale de la SRL - e2.law<\/title>\n<meta name=\"description\" content=\"I. Pouvoirs r\u00e9serv\u00e9s par la loi \u00e0 l&#039;Assembl\u00e9e g\u00e9n\u00e9rale de la SRL. Les pouvoirs r\u00e9serv\u00e9s par la loi sont les suivants.\" \/>\n<meta name=\"robots\" content=\"index, follow, max-snippet:-1, max-image-preview:large, max-video-preview:-1\" \/>\n<link rel=\"canonical\" href=\"https:\/\/www.e2.law\/fr\/2021\/04\/07\/les-pouvoirs-de-lassemblee-generale-de-la-srl\/\" \/>\n<meta property=\"og:locale\" content=\"fr_FR\" \/>\n<meta property=\"og:type\" content=\"article\" \/>\n<meta property=\"og:title\" content=\"Les pouvoirs de l&#039;assembl\u00e9e g\u00e9n\u00e9rale de la SRL - e2.law\" \/>\n<meta property=\"og:description\" content=\"I. Pouvoirs r\u00e9serv\u00e9s par la loi \u00e0 l&#039;Assembl\u00e9e g\u00e9n\u00e9rale de la SRL. Les pouvoirs r\u00e9serv\u00e9s par la loi sont les suivants.\" \/>\n<meta property=\"og:url\" content=\"https:\/\/www.e2.law\/fr\/2021\/04\/07\/les-pouvoirs-de-lassemblee-generale-de-la-srl\/\" \/>\n<meta property=\"og:site_name\" content=\"e2.law\" \/>\n<meta property=\"article:published_time\" content=\"2021-04-07T18:53:15+00:00\" \/>\n<meta property=\"article:modified_time\" content=\"2024-05-20T15:18:38+00:00\" \/>\n<meta name=\"author\" content=\"e\u00b2.law\" \/>\n<meta name=\"twitter:card\" content=\"summary_large_image\" \/>\n<meta name=\"twitter:label1\" content=\"\u00c9crit par\" \/>\n\t<meta name=\"twitter:data1\" content=\"e\u00b2.law\" \/>\n\t<meta name=\"twitter:label2\" content=\"Dur\u00e9e de lecture estim\u00e9e\" \/>\n\t<meta name=\"twitter:data2\" content=\"2 minutes\" \/>\n<script type=\"application\/ld+json\" class=\"yoast-schema-graph\">{\"@context\":\"https:\\\/\\\/schema.org\",\"@graph\":[{\"@type\":\"Article\",\"@id\":\"https:\\\/\\\/www.e2.law\\\/fr\\\/2021\\\/04\\\/07\\\/les-pouvoirs-de-lassemblee-generale-de-la-srl\\\/#article\",\"isPartOf\":{\"@id\":\"https:\\\/\\\/www.e2.law\\\/fr\\\/2021\\\/04\\\/07\\\/les-pouvoirs-de-lassemblee-generale-de-la-srl\\\/\"},\"author\":{\"name\":\"e\u00b2.law\",\"@id\":\"https:\\\/\\\/www.e2.law\\\/fr\\\/#\\\/schema\\\/person\\\/9f822952177053b420c93ceda8001bcd\"},\"headline\":\"Les pouvoirs de l&#8217;assembl\u00e9e g\u00e9n\u00e9rale de la SRL\",\"datePublished\":\"2021-04-07T18:53:15+00:00\",\"dateModified\":\"2024-05-20T15:18:38+00:00\",\"mainEntityOfPage\":{\"@id\":\"https:\\\/\\\/www.e2.law\\\/fr\\\/2021\\\/04\\\/07\\\/les-pouvoirs-de-lassemblee-generale-de-la-srl\\\/\"},\"wordCount\":467,\"publisher\":{\"@id\":\"https:\\\/\\\/www.e2.law\\\/fr\\\/#organization\"},\"keywords\":[\"assembl\u00e9e g\u00e9n\u00e9rale\",\"proc\u00e9dure\",\"soci\u00e9t\u00e9 \u00e0 responsabilit\u00e9 limit\u00e9e (SRL)\"],\"articleSection\":[\"Non classifi\u00e9(e)\"],\"inLanguage\":\"fr-FR\"},{\"@type\":\"WebPage\",\"@id\":\"https:\\\/\\\/www.e2.law\\\/fr\\\/2021\\\/04\\\/07\\\/les-pouvoirs-de-lassemblee-generale-de-la-srl\\\/\",\"url\":\"https:\\\/\\\/www.e2.law\\\/fr\\\/2021\\\/04\\\/07\\\/les-pouvoirs-de-lassemblee-generale-de-la-srl\\\/\",\"name\":\"Les pouvoirs de l'assembl\u00e9e g\u00e9n\u00e9rale de la SRL - e2.law\",\"isPartOf\":{\"@id\":\"https:\\\/\\\/www.e2.law\\\/fr\\\/#website\"},\"datePublished\":\"2021-04-07T18:53:15+00:00\",\"dateModified\":\"2024-05-20T15:18:38+00:00\",\"description\":\"I. Pouvoirs r\u00e9serv\u00e9s par la loi \u00e0 l'Assembl\u00e9e g\u00e9n\u00e9rale de la SRL. Les pouvoirs r\u00e9serv\u00e9s par la loi sont les suivants.\",\"breadcrumb\":{\"@id\":\"https:\\\/\\\/www.e2.law\\\/fr\\\/2021\\\/04\\\/07\\\/les-pouvoirs-de-lassemblee-generale-de-la-srl\\\/#breadcrumb\"},\"inLanguage\":\"fr-FR\",\"potentialAction\":[{\"@type\":\"ReadAction\",\"target\":[\"https:\\\/\\\/www.e2.law\\\/fr\\\/2021\\\/04\\\/07\\\/les-pouvoirs-de-lassemblee-generale-de-la-srl\\\/\"]}]},{\"@type\":\"BreadcrumbList\",\"@id\":\"https:\\\/\\\/www.e2.law\\\/fr\\\/2021\\\/04\\\/07\\\/les-pouvoirs-de-lassemblee-generale-de-la-srl\\\/#breadcrumb\",\"itemListElement\":[{\"@type\":\"ListItem\",\"position\":1,\"name\":\"Home\",\"item\":\"https:\\\/\\\/www.e2.law\\\/fr\\\/home\\\/\"},{\"@type\":\"ListItem\",\"position\":2,\"name\":\"Les pouvoirs de l&#8217;assembl\u00e9e g\u00e9n\u00e9rale de la SRL\"}]},{\"@type\":\"WebSite\",\"@id\":\"https:\\\/\\\/www.e2.law\\\/fr\\\/#website\",\"url\":\"https:\\\/\\\/www.e2.law\\\/fr\\\/\",\"name\":\"e2.law\",\"description\":\"A Business Law Firm\",\"publisher\":{\"@id\":\"https:\\\/\\\/www.e2.law\\\/fr\\\/#organization\"},\"potentialAction\":[{\"@type\":\"SearchAction\",\"target\":{\"@type\":\"EntryPoint\",\"urlTemplate\":\"https:\\\/\\\/www.e2.law\\\/fr\\\/?s={search_term_string}\"},\"query-input\":{\"@type\":\"PropertyValueSpecification\",\"valueRequired\":true,\"valueName\":\"search_term_string\"}}],\"inLanguage\":\"fr-FR\"},{\"@type\":\"Organization\",\"@id\":\"https:\\\/\\\/www.e2.law\\\/fr\\\/#organization\",\"name\":\"E2.law\",\"url\":\"https:\\\/\\\/www.e2.law\\\/fr\\\/\",\"logo\":{\"@type\":\"ImageObject\",\"inLanguage\":\"fr-FR\",\"@id\":\"https:\\\/\\\/www.e2.law\\\/fr\\\/#\\\/schema\\\/logo\\\/image\\\/\",\"url\":\"https:\\\/\\\/www.e2.law\\\/wp-content\\\/uploads\\\/2018\\\/12\\\/logo-2.png\",\"contentUrl\":\"https:\\\/\\\/www.e2.law\\\/wp-content\\\/uploads\\\/2018\\\/12\\\/logo-2.png\",\"width\":152,\"height\":40,\"caption\":\"E2.law\"},\"image\":{\"@id\":\"https:\\\/\\\/www.e2.law\\\/fr\\\/#\\\/schema\\\/logo\\\/image\\\/\"},\"sameAs\":[\"https:\\\/\\\/www.linkedin.com\\\/company\\\/e2.law\"]},{\"@type\":\"Person\",\"@id\":\"https:\\\/\\\/www.e2.law\\\/fr\\\/#\\\/schema\\\/person\\\/9f822952177053b420c93ceda8001bcd\",\"name\":\"e\u00b2.law\",\"image\":{\"@type\":\"ImageObject\",\"inLanguage\":\"fr-FR\",\"@id\":\"https:\\\/\\\/secure.gravatar.com\\\/avatar\\\/?d=https:\\\/\\\/www.e2.law\\\/wp-content\\\/uploads\\\/2021\\\/01\\\/pixie_1609696175704-e1610820192173.png&amp;s=96\",\"url\":\"https:\\\/\\\/secure.gravatar.com\\\/avatar\\\/?d=https:\\\/\\\/www.e2.law\\\/wp-content\\\/uploads\\\/2021\\\/01\\\/pixie_1609696175704-e1610820192173.png&amp;s=96\",\"contentUrl\":\"https:\\\/\\\/secure.gravatar.com\\\/avatar\\\/?d=https:\\\/\\\/www.e2.law\\\/wp-content\\\/uploads\\\/2021\\\/01\\\/pixie_1609696175704-e1610820192173.png&amp;s=96\",\"caption\":\"e\u00b2.law\"},\"sameAs\":[\"http:\\\/\\\/www.e2.law\",\"www.linkedin.com\\\\companyprofile\\\\e2.law\"],\"url\":\"https:\\\/\\\/www.e2.law\\\/author\\\/visitor\\\/\"}]}<\/script>\n<!-- \/ Yoast SEO plugin. -->","yoast_head_json":{"title":"Les pouvoirs de l'assembl\u00e9e g\u00e9n\u00e9rale de la SRL - e2.law","description":"I. Pouvoirs r\u00e9serv\u00e9s par la loi \u00e0 l'Assembl\u00e9e g\u00e9n\u00e9rale de la SRL. Les pouvoirs r\u00e9serv\u00e9s par la loi sont les suivants.","robots":{"index":"index","follow":"follow","max-snippet":"max-snippet:-1","max-image-preview":"max-image-preview:large","max-video-preview":"max-video-preview:-1"},"canonical":"https:\/\/www.e2.law\/fr\/2021\/04\/07\/les-pouvoirs-de-lassemblee-generale-de-la-srl\/","og_locale":"fr_FR","og_type":"article","og_title":"Les pouvoirs de l'assembl\u00e9e g\u00e9n\u00e9rale de la SRL - e2.law","og_description":"I. Pouvoirs r\u00e9serv\u00e9s par la loi \u00e0 l'Assembl\u00e9e g\u00e9n\u00e9rale de la SRL. Les pouvoirs r\u00e9serv\u00e9s par la loi sont les suivants.","og_url":"https:\/\/www.e2.law\/fr\/2021\/04\/07\/les-pouvoirs-de-lassemblee-generale-de-la-srl\/","og_site_name":"e2.law","article_published_time":"2021-04-07T18:53:15+00:00","article_modified_time":"2024-05-20T15:18:38+00:00","author":"e\u00b2.law","twitter_card":"summary_large_image","twitter_misc":{"\u00c9crit par":"e\u00b2.law","Dur\u00e9e de lecture estim\u00e9e":"2 minutes"},"schema":{"@context":"https:\/\/schema.org","@graph":[{"@type":"Article","@id":"https:\/\/www.e2.law\/fr\/2021\/04\/07\/les-pouvoirs-de-lassemblee-generale-de-la-srl\/#article","isPartOf":{"@id":"https:\/\/www.e2.law\/fr\/2021\/04\/07\/les-pouvoirs-de-lassemblee-generale-de-la-srl\/"},"author":{"name":"e\u00b2.law","@id":"https:\/\/www.e2.law\/fr\/#\/schema\/person\/9f822952177053b420c93ceda8001bcd"},"headline":"Les pouvoirs de l&#8217;assembl\u00e9e g\u00e9n\u00e9rale de la SRL","datePublished":"2021-04-07T18:53:15+00:00","dateModified":"2024-05-20T15:18:38+00:00","mainEntityOfPage":{"@id":"https:\/\/www.e2.law\/fr\/2021\/04\/07\/les-pouvoirs-de-lassemblee-generale-de-la-srl\/"},"wordCount":467,"publisher":{"@id":"https:\/\/www.e2.law\/fr\/#organization"},"keywords":["assembl\u00e9e g\u00e9n\u00e9rale","proc\u00e9dure","soci\u00e9t\u00e9 \u00e0 responsabilit\u00e9 limit\u00e9e (SRL)"],"articleSection":["Non classifi\u00e9(e)"],"inLanguage":"fr-FR"},{"@type":"WebPage","@id":"https:\/\/www.e2.law\/fr\/2021\/04\/07\/les-pouvoirs-de-lassemblee-generale-de-la-srl\/","url":"https:\/\/www.e2.law\/fr\/2021\/04\/07\/les-pouvoirs-de-lassemblee-generale-de-la-srl\/","name":"Les pouvoirs de l'assembl\u00e9e g\u00e9n\u00e9rale de la SRL - e2.law","isPartOf":{"@id":"https:\/\/www.e2.law\/fr\/#website"},"datePublished":"2021-04-07T18:53:15+00:00","dateModified":"2024-05-20T15:18:38+00:00","description":"I. Pouvoirs r\u00e9serv\u00e9s par la loi \u00e0 l'Assembl\u00e9e g\u00e9n\u00e9rale de la SRL. Les pouvoirs r\u00e9serv\u00e9s par la loi sont les suivants.","breadcrumb":{"@id":"https:\/\/www.e2.law\/fr\/2021\/04\/07\/les-pouvoirs-de-lassemblee-generale-de-la-srl\/#breadcrumb"},"inLanguage":"fr-FR","potentialAction":[{"@type":"ReadAction","target":["https:\/\/www.e2.law\/fr\/2021\/04\/07\/les-pouvoirs-de-lassemblee-generale-de-la-srl\/"]}]},{"@type":"BreadcrumbList","@id":"https:\/\/www.e2.law\/fr\/2021\/04\/07\/les-pouvoirs-de-lassemblee-generale-de-la-srl\/#breadcrumb","itemListElement":[{"@type":"ListItem","position":1,"name":"Home","item":"https:\/\/www.e2.law\/fr\/home\/"},{"@type":"ListItem","position":2,"name":"Les pouvoirs de l&#8217;assembl\u00e9e g\u00e9n\u00e9rale de la SRL"}]},{"@type":"WebSite","@id":"https:\/\/www.e2.law\/fr\/#website","url":"https:\/\/www.e2.law\/fr\/","name":"e2.law","description":"A Business Law Firm","publisher":{"@id":"https:\/\/www.e2.law\/fr\/#organization"},"potentialAction":[{"@type":"SearchAction","target":{"@type":"EntryPoint","urlTemplate":"https:\/\/www.e2.law\/fr\/?s={search_term_string}"},"query-input":{"@type":"PropertyValueSpecification","valueRequired":true,"valueName":"search_term_string"}}],"inLanguage":"fr-FR"},{"@type":"Organization","@id":"https:\/\/www.e2.law\/fr\/#organization","name":"E2.law","url":"https:\/\/www.e2.law\/fr\/","logo":{"@type":"ImageObject","inLanguage":"fr-FR","@id":"https:\/\/www.e2.law\/fr\/#\/schema\/logo\/image\/","url":"https:\/\/www.e2.law\/wp-content\/uploads\/2018\/12\/logo-2.png","contentUrl":"https:\/\/www.e2.law\/wp-content\/uploads\/2018\/12\/logo-2.png","width":152,"height":40,"caption":"E2.law"},"image":{"@id":"https:\/\/www.e2.law\/fr\/#\/schema\/logo\/image\/"},"sameAs":["https:\/\/www.linkedin.com\/company\/e2.law"]},{"@type":"Person","@id":"https:\/\/www.e2.law\/fr\/#\/schema\/person\/9f822952177053b420c93ceda8001bcd","name":"e\u00b2.law","image":{"@type":"ImageObject","inLanguage":"fr-FR","@id":"https:\/\/secure.gravatar.com\/avatar\/?d=https:\/\/www.e2.law\/wp-content\/uploads\/2021\/01\/pixie_1609696175704-e1610820192173.png&amp;s=96","url":"https:\/\/secure.gravatar.com\/avatar\/?d=https:\/\/www.e2.law\/wp-content\/uploads\/2021\/01\/pixie_1609696175704-e1610820192173.png&amp;s=96","contentUrl":"https:\/\/secure.gravatar.com\/avatar\/?d=https:\/\/www.e2.law\/wp-content\/uploads\/2021\/01\/pixie_1609696175704-e1610820192173.png&amp;s=96","caption":"e\u00b2.law"},"sameAs":["http:\/\/www.e2.law","www.linkedin.com\\companyprofile\\e2.law"],"url":"https:\/\/www.e2.law\/author\/visitor\/"}]}},"jetpack_featured_media_url":"","jetpack_sharing_enabled":true,"_links":{"self":[{"href":"https:\/\/www.e2.law\/fr\/wp-json\/wp\/v2\/posts\/30178","targetHints":{"allow":["GET"]}}],"collection":[{"href":"https:\/\/www.e2.law\/fr\/wp-json\/wp\/v2\/posts"}],"about":[{"href":"https:\/\/www.e2.law\/fr\/wp-json\/wp\/v2\/types\/post"}],"author":[{"embeddable":true,"href":"https:\/\/www.e2.law\/fr\/wp-json\/wp\/v2\/users\/169"}],"replies":[{"embeddable":true,"href":"https:\/\/www.e2.law\/fr\/wp-json\/wp\/v2\/comments?post=30178"}],"version-history":[{"count":4,"href":"https:\/\/www.e2.law\/fr\/wp-json\/wp\/v2\/posts\/30178\/revisions"}],"predecessor-version":[{"id":44662,"href":"https:\/\/www.e2.law\/fr\/wp-json\/wp\/v2\/posts\/30178\/revisions\/44662"}],"wp:attachment":[{"href":"https:\/\/www.e2.law\/fr\/wp-json\/wp\/v2\/media?parent=30178"}],"wp:term":[{"taxonomy":"category","embeddable":true,"href":"https:\/\/www.e2.law\/fr\/wp-json\/wp\/v2\/categories?post=30178"},{"taxonomy":"post_tag","embeddable":true,"href":"https:\/\/www.e2.law\/fr\/wp-json\/wp\/v2\/tags?post=30178"}],"curies":[{"name":"wp","href":"https:\/\/api.w.org\/{rel}","templated":true}]}}