{"id":30421,"date":"2021-04-26T17:35:35","date_gmt":"2021-04-26T15:35:35","guid":{"rendered":"https:\/\/www.e2.law\/?p=30421"},"modified":"2024-05-16T11:10:39","modified_gmt":"2024-05-16T09:10:39","slug":"dans-quelle-mesure-la-responsabilite-des-dirigeants-peut-elle-etre-engagee-en-cas-de-faillite","status":"publish","type":"post","link":"https:\/\/www.e2.law\/fr\/2021\/04\/26\/dans-quelle-mesure-la-responsabilite-des-dirigeants-peut-elle-etre-engagee-en-cas-de-faillite\/","title":{"rendered":"Dans quelle mesure la responsabilit\u00e9 des dirigeants peut-elle \u00eatre engag\u00e9e\u00a0en cas de faillite ?"},"content":{"rendered":"<p><div class=\"fusion-fullwidth fullwidth-box fusion-builder-row-1 fusion-flex-container nonhundred-percent-fullwidth non-hundred-percent-height-scrolling\" style=\"--awb-border-radius-top-left:0px;--awb-border-radius-top-right:0px;--awb-border-radius-bottom-right:0px;--awb-border-radius-bottom-left:0px;--awb-flex-wrap:wrap;\" ><div class=\"fusion-builder-row fusion-row fusion-flex-align-items-flex-start fusion-flex-content-wrap\" style=\"max-width:1144px;margin-left: calc(-4% \/ 2 );margin-right: calc(-4% \/ 2 );\"><div class=\"fusion-layout-column fusion_builder_column fusion-builder-column-0 fusion_builder_column_1_1 1_1 fusion-flex-column\" style=\"--awb-bg-size:cover;--awb-width-large:100%;--awb-margin-top-large:0px;--awb-spacing-right-large:1.92%;--awb-margin-bottom-large:0px;--awb-spacing-left-large:1.92%;--awb-width-medium:100%;--awb-spacing-right-medium:1.92%;--awb-spacing-left-medium:1.92%;--awb-width-small:100%;--awb-spacing-right-small:1.92%;--awb-spacing-left-small:1.92%;\"><div class=\"fusion-column-wrapper fusion-flex-justify-content-flex-start fusion-content-layout-column\"><div class=\"fusion-text fusion-text-1\"><div class=\"fusion-text fusion-text-1\"><\/div>\n<p>Le livre XX du Code de droit \u00e9conomique pr\u00e9voit plusieurs recours contre les dirigeants de la soci\u00e9t\u00e9 faillite pour les victimes de la faillite.<\/p>\n<blockquote>\n<p>On entend par \u00ab\u00a0<strong>dirigeant<\/strong>\u00a0\u00bb tout administrateur, g\u00e9rant, d\u00e9l\u00e9gu\u00e9 \u00e0 la gestion journali\u00e8re, membre du comit\u00e9 de direction ou du conseil de surveillance, actuel ou ancien, ainsi que toute autre personne qui a effectivement d\u00e9tenu le pouvoir de g\u00e9rer l\u2019entreprise.\u00a0 Cela vise tant les personnes morales que les soci\u00e9t\u00e9s (Les personnes physiques ne sont pas concern\u00e9es (<a href=\"https:\/\/www.ejustice.just.fgov.be\/cgi_loi\/loi_a1.pl?language=fr&amp;la=F&amp;cn=2013022819&amp;table_name=loi&amp;&amp;caller=list&amp;F&amp;fromtab=loi&amp;tri=dd+AS+RANK&amp;rech=1&amp;numero=1&amp;sql=(text+contains+(%27%27))#Art.XX.224\">XX.224<\/a>)).<\/p>\n<\/blockquote>\n<p>Ces actions sont d\u00e9crites ci-dessous.<\/p>\n<p>Elles ont en commun :<\/p>\n<ul>\n<li><strong>Tribunal comp\u00e9tent:<\/strong>\u00a0le\u00a0tribunal de l\u2019entreprise qui a prononc\u00e9 la faillite (<a href=\"https:\/\/www.ejustice.just.fgov.be\/cgi_loi\/loi_a1.pl?language=fr&amp;la=F&amp;cn=2013022819&amp;table_name=loi&amp;&amp;caller=list&amp;F&amp;fromtab=loi&amp;tri=dd+AS+RANK&amp;rech=1&amp;numero=1&amp;sql=(text+contains+(%27%27))#Art.I.23\">article I.23, 4\u00b0 du Code de droit \u00e9conomique<\/a>).<\/li>\n<li><strong>D\u00e9lai de prescription<\/strong>\u00a0: cinq ans \u00e0 partir de la d\u00e9couverte des faits sur lesquels se fondent l\u2019action (<a href=\"https:\/\/www.ejustice.just.fgov.be\/cgi_loi\/loi_a1.pl?language=fr&amp;la=F&amp;cn=2019032309&amp;table_name=loi&amp;&amp;caller=list&amp;F&amp;fromtab=loi&amp;tri=dd+AS+RANK&amp;rech=1&amp;numero=1&amp;sql=(text+contains+(%27%27))#Art.2:143\">article 2:143 du C.S.A.<\/a>).<\/li>\n<\/ul>\n<\/div><div class=\"accordian fusion-accordian\" style=\"--awb-border-size:1px;--awb-icon-size:13px;--awb-content-font-size:16px;--awb-icon-alignment:left;--awb-hover-color:#f9f9f9;--awb-border-color:#cccccc;--awb-background-color:#ffffff;--awb-divider-color:#e0dede;--awb-divider-hover-color:#e0dede;--awb-icon-color:#ffffff;--awb-title-color:#333333;--awb-content-color:#747474;--awb-icon-box-color:#333333;--awb-toggle-hover-accent-color:#0da74c;--awb-title-font-family:&quot;Roboto Slab&quot;;--awb-title-font-weight:300;--awb-title-font-style:normal;--awb-title-font-size:14px;--awb-content-font-family:&quot;PT Sans&quot;;--awb-content-font-style:normal;--awb-content-font-weight:400;\"><div class=\"panel-group fusion-toggle-icon-boxed\" id=\"accordion-30421-1\"><div class=\"fusion-panel panel-default panel-678d7c4d9b2aa8cec fusion-toggle-has-divider\" style=\"--awb-title-color:#333333;--awb-content-color:#747474;\"><div class=\"panel-heading\"><h4 class=\"panel-title toggle\" id=\"toggle_678d7c4d9b2aa8cec\"><a aria-expanded=\"false\" aria-controls=\"678d7c4d9b2aa8cec\" role=\"button\" data-toggle=\"collapse\" data-parent=\"#accordion-30421-1\" data-target=\"#678d7c4d9b2aa8cec\" href=\"#678d7c4d9b2aa8cec\"><span class=\"fusion-toggle-icon-wrapper\" aria-hidden=\"true\"><i class=\"fa-fusion-box active-icon awb-icon-minus\" aria-hidden=\"true\"><\/i><i class=\"fa-fusion-box inactive-icon awb-icon-plus\" aria-hidden=\"true\"><\/i><\/span><span class=\"fusion-toggle-heading\">L'action en comblement de passif<\/span><\/a><\/h4><\/div><div id=\"678d7c4d9b2aa8cec\" class=\"panel-collapse collapse \" aria-labelledby=\"toggle_678d7c4d9b2aa8cec\"><div class=\"panel-body toggle-content fusion-clearfix\">\n<ul>\n<li><strong>Base l\u00e9gale.<\/strong>\u00a0<a href=\"https:\/\/www.ejustice.just.fgov.be\/cgi_loi\/loi_a1.pl?language=fr&amp;la=F&amp;cn=2013022819&amp;table_name=loi&amp;&amp;caller=list&amp;F&amp;fromtab=loi&amp;tri=dd+AS+RANK&amp;rech=1&amp;numero=1&amp;sql=(text+contains+(%27%27))#Art.XX.225\">article XX.225 du Code de droit \u00e9conomique<\/a>.<br \/>\n<span style=\"color: #ffffff;\">.<\/span><\/li>\n<li><strong>Titulaire de l&#8217;action. <\/strong>Le curateur ou un cr\u00e9ancier l\u00e9s\u00e9 pour autant que celui-ci ait somm\u00e9 le curateur d\u2019agir mais que ce dernier ne l\u2019ai pas fait dans un d\u00e9lai d\u2019un mois apr\u00e8s la sommation.<br \/>\n<span style=\"color: #ffffff;\">.<\/span><\/li>\n<li><strong>Conditions.<\/strong>\u00a0L\u2019action en comblement de passif peut \u00eatre mise en \u0153uvre pour autant que les conditions suivantes soient r\u00e9unies :<\/li>\n<\/ul>\n<ol>\n<li style=\"list-style-type: none;\">\n<ol>\n<li>L\u2019actif de la faillite ne suffit pas \u00e0 couvrir le passif\u00a0;<br \/>\n<span style=\"color: #ffffff;\">.<\/span><\/li>\n<li>Une faute grave et caract\u00e9ris\u00e9e a contribu\u00e9 la faillite ;<br \/>\n<span style=\"color: #ffffff;\">.<\/span><br \/>\nLes tribunaux consid\u00e8rent g\u00e9n\u00e9ralement comme une faute grave et caract\u00e9ris\u00e9e les \u00e9l\u00e9ments susceptibles de donner lieu \u00e0 des sanctions p\u00e9nales (travail en noir, absence de comptabilit\u00e9 ou comptabilit\u00e9 trompeuse, \u00e9tablissement de comptes annuels non conformes \u00e0 la r\u00e9alit\u00e9, organisation d\u2019insolvabilit\u00e9, d\u00e9tournement du capital social, non-paiement syst\u00e9matique des cr\u00e9anciers publics, pr\u00e9l\u00e8vements importants effectu\u00e9s par un dirigeant alors que la soci\u00e9t\u00e9 pr\u00e9sente des difficult\u00e9s financi\u00e8res, utilisation d\u2019une \u00ab caisse noire \u00bb, fraude fiscale, etc).<br \/>\n<span style=\"color: #ffffff;\">.<\/span><\/li>\n<li>Cette faute a \u00e9t\u00e9 commise par un administrateur, g\u00e9rant, d\u00e9l\u00e9gu\u00e9 \u00e0 la gestion journali\u00e8re, membre du comit\u00e9 de direction ou du conseil de surveillance, actuel ou ancien ou par toute autre personne qui a effectivement d\u00e9tenu le pouvoir de g\u00e9rer l\u2019entreprise.<br \/>\n<span style=\"color: #ffffff;\">.<\/span><\/li>\n<\/ol>\n<\/li>\n<\/ol>\n<ul>\n<li><strong>Sanction<\/strong>. Si toutes ces conditions sont r\u00e9unie, le tribunal de l\u2019entreprise peut (mais ne doit pas) condamner le ou les dirigeants de droit ou de fait, solidairement ou non, au paiement de tout ou partie des dettes sociales, \u00e0 concurrence de l\u2019insuffisance d\u2019actif.Les sommes obtenues seront r\u00e9partie proportionnellement\u00a0:<br \/>\n<span style=\"color: #ffffff;\">.<\/span><\/p>\n<ul>\n<li>En tenant compte des \u00e9ventuels privil\u00e8ges des cr\u00e9anciers si l\u2019indemnisation est accord\u00e9e par le tribunal en r\u00e9paration d\u2019une diminution ou d\u2019une absence d\u2019actif ;<br \/>\n<span style=\"color: #ffffff;\">.<\/span><\/li>\n<li>sans tenir compte des \u00e9ventuels privil\u00e8ges des cr\u00e9anciers si l\u2019indemnisation est accord\u00e9e par le tribunal en r\u00e9paration d\u2019une aggravation du passif ;<\/li>\n<\/ul>\n<\/li>\n<\/ul>\n<\/div><\/div><\/div><div class=\"fusion-panel panel-default panel-823c8cb4dc33f86ab fusion-toggle-has-divider\" style=\"--awb-title-color:#333333;--awb-content-color:#747474;\"><div class=\"panel-heading\"><h4 class=\"panel-title toggle\" id=\"toggle_823c8cb4dc33f86ab\"><a aria-expanded=\"false\" aria-controls=\"823c8cb4dc33f86ab\" role=\"button\" data-toggle=\"collapse\" data-parent=\"#accordion-30421-1\" data-target=\"#823c8cb4dc33f86ab\" href=\"#823c8cb4dc33f86ab\"><span class=\"fusion-toggle-icon-wrapper\" aria-hidden=\"true\"><i class=\"fa-fusion-box active-icon awb-icon-minus\" aria-hidden=\"true\"><\/i><i class=\"fa-fusion-box inactive-icon awb-icon-plus\" aria-hidden=\"true\"><\/i><\/span><span class=\"fusion-toggle-heading\">L'action pour poursuite d\u00e9raisonnable d'une activit\u00e9<\/span><\/a><\/h4><\/div><div id=\"823c8cb4dc33f86ab\" class=\"panel-collapse collapse \" aria-labelledby=\"toggle_823c8cb4dc33f86ab\"><div class=\"panel-body toggle-content fusion-clearfix\">\n<ul>\n<li><strong>Base l\u00e9gale.<\/strong> <a href=\"https:\/\/www.ejustice.just.fgov.be\/cgi_loi\/loi_a1.pl?language=fr&amp;la=F&amp;cn=2013022819&amp;table_name=loi&amp;&amp;caller=list&amp;F&amp;fromtab=loi&amp;tri=dd+AS+RANK&amp;rech=1&amp;numero=1&amp;sql=(text+contains+(%27%27))#Art.XX.227\">Article XX.227 du Code de droit \u00e9conomique<\/a><br \/>\n<span style=\"color: #ffffff;\">.<\/span><\/li>\n<li><strong>Titulaire de l&#8217;action.<\/strong> Le curateur de la faillite uniquement.<br \/>\n<span style=\"color: #ffffff;\">.<\/span><\/li>\n<li><strong>Conditions. <\/strong>Le curateur peut agir sur base de l\u2019article XX.227 lorsque les conditions suivantes sont r\u00e9unies :<br \/>\n<span style=\"color: #ffffff;\">.<\/span><\/p>\n<ol>\n<li>L\u2019actif de la faillite ne suffit pas \u00e0 couvrir le passif\u00a0;<br \/>\n<span style=\"color: #ffffff;\">.<\/span><\/li>\n<li>Un (ou plusieurs) dirigeants avait connaissance du fait qu\u2019il n\u2019y avait plus de chance raisonnable de pr\u00e9server l\u2019entreprise et d\u2019\u00e9viter la faillite ;<br \/>\n<span style=\"color: #ffffff;\">.<\/span><\/li>\n<li>Ce dirigeant pr\u00e9sentait l\u2019une des qualit\u00e9s suivantes\u00a0: administrateur, g\u00e9rant, d\u00e9l\u00e9gu\u00e9 \u00e0 la gestion journali\u00e8re, membre du comit\u00e9 de direction ou du conseil de surveillance, actuel ou ancien ou toute autre personne qui a effectivement d\u00e9tenu le pouvoir de diriger l\u2019entreprise\u00a0;<br \/>\n<span style=\"color: #ffffff;\">.<\/span><\/li>\n<li>Ce dirigeant n\u2019a pas agi comme tout administrateur normalement prudent et dirigent plac\u00e9 dans les m\u00eames circonstances au moment o\u00f9 il a eu connaissance de la situation.<br \/>\n<span style=\"color: #ffffff;\">.<\/span><\/li>\n<\/ol>\n<\/li>\n<li><strong>Sanction.<\/strong> Si toutes ces conditions sont r\u00e9unie, le tribunal de l\u2019entreprise peut (mais ne doit pas) condamner le ou les dirigeants de droit ou de fait, solidairement ou non, au paiement de tout ou partie des dettes sociales.<br \/>\n<span style=\"color: #ffffff;\">.<\/span><br \/>\nLe but de l\u2019action n\u2019est pas de sanctionner le dirigeant mais d\u2019indemniser la masse du pr\u00e9judice subi du fait de la poursuite de l\u2019activit\u00e9 alors que l\u2019entreprise \u00e9tait insolvable.<br \/>\n<span style=\"color: #ffffff;\">.<\/span><br \/>\nLe Code des soci\u00e9t\u00e9s et des associations plafonne la responsabilit\u00e9 des dirigeants d\u2019entreprise, en ce compris en cas d\u2019action en comblement du passif.<br \/>\n<span style=\"color: #ffffff;\">.<\/span><br \/>\nLes sommes obtenues seront r\u00e9parties proportionnellement, sans tenir compte des \u00e9ventuels privil\u00e8ges des cr\u00e9anciers.<\/li>\n<\/ul>\n<\/div><\/div><\/div><div class=\"fusion-panel panel-default panel-b50fe18a0830b3a68 fusion-toggle-has-divider\" style=\"--awb-title-color:#333333;--awb-content-color:#747474;\"><div class=\"panel-heading\"><h4 class=\"panel-title toggle\" id=\"toggle_b50fe18a0830b3a68\"><a aria-expanded=\"false\" aria-controls=\"b50fe18a0830b3a68\" role=\"button\" data-toggle=\"collapse\" data-parent=\"#accordion-30421-1\" data-target=\"#b50fe18a0830b3a68\" href=\"#b50fe18a0830b3a68\"><span class=\"fusion-toggle-icon-wrapper\" aria-hidden=\"true\"><i class=\"fa-fusion-box active-icon awb-icon-minus\" aria-hidden=\"true\"><\/i><i class=\"fa-fusion-box inactive-icon awb-icon-plus\" aria-hidden=\"true\"><\/i><\/span><span class=\"fusion-toggle-heading\">L'action en responsabilit\u00e9 des drigieants du fait du non-paiement des cotisations sociales<\/span><\/a><\/h4><\/div><div id=\"b50fe18a0830b3a68\" class=\"panel-collapse collapse \" aria-labelledby=\"toggle_b50fe18a0830b3a68\"><div class=\"panel-body toggle-content fusion-clearfix\">\n<ul>\n<li><strong>Base l\u00e9gale. <\/strong><a href=\"https:\/\/www.ejustice.just.fgov.be\/cgi_loi\/loi_a1.pl?language=fr&amp;la=F&amp;cn=2013022819&amp;table_name=loi&amp;&amp;caller=list&amp;F&amp;fromtab=loi&amp;tri=dd+AS+RANK&amp;rech=1&amp;numero=1&amp;sql=(text+contains+(%27%27))#Art.XX.226\">Article XX.226 du Code de droit \u00e9conomique<\/a><strong><br \/>\n<span style=\"color: #ffffff;\">.<\/span><\/strong><\/li>\n<li><strong>Titulaire<\/strong>. L&#8217;ONSS et le curateur de la faillite<br \/>\n<span style=\"color: #ffffff;\">.<\/span><\/li>\n<li><strong>Conditions<\/strong>. Une action peut \u00eatre intent\u00e9e sur base de l&#8217;article XX.226 pour autant que les conditions suivantes soient r\u00e9unies :<br \/>\n<span style=\"color: #ffffff;\">.<\/span><\/p>\n<ul>\n<li>Des cotisations sociales (et\/ou int\u00e9r\u00eats de retard li\u00e9s) restent dus au moment du prononc\u00e9 de la faillite ;<br \/>\n<span style=\"color: #ffffff;\">.<\/span><\/li>\n<li>Le(s) dirigeant(s) dont la responsabilit\u00e9 est mise en cause a\/ont \u00e9t\u00e9 impliqu\u00e9 dans au moins deux faillites ou liquidations \u00e0 l&#8217;ocassion desquelles des dettes de s\u00e9curit\u00e9 sociale n&#8217;ont pas \u00e9t\u00e9 honor\u00e9es au cours des cinq ans qui pr\u00e9c\u00e8dent le prononc\u00e9 de la fiallite.<br \/>\n<span style=\"color: #ffffff;\">.<\/span><\/li>\n<\/ul>\n<\/li>\n<li><strong>Sanction<\/strong>. Si les conditions d&#8217;application de l&#8217;article XX.226 sont r\u00e9unies, le tribunal devra retenir la responsabilit\u00e9 solidaire des dirigeants mis en cause. Le tribunal pourra n\u00e9anmoins d\u00e9cider de les condamner \u00e0 payer l&#8217;int\u00e9gralit\u00e9 ou une partie seulement du montant des cotisations sociales dues.<br \/>\n<span style=\"color: #ffffff;\">.<\/span><br \/>\nLe plafonnement de la responsabilit\u00e9 des dirigeants tel que pr\u00e9vu dans le Code des soci\u00e9t\u00e9s et des associations ne trouve pas \u00e0 s&#8217;appliquer en cas de condamnation sur base de l&#8217;article XX.226.<\/li>\n<\/ul>\n<\/div><\/div><\/div><div class=\"fusion-panel panel-default panel-c58e93ea32c963768 fusion-toggle-has-divider\" style=\"--awb-title-color:#333333;--awb-content-color:#747474;\"><div class=\"panel-heading\"><h4 class=\"panel-title toggle\" id=\"toggle_c58e93ea32c963768\"><a aria-expanded=\"false\" aria-controls=\"c58e93ea32c963768\" role=\"button\" data-toggle=\"collapse\" data-parent=\"#accordion-30421-1\" data-target=\"#c58e93ea32c963768\" href=\"#c58e93ea32c963768\"><span class=\"fusion-toggle-icon-wrapper\" aria-hidden=\"true\"><i class=\"fa-fusion-box active-icon awb-icon-minus\" aria-hidden=\"true\"><\/i><i class=\"fa-fusion-box inactive-icon awb-icon-plus\" aria-hidden=\"true\"><\/i><\/span><span class=\"fusion-toggle-heading\">L'action en responsabilit\u00e9 des dirigeants d'entreprises du fait du non-paiement du pr\u00e9compte professionnel et de la T.V.A.<\/span><\/a><\/h4><\/div><div id=\"c58e93ea32c963768\" class=\"panel-collapse collapse \" aria-labelledby=\"toggle_c58e93ea32c963768\"><div class=\"panel-body toggle-content fusion-clearfix\">\n<ul>\n<li><strong>Base l\u00e9gale<\/strong>. Articles 442quater CIR 92 et 93undecies, C. TVA<br \/>\n<span style=\"color: #ffffff;\">.<\/span><\/li>\n<li><strong>Titulaire<\/strong>. L&#8217;administration fiscale<br \/>\n<span style=\"color: #ffffff;\">.<\/span><\/li>\n<li><strong>Conditions<\/strong>. Le ou les dirigeants de la soci\u00e9t\u00e9 peuvent \u00eatre reconnus solidairement responsables du non-paiement de la TVA ou de<\/li>\n<\/ul>\n<ol>\n<li style=\"list-style-type: none;\">\n<ol>\n<li>\u00a0La soci\u00e9t\u00e9 a des dettes fiscales au moment de la faillite (pr\u00e9compte professionnel ou TVA (et int\u00e9r\u00eats \/ frais eccessoires) ;<br \/>\n<span style=\"color: #ffffff;\">.<\/span><\/li>\n<li>Le non-paiement est fautif. Le non-paiement r\u00e9p\u00e9t\u00e9 du pr\u00e9compte professionnel ou de la TVA est pr\u00e9sum\u00e9 fautif jusqu&#8217;\u00e0 preuve du contraire, sauf lorsque le non-paiement est d\u00fb aux difficult\u00e9s financi\u00e8res qui ont donn\u00e9 lieu \u00e0 l&#8217;ouverture de la faillite.<br \/>\n<span style=\"color: #ffffff;\">.<\/span><br \/>\nOn entend par &#8220;non-paiement r\u00e9p\u00e9t\u00e9&#8221; :<br \/>\n<strong><span style=\"color: #ffffff;\">.<\/span><br \/>\nTVA<\/strong>: d\u00e9faut de paiement d&#8217;au moins deux dettes exigibles au cours d&#8217;une p\u00e9riode d&#8217;un an en cas de d\u00e9claration trimestrielle ou d&#8217;au moins trois dettes exigibles en cas de d\u00e9claration mensuelle ;<br \/>\n<span style=\"color: #ffffff;\">.<\/span><br \/>\n<strong>Pr\u00e9compte professionnel<\/strong> : d\u00e9faut de paiement d&#8217;au moins deux dettes \u00e9chues au cours d&#8217;une p\u00e9riode d&#8217;un an en cas de paiement trimestriel ou de trois dettes \u00e9chues en cas de paiement mensuel.<br \/>\n<span style=\"color: #ffffff;\">.<\/span><\/li>\n<li>Un avertissement a \u00e9t\u00e9 adress\u00e9 aux dirieants par le receveur par lettre recommand\u00e9e au moins un mois avant l&#8217;introduction de l&#8217;action.<\/li>\n<\/ol>\n<\/li>\n<\/ol>\n<ul>\n<li style=\"list-style-type: none;\"><\/li>\n<\/ul>\n<ul>\n<li><strong>Sanction<\/strong>. Le tribunal pourra condamner les dirigeants au paiement solidaire des sommes dues en principal, les int\u00e9r\u00eats et les frais accessoires.<\/li>\n<\/ul>\n<\/div><\/div><\/div><\/div><\/div><\/div><\/div><\/div><\/div><div class=\"fusion-fullwidth fullwidth-box fusion-builder-row-2 fusion-flex-container nonhundred-percent-fullwidth non-hundred-percent-height-scrolling\" style=\"--awb-border-radius-top-left:0px;--awb-border-radius-top-right:0px;--awb-border-radius-bottom-right:0px;--awb-border-radius-bottom-left:0px;--awb-flex-wrap:wrap;\" ><\/div><\/p>\n","protected":false},"excerpt":{"rendered":"","protected":false},"author":169,"featured_media":0,"comment_status":"closed","ping_status":"open","sticky":false,"template":"","format":"standard","meta":{"_acf_changed":false,"_jetpack_memberships_contains_paid_content":false,"footnotes":""},"categories":[141],"tags":[784,1504,1509],"class_list":["post-30421","post","type-post","status-publish","format-standard","hentry","category-non-classifiee","tag-responsabilite","tag-organe-dadministration","tag-insolvabilite"],"acf":[],"yoast_head":"<!-- This site is optimized with the Yoast SEO plugin v27.5 - https:\/\/yoast.com\/product\/yoast-seo-wordpress\/ -->\n<title>Dans quelle mesure la responsabilit\u00e9 des dirigeants peut-elle \u00eatre engag\u00e9e\u00a0en cas de faillite ? - e2.law<\/title>\n<meta name=\"description\" content=\"Le livre XX du Code de droit \u00e9conomique pr\u00e9voit plusieurs recours contre les dirigeants de la soci\u00e9t\u00e9 faillite pour les victimes de la faillite.\" \/>\n<meta name=\"robots\" content=\"index, follow, max-snippet:-1, max-image-preview:large, max-video-preview:-1\" \/>\n<link rel=\"canonical\" href=\"https:\/\/www.e2.law\/fr\/2021\/04\/26\/dans-quelle-mesure-la-responsabilite-des-dirigeants-peut-elle-etre-engagee-en-cas-de-faillite\/\" \/>\n<meta property=\"og:locale\" content=\"fr_FR\" \/>\n<meta property=\"og:type\" content=\"article\" \/>\n<meta property=\"og:title\" content=\"Dans quelle mesure la responsabilit\u00e9 des dirigeants peut-elle \u00eatre engag\u00e9e\u00a0en cas de faillite ? - e2.law\" \/>\n<meta property=\"og:description\" content=\"Le livre XX du Code de droit \u00e9conomique pr\u00e9voit plusieurs recours contre les dirigeants de la soci\u00e9t\u00e9 faillite pour les victimes de la faillite.\" \/>\n<meta property=\"og:url\" content=\"https:\/\/www.e2.law\/fr\/2021\/04\/26\/dans-quelle-mesure-la-responsabilite-des-dirigeants-peut-elle-etre-engagee-en-cas-de-faillite\/\" \/>\n<meta property=\"og:site_name\" content=\"e2.law\" \/>\n<meta property=\"article:published_time\" content=\"2021-04-26T15:35:35+00:00\" \/>\n<meta property=\"article:modified_time\" content=\"2024-05-16T09:10:39+00:00\" \/>\n<meta name=\"author\" content=\"e\u00b2.law\" \/>\n<meta name=\"twitter:card\" content=\"summary_large_image\" \/>\n<meta name=\"twitter:label1\" content=\"\u00c9crit par\" \/>\n\t<meta name=\"twitter:data1\" content=\"e\u00b2.law\" \/>\n\t<meta name=\"twitter:label2\" content=\"Dur\u00e9e de lecture estim\u00e9e\" \/>\n\t<meta name=\"twitter:data2\" content=\"6 minutes\" \/>\n<script type=\"application\/ld+json\" class=\"yoast-schema-graph\">{\"@context\":\"https:\\\/\\\/schema.org\",\"@graph\":[{\"@type\":\"Article\",\"@id\":\"https:\\\/\\\/www.e2.law\\\/fr\\\/2021\\\/04\\\/26\\\/dans-quelle-mesure-la-responsabilite-des-dirigeants-peut-elle-etre-engagee-en-cas-de-faillite\\\/#article\",\"isPartOf\":{\"@id\":\"https:\\\/\\\/www.e2.law\\\/fr\\\/2021\\\/04\\\/26\\\/dans-quelle-mesure-la-responsabilite-des-dirigeants-peut-elle-etre-engagee-en-cas-de-faillite\\\/\"},\"author\":{\"name\":\"e\u00b2.law\",\"@id\":\"https:\\\/\\\/www.e2.law\\\/fr\\\/#\\\/schema\\\/person\\\/9f822952177053b420c93ceda8001bcd\"},\"headline\":\"Dans quelle mesure la responsabilit\u00e9 des dirigeants peut-elle \u00eatre engag\u00e9e\u00a0en cas de faillite ?\",\"datePublished\":\"2021-04-26T15:35:35+00:00\",\"dateModified\":\"2024-05-16T09:10:39+00:00\",\"mainEntityOfPage\":{\"@id\":\"https:\\\/\\\/www.e2.law\\\/fr\\\/2021\\\/04\\\/26\\\/dans-quelle-mesure-la-responsabilite-des-dirigeants-peut-elle-etre-engagee-en-cas-de-faillite\\\/\"},\"wordCount\":1845,\"publisher\":{\"@id\":\"https:\\\/\\\/www.e2.law\\\/fr\\\/#organization\"},\"keywords\":[\"Prot\u00e9ger ma responsabilit\u00e9\",\"organe d'administration\",\"insolvabilit\u00e9\"],\"articleSection\":[\"Non classifi\u00e9(e)\"],\"inLanguage\":\"fr-FR\"},{\"@type\":\"WebPage\",\"@id\":\"https:\\\/\\\/www.e2.law\\\/fr\\\/2021\\\/04\\\/26\\\/dans-quelle-mesure-la-responsabilite-des-dirigeants-peut-elle-etre-engagee-en-cas-de-faillite\\\/\",\"url\":\"https:\\\/\\\/www.e2.law\\\/fr\\\/2021\\\/04\\\/26\\\/dans-quelle-mesure-la-responsabilite-des-dirigeants-peut-elle-etre-engagee-en-cas-de-faillite\\\/\",\"name\":\"Dans quelle mesure la responsabilit\u00e9 des dirigeants peut-elle \u00eatre engag\u00e9e\u00a0en cas de faillite ? - e2.law\",\"isPartOf\":{\"@id\":\"https:\\\/\\\/www.e2.law\\\/fr\\\/#website\"},\"datePublished\":\"2021-04-26T15:35:35+00:00\",\"dateModified\":\"2024-05-16T09:10:39+00:00\",\"description\":\"Le livre XX du Code de droit \u00e9conomique pr\u00e9voit plusieurs recours contre les dirigeants de la soci\u00e9t\u00e9 faillite pour les victimes de la faillite.\",\"breadcrumb\":{\"@id\":\"https:\\\/\\\/www.e2.law\\\/fr\\\/2021\\\/04\\\/26\\\/dans-quelle-mesure-la-responsabilite-des-dirigeants-peut-elle-etre-engagee-en-cas-de-faillite\\\/#breadcrumb\"},\"inLanguage\":\"fr-FR\",\"potentialAction\":[{\"@type\":\"ReadAction\",\"target\":[\"https:\\\/\\\/www.e2.law\\\/fr\\\/2021\\\/04\\\/26\\\/dans-quelle-mesure-la-responsabilite-des-dirigeants-peut-elle-etre-engagee-en-cas-de-faillite\\\/\"]}]},{\"@type\":\"BreadcrumbList\",\"@id\":\"https:\\\/\\\/www.e2.law\\\/fr\\\/2021\\\/04\\\/26\\\/dans-quelle-mesure-la-responsabilite-des-dirigeants-peut-elle-etre-engagee-en-cas-de-faillite\\\/#breadcrumb\",\"itemListElement\":[{\"@type\":\"ListItem\",\"position\":1,\"name\":\"Home\",\"item\":\"https:\\\/\\\/www.e2.law\\\/fr\\\/home\\\/\"},{\"@type\":\"ListItem\",\"position\":2,\"name\":\"Dans quelle mesure la responsabilit\u00e9 des dirigeants peut-elle \u00eatre engag\u00e9e\u00a0en cas de faillite ?\"}]},{\"@type\":\"WebSite\",\"@id\":\"https:\\\/\\\/www.e2.law\\\/fr\\\/#website\",\"url\":\"https:\\\/\\\/www.e2.law\\\/fr\\\/\",\"name\":\"e2.law\",\"description\":\"A Business Law Firm\",\"publisher\":{\"@id\":\"https:\\\/\\\/www.e2.law\\\/fr\\\/#organization\"},\"potentialAction\":[{\"@type\":\"SearchAction\",\"target\":{\"@type\":\"EntryPoint\",\"urlTemplate\":\"https:\\\/\\\/www.e2.law\\\/fr\\\/?s={search_term_string}\"},\"query-input\":{\"@type\":\"PropertyValueSpecification\",\"valueRequired\":true,\"valueName\":\"search_term_string\"}}],\"inLanguage\":\"fr-FR\"},{\"@type\":\"Organization\",\"@id\":\"https:\\\/\\\/www.e2.law\\\/fr\\\/#organization\",\"name\":\"E2.law\",\"url\":\"https:\\\/\\\/www.e2.law\\\/fr\\\/\",\"logo\":{\"@type\":\"ImageObject\",\"inLanguage\":\"fr-FR\",\"@id\":\"https:\\\/\\\/www.e2.law\\\/fr\\\/#\\\/schema\\\/logo\\\/image\\\/\",\"url\":\"https:\\\/\\\/www.e2.law\\\/wp-content\\\/uploads\\\/2018\\\/12\\\/logo-2.png\",\"contentUrl\":\"https:\\\/\\\/www.e2.law\\\/wp-content\\\/uploads\\\/2018\\\/12\\\/logo-2.png\",\"width\":152,\"height\":40,\"caption\":\"E2.law\"},\"image\":{\"@id\":\"https:\\\/\\\/www.e2.law\\\/fr\\\/#\\\/schema\\\/logo\\\/image\\\/\"},\"sameAs\":[\"https:\\\/\\\/www.linkedin.com\\\/company\\\/e2.law\"]},{\"@type\":\"Person\",\"@id\":\"https:\\\/\\\/www.e2.law\\\/fr\\\/#\\\/schema\\\/person\\\/9f822952177053b420c93ceda8001bcd\",\"name\":\"e\u00b2.law\",\"image\":{\"@type\":\"ImageObject\",\"inLanguage\":\"fr-FR\",\"@id\":\"https:\\\/\\\/secure.gravatar.com\\\/avatar\\\/?d=https:\\\/\\\/www.e2.law\\\/wp-content\\\/uploads\\\/2021\\\/01\\\/pixie_1609696175704-e1610820192173.png&amp;s=96\",\"url\":\"https:\\\/\\\/secure.gravatar.com\\\/avatar\\\/?d=https:\\\/\\\/www.e2.law\\\/wp-content\\\/uploads\\\/2021\\\/01\\\/pixie_1609696175704-e1610820192173.png&amp;s=96\",\"contentUrl\":\"https:\\\/\\\/secure.gravatar.com\\\/avatar\\\/?d=https:\\\/\\\/www.e2.law\\\/wp-content\\\/uploads\\\/2021\\\/01\\\/pixie_1609696175704-e1610820192173.png&amp;s=96\",\"caption\":\"e\u00b2.law\"},\"sameAs\":[\"http:\\\/\\\/www.e2.law\",\"www.linkedin.com\\\\companyprofile\\\\e2.law\"],\"url\":\"https:\\\/\\\/www.e2.law\\\/fr\\\/author\\\/visitor\\\/\"}]}<\/script>\n<!-- \/ Yoast SEO plugin. -->","yoast_head_json":{"title":"Dans quelle mesure la responsabilit\u00e9 des dirigeants peut-elle \u00eatre engag\u00e9e\u00a0en cas de faillite ? - e2.law","description":"Le livre XX du Code de droit \u00e9conomique pr\u00e9voit plusieurs recours contre les dirigeants de la soci\u00e9t\u00e9 faillite pour les victimes de la faillite.","robots":{"index":"index","follow":"follow","max-snippet":"max-snippet:-1","max-image-preview":"max-image-preview:large","max-video-preview":"max-video-preview:-1"},"canonical":"https:\/\/www.e2.law\/fr\/2021\/04\/26\/dans-quelle-mesure-la-responsabilite-des-dirigeants-peut-elle-etre-engagee-en-cas-de-faillite\/","og_locale":"fr_FR","og_type":"article","og_title":"Dans quelle mesure la responsabilit\u00e9 des dirigeants peut-elle \u00eatre engag\u00e9e\u00a0en cas de faillite ? - e2.law","og_description":"Le livre XX du Code de droit \u00e9conomique pr\u00e9voit plusieurs recours contre les dirigeants de la soci\u00e9t\u00e9 faillite pour les victimes de la faillite.","og_url":"https:\/\/www.e2.law\/fr\/2021\/04\/26\/dans-quelle-mesure-la-responsabilite-des-dirigeants-peut-elle-etre-engagee-en-cas-de-faillite\/","og_site_name":"e2.law","article_published_time":"2021-04-26T15:35:35+00:00","article_modified_time":"2024-05-16T09:10:39+00:00","author":"e\u00b2.law","twitter_card":"summary_large_image","twitter_misc":{"\u00c9crit par":"e\u00b2.law","Dur\u00e9e de lecture estim\u00e9e":"6 minutes"},"schema":{"@context":"https:\/\/schema.org","@graph":[{"@type":"Article","@id":"https:\/\/www.e2.law\/fr\/2021\/04\/26\/dans-quelle-mesure-la-responsabilite-des-dirigeants-peut-elle-etre-engagee-en-cas-de-faillite\/#article","isPartOf":{"@id":"https:\/\/www.e2.law\/fr\/2021\/04\/26\/dans-quelle-mesure-la-responsabilite-des-dirigeants-peut-elle-etre-engagee-en-cas-de-faillite\/"},"author":{"name":"e\u00b2.law","@id":"https:\/\/www.e2.law\/fr\/#\/schema\/person\/9f822952177053b420c93ceda8001bcd"},"headline":"Dans quelle mesure la responsabilit\u00e9 des dirigeants peut-elle \u00eatre engag\u00e9e\u00a0en cas de faillite ?","datePublished":"2021-04-26T15:35:35+00:00","dateModified":"2024-05-16T09:10:39+00:00","mainEntityOfPage":{"@id":"https:\/\/www.e2.law\/fr\/2021\/04\/26\/dans-quelle-mesure-la-responsabilite-des-dirigeants-peut-elle-etre-engagee-en-cas-de-faillite\/"},"wordCount":1845,"publisher":{"@id":"https:\/\/www.e2.law\/fr\/#organization"},"keywords":["Prot\u00e9ger ma responsabilit\u00e9","organe d'administration","insolvabilit\u00e9"],"articleSection":["Non classifi\u00e9(e)"],"inLanguage":"fr-FR"},{"@type":"WebPage","@id":"https:\/\/www.e2.law\/fr\/2021\/04\/26\/dans-quelle-mesure-la-responsabilite-des-dirigeants-peut-elle-etre-engagee-en-cas-de-faillite\/","url":"https:\/\/www.e2.law\/fr\/2021\/04\/26\/dans-quelle-mesure-la-responsabilite-des-dirigeants-peut-elle-etre-engagee-en-cas-de-faillite\/","name":"Dans quelle mesure la responsabilit\u00e9 des dirigeants peut-elle \u00eatre engag\u00e9e\u00a0en cas de faillite ? - e2.law","isPartOf":{"@id":"https:\/\/www.e2.law\/fr\/#website"},"datePublished":"2021-04-26T15:35:35+00:00","dateModified":"2024-05-16T09:10:39+00:00","description":"Le livre XX du Code de droit \u00e9conomique pr\u00e9voit plusieurs recours contre les dirigeants de la soci\u00e9t\u00e9 faillite pour les victimes de la faillite.","breadcrumb":{"@id":"https:\/\/www.e2.law\/fr\/2021\/04\/26\/dans-quelle-mesure-la-responsabilite-des-dirigeants-peut-elle-etre-engagee-en-cas-de-faillite\/#breadcrumb"},"inLanguage":"fr-FR","potentialAction":[{"@type":"ReadAction","target":["https:\/\/www.e2.law\/fr\/2021\/04\/26\/dans-quelle-mesure-la-responsabilite-des-dirigeants-peut-elle-etre-engagee-en-cas-de-faillite\/"]}]},{"@type":"BreadcrumbList","@id":"https:\/\/www.e2.law\/fr\/2021\/04\/26\/dans-quelle-mesure-la-responsabilite-des-dirigeants-peut-elle-etre-engagee-en-cas-de-faillite\/#breadcrumb","itemListElement":[{"@type":"ListItem","position":1,"name":"Home","item":"https:\/\/www.e2.law\/fr\/home\/"},{"@type":"ListItem","position":2,"name":"Dans quelle mesure la responsabilit\u00e9 des dirigeants peut-elle \u00eatre engag\u00e9e\u00a0en cas de faillite ?"}]},{"@type":"WebSite","@id":"https:\/\/www.e2.law\/fr\/#website","url":"https:\/\/www.e2.law\/fr\/","name":"e2.law","description":"A Business Law Firm","publisher":{"@id":"https:\/\/www.e2.law\/fr\/#organization"},"potentialAction":[{"@type":"SearchAction","target":{"@type":"EntryPoint","urlTemplate":"https:\/\/www.e2.law\/fr\/?s={search_term_string}"},"query-input":{"@type":"PropertyValueSpecification","valueRequired":true,"valueName":"search_term_string"}}],"inLanguage":"fr-FR"},{"@type":"Organization","@id":"https:\/\/www.e2.law\/fr\/#organization","name":"E2.law","url":"https:\/\/www.e2.law\/fr\/","logo":{"@type":"ImageObject","inLanguage":"fr-FR","@id":"https:\/\/www.e2.law\/fr\/#\/schema\/logo\/image\/","url":"https:\/\/www.e2.law\/wp-content\/uploads\/2018\/12\/logo-2.png","contentUrl":"https:\/\/www.e2.law\/wp-content\/uploads\/2018\/12\/logo-2.png","width":152,"height":40,"caption":"E2.law"},"image":{"@id":"https:\/\/www.e2.law\/fr\/#\/schema\/logo\/image\/"},"sameAs":["https:\/\/www.linkedin.com\/company\/e2.law"]},{"@type":"Person","@id":"https:\/\/www.e2.law\/fr\/#\/schema\/person\/9f822952177053b420c93ceda8001bcd","name":"e\u00b2.law","image":{"@type":"ImageObject","inLanguage":"fr-FR","@id":"https:\/\/secure.gravatar.com\/avatar\/?d=https:\/\/www.e2.law\/wp-content\/uploads\/2021\/01\/pixie_1609696175704-e1610820192173.png&amp;s=96","url":"https:\/\/secure.gravatar.com\/avatar\/?d=https:\/\/www.e2.law\/wp-content\/uploads\/2021\/01\/pixie_1609696175704-e1610820192173.png&amp;s=96","contentUrl":"https:\/\/secure.gravatar.com\/avatar\/?d=https:\/\/www.e2.law\/wp-content\/uploads\/2021\/01\/pixie_1609696175704-e1610820192173.png&amp;s=96","caption":"e\u00b2.law"},"sameAs":["http:\/\/www.e2.law","www.linkedin.com\\companyprofile\\e2.law"],"url":"https:\/\/www.e2.law\/fr\/author\/visitor\/"}]}},"jetpack_featured_media_url":"","jetpack_sharing_enabled":true,"_links":{"self":[{"href":"https:\/\/www.e2.law\/fr\/wp-json\/wp\/v2\/posts\/30421","targetHints":{"allow":["GET"]}}],"collection":[{"href":"https:\/\/www.e2.law\/fr\/wp-json\/wp\/v2\/posts"}],"about":[{"href":"https:\/\/www.e2.law\/fr\/wp-json\/wp\/v2\/types\/post"}],"author":[{"embeddable":true,"href":"https:\/\/www.e2.law\/fr\/wp-json\/wp\/v2\/users\/169"}],"replies":[{"embeddable":true,"href":"https:\/\/www.e2.law\/fr\/wp-json\/wp\/v2\/comments?post=30421"}],"version-history":[{"count":4,"href":"https:\/\/www.e2.law\/fr\/wp-json\/wp\/v2\/posts\/30421\/revisions"}],"predecessor-version":[{"id":44691,"href":"https:\/\/www.e2.law\/fr\/wp-json\/wp\/v2\/posts\/30421\/revisions\/44691"}],"wp:attachment":[{"href":"https:\/\/www.e2.law\/fr\/wp-json\/wp\/v2\/media?parent=30421"}],"wp:term":[{"taxonomy":"category","embeddable":true,"href":"https:\/\/www.e2.law\/fr\/wp-json\/wp\/v2\/categories?post=30421"},{"taxonomy":"post_tag","embeddable":true,"href":"https:\/\/www.e2.law\/fr\/wp-json\/wp\/v2\/tags?post=30421"}],"curies":[{"name":"wp","href":"https:\/\/api.w.org\/{rel}","templated":true}]}}