{"id":30777,"date":"2021-05-21T18:06:48","date_gmt":"2021-05-21T16:06:48","guid":{"rendered":"https:\/\/www.e2.law\/?p=30777"},"modified":"2023-08-19T18:52:02","modified_gmt":"2023-08-19T16:52:02","slug":"lassemblee-generale-ecrite-dans-les-asbl","status":"publish","type":"post","link":"https:\/\/www.e2.law\/fr\/2021\/05\/21\/lassemblee-generale-ecrite-dans-les-asbl\/","title":{"rendered":"L&#8217;assembl\u00e9e g\u00e9n\u00e9rale \u00e9crite dans les ASBL"},"content":{"rendered":"<p><a href=\"http:\/\/www.ejustice.just.fgov.be\/cgi_loi\/change_lg.pl?language=fr&amp;la=F&amp;table_name=loi&amp;cn=2020122002\">La loi du 20 d\u00e9cembre 2020 \u00ab\u00a0portant des dispositions diverses temporaires et structurelles en mati\u00e8re de justice dans le cadre de la lutte contre la propagation du coronavirus COVID-19\u00a0\u00bb<\/a> ins\u00e8re <a href=\"https:\/\/www.ejustice.just.fgov.be\/cgi_loi\/loi_a1.pl?language=fr&amp;la=F&amp;table_name=loi&amp;cn=2019032309&amp;&amp;caller=list&amp;F&amp;fromtab=loi&amp;tri=dd+AS+RANK&amp;rech=1&amp;numero=1&amp;sql=(text+contains+(%27%27))#Art.9:14\/1\">un nouvel article 9\u00a0:14\/1 dans le Code des soci\u00e9t\u00e9s et des associations<\/a>, qui instaure les assembl\u00e9es g\u00e9n\u00e9rales \u00e9crites dans les ASBL.<\/p>\n<p>Les Assembl\u00e9es g\u00e9n\u00e9rales des ASBL peuvent donc d\u00e9sormais prendre une d\u00e9cision par \u00e9crit, pour autant qu\u2019elle soit prise \u00e0 l&#8217;unanimit\u00e9.<\/p>\n<p>Cette proc\u00e9dure peut s\u2019appliquer \u00e0 toutes les d\u00e9cisions qui reviennent \u00e0 l\u2019AG, \u00e0 l\u2019exception des modifications statutaires qui sont explicitement exclues par l\u2019article 9:14\/1.<\/p>\n<p>En pratique, les membres d\u2019une ASBL, lorsqu\u2019ils sont peu nombreux ou que la d\u00e9cision fait l\u2019objet de consensus, peuvent donc prendre une d\u00e9cision, par \u00e9changes de mail par exemple. Ils devront ensuite r\u00e9diger un P.V., comme \u00e0 l\u2019issue d\u2019une A.G. classique, qui sera sign\u00e9 par tous les membres.<\/p>\n","protected":false},"excerpt":{"rendered":"<p>La loi du 20 d\u00e9cembre 2020 \u00ab\u00a0portant des dispositions diverses temporaires et structurelles en mati\u00e8re de justice dans le cadre de la lutte contre la propagation du coronavirus COVID-19\u00a0\u00bb ins\u00e8re un nouvel article 9\u00a0:14\/1 dans le Code des soci\u00e9t\u00e9s et des associations, qui instaure les assembl\u00e9es g\u00e9n\u00e9rales \u00e9crites dans les ASBL. Les Assembl\u00e9es g\u00e9n\u00e9rales des ASBL   [&#8230;]<\/p>\n","protected":false},"author":164,"featured_media":0,"comment_status":"closed","ping_status":"open","sticky":false,"template":"","format":"standard","meta":{"_acf_changed":false,"_jetpack_memberships_contains_paid_content":false,"footnotes":""},"categories":[141],"tags":[1231],"class_list":["post-30777","post","type-post","status-publish","format-standard","hentry","category-non-classifiee","tag-non-marchand"],"acf":[],"yoast_head":"<!-- This site is optimized with the Yoast SEO plugin v27.5 - https:\/\/yoast.com\/product\/yoast-seo-wordpress\/ -->\n<title>L&#039;assembl\u00e9e g\u00e9n\u00e9rale \u00e9crite dans les ASBL - e2.law<\/title>\n<meta name=\"description\" content=\"La loi du 20 d\u00e9cembre 2020 ins\u00e8re un nouvel article 9\u00a0:14\/1 dans le Code des soci\u00e9t\u00e9s et des associations, qui instaure les assembl\u00e9es g\u00e9n\u00e9rales \u00e9crites dans les ASBL.\" \/>\n<meta name=\"robots\" content=\"index, follow, max-snippet:-1, max-image-preview:large, max-video-preview:-1\" \/>\n<link rel=\"canonical\" href=\"https:\/\/www.e2.law\/fr\/2021\/05\/21\/lassemblee-generale-ecrite-dans-les-asbl\/\" \/>\n<meta property=\"og:locale\" content=\"fr_FR\" \/>\n<meta property=\"og:type\" content=\"article\" \/>\n<meta property=\"og:title\" content=\"L&#039;assembl\u00e9e g\u00e9n\u00e9rale \u00e9crite dans les ASBL - e2.law\" \/>\n<meta property=\"og:description\" content=\"La loi du 20 d\u00e9cembre 2020 ins\u00e8re un nouvel article 9\u00a0:14\/1 dans le Code des soci\u00e9t\u00e9s et des associations, qui instaure les assembl\u00e9es g\u00e9n\u00e9rales \u00e9crites dans les ASBL.\" \/>\n<meta property=\"og:url\" content=\"https:\/\/www.e2.law\/fr\/2021\/05\/21\/lassemblee-generale-ecrite-dans-les-asbl\/\" \/>\n<meta property=\"og:site_name\" content=\"e2.law\" \/>\n<meta property=\"article:published_time\" content=\"2021-05-21T16:06:48+00:00\" \/>\n<meta property=\"article:modified_time\" content=\"2023-08-19T16:52:02+00:00\" \/>\n<meta name=\"author\" content=\"Valentine Bonamis\" \/>\n<meta name=\"twitter:card\" content=\"summary_large_image\" \/>\n<meta name=\"twitter:label1\" content=\"\u00c9crit par\" \/>\n\t<meta name=\"twitter:data1\" content=\"Valentine Bonamis\" \/>\n\t<meta name=\"twitter:label2\" content=\"Dur\u00e9e de lecture estim\u00e9e\" \/>\n\t<meta name=\"twitter:data2\" content=\"1 minute\" \/>\n<script type=\"application\/ld+json\" class=\"yoast-schema-graph\">{\"@context\":\"https:\\\/\\\/schema.org\",\"@graph\":[{\"@type\":\"Article\",\"@id\":\"https:\\\/\\\/www.e2.law\\\/fr\\\/2021\\\/05\\\/21\\\/lassemblee-generale-ecrite-dans-les-asbl\\\/#article\",\"isPartOf\":{\"@id\":\"https:\\\/\\\/www.e2.law\\\/fr\\\/2021\\\/05\\\/21\\\/lassemblee-generale-ecrite-dans-les-asbl\\\/\"},\"author\":{\"name\":\"Valentine Bonamis\",\"@id\":\"https:\\\/\\\/www.e2.law\\\/fr\\\/#\\\/schema\\\/person\\\/fc4936c485fc15b9d2be735eb6fa9080\"},\"headline\":\"L&#8217;assembl\u00e9e g\u00e9n\u00e9rale \u00e9crite dans les ASBL\",\"datePublished\":\"2021-05-21T16:06:48+00:00\",\"dateModified\":\"2023-08-19T16:52:02+00:00\",\"mainEntityOfPage\":{\"@id\":\"https:\\\/\\\/www.e2.law\\\/fr\\\/2021\\\/05\\\/21\\\/lassemblee-generale-ecrite-dans-les-asbl\\\/\"},\"wordCount\":173,\"publisher\":{\"@id\":\"https:\\\/\\\/www.e2.law\\\/fr\\\/#organization\"},\"keywords\":[\"Exercer une activit\u00e9 d\u00e9sint\u00e9ress\u00e9e\"],\"articleSection\":[\"Non classifi\u00e9(e)\"],\"inLanguage\":\"fr-FR\"},{\"@type\":\"WebPage\",\"@id\":\"https:\\\/\\\/www.e2.law\\\/fr\\\/2021\\\/05\\\/21\\\/lassemblee-generale-ecrite-dans-les-asbl\\\/\",\"url\":\"https:\\\/\\\/www.e2.law\\\/fr\\\/2021\\\/05\\\/21\\\/lassemblee-generale-ecrite-dans-les-asbl\\\/\",\"name\":\"L'assembl\u00e9e g\u00e9n\u00e9rale \u00e9crite dans les ASBL - e2.law\",\"isPartOf\":{\"@id\":\"https:\\\/\\\/www.e2.law\\\/fr\\\/#website\"},\"datePublished\":\"2021-05-21T16:06:48+00:00\",\"dateModified\":\"2023-08-19T16:52:02+00:00\",\"description\":\"La loi du 20 d\u00e9cembre 2020 ins\u00e8re un nouvel article 9\u00a0:14\\\/1 dans le Code des soci\u00e9t\u00e9s et des associations, qui instaure les assembl\u00e9es g\u00e9n\u00e9rales \u00e9crites dans les ASBL.\",\"breadcrumb\":{\"@id\":\"https:\\\/\\\/www.e2.law\\\/fr\\\/2021\\\/05\\\/21\\\/lassemblee-generale-ecrite-dans-les-asbl\\\/#breadcrumb\"},\"inLanguage\":\"fr-FR\",\"potentialAction\":[{\"@type\":\"ReadAction\",\"target\":[\"https:\\\/\\\/www.e2.law\\\/fr\\\/2021\\\/05\\\/21\\\/lassemblee-generale-ecrite-dans-les-asbl\\\/\"]}]},{\"@type\":\"BreadcrumbList\",\"@id\":\"https:\\\/\\\/www.e2.law\\\/fr\\\/2021\\\/05\\\/21\\\/lassemblee-generale-ecrite-dans-les-asbl\\\/#breadcrumb\",\"itemListElement\":[{\"@type\":\"ListItem\",\"position\":1,\"name\":\"Home\",\"item\":\"https:\\\/\\\/www.e2.law\\\/fr\\\/home\\\/\"},{\"@type\":\"ListItem\",\"position\":2,\"name\":\"L&#8217;assembl\u00e9e g\u00e9n\u00e9rale \u00e9crite dans les ASBL\"}]},{\"@type\":\"WebSite\",\"@id\":\"https:\\\/\\\/www.e2.law\\\/fr\\\/#website\",\"url\":\"https:\\\/\\\/www.e2.law\\\/fr\\\/\",\"name\":\"e2.law\",\"description\":\"A Business Law Firm\",\"publisher\":{\"@id\":\"https:\\\/\\\/www.e2.law\\\/fr\\\/#organization\"},\"potentialAction\":[{\"@type\":\"SearchAction\",\"target\":{\"@type\":\"EntryPoint\",\"urlTemplate\":\"https:\\\/\\\/www.e2.law\\\/fr\\\/?s={search_term_string}\"},\"query-input\":{\"@type\":\"PropertyValueSpecification\",\"valueRequired\":true,\"valueName\":\"search_term_string\"}}],\"inLanguage\":\"fr-FR\"},{\"@type\":\"Organization\",\"@id\":\"https:\\\/\\\/www.e2.law\\\/fr\\\/#organization\",\"name\":\"E2.law\",\"url\":\"https:\\\/\\\/www.e2.law\\\/fr\\\/\",\"logo\":{\"@type\":\"ImageObject\",\"inLanguage\":\"fr-FR\",\"@id\":\"https:\\\/\\\/www.e2.law\\\/fr\\\/#\\\/schema\\\/logo\\\/image\\\/\",\"url\":\"https:\\\/\\\/www.e2.law\\\/wp-content\\\/uploads\\\/2018\\\/12\\\/logo-2.png\",\"contentUrl\":\"https:\\\/\\\/www.e2.law\\\/wp-content\\\/uploads\\\/2018\\\/12\\\/logo-2.png\",\"width\":152,\"height\":40,\"caption\":\"E2.law\"},\"image\":{\"@id\":\"https:\\\/\\\/www.e2.law\\\/fr\\\/#\\\/schema\\\/logo\\\/image\\\/\"},\"sameAs\":[\"https:\\\/\\\/www.linkedin.com\\\/company\\\/e2.law\"]},{\"@type\":\"Person\",\"@id\":\"https:\\\/\\\/www.e2.law\\\/fr\\\/#\\\/schema\\\/person\\\/fc4936c485fc15b9d2be735eb6fa9080\",\"name\":\"Valentine Bonamis\",\"image\":{\"@type\":\"ImageObject\",\"inLanguage\":\"fr-FR\",\"@id\":\"https:\\\/\\\/www.e2.law\\\/wp-content\\\/uploads\\\/2021\\\/02\\\/6E22BF17-266E-4CB1-A676-FCE71D83B2A2_1_201_a-scaled-96x96.jpeg\",\"url\":\"https:\\\/\\\/www.e2.law\\\/wp-content\\\/uploads\\\/2021\\\/02\\\/6E22BF17-266E-4CB1-A676-FCE71D83B2A2_1_201_a-scaled-96x96.jpeg\",\"contentUrl\":\"https:\\\/\\\/www.e2.law\\\/wp-content\\\/uploads\\\/2021\\\/02\\\/6E22BF17-266E-4CB1-A676-FCE71D83B2A2_1_201_a-scaled-96x96.jpeg\",\"caption\":\"Valentine Bonamis\"},\"url\":\"https:\\\/\\\/www.e2.law\\\/fr\\\/author\\\/valentine-b\\\/\"}]}<\/script>\n<!-- \/ Yoast SEO plugin. -->","yoast_head_json":{"title":"L'assembl\u00e9e g\u00e9n\u00e9rale \u00e9crite dans les ASBL - e2.law","description":"La loi du 20 d\u00e9cembre 2020 ins\u00e8re un nouvel article 9\u00a0:14\/1 dans le Code des soci\u00e9t\u00e9s et des associations, qui instaure les assembl\u00e9es g\u00e9n\u00e9rales \u00e9crites dans les ASBL.","robots":{"index":"index","follow":"follow","max-snippet":"max-snippet:-1","max-image-preview":"max-image-preview:large","max-video-preview":"max-video-preview:-1"},"canonical":"https:\/\/www.e2.law\/fr\/2021\/05\/21\/lassemblee-generale-ecrite-dans-les-asbl\/","og_locale":"fr_FR","og_type":"article","og_title":"L'assembl\u00e9e g\u00e9n\u00e9rale \u00e9crite dans les ASBL - e2.law","og_description":"La loi du 20 d\u00e9cembre 2020 ins\u00e8re un nouvel article 9\u00a0:14\/1 dans le Code des soci\u00e9t\u00e9s et des associations, qui instaure les assembl\u00e9es g\u00e9n\u00e9rales \u00e9crites dans les ASBL.","og_url":"https:\/\/www.e2.law\/fr\/2021\/05\/21\/lassemblee-generale-ecrite-dans-les-asbl\/","og_site_name":"e2.law","article_published_time":"2021-05-21T16:06:48+00:00","article_modified_time":"2023-08-19T16:52:02+00:00","author":"Valentine Bonamis","twitter_card":"summary_large_image","twitter_misc":{"\u00c9crit par":"Valentine Bonamis","Dur\u00e9e de lecture estim\u00e9e":"1 minute"},"schema":{"@context":"https:\/\/schema.org","@graph":[{"@type":"Article","@id":"https:\/\/www.e2.law\/fr\/2021\/05\/21\/lassemblee-generale-ecrite-dans-les-asbl\/#article","isPartOf":{"@id":"https:\/\/www.e2.law\/fr\/2021\/05\/21\/lassemblee-generale-ecrite-dans-les-asbl\/"},"author":{"name":"Valentine Bonamis","@id":"https:\/\/www.e2.law\/fr\/#\/schema\/person\/fc4936c485fc15b9d2be735eb6fa9080"},"headline":"L&#8217;assembl\u00e9e g\u00e9n\u00e9rale \u00e9crite dans les ASBL","datePublished":"2021-05-21T16:06:48+00:00","dateModified":"2023-08-19T16:52:02+00:00","mainEntityOfPage":{"@id":"https:\/\/www.e2.law\/fr\/2021\/05\/21\/lassemblee-generale-ecrite-dans-les-asbl\/"},"wordCount":173,"publisher":{"@id":"https:\/\/www.e2.law\/fr\/#organization"},"keywords":["Exercer une activit\u00e9 d\u00e9sint\u00e9ress\u00e9e"],"articleSection":["Non classifi\u00e9(e)"],"inLanguage":"fr-FR"},{"@type":"WebPage","@id":"https:\/\/www.e2.law\/fr\/2021\/05\/21\/lassemblee-generale-ecrite-dans-les-asbl\/","url":"https:\/\/www.e2.law\/fr\/2021\/05\/21\/lassemblee-generale-ecrite-dans-les-asbl\/","name":"L'assembl\u00e9e g\u00e9n\u00e9rale \u00e9crite dans les ASBL - e2.law","isPartOf":{"@id":"https:\/\/www.e2.law\/fr\/#website"},"datePublished":"2021-05-21T16:06:48+00:00","dateModified":"2023-08-19T16:52:02+00:00","description":"La loi du 20 d\u00e9cembre 2020 ins\u00e8re un nouvel article 9\u00a0:14\/1 dans le Code des soci\u00e9t\u00e9s et des associations, qui instaure les assembl\u00e9es g\u00e9n\u00e9rales \u00e9crites dans les ASBL.","breadcrumb":{"@id":"https:\/\/www.e2.law\/fr\/2021\/05\/21\/lassemblee-generale-ecrite-dans-les-asbl\/#breadcrumb"},"inLanguage":"fr-FR","potentialAction":[{"@type":"ReadAction","target":["https:\/\/www.e2.law\/fr\/2021\/05\/21\/lassemblee-generale-ecrite-dans-les-asbl\/"]}]},{"@type":"BreadcrumbList","@id":"https:\/\/www.e2.law\/fr\/2021\/05\/21\/lassemblee-generale-ecrite-dans-les-asbl\/#breadcrumb","itemListElement":[{"@type":"ListItem","position":1,"name":"Home","item":"https:\/\/www.e2.law\/fr\/home\/"},{"@type":"ListItem","position":2,"name":"L&#8217;assembl\u00e9e g\u00e9n\u00e9rale \u00e9crite dans les ASBL"}]},{"@type":"WebSite","@id":"https:\/\/www.e2.law\/fr\/#website","url":"https:\/\/www.e2.law\/fr\/","name":"e2.law","description":"A Business Law Firm","publisher":{"@id":"https:\/\/www.e2.law\/fr\/#organization"},"potentialAction":[{"@type":"SearchAction","target":{"@type":"EntryPoint","urlTemplate":"https:\/\/www.e2.law\/fr\/?s={search_term_string}"},"query-input":{"@type":"PropertyValueSpecification","valueRequired":true,"valueName":"search_term_string"}}],"inLanguage":"fr-FR"},{"@type":"Organization","@id":"https:\/\/www.e2.law\/fr\/#organization","name":"E2.law","url":"https:\/\/www.e2.law\/fr\/","logo":{"@type":"ImageObject","inLanguage":"fr-FR","@id":"https:\/\/www.e2.law\/fr\/#\/schema\/logo\/image\/","url":"https:\/\/www.e2.law\/wp-content\/uploads\/2018\/12\/logo-2.png","contentUrl":"https:\/\/www.e2.law\/wp-content\/uploads\/2018\/12\/logo-2.png","width":152,"height":40,"caption":"E2.law"},"image":{"@id":"https:\/\/www.e2.law\/fr\/#\/schema\/logo\/image\/"},"sameAs":["https:\/\/www.linkedin.com\/company\/e2.law"]},{"@type":"Person","@id":"https:\/\/www.e2.law\/fr\/#\/schema\/person\/fc4936c485fc15b9d2be735eb6fa9080","name":"Valentine Bonamis","image":{"@type":"ImageObject","inLanguage":"fr-FR","@id":"https:\/\/www.e2.law\/wp-content\/uploads\/2021\/02\/6E22BF17-266E-4CB1-A676-FCE71D83B2A2_1_201_a-scaled-96x96.jpeg","url":"https:\/\/www.e2.law\/wp-content\/uploads\/2021\/02\/6E22BF17-266E-4CB1-A676-FCE71D83B2A2_1_201_a-scaled-96x96.jpeg","contentUrl":"https:\/\/www.e2.law\/wp-content\/uploads\/2021\/02\/6E22BF17-266E-4CB1-A676-FCE71D83B2A2_1_201_a-scaled-96x96.jpeg","caption":"Valentine Bonamis"},"url":"https:\/\/www.e2.law\/fr\/author\/valentine-b\/"}]}},"jetpack_featured_media_url":"","jetpack_sharing_enabled":true,"_links":{"self":[{"href":"https:\/\/www.e2.law\/fr\/wp-json\/wp\/v2\/posts\/30777","targetHints":{"allow":["GET"]}}],"collection":[{"href":"https:\/\/www.e2.law\/fr\/wp-json\/wp\/v2\/posts"}],"about":[{"href":"https:\/\/www.e2.law\/fr\/wp-json\/wp\/v2\/types\/post"}],"author":[{"embeddable":true,"href":"https:\/\/www.e2.law\/fr\/wp-json\/wp\/v2\/users\/164"}],"replies":[{"embeddable":true,"href":"https:\/\/www.e2.law\/fr\/wp-json\/wp\/v2\/comments?post=30777"}],"version-history":[{"count":1,"href":"https:\/\/www.e2.law\/fr\/wp-json\/wp\/v2\/posts\/30777\/revisions"}],"predecessor-version":[{"id":44353,"href":"https:\/\/www.e2.law\/fr\/wp-json\/wp\/v2\/posts\/30777\/revisions\/44353"}],"wp:attachment":[{"href":"https:\/\/www.e2.law\/fr\/wp-json\/wp\/v2\/media?parent=30777"}],"wp:term":[{"taxonomy":"category","embeddable":true,"href":"https:\/\/www.e2.law\/fr\/wp-json\/wp\/v2\/categories?post=30777"},{"taxonomy":"post_tag","embeddable":true,"href":"https:\/\/www.e2.law\/fr\/wp-json\/wp\/v2\/tags?post=30777"}],"curies":[{"name":"wp","href":"https:\/\/api.w.org\/{rel}","templated":true}]}}