{"id":30779,"date":"2021-05-21T18:13:14","date_gmt":"2021-05-21T16:13:14","guid":{"rendered":"https:\/\/www.e2.law\/?p=30779"},"modified":"2023-08-19T18:52:01","modified_gmt":"2023-08-19T16:52:01","slug":"lassemblee-generale-par-voie-electronique-dans-les-asbl","status":"publish","type":"post","link":"https:\/\/www.e2.law\/fr\/2021\/05\/21\/lassemblee-generale-par-voie-electronique-dans-les-asbl\/","title":{"rendered":"L&#8217;assembl\u00e9e g\u00e9n\u00e9rale par voie \u00e9lectronique dans les ASBL"},"content":{"rendered":"<p><a href=\"http:\/\/www.ejustice.just.fgov.be\/cgi_loi\/change_lg.pl?language=fr&amp;la=F&amp;table_name=loi&amp;cn=2020122002\">La loi du 20 d\u00e9cembre 2020 \u00ab\u00a0portant des dispositions diverses temporaires et structurelles en mati\u00e8re de justice dans le cadre de la lutte contre la propagation du coronavirus COVID-19\u00a0\u00bb<\/a> ins\u00e8re <a href=\"https:\/\/www.ejustice.just.fgov.be\/cgi_loi\/loi_a1.pl?language=fr&amp;la=F&amp;table_name=loi&amp;cn=2019032309&amp;&amp;caller=list&amp;F&amp;fromtab=loi&amp;tri=dd+AS+RANK&amp;rech=1&amp;numero=1&amp;sql=(text+contains+(%27%27))#Art.9:16\/1\">un nouvel article 9:16\/1 dans le Code des soci\u00e9t\u00e9s et des associations<\/a>, qui instaure les assembl\u00e9es g\u00e9n\u00e9rales par voie \u00e9lectronique les A.S.B.L.<\/p>\n<p>L\u2019Organe d\u2019administration peut pr\u00e9voir, sans qu\u2019une modification statutaire ne soit requise, la possibilit\u00e9 pour les membres de participer \u00e0 distance \u00e0 l\u2019assembl\u00e9e g\u00e9n\u00e9rale, gr\u00e2ce \u00e0 un moyen de communication \u00e9lectronique mis \u00e0 disposition par l\u2019A.S.B.L.<\/p>\n<p>Les membres qui participent de cette mani\u00e8re sont alors r\u00e9put\u00e9s pr\u00e9sents \u00e0 l\u2019endroit o\u00f9 se tient l\u2019assembl\u00e9e g\u00e9n\u00e9rale.<\/p>\n<h2>A.\u00a0\u00a0\u00a0 Conditions de fond<\/h2>\n<ol>\n<li>L\u2019A.S.B.L. doit pouvoir contr\u00f4ler la qualit\u00e9 et l\u2019identit\u00e9 du membre par le moyen de communication \u00e9lectronique utilis\u00e9.<\/li>\n<li>L\u2019article pr\u00e9cise \u00e9galement que le membre doit \u00eatre en mesure :<\/li>\n<\/ol>\n<ul>\n<li style=\"list-style-type: none;\">\n<ul>\n<li>de prendre connaissance, de mani\u00e8re directe, simultan\u00e9e et continue, des discussions au sein de l\u2019assmbl\u00e9e\u00a0;<\/li>\n<li>d\u2019exercer son droit de vote sur tous les points sur lesquels l\u2019assembl\u00e9e est appel\u00e9e \u00e0 se prononcer\u00a0;<\/li>\n<li>de participer aux d\u00e9lib\u00e9rations\u00a0et de poser des questions.<\/li>\n<\/ul>\n<\/li>\n<\/ul>\n<h2>B.\u00a0\u00a0\u00a0 Conditions de forme<\/h2>\n<ol>\n<li>La convocation \u00e0 l\u2019assembl\u00e9e g\u00e9n\u00e9rale doit contenir une description claire et pr\u00e9cise des proc\u00e9dures relatives \u00e0 la participation \u00e0 distance.<\/li>\n<li>Lorsque l\u2019A.S.B.L. dispose d\u2019un site internet, ces proc\u00e9dures sont rendues accessibles via ce site internet.<\/li>\n<li>Le PV de l\u2019AG mentionne les \u00e9ventuels incidents techniques qui ont perturb\u00e9 la participation par voie \u00e9lectronique<\/li>\n<\/ol>\n","protected":false},"excerpt":{"rendered":"<p>La loi du 20 d\u00e9cembre 2020 \u00ab\u00a0portant des dispositions diverses temporaires et structurelles en mati\u00e8re de justice dans le cadre de la lutte contre la propagation du coronavirus COVID-19\u00a0\u00bb ins\u00e8re un nouvel article 9:16\/1 dans le Code des soci\u00e9t\u00e9s et des associations, qui instaure les assembl\u00e9es g\u00e9n\u00e9rales par voie \u00e9lectronique les A.S.B.L. L\u2019Organe d\u2019administration peut pr\u00e9voir,   [&#8230;]<\/p>\n","protected":false},"author":164,"featured_media":0,"comment_status":"closed","ping_status":"open","sticky":false,"template":"","format":"standard","meta":{"_acf_changed":false,"_jetpack_memberships_contains_paid_content":false,"footnotes":""},"categories":[141],"tags":[1231],"class_list":["post-30779","post","type-post","status-publish","format-standard","hentry","category-non-classifiee","tag-non-marchand"],"acf":[],"yoast_head":"<!-- This site is optimized with the Yoast SEO plugin v27.5 - https:\/\/yoast.com\/product\/yoast-seo-wordpress\/ -->\n<title>L&#039;assembl\u00e9e g\u00e9n\u00e9rale par voie \u00e9lectronique dans les ASBL - e2.law<\/title>\n<meta name=\"description\" content=\"La loi du 20 d\u00e9cembre 2020 ins\u00e8re un nouvel article 9:16\/1 dans le Code des soci\u00e9t\u00e9s et des associations, qui instaure les assembl\u00e9es g\u00e9n\u00e9rales par voie \u00e9lectronique les A.S.B.L.\" \/>\n<meta name=\"robots\" content=\"index, follow, max-snippet:-1, max-image-preview:large, max-video-preview:-1\" \/>\n<link rel=\"canonical\" href=\"https:\/\/www.e2.law\/fr\/2021\/05\/21\/lassemblee-generale-par-voie-electronique-dans-les-asbl\/\" \/>\n<meta property=\"og:locale\" content=\"fr_FR\" \/>\n<meta property=\"og:type\" content=\"article\" \/>\n<meta property=\"og:title\" content=\"L&#039;assembl\u00e9e g\u00e9n\u00e9rale par voie \u00e9lectronique dans les ASBL - e2.law\" \/>\n<meta property=\"og:description\" content=\"La loi du 20 d\u00e9cembre 2020 ins\u00e8re un nouvel article 9:16\/1 dans le Code des soci\u00e9t\u00e9s et des associations, qui instaure les assembl\u00e9es g\u00e9n\u00e9rales par voie \u00e9lectronique les A.S.B.L.\" \/>\n<meta property=\"og:url\" content=\"https:\/\/www.e2.law\/fr\/2021\/05\/21\/lassemblee-generale-par-voie-electronique-dans-les-asbl\/\" \/>\n<meta property=\"og:site_name\" content=\"e2.law\" \/>\n<meta property=\"article:published_time\" content=\"2021-05-21T16:13:14+00:00\" \/>\n<meta property=\"article:modified_time\" content=\"2023-08-19T16:52:01+00:00\" \/>\n<meta name=\"author\" content=\"Valentine Bonamis\" \/>\n<meta name=\"twitter:card\" content=\"summary_large_image\" \/>\n<meta name=\"twitter:label1\" content=\"\u00c9crit par\" \/>\n\t<meta name=\"twitter:data1\" content=\"Valentine Bonamis\" \/>\n\t<meta name=\"twitter:label2\" content=\"Dur\u00e9e de lecture estim\u00e9e\" \/>\n\t<meta name=\"twitter:data2\" content=\"2 minutes\" \/>\n<script type=\"application\/ld+json\" class=\"yoast-schema-graph\">{\"@context\":\"https:\\\/\\\/schema.org\",\"@graph\":[{\"@type\":\"Article\",\"@id\":\"https:\\\/\\\/www.e2.law\\\/fr\\\/2021\\\/05\\\/21\\\/lassemblee-generale-par-voie-electronique-dans-les-asbl\\\/#article\",\"isPartOf\":{\"@id\":\"https:\\\/\\\/www.e2.law\\\/fr\\\/2021\\\/05\\\/21\\\/lassemblee-generale-par-voie-electronique-dans-les-asbl\\\/\"},\"author\":{\"name\":\"Valentine Bonamis\",\"@id\":\"https:\\\/\\\/www.e2.law\\\/fr\\\/#\\\/schema\\\/person\\\/fc4936c485fc15b9d2be735eb6fa9080\"},\"headline\":\"L&#8217;assembl\u00e9e g\u00e9n\u00e9rale par voie \u00e9lectronique dans les ASBL\",\"datePublished\":\"2021-05-21T16:13:14+00:00\",\"dateModified\":\"2023-08-19T16:52:01+00:00\",\"mainEntityOfPage\":{\"@id\":\"https:\\\/\\\/www.e2.law\\\/fr\\\/2021\\\/05\\\/21\\\/lassemblee-generale-par-voie-electronique-dans-les-asbl\\\/\"},\"wordCount\":296,\"publisher\":{\"@id\":\"https:\\\/\\\/www.e2.law\\\/fr\\\/#organization\"},\"keywords\":[\"Exercer une activit\u00e9 d\u00e9sint\u00e9ress\u00e9e\"],\"articleSection\":[\"Non classifi\u00e9(e)\"],\"inLanguage\":\"fr-FR\"},{\"@type\":\"WebPage\",\"@id\":\"https:\\\/\\\/www.e2.law\\\/fr\\\/2021\\\/05\\\/21\\\/lassemblee-generale-par-voie-electronique-dans-les-asbl\\\/\",\"url\":\"https:\\\/\\\/www.e2.law\\\/fr\\\/2021\\\/05\\\/21\\\/lassemblee-generale-par-voie-electronique-dans-les-asbl\\\/\",\"name\":\"L'assembl\u00e9e g\u00e9n\u00e9rale par voie \u00e9lectronique dans les ASBL - e2.law\",\"isPartOf\":{\"@id\":\"https:\\\/\\\/www.e2.law\\\/fr\\\/#website\"},\"datePublished\":\"2021-05-21T16:13:14+00:00\",\"dateModified\":\"2023-08-19T16:52:01+00:00\",\"description\":\"La loi du 20 d\u00e9cembre 2020 ins\u00e8re un nouvel article 9:16\\\/1 dans le Code des soci\u00e9t\u00e9s et des associations, qui instaure les assembl\u00e9es g\u00e9n\u00e9rales par voie \u00e9lectronique les A.S.B.L.\",\"breadcrumb\":{\"@id\":\"https:\\\/\\\/www.e2.law\\\/fr\\\/2021\\\/05\\\/21\\\/lassemblee-generale-par-voie-electronique-dans-les-asbl\\\/#breadcrumb\"},\"inLanguage\":\"fr-FR\",\"potentialAction\":[{\"@type\":\"ReadAction\",\"target\":[\"https:\\\/\\\/www.e2.law\\\/fr\\\/2021\\\/05\\\/21\\\/lassemblee-generale-par-voie-electronique-dans-les-asbl\\\/\"]}]},{\"@type\":\"BreadcrumbList\",\"@id\":\"https:\\\/\\\/www.e2.law\\\/fr\\\/2021\\\/05\\\/21\\\/lassemblee-generale-par-voie-electronique-dans-les-asbl\\\/#breadcrumb\",\"itemListElement\":[{\"@type\":\"ListItem\",\"position\":1,\"name\":\"Home\",\"item\":\"https:\\\/\\\/www.e2.law\\\/fr\\\/home\\\/\"},{\"@type\":\"ListItem\",\"position\":2,\"name\":\"L&#8217;assembl\u00e9e g\u00e9n\u00e9rale par voie \u00e9lectronique dans les ASBL\"}]},{\"@type\":\"WebSite\",\"@id\":\"https:\\\/\\\/www.e2.law\\\/fr\\\/#website\",\"url\":\"https:\\\/\\\/www.e2.law\\\/fr\\\/\",\"name\":\"e2.law\",\"description\":\"A Business Law Firm\",\"publisher\":{\"@id\":\"https:\\\/\\\/www.e2.law\\\/fr\\\/#organization\"},\"potentialAction\":[{\"@type\":\"SearchAction\",\"target\":{\"@type\":\"EntryPoint\",\"urlTemplate\":\"https:\\\/\\\/www.e2.law\\\/fr\\\/?s={search_term_string}\"},\"query-input\":{\"@type\":\"PropertyValueSpecification\",\"valueRequired\":true,\"valueName\":\"search_term_string\"}}],\"inLanguage\":\"fr-FR\"},{\"@type\":\"Organization\",\"@id\":\"https:\\\/\\\/www.e2.law\\\/fr\\\/#organization\",\"name\":\"E2.law\",\"url\":\"https:\\\/\\\/www.e2.law\\\/fr\\\/\",\"logo\":{\"@type\":\"ImageObject\",\"inLanguage\":\"fr-FR\",\"@id\":\"https:\\\/\\\/www.e2.law\\\/fr\\\/#\\\/schema\\\/logo\\\/image\\\/\",\"url\":\"https:\\\/\\\/www.e2.law\\\/wp-content\\\/uploads\\\/2018\\\/12\\\/logo-2.png\",\"contentUrl\":\"https:\\\/\\\/www.e2.law\\\/wp-content\\\/uploads\\\/2018\\\/12\\\/logo-2.png\",\"width\":152,\"height\":40,\"caption\":\"E2.law\"},\"image\":{\"@id\":\"https:\\\/\\\/www.e2.law\\\/fr\\\/#\\\/schema\\\/logo\\\/image\\\/\"},\"sameAs\":[\"https:\\\/\\\/www.linkedin.com\\\/company\\\/e2.law\"]},{\"@type\":\"Person\",\"@id\":\"https:\\\/\\\/www.e2.law\\\/fr\\\/#\\\/schema\\\/person\\\/fc4936c485fc15b9d2be735eb6fa9080\",\"name\":\"Valentine Bonamis\",\"image\":{\"@type\":\"ImageObject\",\"inLanguage\":\"fr-FR\",\"@id\":\"https:\\\/\\\/www.e2.law\\\/wp-content\\\/uploads\\\/2021\\\/02\\\/6E22BF17-266E-4CB1-A676-FCE71D83B2A2_1_201_a-scaled-96x96.jpeg\",\"url\":\"https:\\\/\\\/www.e2.law\\\/wp-content\\\/uploads\\\/2021\\\/02\\\/6E22BF17-266E-4CB1-A676-FCE71D83B2A2_1_201_a-scaled-96x96.jpeg\",\"contentUrl\":\"https:\\\/\\\/www.e2.law\\\/wp-content\\\/uploads\\\/2021\\\/02\\\/6E22BF17-266E-4CB1-A676-FCE71D83B2A2_1_201_a-scaled-96x96.jpeg\",\"caption\":\"Valentine Bonamis\"},\"url\":\"https:\\\/\\\/www.e2.law\\\/fr\\\/author\\\/valentine-b\\\/\"}]}<\/script>\n<!-- \/ Yoast SEO plugin. -->","yoast_head_json":{"title":"L'assembl\u00e9e g\u00e9n\u00e9rale par voie \u00e9lectronique dans les ASBL - e2.law","description":"La loi du 20 d\u00e9cembre 2020 ins\u00e8re un nouvel article 9:16\/1 dans le Code des soci\u00e9t\u00e9s et des associations, qui instaure les assembl\u00e9es g\u00e9n\u00e9rales par voie \u00e9lectronique les A.S.B.L.","robots":{"index":"index","follow":"follow","max-snippet":"max-snippet:-1","max-image-preview":"max-image-preview:large","max-video-preview":"max-video-preview:-1"},"canonical":"https:\/\/www.e2.law\/fr\/2021\/05\/21\/lassemblee-generale-par-voie-electronique-dans-les-asbl\/","og_locale":"fr_FR","og_type":"article","og_title":"L'assembl\u00e9e g\u00e9n\u00e9rale par voie \u00e9lectronique dans les ASBL - e2.law","og_description":"La loi du 20 d\u00e9cembre 2020 ins\u00e8re un nouvel article 9:16\/1 dans le Code des soci\u00e9t\u00e9s et des associations, qui instaure les assembl\u00e9es g\u00e9n\u00e9rales par voie \u00e9lectronique les A.S.B.L.","og_url":"https:\/\/www.e2.law\/fr\/2021\/05\/21\/lassemblee-generale-par-voie-electronique-dans-les-asbl\/","og_site_name":"e2.law","article_published_time":"2021-05-21T16:13:14+00:00","article_modified_time":"2023-08-19T16:52:01+00:00","author":"Valentine Bonamis","twitter_card":"summary_large_image","twitter_misc":{"\u00c9crit par":"Valentine Bonamis","Dur\u00e9e de lecture estim\u00e9e":"2 minutes"},"schema":{"@context":"https:\/\/schema.org","@graph":[{"@type":"Article","@id":"https:\/\/www.e2.law\/fr\/2021\/05\/21\/lassemblee-generale-par-voie-electronique-dans-les-asbl\/#article","isPartOf":{"@id":"https:\/\/www.e2.law\/fr\/2021\/05\/21\/lassemblee-generale-par-voie-electronique-dans-les-asbl\/"},"author":{"name":"Valentine Bonamis","@id":"https:\/\/www.e2.law\/fr\/#\/schema\/person\/fc4936c485fc15b9d2be735eb6fa9080"},"headline":"L&#8217;assembl\u00e9e g\u00e9n\u00e9rale par voie \u00e9lectronique dans les ASBL","datePublished":"2021-05-21T16:13:14+00:00","dateModified":"2023-08-19T16:52:01+00:00","mainEntityOfPage":{"@id":"https:\/\/www.e2.law\/fr\/2021\/05\/21\/lassemblee-generale-par-voie-electronique-dans-les-asbl\/"},"wordCount":296,"publisher":{"@id":"https:\/\/www.e2.law\/fr\/#organization"},"keywords":["Exercer une activit\u00e9 d\u00e9sint\u00e9ress\u00e9e"],"articleSection":["Non classifi\u00e9(e)"],"inLanguage":"fr-FR"},{"@type":"WebPage","@id":"https:\/\/www.e2.law\/fr\/2021\/05\/21\/lassemblee-generale-par-voie-electronique-dans-les-asbl\/","url":"https:\/\/www.e2.law\/fr\/2021\/05\/21\/lassemblee-generale-par-voie-electronique-dans-les-asbl\/","name":"L'assembl\u00e9e g\u00e9n\u00e9rale par voie \u00e9lectronique dans les ASBL - e2.law","isPartOf":{"@id":"https:\/\/www.e2.law\/fr\/#website"},"datePublished":"2021-05-21T16:13:14+00:00","dateModified":"2023-08-19T16:52:01+00:00","description":"La loi du 20 d\u00e9cembre 2020 ins\u00e8re un nouvel article 9:16\/1 dans le Code des soci\u00e9t\u00e9s et des associations, qui instaure les assembl\u00e9es g\u00e9n\u00e9rales par voie \u00e9lectronique les A.S.B.L.","breadcrumb":{"@id":"https:\/\/www.e2.law\/fr\/2021\/05\/21\/lassemblee-generale-par-voie-electronique-dans-les-asbl\/#breadcrumb"},"inLanguage":"fr-FR","potentialAction":[{"@type":"ReadAction","target":["https:\/\/www.e2.law\/fr\/2021\/05\/21\/lassemblee-generale-par-voie-electronique-dans-les-asbl\/"]}]},{"@type":"BreadcrumbList","@id":"https:\/\/www.e2.law\/fr\/2021\/05\/21\/lassemblee-generale-par-voie-electronique-dans-les-asbl\/#breadcrumb","itemListElement":[{"@type":"ListItem","position":1,"name":"Home","item":"https:\/\/www.e2.law\/fr\/home\/"},{"@type":"ListItem","position":2,"name":"L&#8217;assembl\u00e9e g\u00e9n\u00e9rale par voie \u00e9lectronique dans les ASBL"}]},{"@type":"WebSite","@id":"https:\/\/www.e2.law\/fr\/#website","url":"https:\/\/www.e2.law\/fr\/","name":"e2.law","description":"A Business Law Firm","publisher":{"@id":"https:\/\/www.e2.law\/fr\/#organization"},"potentialAction":[{"@type":"SearchAction","target":{"@type":"EntryPoint","urlTemplate":"https:\/\/www.e2.law\/fr\/?s={search_term_string}"},"query-input":{"@type":"PropertyValueSpecification","valueRequired":true,"valueName":"search_term_string"}}],"inLanguage":"fr-FR"},{"@type":"Organization","@id":"https:\/\/www.e2.law\/fr\/#organization","name":"E2.law","url":"https:\/\/www.e2.law\/fr\/","logo":{"@type":"ImageObject","inLanguage":"fr-FR","@id":"https:\/\/www.e2.law\/fr\/#\/schema\/logo\/image\/","url":"https:\/\/www.e2.law\/wp-content\/uploads\/2018\/12\/logo-2.png","contentUrl":"https:\/\/www.e2.law\/wp-content\/uploads\/2018\/12\/logo-2.png","width":152,"height":40,"caption":"E2.law"},"image":{"@id":"https:\/\/www.e2.law\/fr\/#\/schema\/logo\/image\/"},"sameAs":["https:\/\/www.linkedin.com\/company\/e2.law"]},{"@type":"Person","@id":"https:\/\/www.e2.law\/fr\/#\/schema\/person\/fc4936c485fc15b9d2be735eb6fa9080","name":"Valentine Bonamis","image":{"@type":"ImageObject","inLanguage":"fr-FR","@id":"https:\/\/www.e2.law\/wp-content\/uploads\/2021\/02\/6E22BF17-266E-4CB1-A676-FCE71D83B2A2_1_201_a-scaled-96x96.jpeg","url":"https:\/\/www.e2.law\/wp-content\/uploads\/2021\/02\/6E22BF17-266E-4CB1-A676-FCE71D83B2A2_1_201_a-scaled-96x96.jpeg","contentUrl":"https:\/\/www.e2.law\/wp-content\/uploads\/2021\/02\/6E22BF17-266E-4CB1-A676-FCE71D83B2A2_1_201_a-scaled-96x96.jpeg","caption":"Valentine Bonamis"},"url":"https:\/\/www.e2.law\/fr\/author\/valentine-b\/"}]}},"jetpack_featured_media_url":"","jetpack_sharing_enabled":true,"_links":{"self":[{"href":"https:\/\/www.e2.law\/fr\/wp-json\/wp\/v2\/posts\/30779","targetHints":{"allow":["GET"]}}],"collection":[{"href":"https:\/\/www.e2.law\/fr\/wp-json\/wp\/v2\/posts"}],"about":[{"href":"https:\/\/www.e2.law\/fr\/wp-json\/wp\/v2\/types\/post"}],"author":[{"embeddable":true,"href":"https:\/\/www.e2.law\/fr\/wp-json\/wp\/v2\/users\/164"}],"replies":[{"embeddable":true,"href":"https:\/\/www.e2.law\/fr\/wp-json\/wp\/v2\/comments?post=30779"}],"version-history":[{"count":1,"href":"https:\/\/www.e2.law\/fr\/wp-json\/wp\/v2\/posts\/30779\/revisions"}],"predecessor-version":[{"id":44352,"href":"https:\/\/www.e2.law\/fr\/wp-json\/wp\/v2\/posts\/30779\/revisions\/44352"}],"wp:attachment":[{"href":"https:\/\/www.e2.law\/fr\/wp-json\/wp\/v2\/media?parent=30779"}],"wp:term":[{"taxonomy":"category","embeddable":true,"href":"https:\/\/www.e2.law\/fr\/wp-json\/wp\/v2\/categories?post=30779"},{"taxonomy":"post_tag","embeddable":true,"href":"https:\/\/www.e2.law\/fr\/wp-json\/wp\/v2\/tags?post=30779"}],"curies":[{"name":"wp","href":"https:\/\/api.w.org\/{rel}","templated":true}]}}