{"id":30783,"date":"2021-05-21T18:32:28","date_gmt":"2021-05-21T16:32:28","guid":{"rendered":"https:\/\/www.e2.law\/?p=30783"},"modified":"2024-05-20T17:15:09","modified_gmt":"2024-05-20T15:15:09","slug":"la-convocation-de-lassemblee-generale-dune-asbl","status":"publish","type":"post","link":"https:\/\/www.e2.law\/fr\/2021\/05\/21\/la-convocation-de-lassemblee-generale-dune-asbl\/","title":{"rendered":"La convocation de l&#8217;assembl\u00e9e g\u00e9n\u00e9rale d&#8217;une ASBL"},"content":{"rendered":"<div class=\"fusion-fullwidth fullwidth-box fusion-builder-row-1 fusion-flex-container nonhundred-percent-fullwidth non-hundred-percent-height-scrolling\" style=\"--awb-border-radius-top-left:0px;--awb-border-radius-top-right:0px;--awb-border-radius-bottom-right:0px;--awb-border-radius-bottom-left:0px;--awb-flex-wrap:wrap;\" ><div class=\"fusion-builder-row fusion-row fusion-flex-align-items-flex-start fusion-flex-content-wrap\" style=\"max-width:1144px;margin-left: calc(-4% \/ 2 );margin-right: calc(-4% \/ 2 );\"><div class=\"fusion-layout-column fusion_builder_column fusion-builder-column-0 fusion_builder_column_1_1 1_1 fusion-flex-column\" style=\"--awb-bg-size:cover;--awb-width-large:100%;--awb-margin-top-large:0px;--awb-spacing-right-large:1.92%;--awb-margin-bottom-large:0px;--awb-spacing-left-large:1.92%;--awb-width-medium:100%;--awb-spacing-right-medium:1.92%;--awb-spacing-left-medium:1.92%;--awb-width-small:100%;--awb-spacing-right-small:1.92%;--awb-spacing-left-small:1.92%;\"><div class=\"fusion-column-wrapper fusion-flex-justify-content-flex-start fusion-content-layout-column\"><div class=\"fusion-text fusion-text-1\"><p>Comment convoquer les membres de l&#8217;assembl\u00e9e g\u00e9n\u00e9rale d&#8217;une ASBL en bonne et due forme ? R\u00e9ponse ci-dessous.<\/p>\n<\/div><div class=\"accordian fusion-accordian\" style=\"--awb-border-size:1px;--awb-icon-size:13px;--awb-content-font-size:16px;--awb-icon-alignment:left;--awb-hover-color:#f9f9f9;--awb-border-color:#cccccc;--awb-background-color:#ffffff;--awb-divider-color:#e0dede;--awb-divider-hover-color:#e0dede;--awb-icon-color:#ffffff;--awb-title-color:#333333;--awb-content-color:#747474;--awb-icon-box-color:#333333;--awb-toggle-hover-accent-color:#0da74c;--awb-title-font-family:&quot;Roboto Slab&quot;;--awb-title-font-weight:300;--awb-title-font-style:normal;--awb-title-font-size:14px;--awb-content-font-family:&quot;PT Sans&quot;;--awb-content-font-style:normal;--awb-content-font-weight:400;\"><div class=\"panel-group fusion-toggle-icon-boxed\" id=\"accordion-30783-1\"><div class=\"fusion-panel panel-default panel-ef083fbd74839cfd8 fusion-toggle-has-divider\"><div class=\"panel-heading\"><h4 class=\"panel-title toggle\" id=\"toggle_ef083fbd74839cfd8\"><a aria-expanded=\"false\" aria-controls=\"ef083fbd74839cfd8\" role=\"button\" data-toggle=\"collapse\" data-parent=\"#accordion-30783-1\" data-target=\"#ef083fbd74839cfd8\" href=\"#ef083fbd74839cfd8\"><span class=\"fusion-toggle-icon-wrapper\" aria-hidden=\"true\"><i class=\"fa-fusion-box active-icon awb-icon-minus\" aria-hidden=\"true\"><\/i><i class=\"fa-fusion-box inactive-icon awb-icon-plus\" aria-hidden=\"true\"><\/i><\/span><span class=\"fusion-toggle-heading\">Dans quel cas faut-il convoquer l'AG ?<\/span><\/a><\/h4><\/div><div id=\"ef083fbd74839cfd8\" class=\"panel-collapse collapse \" aria-labelledby=\"toggle_ef083fbd74839cfd8\"><div class=\"panel-body toggle-content fusion-clearfix\">\n<ol>\n<li>\n<h4><strong>Dans les cas pr\u00e9vus par l\u2019article 9:12<\/strong>.<\/h4>\n<p><a href=\"https:\/\/www.ejustice.just.fgov.be\/cgi_loi\/loi_a1.pl?language=fr&amp;la=F&amp;table_name=loi&amp;cn=2019032309&amp;&amp;caller=list&amp;F&amp;fromtab=loi&amp;tri=dd+AS+RANK&amp;rech=1&amp;numero=1&amp;sql=(text+contains+(%27%27))#Art.9:12\">L\u2019article 9:12<\/a> liste les cas dans lesquelles une d\u00e9cision de l\u2019assembl\u00e9e g\u00e9n\u00e9rale est exig\u00e9e.<\/p>\n<ul>\n<li>La modification des statuts<\/li>\n<li>La nomination et la r\u00e9vocation des administrateurs et la fixation de leur r\u00e9mun\u00e9ration<\/li>\n<li>La nomination et la r\u00e9vocation du commissaire et la fixation de sa r\u00e9mun\u00e9ration<\/li>\n<li>La d\u00e9charge \u00e0 octroyer aux administrateurs et au commissaire et, le cas \u00e9ch\u00e9ant, l\u2019introduction d\u2019une action de l\u2019association contre les administrateurs et les commissaires<\/li>\n<li>L\u2019approbation des comptes annuels et du budget<\/li>\n<li>La dissolution de l\u2019association<\/li>\n<li>L\u2019exclusion d\u2019un membre<\/li>\n<li>La transformation de l\u2019A(I)SBL en S.C.<\/li>\n<li>Effectuer ou accepter l\u2019apport \u00e0 titre gratuit d\u2019une universalit\u00e9<\/li>\n<li>Toutes les autres cas o\u00f9 la loi l\u2019exige.<\/li>\n<\/ul>\n<\/li>\n<li>\n<h4><strong>Dans les cas pr\u00e9vus par les statuts<\/strong>.<\/h4>\n<p>Les statuts peuvent \u00e9galement pr\u00e9voir d\u2019autres cas dans lesquels une AG doit \u00eatre convoqu\u00e9e.<\/li>\n<li>\n<h4><strong>A la demande des membres<\/strong>.<\/h4>\n<p><a href=\"https:\/\/www.ejustice.just.fgov.be\/cgi_loi\/loi_a1.pl?language=fr&amp;la=F&amp;table_name=loi&amp;cn=2019032309&amp;&amp;caller=list&amp;F&amp;fromtab=loi&amp;tri=dd+AS+RANK&amp;rech=1&amp;numero=1&amp;sql=(text+contains+(%27%27))#Art.9:13\">L\u2019article 9\u00a0:13<\/a> pr\u00e9voit que si au moins un cinqui\u00e8me des membres en font la demande, une A.G. doit \u00eatre convoqu\u00e9e. Dans ce cas, l\u2019assembl\u00e9e g\u00e9n\u00e9rale doit \u00eatre convoqu\u00e9e dans les 21 jours de la demande et doit se tenir au plus tard le 40<sup>\u00e8me<\/sup> jour qui suit la demande, sauf disposition statutaire contraire.<\/li>\n<\/ol>\n<\/div><\/div><\/div><div class=\"fusion-panel panel-default panel-da208d124b47ef133 fusion-toggle-has-divider\"><div class=\"panel-heading\"><h4 class=\"panel-title toggle\" id=\"toggle_da208d124b47ef133\"><a aria-expanded=\"false\" aria-controls=\"da208d124b47ef133\" role=\"button\" data-toggle=\"collapse\" data-parent=\"#accordion-30783-1\" data-target=\"#da208d124b47ef133\" href=\"#da208d124b47ef133\"><span class=\"fusion-toggle-icon-wrapper\" aria-hidden=\"true\"><i class=\"fa-fusion-box active-icon awb-icon-minus\" aria-hidden=\"true\"><\/i><i class=\"fa-fusion-box inactive-icon awb-icon-plus\" aria-hidden=\"true\"><\/i><\/span><span class=\"fusion-toggle-heading\">Quand doit-on convoquer l'AG ?<\/span><\/a><\/h4><\/div><div id=\"da208d124b47ef133\" class=\"panel-collapse collapse \" aria-labelledby=\"toggle_da208d124b47ef133\"><div class=\"panel-body toggle-content fusion-clearfix\">\n<p><a href=\"https:\/\/www.ejustice.just.fgov.be\/cgi_loi\/loi_a1.pl?language=fr&amp;la=F&amp;table_name=loi&amp;cn=2019032309&amp;&amp;caller=list&amp;F&amp;fromtab=loi&amp;tri=dd+AS+RANK&amp;rech=1&amp;numero=1&amp;sql=(text+contains+(%27%27))#Art.9:14\">L\u2019article 9:14<\/a> pr\u00e9voit que tous les membres, les administrateurs et le commissaire doivent \u00eatre convoqu\u00e9s au moins quinze jours avant l\u2019AG.<\/p>\n<\/div><\/div><\/div><div class=\"fusion-panel panel-default panel-f817a469315ce45fb fusion-toggle-has-divider\"><div class=\"panel-heading\"><h4 class=\"panel-title toggle\" id=\"toggle_f817a469315ce45fb\"><a aria-expanded=\"false\" aria-controls=\"f817a469315ce45fb\" role=\"button\" data-toggle=\"collapse\" data-parent=\"#accordion-30783-1\" data-target=\"#f817a469315ce45fb\" href=\"#f817a469315ce45fb\"><span class=\"fusion-toggle-icon-wrapper\" aria-hidden=\"true\"><i class=\"fa-fusion-box active-icon awb-icon-minus\" aria-hidden=\"true\"><\/i><i class=\"fa-fusion-box inactive-icon awb-icon-plus\" aria-hidden=\"true\"><\/i><\/span><span class=\"fusion-toggle-heading\">Comment convoquer l'AG ?<\/span><\/a><\/h4><\/div><div id=\"f817a469315ce45fb\" class=\"panel-collapse collapse \" aria-labelledby=\"toggle_f817a469315ce45fb\"><div class=\"panel-body toggle-content fusion-clearfix\">\n<p><a href=\"https:\/\/www.ejustice.just.fgov.be\/cgi_loi\/loi_a1.pl?language=fr&amp;la=F&amp;table_name=loi&amp;cn=2019032309&amp;&amp;caller=list&amp;F&amp;fromtab=loi&amp;tri=dd+AS+RANK&amp;rech=1&amp;numero=1&amp;sql=(text+contains+(%27%27))#Art.9:13\">L\u2019article 9:13<\/a> pr\u00e9voit que c\u2019est l\u2019Organe d\u2019administration qui doit convoquer l\u2019A.G. Le Commissaire peut \u00e9galement convoquer l\u2019AG.<\/p>\n<p>L\u2019ordre du jour doit \u00eatre joint \u00e0 la convocation. Tout autre document qui doit \u00eatre transmis \u00e0 l\u2019A.G. doit \u00eatre envoy\u00e9 sans d\u00e9lai et gratuitement aux membres, aux administrateurs et aux commissaires qui en font la demande.<\/p>\n<\/div><\/div><\/div><div class=\"fusion-panel panel-default panel-c71cf1e15cd52c316 fusion-toggle-has-divider\"><div class=\"panel-heading\"><h4 class=\"panel-title toggle\" id=\"toggle_c71cf1e15cd52c316\"><a aria-expanded=\"false\" aria-controls=\"c71cf1e15cd52c316\" role=\"button\" data-toggle=\"collapse\" data-parent=\"#accordion-30783-1\" data-target=\"#c71cf1e15cd52c316\" href=\"#c71cf1e15cd52c316\"><span class=\"fusion-toggle-icon-wrapper\" aria-hidden=\"true\"><i class=\"fa-fusion-box active-icon awb-icon-minus\" aria-hidden=\"true\"><\/i><i class=\"fa-fusion-box inactive-icon awb-icon-plus\" aria-hidden=\"true\"><\/i><\/span><span class=\"fusion-toggle-heading\">Peut-on demander \u00e0 ajouter un point \u00e0 l'ordre du jour ?<\/span><\/a><\/h4><\/div><div id=\"c71cf1e15cd52c316\" class=\"panel-collapse collapse \" aria-labelledby=\"toggle_c71cf1e15cd52c316\"><div class=\"panel-body toggle-content fusion-clearfix\">\n<p><a href=\"https:\/\/www.ejustice.just.fgov.be\/cgi_loi\/loi_a1.pl?language=fr&amp;la=F&amp;table_name=loi&amp;cn=2019032309&amp;&amp;caller=list&amp;F&amp;fromtab=loi&amp;tri=dd+AS+RANK&amp;rech=1&amp;numero=1&amp;sql=(text+contains+(%27%27))#Art.9:14\">L\u2019article 9:14<\/a> pr\u00e9voit que toute proposition sign\u00e9e par au moins 1\/20<sup>\u00e8me<\/sup> des membres est port\u00e9e \u00e0 l\u2019ordre du jour.<\/p>\n<\/div><\/div><\/div><div class=\"fusion-panel panel-default panel-2debbf7a20cb17f37 fusion-toggle-has-divider\"><div class=\"panel-heading\"><h4 class=\"panel-title toggle\" id=\"toggle_2debbf7a20cb17f37\"><a aria-expanded=\"false\" aria-controls=\"2debbf7a20cb17f37\" role=\"button\" data-toggle=\"collapse\" data-parent=\"#accordion-30783-1\" data-target=\"#2debbf7a20cb17f37\" href=\"#2debbf7a20cb17f37\"><span class=\"fusion-toggle-icon-wrapper\" aria-hidden=\"true\"><i class=\"fa-fusion-box active-icon awb-icon-minus\" aria-hidden=\"true\"><\/i><i class=\"fa-fusion-box inactive-icon awb-icon-plus\" aria-hidden=\"true\"><\/i><\/span><span class=\"fusion-toggle-heading\">Faut-il toujours respecter les r\u00e8gles de convocation ?<\/span><\/a><\/h4><\/div><div id=\"2debbf7a20cb17f37\" class=\"panel-collapse collapse \" aria-labelledby=\"toggle_2debbf7a20cb17f37\"><div class=\"panel-body toggle-content fusion-clearfix\">\n<p><a href=\"https:\/\/www.ejustice.just.fgov.be\/cgi_loi\/loi_a1.pl?language=fr&amp;la=F&amp;table_name=loi&amp;cn=2019032309&amp;&amp;caller=list&amp;F&amp;fromtab=loi&amp;tri=dd+AS+RANK&amp;rech=1&amp;numero=1&amp;sql=(text+contains+(%27%27))#Art.9:14\/1\">Depuis le 24 d\u00e9cembre 2020<\/a>, les membres peuvent prendre par \u00e9crit, \u00e0 l\u2019unanimit\u00e9, toutes les d\u00e9cisions qui rel\u00e8vent des pouvoirs de l\u2019assembl\u00e9e g\u00e9n\u00e9rale, \u00e0 l\u2019exception de la modification des statuts.<\/p>\n<p>Dans ce cas, les formalit\u00e9s de convocation ne doivent pas \u00eatre accomplies.<\/p>\n<p>Le commissaire et les membres de l\u2019organe d\u2019administrations peuvent alors demander \u00e0 prendre connaissance de ces d\u00e9cisions.<\/p>\n<p>Plus d&#8217;information sur l&#8217;assembl\u00e9e g\u00e9n\u00e9rale \u00e9crite <a href=\"https:\/\/www.e2.law\/en\/2021\/05\/21\/lassemblee-generale-ecrite-dans-les-asbl\/\">en cliquant ici<\/a>.<\/p>\n<\/div><\/div><\/div><div class=\"fusion-panel panel-default panel-46faf55053bb7bb58 fusion-toggle-has-divider\"><div class=\"panel-heading\"><h4 class=\"panel-title toggle\" id=\"toggle_46faf55053bb7bb58\"><a aria-expanded=\"false\" aria-controls=\"46faf55053bb7bb58\" role=\"button\" data-toggle=\"collapse\" data-parent=\"#accordion-30783-1\" data-target=\"#46faf55053bb7bb58\" href=\"#46faf55053bb7bb58\"><span class=\"fusion-toggle-icon-wrapper\" aria-hidden=\"true\"><i class=\"fa-fusion-box active-icon awb-icon-minus\" aria-hidden=\"true\"><\/i><i class=\"fa-fusion-box inactive-icon awb-icon-plus\" aria-hidden=\"true\"><\/i><\/span><span class=\"fusion-toggle-heading\">Peut-on pr\u00e9voir une AG par voie \u00e9lectronique ?<\/span><\/a><\/h4><\/div><div id=\"46faf55053bb7bb58\" class=\"panel-collapse collapse \" aria-labelledby=\"toggle_46faf55053bb7bb58\"><div class=\"panel-body toggle-content fusion-clearfix\">\n<p><a href=\"https:\/\/www.ejustice.just.fgov.be\/cgi_loi\/loi_a1.pl?language=fr&amp;la=F&amp;table_name=loi&amp;cn=2019032309&amp;&amp;caller=list&amp;F&amp;fromtab=loi&amp;tri=dd+AS+RANK&amp;rech=1&amp;numero=1&amp;sql=(text+contains+(%27%27))#Art.9:14\/1\">Depuis le 24 d\u00e9cembre 2020<\/a>, l&#8217;organe d&#8217;administration peut pr\u00e9voir que l&#8217;AG de l&#8217;ASBL se tiendra par voie \u00e9lectronique.<br \/>\nPour plus d&#8217;information, <a href=\"https:\/\/www.e2.law\/en\/2021\/05\/21\/lassemblee-generale-par-voie-electronique-dans-les-asbl\/\">cliquez ici<\/a>.<\/p>\n<\/div><\/div><\/div><\/div><\/div><div class=\"fusion-text fusion-text-2\"><\/div><\/div><\/div><\/div><\/div>\n","protected":false},"excerpt":{"rendered":"","protected":false},"author":164,"featured_media":0,"comment_status":"closed","ping_status":"open","sticky":false,"template":"","format":"standard","meta":{"_acf_changed":false,"_jetpack_memberships_contains_paid_content":false,"footnotes":""},"categories":[141],"tags":[776,774],"class_list":["post-30783","post","type-post","status-publish","format-standard","hentry","category-non-classifiee","tag-asbl-fr","tag-assemblee-generale-fr"],"acf":[],"yoast_head":"<!-- This site is optimized with the Yoast SEO plugin v27.5 - https:\/\/yoast.com\/product\/yoast-seo-wordpress\/ -->\n<title>La convocation de l&#039;assembl\u00e9e g\u00e9n\u00e9rale d&#039;une ASBL - e2.law<\/title>\n<meta name=\"description\" content=\"Comment convoquer les membres de l&#039;assembl\u00e9e g\u00e9n\u00e9rale d&#039;une ASBL en bonne et due forme ? R\u00e9ponse ci-dessous.\" \/>\n<meta name=\"robots\" content=\"index, follow, max-snippet:-1, max-image-preview:large, max-video-preview:-1\" \/>\n<link rel=\"canonical\" href=\"https:\/\/www.e2.law\/fr\/2021\/05\/21\/la-convocation-de-lassemblee-generale-dune-asbl\/\" \/>\n<meta property=\"og:locale\" content=\"fr_FR\" \/>\n<meta property=\"og:type\" content=\"article\" \/>\n<meta property=\"og:title\" content=\"La convocation de l&#039;assembl\u00e9e g\u00e9n\u00e9rale d&#039;une ASBL - e2.law\" \/>\n<meta property=\"og:description\" content=\"Comment convoquer les membres de l&#039;assembl\u00e9e g\u00e9n\u00e9rale d&#039;une ASBL en bonne et due forme ? R\u00e9ponse ci-dessous.\" \/>\n<meta property=\"og:url\" content=\"https:\/\/www.e2.law\/fr\/2021\/05\/21\/la-convocation-de-lassemblee-generale-dune-asbl\/\" \/>\n<meta property=\"og:site_name\" content=\"e2.law\" \/>\n<meta property=\"article:published_time\" content=\"2021-05-21T16:32:28+00:00\" \/>\n<meta property=\"article:modified_time\" content=\"2024-05-20T15:15:09+00:00\" \/>\n<meta name=\"author\" content=\"Valentine Bonamis\" \/>\n<meta name=\"twitter:card\" content=\"summary_large_image\" \/>\n<meta name=\"twitter:label1\" content=\"\u00c9crit par\" \/>\n\t<meta name=\"twitter:data1\" content=\"Valentine Bonamis\" \/>\n\t<meta name=\"twitter:label2\" content=\"Dur\u00e9e de lecture estim\u00e9e\" \/>\n\t<meta name=\"twitter:data2\" content=\"3 minutes\" \/>\n<script type=\"application\/ld+json\" class=\"yoast-schema-graph\">{\"@context\":\"https:\\\/\\\/schema.org\",\"@graph\":[{\"@type\":\"Article\",\"@id\":\"https:\\\/\\\/www.e2.law\\\/fr\\\/2021\\\/05\\\/21\\\/la-convocation-de-lassemblee-generale-dune-asbl\\\/#article\",\"isPartOf\":{\"@id\":\"https:\\\/\\\/www.e2.law\\\/fr\\\/2021\\\/05\\\/21\\\/la-convocation-de-lassemblee-generale-dune-asbl\\\/\"},\"author\":{\"name\":\"Valentine Bonamis\",\"@id\":\"https:\\\/\\\/www.e2.law\\\/fr\\\/#\\\/schema\\\/person\\\/fc4936c485fc15b9d2be735eb6fa9080\"},\"headline\":\"La convocation de l&#8217;assembl\u00e9e g\u00e9n\u00e9rale d&#8217;une ASBL\",\"datePublished\":\"2021-05-21T16:32:28+00:00\",\"dateModified\":\"2024-05-20T15:15:09+00:00\",\"mainEntityOfPage\":{\"@id\":\"https:\\\/\\\/www.e2.law\\\/fr\\\/2021\\\/05\\\/21\\\/la-convocation-de-lassemblee-generale-dune-asbl\\\/\"},\"wordCount\":781,\"publisher\":{\"@id\":\"https:\\\/\\\/www.e2.law\\\/fr\\\/#organization\"},\"keywords\":[\"asbl\",\"assembl\u00e9e g\u00e9n\u00e9rale\"],\"articleSection\":[\"Non classifi\u00e9(e)\"],\"inLanguage\":\"fr-FR\"},{\"@type\":\"WebPage\",\"@id\":\"https:\\\/\\\/www.e2.law\\\/fr\\\/2021\\\/05\\\/21\\\/la-convocation-de-lassemblee-generale-dune-asbl\\\/\",\"url\":\"https:\\\/\\\/www.e2.law\\\/fr\\\/2021\\\/05\\\/21\\\/la-convocation-de-lassemblee-generale-dune-asbl\\\/\",\"name\":\"La convocation de l'assembl\u00e9e g\u00e9n\u00e9rale d'une ASBL - e2.law\",\"isPartOf\":{\"@id\":\"https:\\\/\\\/www.e2.law\\\/fr\\\/#website\"},\"datePublished\":\"2021-05-21T16:32:28+00:00\",\"dateModified\":\"2024-05-20T15:15:09+00:00\",\"description\":\"Comment convoquer les membres de l'assembl\u00e9e g\u00e9n\u00e9rale d'une ASBL en bonne et due forme ? R\u00e9ponse ci-dessous.\",\"breadcrumb\":{\"@id\":\"https:\\\/\\\/www.e2.law\\\/fr\\\/2021\\\/05\\\/21\\\/la-convocation-de-lassemblee-generale-dune-asbl\\\/#breadcrumb\"},\"inLanguage\":\"fr-FR\",\"potentialAction\":[{\"@type\":\"ReadAction\",\"target\":[\"https:\\\/\\\/www.e2.law\\\/fr\\\/2021\\\/05\\\/21\\\/la-convocation-de-lassemblee-generale-dune-asbl\\\/\"]}]},{\"@type\":\"BreadcrumbList\",\"@id\":\"https:\\\/\\\/www.e2.law\\\/fr\\\/2021\\\/05\\\/21\\\/la-convocation-de-lassemblee-generale-dune-asbl\\\/#breadcrumb\",\"itemListElement\":[{\"@type\":\"ListItem\",\"position\":1,\"name\":\"Home\",\"item\":\"https:\\\/\\\/www.e2.law\\\/fr\\\/home\\\/\"},{\"@type\":\"ListItem\",\"position\":2,\"name\":\"La convocation de l&#8217;assembl\u00e9e g\u00e9n\u00e9rale d&#8217;une ASBL\"}]},{\"@type\":\"WebSite\",\"@id\":\"https:\\\/\\\/www.e2.law\\\/fr\\\/#website\",\"url\":\"https:\\\/\\\/www.e2.law\\\/fr\\\/\",\"name\":\"e2.law\",\"description\":\"A Business Law Firm\",\"publisher\":{\"@id\":\"https:\\\/\\\/www.e2.law\\\/fr\\\/#organization\"},\"potentialAction\":[{\"@type\":\"SearchAction\",\"target\":{\"@type\":\"EntryPoint\",\"urlTemplate\":\"https:\\\/\\\/www.e2.law\\\/fr\\\/?s={search_term_string}\"},\"query-input\":{\"@type\":\"PropertyValueSpecification\",\"valueRequired\":true,\"valueName\":\"search_term_string\"}}],\"inLanguage\":\"fr-FR\"},{\"@type\":\"Organization\",\"@id\":\"https:\\\/\\\/www.e2.law\\\/fr\\\/#organization\",\"name\":\"E2.law\",\"url\":\"https:\\\/\\\/www.e2.law\\\/fr\\\/\",\"logo\":{\"@type\":\"ImageObject\",\"inLanguage\":\"fr-FR\",\"@id\":\"https:\\\/\\\/www.e2.law\\\/fr\\\/#\\\/schema\\\/logo\\\/image\\\/\",\"url\":\"https:\\\/\\\/www.e2.law\\\/wp-content\\\/uploads\\\/2018\\\/12\\\/logo-2.png\",\"contentUrl\":\"https:\\\/\\\/www.e2.law\\\/wp-content\\\/uploads\\\/2018\\\/12\\\/logo-2.png\",\"width\":152,\"height\":40,\"caption\":\"E2.law\"},\"image\":{\"@id\":\"https:\\\/\\\/www.e2.law\\\/fr\\\/#\\\/schema\\\/logo\\\/image\\\/\"},\"sameAs\":[\"https:\\\/\\\/www.linkedin.com\\\/company\\\/e2.law\"]},{\"@type\":\"Person\",\"@id\":\"https:\\\/\\\/www.e2.law\\\/fr\\\/#\\\/schema\\\/person\\\/fc4936c485fc15b9d2be735eb6fa9080\",\"name\":\"Valentine Bonamis\",\"image\":{\"@type\":\"ImageObject\",\"inLanguage\":\"fr-FR\",\"@id\":\"https:\\\/\\\/www.e2.law\\\/wp-content\\\/uploads\\\/2021\\\/02\\\/6E22BF17-266E-4CB1-A676-FCE71D83B2A2_1_201_a-scaled-96x96.jpeg\",\"url\":\"https:\\\/\\\/www.e2.law\\\/wp-content\\\/uploads\\\/2021\\\/02\\\/6E22BF17-266E-4CB1-A676-FCE71D83B2A2_1_201_a-scaled-96x96.jpeg\",\"contentUrl\":\"https:\\\/\\\/www.e2.law\\\/wp-content\\\/uploads\\\/2021\\\/02\\\/6E22BF17-266E-4CB1-A676-FCE71D83B2A2_1_201_a-scaled-96x96.jpeg\",\"caption\":\"Valentine Bonamis\"},\"url\":\"https:\\\/\\\/www.e2.law\\\/fr\\\/author\\\/valentine-b\\\/\"}]}<\/script>\n<!-- \/ Yoast SEO plugin. -->","yoast_head_json":{"title":"La convocation de l'assembl\u00e9e g\u00e9n\u00e9rale d'une ASBL - e2.law","description":"Comment convoquer les membres de l'assembl\u00e9e g\u00e9n\u00e9rale d'une ASBL en bonne et due forme ? R\u00e9ponse ci-dessous.","robots":{"index":"index","follow":"follow","max-snippet":"max-snippet:-1","max-image-preview":"max-image-preview:large","max-video-preview":"max-video-preview:-1"},"canonical":"https:\/\/www.e2.law\/fr\/2021\/05\/21\/la-convocation-de-lassemblee-generale-dune-asbl\/","og_locale":"fr_FR","og_type":"article","og_title":"La convocation de l'assembl\u00e9e g\u00e9n\u00e9rale d'une ASBL - e2.law","og_description":"Comment convoquer les membres de l'assembl\u00e9e g\u00e9n\u00e9rale d'une ASBL en bonne et due forme ? R\u00e9ponse ci-dessous.","og_url":"https:\/\/www.e2.law\/fr\/2021\/05\/21\/la-convocation-de-lassemblee-generale-dune-asbl\/","og_site_name":"e2.law","article_published_time":"2021-05-21T16:32:28+00:00","article_modified_time":"2024-05-20T15:15:09+00:00","author":"Valentine Bonamis","twitter_card":"summary_large_image","twitter_misc":{"\u00c9crit par":"Valentine Bonamis","Dur\u00e9e de lecture estim\u00e9e":"3 minutes"},"schema":{"@context":"https:\/\/schema.org","@graph":[{"@type":"Article","@id":"https:\/\/www.e2.law\/fr\/2021\/05\/21\/la-convocation-de-lassemblee-generale-dune-asbl\/#article","isPartOf":{"@id":"https:\/\/www.e2.law\/fr\/2021\/05\/21\/la-convocation-de-lassemblee-generale-dune-asbl\/"},"author":{"name":"Valentine Bonamis","@id":"https:\/\/www.e2.law\/fr\/#\/schema\/person\/fc4936c485fc15b9d2be735eb6fa9080"},"headline":"La convocation de l&#8217;assembl\u00e9e g\u00e9n\u00e9rale d&#8217;une ASBL","datePublished":"2021-05-21T16:32:28+00:00","dateModified":"2024-05-20T15:15:09+00:00","mainEntityOfPage":{"@id":"https:\/\/www.e2.law\/fr\/2021\/05\/21\/la-convocation-de-lassemblee-generale-dune-asbl\/"},"wordCount":781,"publisher":{"@id":"https:\/\/www.e2.law\/fr\/#organization"},"keywords":["asbl","assembl\u00e9e g\u00e9n\u00e9rale"],"articleSection":["Non classifi\u00e9(e)"],"inLanguage":"fr-FR"},{"@type":"WebPage","@id":"https:\/\/www.e2.law\/fr\/2021\/05\/21\/la-convocation-de-lassemblee-generale-dune-asbl\/","url":"https:\/\/www.e2.law\/fr\/2021\/05\/21\/la-convocation-de-lassemblee-generale-dune-asbl\/","name":"La convocation de l'assembl\u00e9e g\u00e9n\u00e9rale d'une ASBL - e2.law","isPartOf":{"@id":"https:\/\/www.e2.law\/fr\/#website"},"datePublished":"2021-05-21T16:32:28+00:00","dateModified":"2024-05-20T15:15:09+00:00","description":"Comment convoquer les membres de l'assembl\u00e9e g\u00e9n\u00e9rale d'une ASBL en bonne et due forme ? R\u00e9ponse ci-dessous.","breadcrumb":{"@id":"https:\/\/www.e2.law\/fr\/2021\/05\/21\/la-convocation-de-lassemblee-generale-dune-asbl\/#breadcrumb"},"inLanguage":"fr-FR","potentialAction":[{"@type":"ReadAction","target":["https:\/\/www.e2.law\/fr\/2021\/05\/21\/la-convocation-de-lassemblee-generale-dune-asbl\/"]}]},{"@type":"BreadcrumbList","@id":"https:\/\/www.e2.law\/fr\/2021\/05\/21\/la-convocation-de-lassemblee-generale-dune-asbl\/#breadcrumb","itemListElement":[{"@type":"ListItem","position":1,"name":"Home","item":"https:\/\/www.e2.law\/fr\/home\/"},{"@type":"ListItem","position":2,"name":"La convocation de l&#8217;assembl\u00e9e g\u00e9n\u00e9rale d&#8217;une ASBL"}]},{"@type":"WebSite","@id":"https:\/\/www.e2.law\/fr\/#website","url":"https:\/\/www.e2.law\/fr\/","name":"e2.law","description":"A Business Law Firm","publisher":{"@id":"https:\/\/www.e2.law\/fr\/#organization"},"potentialAction":[{"@type":"SearchAction","target":{"@type":"EntryPoint","urlTemplate":"https:\/\/www.e2.law\/fr\/?s={search_term_string}"},"query-input":{"@type":"PropertyValueSpecification","valueRequired":true,"valueName":"search_term_string"}}],"inLanguage":"fr-FR"},{"@type":"Organization","@id":"https:\/\/www.e2.law\/fr\/#organization","name":"E2.law","url":"https:\/\/www.e2.law\/fr\/","logo":{"@type":"ImageObject","inLanguage":"fr-FR","@id":"https:\/\/www.e2.law\/fr\/#\/schema\/logo\/image\/","url":"https:\/\/www.e2.law\/wp-content\/uploads\/2018\/12\/logo-2.png","contentUrl":"https:\/\/www.e2.law\/wp-content\/uploads\/2018\/12\/logo-2.png","width":152,"height":40,"caption":"E2.law"},"image":{"@id":"https:\/\/www.e2.law\/fr\/#\/schema\/logo\/image\/"},"sameAs":["https:\/\/www.linkedin.com\/company\/e2.law"]},{"@type":"Person","@id":"https:\/\/www.e2.law\/fr\/#\/schema\/person\/fc4936c485fc15b9d2be735eb6fa9080","name":"Valentine Bonamis","image":{"@type":"ImageObject","inLanguage":"fr-FR","@id":"https:\/\/www.e2.law\/wp-content\/uploads\/2021\/02\/6E22BF17-266E-4CB1-A676-FCE71D83B2A2_1_201_a-scaled-96x96.jpeg","url":"https:\/\/www.e2.law\/wp-content\/uploads\/2021\/02\/6E22BF17-266E-4CB1-A676-FCE71D83B2A2_1_201_a-scaled-96x96.jpeg","contentUrl":"https:\/\/www.e2.law\/wp-content\/uploads\/2021\/02\/6E22BF17-266E-4CB1-A676-FCE71D83B2A2_1_201_a-scaled-96x96.jpeg","caption":"Valentine Bonamis"},"url":"https:\/\/www.e2.law\/fr\/author\/valentine-b\/"}]}},"jetpack_featured_media_url":"","jetpack_sharing_enabled":true,"_links":{"self":[{"href":"https:\/\/www.e2.law\/fr\/wp-json\/wp\/v2\/posts\/30783","targetHints":{"allow":["GET"]}}],"collection":[{"href":"https:\/\/www.e2.law\/fr\/wp-json\/wp\/v2\/posts"}],"about":[{"href":"https:\/\/www.e2.law\/fr\/wp-json\/wp\/v2\/types\/post"}],"author":[{"embeddable":true,"href":"https:\/\/www.e2.law\/fr\/wp-json\/wp\/v2\/users\/164"}],"replies":[{"embeddable":true,"href":"https:\/\/www.e2.law\/fr\/wp-json\/wp\/v2\/comments?post=30783"}],"version-history":[{"count":3,"href":"https:\/\/www.e2.law\/fr\/wp-json\/wp\/v2\/posts\/30783\/revisions"}],"predecessor-version":[{"id":44669,"href":"https:\/\/www.e2.law\/fr\/wp-json\/wp\/v2\/posts\/30783\/revisions\/44669"}],"wp:attachment":[{"href":"https:\/\/www.e2.law\/fr\/wp-json\/wp\/v2\/media?parent=30783"}],"wp:term":[{"taxonomy":"category","embeddable":true,"href":"https:\/\/www.e2.law\/fr\/wp-json\/wp\/v2\/categories?post=30783"},{"taxonomy":"post_tag","embeddable":true,"href":"https:\/\/www.e2.law\/fr\/wp-json\/wp\/v2\/tags?post=30783"}],"curies":[{"name":"wp","href":"https:\/\/api.w.org\/{rel}","templated":true}]}}