{"id":30854,"date":"2021-05-31T12:23:43","date_gmt":"2021-05-31T10:23:43","guid":{"rendered":"https:\/\/www.e2.law\/?p=30854"},"modified":"2023-08-19T23:22:52","modified_gmt":"2023-08-19T21:22:52","slug":"responsabilite-des-fondateurs-dune-societe-srl","status":"publish","type":"post","link":"https:\/\/www.e2.law\/fr\/2021\/05\/31\/responsabilite-des-fondateurs-dune-societe-srl\/","title":{"rendered":"Responsabilit\u00e9 des fondateurs d&#8217;une soci\u00e9t\u00e9 (SRL)"},"content":{"rendered":"<p>Les fondateurs sont r\u00e9put\u00e9s souscripteurs des actions non valablement souscrites (et des certificats) et doivent les lib\u00e9rer.<\/p>\n<blockquote><p>Une soci\u00e9t\u00e9 ne peut pas souscrire ses propres actions.\u00a0 Si elle les fait, les fondateurs en seront r\u00e9puter souscripteurs et devront les lib\u00e9rer.<\/p><\/blockquote>\n<p>Ils doivent r\u00e9parer le pr\u00e9judice caus\u00e9 \u00e0 des tiers qui d\u00e9coulerait de la nullit\u00e9 de la soci\u00e9t\u00e9, de l&#8217;inexactitude des mentions minimales impos\u00e9es lors de la constitution ainsi que de la sur\u00e9valuation des apports en nature<\/p>\n<p>Les fondateurs sont \u00e9galement tenus :<\/p>\n<ul>\n<li>en cas de faillite dans les trois ans de l\u2019acquisition de la personnalit\u00e9 juridique, des engagements pris par soci\u00e9t\u00e9 si les fonds propres de d\u00e9part \u00e9taient manifestement insuffisants;<\/li>\n<li>de l&#8217;ex\u00e9cution des engagements mentionn\u00e9s dans l&#8217;acte constitutif pris par les porteurs de procuration, en cas d&#8217;irr\u00e9gularit\u00e9 affectant la procuration.<\/li>\n<\/ul>\n<p>Encore \u00e0 rappeler, les fondateurs qui n&#8217;auraient pas lib\u00e9r\u00e9 l&#8217;apport correspondant aux actions souscrites au moment de la constitution se verront contraints, en cas de faillite, de lib\u00e9rer ces actions. Ceci n&#8217;est toutefois pas sp\u00e9cifique aux fondateurs, mais d\u00e9coule de leur responsabilit\u00e9 en tant qu&#8217;actionnaire.\u00a0 Un actionnaire est toujours responsable \u00e0 concurrence du montant apport\u00e9 \u00e0 la soci\u00e9t\u00e9.<\/p>\n","protected":false},"excerpt":{"rendered":"<p>Les fondateurs sont r\u00e9put\u00e9s souscripteurs des actions non valablement souscrites (et des certificats) et doivent les lib\u00e9rer. Une soci\u00e9t\u00e9 ne peut pas souscrire ses propres actions.\u00a0 Si elle les fait, les fondateurs en seront r\u00e9puter souscripteurs et devront les lib\u00e9rer. Ils doivent r\u00e9parer le pr\u00e9judice caus\u00e9 \u00e0 des tiers qui d\u00e9coulerait de la nullit\u00e9 de la   [&#8230;]<\/p>\n","protected":false},"author":169,"featured_media":0,"comment_status":"closed","ping_status":"open","sticky":false,"template":"","format":"standard","meta":{"_acf_changed":false,"_jetpack_memberships_contains_paid_content":false,"footnotes":""},"categories":[141],"tags":[1234],"class_list":["post-30854","post","type-post","status-publish","format-standard","hentry","category-non-classifiee","tag-societe-a-responsabilite-limitee"],"acf":[],"yoast_head":"<!-- This site is optimized with the Yoast SEO plugin v27.5 - https:\/\/yoast.com\/product\/yoast-seo-wordpress\/ -->\n<title>Responsabilit\u00e9 des fondateurs d&#039;une soci\u00e9t\u00e9 (SRL) - e2.law<\/title>\n<meta name=\"robots\" content=\"index, follow, max-snippet:-1, max-image-preview:large, max-video-preview:-1\" \/>\n<link rel=\"canonical\" href=\"https:\/\/www.e2.law\/fr\/2021\/05\/31\/responsabilite-des-fondateurs-dune-societe-srl\/\" \/>\n<meta property=\"og:locale\" content=\"fr_FR\" \/>\n<meta property=\"og:type\" content=\"article\" \/>\n<meta property=\"og:title\" content=\"Responsabilit\u00e9 des fondateurs d&#039;une soci\u00e9t\u00e9 (SRL) - e2.law\" \/>\n<meta property=\"og:description\" content=\"Les fondateurs sont r\u00e9put\u00e9s souscripteurs des actions non valablement souscrites (et des certificats) et doivent les lib\u00e9rer. Une soci\u00e9t\u00e9 ne peut pas souscrire ses propres actions.\u00a0 Si elle les fait, les fondateurs en seront r\u00e9puter souscripteurs et devront les lib\u00e9rer. Ils doivent r\u00e9parer le pr\u00e9judice caus\u00e9 \u00e0 des tiers qui d\u00e9coulerait de la nullit\u00e9 de la  [...]\" \/>\n<meta property=\"og:url\" content=\"https:\/\/www.e2.law\/fr\/2021\/05\/31\/responsabilite-des-fondateurs-dune-societe-srl\/\" \/>\n<meta property=\"og:site_name\" content=\"e2.law\" \/>\n<meta property=\"article:published_time\" content=\"2021-05-31T10:23:43+00:00\" \/>\n<meta property=\"article:modified_time\" content=\"2023-08-19T21:22:52+00:00\" \/>\n<meta name=\"author\" content=\"e\u00b2.law\" \/>\n<meta name=\"twitter:card\" content=\"summary_large_image\" \/>\n<meta name=\"twitter:label1\" content=\"\u00c9crit par\" \/>\n\t<meta name=\"twitter:data1\" content=\"e\u00b2.law\" \/>\n\t<meta name=\"twitter:label2\" content=\"Dur\u00e9e de lecture estim\u00e9e\" \/>\n\t<meta name=\"twitter:data2\" content=\"1 minute\" \/>\n<script type=\"application\/ld+json\" class=\"yoast-schema-graph\">{\"@context\":\"https:\\\/\\\/schema.org\",\"@graph\":[{\"@type\":\"Article\",\"@id\":\"https:\\\/\\\/www.e2.law\\\/fr\\\/2021\\\/05\\\/31\\\/responsabilite-des-fondateurs-dune-societe-srl\\\/#article\",\"isPartOf\":{\"@id\":\"https:\\\/\\\/www.e2.law\\\/fr\\\/2021\\\/05\\\/31\\\/responsabilite-des-fondateurs-dune-societe-srl\\\/\"},\"author\":{\"name\":\"e\u00b2.law\",\"@id\":\"https:\\\/\\\/www.e2.law\\\/fr\\\/#\\\/schema\\\/person\\\/9f822952177053b420c93ceda8001bcd\"},\"headline\":\"Responsabilit\u00e9 des fondateurs d&#8217;une soci\u00e9t\u00e9 (SRL)\",\"datePublished\":\"2021-05-31T10:23:43+00:00\",\"dateModified\":\"2023-08-19T21:22:52+00:00\",\"mainEntityOfPage\":{\"@id\":\"https:\\\/\\\/www.e2.law\\\/fr\\\/2021\\\/05\\\/31\\\/responsabilite-des-fondateurs-dune-societe-srl\\\/\"},\"wordCount\":213,\"publisher\":{\"@id\":\"https:\\\/\\\/www.e2.law\\\/fr\\\/#organization\"},\"keywords\":[\"soci\u00e9t\u00e9 \u00e0 responsabilit\u00e9 limit\u00e9e (SRL)\"],\"articleSection\":[\"Non classifi\u00e9(e)\"],\"inLanguage\":\"fr-FR\"},{\"@type\":\"WebPage\",\"@id\":\"https:\\\/\\\/www.e2.law\\\/fr\\\/2021\\\/05\\\/31\\\/responsabilite-des-fondateurs-dune-societe-srl\\\/\",\"url\":\"https:\\\/\\\/www.e2.law\\\/fr\\\/2021\\\/05\\\/31\\\/responsabilite-des-fondateurs-dune-societe-srl\\\/\",\"name\":\"Responsabilit\u00e9 des fondateurs d'une soci\u00e9t\u00e9 (SRL) - e2.law\",\"isPartOf\":{\"@id\":\"https:\\\/\\\/www.e2.law\\\/fr\\\/#website\"},\"datePublished\":\"2021-05-31T10:23:43+00:00\",\"dateModified\":\"2023-08-19T21:22:52+00:00\",\"breadcrumb\":{\"@id\":\"https:\\\/\\\/www.e2.law\\\/fr\\\/2021\\\/05\\\/31\\\/responsabilite-des-fondateurs-dune-societe-srl\\\/#breadcrumb\"},\"inLanguage\":\"fr-FR\",\"potentialAction\":[{\"@type\":\"ReadAction\",\"target\":[\"https:\\\/\\\/www.e2.law\\\/fr\\\/2021\\\/05\\\/31\\\/responsabilite-des-fondateurs-dune-societe-srl\\\/\"]}]},{\"@type\":\"BreadcrumbList\",\"@id\":\"https:\\\/\\\/www.e2.law\\\/fr\\\/2021\\\/05\\\/31\\\/responsabilite-des-fondateurs-dune-societe-srl\\\/#breadcrumb\",\"itemListElement\":[{\"@type\":\"ListItem\",\"position\":1,\"name\":\"Home\",\"item\":\"https:\\\/\\\/www.e2.law\\\/fr\\\/home\\\/\"},{\"@type\":\"ListItem\",\"position\":2,\"name\":\"Responsabilit\u00e9 des fondateurs d&#8217;une soci\u00e9t\u00e9 (SRL)\"}]},{\"@type\":\"WebSite\",\"@id\":\"https:\\\/\\\/www.e2.law\\\/fr\\\/#website\",\"url\":\"https:\\\/\\\/www.e2.law\\\/fr\\\/\",\"name\":\"e2.law\",\"description\":\"A Business Law Firm\",\"publisher\":{\"@id\":\"https:\\\/\\\/www.e2.law\\\/fr\\\/#organization\"},\"potentialAction\":[{\"@type\":\"SearchAction\",\"target\":{\"@type\":\"EntryPoint\",\"urlTemplate\":\"https:\\\/\\\/www.e2.law\\\/fr\\\/?s={search_term_string}\"},\"query-input\":{\"@type\":\"PropertyValueSpecification\",\"valueRequired\":true,\"valueName\":\"search_term_string\"}}],\"inLanguage\":\"fr-FR\"},{\"@type\":\"Organization\",\"@id\":\"https:\\\/\\\/www.e2.law\\\/fr\\\/#organization\",\"name\":\"E2.law\",\"url\":\"https:\\\/\\\/www.e2.law\\\/fr\\\/\",\"logo\":{\"@type\":\"ImageObject\",\"inLanguage\":\"fr-FR\",\"@id\":\"https:\\\/\\\/www.e2.law\\\/fr\\\/#\\\/schema\\\/logo\\\/image\\\/\",\"url\":\"https:\\\/\\\/www.e2.law\\\/wp-content\\\/uploads\\\/2018\\\/12\\\/logo-2.png\",\"contentUrl\":\"https:\\\/\\\/www.e2.law\\\/wp-content\\\/uploads\\\/2018\\\/12\\\/logo-2.png\",\"width\":152,\"height\":40,\"caption\":\"E2.law\"},\"image\":{\"@id\":\"https:\\\/\\\/www.e2.law\\\/fr\\\/#\\\/schema\\\/logo\\\/image\\\/\"},\"sameAs\":[\"https:\\\/\\\/www.linkedin.com\\\/company\\\/e2.law\"]},{\"@type\":\"Person\",\"@id\":\"https:\\\/\\\/www.e2.law\\\/fr\\\/#\\\/schema\\\/person\\\/9f822952177053b420c93ceda8001bcd\",\"name\":\"e\u00b2.law\",\"image\":{\"@type\":\"ImageObject\",\"inLanguage\":\"fr-FR\",\"@id\":\"https:\\\/\\\/secure.gravatar.com\\\/avatar\\\/?d=https:\\\/\\\/www.e2.law\\\/wp-content\\\/uploads\\\/2021\\\/01\\\/pixie_1609696175704-e1610820192173.png&amp;s=96\",\"url\":\"https:\\\/\\\/secure.gravatar.com\\\/avatar\\\/?d=https:\\\/\\\/www.e2.law\\\/wp-content\\\/uploads\\\/2021\\\/01\\\/pixie_1609696175704-e1610820192173.png&amp;s=96\",\"contentUrl\":\"https:\\\/\\\/secure.gravatar.com\\\/avatar\\\/?d=https:\\\/\\\/www.e2.law\\\/wp-content\\\/uploads\\\/2021\\\/01\\\/pixie_1609696175704-e1610820192173.png&amp;s=96\",\"caption\":\"e\u00b2.law\"},\"sameAs\":[\"http:\\\/\\\/www.e2.law\",\"www.linkedin.com\\\\companyprofile\\\\e2.law\"],\"url\":\"https:\\\/\\\/www.e2.law\\\/fr\\\/author\\\/visitor\\\/\"}]}<\/script>\n<!-- \/ Yoast SEO plugin. -->","yoast_head_json":{"title":"Responsabilit\u00e9 des fondateurs d'une soci\u00e9t\u00e9 (SRL) - e2.law","robots":{"index":"index","follow":"follow","max-snippet":"max-snippet:-1","max-image-preview":"max-image-preview:large","max-video-preview":"max-video-preview:-1"},"canonical":"https:\/\/www.e2.law\/fr\/2021\/05\/31\/responsabilite-des-fondateurs-dune-societe-srl\/","og_locale":"fr_FR","og_type":"article","og_title":"Responsabilit\u00e9 des fondateurs d'une soci\u00e9t\u00e9 (SRL) - e2.law","og_description":"Les fondateurs sont r\u00e9put\u00e9s souscripteurs des actions non valablement souscrites (et des certificats) et doivent les lib\u00e9rer. Une soci\u00e9t\u00e9 ne peut pas souscrire ses propres actions.\u00a0 Si elle les fait, les fondateurs en seront r\u00e9puter souscripteurs et devront les lib\u00e9rer. Ils doivent r\u00e9parer le pr\u00e9judice caus\u00e9 \u00e0 des tiers qui d\u00e9coulerait de la nullit\u00e9 de la  [...]","og_url":"https:\/\/www.e2.law\/fr\/2021\/05\/31\/responsabilite-des-fondateurs-dune-societe-srl\/","og_site_name":"e2.law","article_published_time":"2021-05-31T10:23:43+00:00","article_modified_time":"2023-08-19T21:22:52+00:00","author":"e\u00b2.law","twitter_card":"summary_large_image","twitter_misc":{"\u00c9crit par":"e\u00b2.law","Dur\u00e9e de lecture estim\u00e9e":"1 minute"},"schema":{"@context":"https:\/\/schema.org","@graph":[{"@type":"Article","@id":"https:\/\/www.e2.law\/fr\/2021\/05\/31\/responsabilite-des-fondateurs-dune-societe-srl\/#article","isPartOf":{"@id":"https:\/\/www.e2.law\/fr\/2021\/05\/31\/responsabilite-des-fondateurs-dune-societe-srl\/"},"author":{"name":"e\u00b2.law","@id":"https:\/\/www.e2.law\/fr\/#\/schema\/person\/9f822952177053b420c93ceda8001bcd"},"headline":"Responsabilit\u00e9 des fondateurs d&#8217;une soci\u00e9t\u00e9 (SRL)","datePublished":"2021-05-31T10:23:43+00:00","dateModified":"2023-08-19T21:22:52+00:00","mainEntityOfPage":{"@id":"https:\/\/www.e2.law\/fr\/2021\/05\/31\/responsabilite-des-fondateurs-dune-societe-srl\/"},"wordCount":213,"publisher":{"@id":"https:\/\/www.e2.law\/fr\/#organization"},"keywords":["soci\u00e9t\u00e9 \u00e0 responsabilit\u00e9 limit\u00e9e (SRL)"],"articleSection":["Non classifi\u00e9(e)"],"inLanguage":"fr-FR"},{"@type":"WebPage","@id":"https:\/\/www.e2.law\/fr\/2021\/05\/31\/responsabilite-des-fondateurs-dune-societe-srl\/","url":"https:\/\/www.e2.law\/fr\/2021\/05\/31\/responsabilite-des-fondateurs-dune-societe-srl\/","name":"Responsabilit\u00e9 des fondateurs d'une soci\u00e9t\u00e9 (SRL) - e2.law","isPartOf":{"@id":"https:\/\/www.e2.law\/fr\/#website"},"datePublished":"2021-05-31T10:23:43+00:00","dateModified":"2023-08-19T21:22:52+00:00","breadcrumb":{"@id":"https:\/\/www.e2.law\/fr\/2021\/05\/31\/responsabilite-des-fondateurs-dune-societe-srl\/#breadcrumb"},"inLanguage":"fr-FR","potentialAction":[{"@type":"ReadAction","target":["https:\/\/www.e2.law\/fr\/2021\/05\/31\/responsabilite-des-fondateurs-dune-societe-srl\/"]}]},{"@type":"BreadcrumbList","@id":"https:\/\/www.e2.law\/fr\/2021\/05\/31\/responsabilite-des-fondateurs-dune-societe-srl\/#breadcrumb","itemListElement":[{"@type":"ListItem","position":1,"name":"Home","item":"https:\/\/www.e2.law\/fr\/home\/"},{"@type":"ListItem","position":2,"name":"Responsabilit\u00e9 des fondateurs d&#8217;une soci\u00e9t\u00e9 (SRL)"}]},{"@type":"WebSite","@id":"https:\/\/www.e2.law\/fr\/#website","url":"https:\/\/www.e2.law\/fr\/","name":"e2.law","description":"A Business Law Firm","publisher":{"@id":"https:\/\/www.e2.law\/fr\/#organization"},"potentialAction":[{"@type":"SearchAction","target":{"@type":"EntryPoint","urlTemplate":"https:\/\/www.e2.law\/fr\/?s={search_term_string}"},"query-input":{"@type":"PropertyValueSpecification","valueRequired":true,"valueName":"search_term_string"}}],"inLanguage":"fr-FR"},{"@type":"Organization","@id":"https:\/\/www.e2.law\/fr\/#organization","name":"E2.law","url":"https:\/\/www.e2.law\/fr\/","logo":{"@type":"ImageObject","inLanguage":"fr-FR","@id":"https:\/\/www.e2.law\/fr\/#\/schema\/logo\/image\/","url":"https:\/\/www.e2.law\/wp-content\/uploads\/2018\/12\/logo-2.png","contentUrl":"https:\/\/www.e2.law\/wp-content\/uploads\/2018\/12\/logo-2.png","width":152,"height":40,"caption":"E2.law"},"image":{"@id":"https:\/\/www.e2.law\/fr\/#\/schema\/logo\/image\/"},"sameAs":["https:\/\/www.linkedin.com\/company\/e2.law"]},{"@type":"Person","@id":"https:\/\/www.e2.law\/fr\/#\/schema\/person\/9f822952177053b420c93ceda8001bcd","name":"e\u00b2.law","image":{"@type":"ImageObject","inLanguage":"fr-FR","@id":"https:\/\/secure.gravatar.com\/avatar\/?d=https:\/\/www.e2.law\/wp-content\/uploads\/2021\/01\/pixie_1609696175704-e1610820192173.png&amp;s=96","url":"https:\/\/secure.gravatar.com\/avatar\/?d=https:\/\/www.e2.law\/wp-content\/uploads\/2021\/01\/pixie_1609696175704-e1610820192173.png&amp;s=96","contentUrl":"https:\/\/secure.gravatar.com\/avatar\/?d=https:\/\/www.e2.law\/wp-content\/uploads\/2021\/01\/pixie_1609696175704-e1610820192173.png&amp;s=96","caption":"e\u00b2.law"},"sameAs":["http:\/\/www.e2.law","www.linkedin.com\\companyprofile\\e2.law"],"url":"https:\/\/www.e2.law\/fr\/author\/visitor\/"}]}},"jetpack_featured_media_url":"","jetpack_sharing_enabled":true,"_links":{"self":[{"href":"https:\/\/www.e2.law\/fr\/wp-json\/wp\/v2\/posts\/30854","targetHints":{"allow":["GET"]}}],"collection":[{"href":"https:\/\/www.e2.law\/fr\/wp-json\/wp\/v2\/posts"}],"about":[{"href":"https:\/\/www.e2.law\/fr\/wp-json\/wp\/v2\/types\/post"}],"author":[{"embeddable":true,"href":"https:\/\/www.e2.law\/fr\/wp-json\/wp\/v2\/users\/169"}],"replies":[{"embeddable":true,"href":"https:\/\/www.e2.law\/fr\/wp-json\/wp\/v2\/comments?post=30854"}],"version-history":[{"count":1,"href":"https:\/\/www.e2.law\/fr\/wp-json\/wp\/v2\/posts\/30854\/revisions"}],"predecessor-version":[{"id":42750,"href":"https:\/\/www.e2.law\/fr\/wp-json\/wp\/v2\/posts\/30854\/revisions\/42750"}],"wp:attachment":[{"href":"https:\/\/www.e2.law\/fr\/wp-json\/wp\/v2\/media?parent=30854"}],"wp:term":[{"taxonomy":"category","embeddable":true,"href":"https:\/\/www.e2.law\/fr\/wp-json\/wp\/v2\/categories?post=30854"},{"taxonomy":"post_tag","embeddable":true,"href":"https:\/\/www.e2.law\/fr\/wp-json\/wp\/v2\/tags?post=30854"}],"curies":[{"name":"wp","href":"https:\/\/api.w.org\/{rel}","templated":true}]}}