{"id":31144,"date":"2021-07-13T18:48:23","date_gmt":"2021-07-13T16:48:23","guid":{"rendered":"https:\/\/www.e2.law\/?p=31144"},"modified":"2024-05-16T11:50:04","modified_gmt":"2024-05-16T09:50:04","slug":"la-responsabilite-des-administrateurs-de-srl-en-cas-de-faillite","status":"publish","type":"post","link":"https:\/\/www.e2.law\/fr\/2021\/07\/13\/la-responsabilite-des-administrateurs-de-srl-en-cas-de-faillite\/","title":{"rendered":"La responsabilit\u00e9 des administrateurs de SRL en cas de faillite"},"content":{"rendered":"<div class=\"fusion-fullwidth fullwidth-box fusion-builder-row-1 fusion-flex-container nonhundred-percent-fullwidth non-hundred-percent-height-scrolling\" style=\"--awb-border-radius-top-left:0px;--awb-border-radius-top-right:0px;--awb-border-radius-bottom-right:0px;--awb-border-radius-bottom-left:0px;--awb-flex-wrap:wrap;\" ><div class=\"fusion-builder-row fusion-row fusion-flex-align-items-flex-start fusion-flex-content-wrap\" style=\"max-width:1144px;margin-left: calc(-4% \/ 2 );margin-right: calc(-4% \/ 2 );\"><div class=\"fusion-layout-column fusion_builder_column fusion-builder-column-0 fusion_builder_column_1_1 1_1 fusion-flex-column\" style=\"--awb-bg-size:cover;--awb-width-large:100%;--awb-margin-top-large:0px;--awb-spacing-right-large:1.92%;--awb-margin-bottom-large:0px;--awb-spacing-left-large:1.92%;--awb-width-medium:100%;--awb-spacing-right-medium:1.92%;--awb-spacing-left-medium:1.92%;--awb-width-small:100%;--awb-spacing-right-small:1.92%;--awb-spacing-left-small:1.92%;\"><div class=\"fusion-column-wrapper fusion-flex-justify-content-flex-start fusion-content-layout-column\"><div class=\"fusion-text fusion-text-1\"><p>Le nouveau Livre XX du Code de droit \u00e9conomique (CDE) consacr\u00e9 \u00e0 l&#8217;insolvabilit\u00e9 regroupe d\u00e9sormais les principaux cas de responsabilit\u00e9 li\u00e9s \u00e0 la faillite. En l&#8217;occurence:<\/p>\n<ul>\n<li>L&#8217;action en comblement de passif (art. XX.225 CDE) ;<\/li>\n<li>La proc\u00e9dure en responsabilit\u00e9 solidaire pour cotisations sociales impay\u00e9es (XX.226 CDE) ; et<\/li>\n<li>La proc\u00e9dure en responsabilit\u00e9 du fait de la poursuite d&#8217;une activit\u00e9 d\u00e9ficitaire (XX.227 CDE).<\/li>\n<\/ul>\n<p>A cela, il faut \u00e9galement ajouter :<\/p>\n<ul>\n<li>la proc\u00e9dure en responsabilit\u00e9 en cas de faillite dans les trois ans de la constitution de la soci\u00e9t\u00e9 pour cause de capitaux propres de d\u00e9part insuffisants, pr\u00e9vue par l&#8217;article 5:16 du Code des Soci\u00e9t\u00e9s et des Associations (CSA) ;<\/li>\n<li>l&#8217;action en responsabilit\u00e9 contractuelle de l&#8217;entrepreneur pr\u00e9vue par l&#8217;article 2:56 du CSA ; ainsi que<\/li>\n<li>l&#8217;action g\u00e9n\u00e9rale en responsabilit\u00e9 extracontractuelle sur base des articles 1382 \u00e0 1384 du Code civil.<\/li>\n<\/ul>\n<\/div><div class=\"accordian fusion-accordian\" style=\"--awb-border-size:1px;--awb-icon-size:13px;--awb-content-font-size:16px;--awb-icon-alignment:left;--awb-hover-color:#f9f9f9;--awb-border-color:#cccccc;--awb-background-color:#ffffff;--awb-divider-color:#e0dede;--awb-divider-hover-color:#e0dede;--awb-icon-color:#ffffff;--awb-title-color:#333333;--awb-content-color:#747474;--awb-icon-box-color:#333333;--awb-toggle-hover-accent-color:#0da74c;--awb-title-font-family:&quot;Roboto Slab&quot;;--awb-title-font-weight:300;--awb-title-font-style:normal;--awb-title-font-size:14px;--awb-content-font-family:&quot;PT Sans&quot;;--awb-content-font-style:normal;--awb-content-font-weight:400;\"><div class=\"panel-group fusion-toggle-icon-boxed\" id=\"accordion-31144-1\"><div class=\"fusion-panel panel-default panel-7bf377c3e9b93c6e8 fusion-toggle-has-divider\"><div class=\"panel-heading\"><h4 class=\"panel-title toggle\" id=\"toggle_7bf377c3e9b93c6e8\"><a aria-expanded=\"false\" aria-controls=\"7bf377c3e9b93c6e8\" role=\"button\" data-toggle=\"collapse\" data-parent=\"#accordion-31144-1\" data-target=\"#7bf377c3e9b93c6e8\" href=\"#7bf377c3e9b93c6e8\"><span class=\"fusion-toggle-icon-wrapper\" aria-hidden=\"true\"><i class=\"fa-fusion-box active-icon awb-icon-minus\" aria-hidden=\"true\"><\/i><i class=\"fa-fusion-box inactive-icon awb-icon-plus\" aria-hidden=\"true\"><\/i><\/span><span class=\"fusion-toggle-heading\">L'action en comblement de passif<\/span><\/a><\/h4><\/div><div id=\"7bf377c3e9b93c6e8\" class=\"panel-collapse collapse \" aria-labelledby=\"toggle_7bf377c3e9b93c6e8\"><div class=\"panel-body toggle-content fusion-clearfix\">\n<ul>\n<li><strong>Base l\u00e9gale\u00a0<\/strong>: <a href=\"https:\/\/www.ejustice.just.fgov.be\/cgi_loi\/loi_a1.pl?language=fr&amp;la=F&amp;cn=2013022819&amp;table_name=loi&amp;&amp;caller=list&amp;F&amp;fromtab=loi&amp;tri=dd+AS+RANK&amp;rech=1&amp;numero=1&amp;sql=(text+contains+(%27%27))#Art.XX.225\">article XX.225 CDE<\/a><\/li>\n<li><strong>Contre<\/strong>\u00a0: tout dirigeant de personnes morales qui ont commis une faute grave et caract\u00e9ris\u00e9e. Il y a lieu d\u2019entendre par faute grave \u00ab\u00a0celle qu\u2019un dirigeant raisonnablement prudent et diligent n\u2019aurait pas commise et qui heurte les normes essentielles \u00e0 la vie en soci\u00e9t\u00e9\u00a0\u00bb. La faute grave doit \u00eatre caract\u00e9ris\u00e9e, \u00ab\u00a0l\u2019acte incrimin\u00e9 doit pouvoir \u00eatre per\u00e7u comme gravement fautif par tout homme raisonnable\u00a0\u00bb.<\/li>\n<\/ul>\n<blockquote><p><i>Exception pour les petites entreprises, c\u2019est-\u00e0-dire une entreprise qui au cours des trois exercices qui pr\u00e9c\u00e8dent la faillite, un chiffre d\u2019affaires moyen inf\u00e9rieur \u00e0 620.000 euros HTVA et lorsque le total du bilan du dernier exercice n\u2019a pas d\u00e9pass\u00e9 370.000 euros.<\/i><\/p><\/blockquote>\n<ul>\n<li><strong>Peut \u00eatre introduite par<\/strong>\u00a0: un cr\u00e9ancier l\u00e9s\u00e9 ou le curateur.<\/li>\n<\/ul>\n<\/div><\/div><\/div><div class=\"fusion-panel panel-default panel-94ccdbdba18c9f8bb fusion-toggle-has-divider\"><div class=\"panel-heading\"><h4 class=\"panel-title toggle\" id=\"toggle_94ccdbdba18c9f8bb\"><a aria-expanded=\"false\" aria-controls=\"94ccdbdba18c9f8bb\" role=\"button\" data-toggle=\"collapse\" data-parent=\"#accordion-31144-1\" data-target=\"#94ccdbdba18c9f8bb\" href=\"#94ccdbdba18c9f8bb\"><span class=\"fusion-toggle-icon-wrapper\" aria-hidden=\"true\"><i class=\"fa-fusion-box active-icon awb-icon-minus\" aria-hidden=\"true\"><\/i><i class=\"fa-fusion-box inactive-icon awb-icon-plus\" aria-hidden=\"true\"><\/i><\/span><span class=\"fusion-toggle-heading\">La proc\u00e9dure en responsabilit\u00e9 solidaire pour cotisations sociales impay\u00e9es<\/span><\/a><\/h4><\/div><div id=\"94ccdbdba18c9f8bb\" class=\"panel-collapse collapse \" aria-labelledby=\"toggle_94ccdbdba18c9f8bb\"><div class=\"panel-body toggle-content fusion-clearfix\">\n<ul>\n<li><strong>Base l\u00e9gale<\/strong>: <a href=\"https:\/\/www.ejustice.just.fgov.be\/cgi_loi\/loi_a1.pl?language=fr&amp;la=F&amp;cn=2013022819&amp;table_name=loi&amp;&amp;caller=list&amp;F&amp;fromtab=loi&amp;tri=dd+AS+RANK&amp;rech=1&amp;numero=1&amp;sql=(text+contains+(%27%27))#Art.XX.226\">article XX.226 CDE<\/a><\/li>\n<li><strong>Contre\u00a0<\/strong>: tout dirigeant d\u2019une entreprise en faillite qui pr\u00e9sentait des arri\u00e9r\u00e9s de cotisations sociales et\/ou des int\u00e9r\u00eats de retard au moment du prononc\u00e9 de la faillite si au cours des cinq ann\u00e9es qui pr\u00e9c\u00e8dent le prononc\u00e9 de la faillite, ce dirigeant a \u00e9t\u00e9 impliqu\u00e9 dans au moins deux faillites ou liquidations \u00e0 l\u2019occasion desquelles des dettes de s\u00e9curit\u00e9 sociale n\u2019ont pas \u00e9t\u00e9 honor\u00e9es.<\/li>\n<li><strong>Peut \u00eatre introduire par<\/strong>\u00a0<b>:\u00a0<\/b>l\u2019ONSS ou le curateur<\/li>\n<\/ul>\n<\/div><\/div><\/div><div class=\"fusion-panel panel-default panel-24c7b4912303fc92b fusion-toggle-has-divider\"><div class=\"panel-heading\"><h4 class=\"panel-title toggle\" id=\"toggle_24c7b4912303fc92b\"><a aria-expanded=\"false\" aria-controls=\"24c7b4912303fc92b\" role=\"button\" data-toggle=\"collapse\" data-parent=\"#accordion-31144-1\" data-target=\"#24c7b4912303fc92b\" href=\"#24c7b4912303fc92b\"><span class=\"fusion-toggle-icon-wrapper\" aria-hidden=\"true\"><i class=\"fa-fusion-box active-icon awb-icon-minus\" aria-hidden=\"true\"><\/i><i class=\"fa-fusion-box inactive-icon awb-icon-plus\" aria-hidden=\"true\"><\/i><\/span><span class=\"fusion-toggle-heading\">La proc\u00e9dure en responsabilit\u00e9 du fait de la poursuite d\u2019une activit\u00e9 d\u00e9ficitaire <\/span><\/a><\/h4><\/div><div id=\"24c7b4912303fc92b\" class=\"panel-collapse collapse \" aria-labelledby=\"toggle_24c7b4912303fc92b\"><div class=\"panel-body toggle-content fusion-clearfix\">\n<ul>\n<li><strong>Base l\u00e9gale<\/strong> : <a href=\"https:\/\/www.ejustice.just.fgov.be\/cgi_loi\/loi_a1.pl?language=fr&amp;la=F&amp;cn=2013022819&amp;table_name=loi&amp;&amp;caller=list&amp;F&amp;fromtab=loi&amp;tri=dd+AS+RANK&amp;rech=1&amp;numero=1&amp;sql=(text+contains+(%27%27))#Art.XX.227\">Art. XX. 227 CDE<\/a><\/li>\n<li><strong>Contre\u00a0<\/strong>: tout dirigeant de personnes morales qui savait ou devait savoir qu\u2019il n\u2019y avait manifestement pas de perspective raisonnable pour pr\u00e9server l\u2019entreprise ou ses activit\u00e9s<\/li>\n<li><strong>Peut \u00eatre introduite par\u00a0<\/strong>: le curateur uniquement.<\/li>\n<li><strong>Conditions<\/strong>\u00a0:<\/li>\n<\/ul>\n<ol>\n<li style=\"list-style-type: none;\">\n<ol>\n<li>Il s\u2019agit d\u2019une faillite dans laquelle il y a trop peu d\u2019actifs pour honorer les dettes\u00a0;<\/li>\n<li>Le dirigeant savait ou aurait d\u00fb savoir raisonnablement qu\u2019il n\u2019y avait pas de perspective raisonnable pour pr\u00e9server l\u2019entreprise et \u00e9viter une faillite.<\/li>\n<li>A ce moment-l\u00e0, le dirigeant n\u2019a pas agi comme l\u2019aurait fait un dirigeant normalement prudent. Par exemple\u00a0: il omet de faire aveux de faillite ou il d\u00e9pose le bilan seulement apr\u00e8s avoir distribu\u00e9 des b\u00e9n\u00e9fices ou avoir contract\u00e9 un endettement suppl\u00e9mentaire injustifi\u00e9.<\/li>\n<\/ol>\n<\/li>\n<\/ol>\n<ul>\n<li><strong>Sanction<\/strong>\u00a0: les dirigeants peuvent \u00eatre tenus personnellement et solidairement (ou non) responsables pour tout ou partie du d\u00e9ficit.<\/li>\n<li><strong>Plafond<\/strong>: <a href=\"http:\/\/www.ejustice.just.fgov.be\/eli\/loi\/2019\/03\/23\/2019A40586\/justel#Art.2:57\">l\u2019article 2:57 du CSA<\/a> a introduit un plafond au-del\u00e0 duquel un administrateur ne peut \u00eatre tenu pour responsable sur le plan civil en fonction du chiffre d\u2019affaire et des bilans de la soci\u00e9t\u00e9<\/li>\n<\/ul>\n<\/div><\/div><\/div><div class=\"fusion-panel panel-default panel-fc2932a33403b8c30 fusion-toggle-has-divider\"><div class=\"panel-heading\"><h4 class=\"panel-title toggle\" id=\"toggle_fc2932a33403b8c30\"><a aria-expanded=\"false\" aria-controls=\"fc2932a33403b8c30\" role=\"button\" data-toggle=\"collapse\" data-parent=\"#accordion-31144-1\" data-target=\"#fc2932a33403b8c30\" href=\"#fc2932a33403b8c30\"><span class=\"fusion-toggle-icon-wrapper\" aria-hidden=\"true\"><i class=\"fa-fusion-box active-icon awb-icon-minus\" aria-hidden=\"true\"><\/i><i class=\"fa-fusion-box inactive-icon awb-icon-plus\" aria-hidden=\"true\"><\/i><\/span><span class=\"fusion-toggle-heading\">La proc\u00e9dure en responsabilit\u00e9 en cas de faillite dans les trois ans de la constitution pour cause de capitaux propres de d\u00e9part insuffisants<\/span><\/a><\/h4><\/div><div id=\"fc2932a33403b8c30\" class=\"panel-collapse collapse \" aria-labelledby=\"toggle_fc2932a33403b8c30\"><div class=\"panel-body toggle-content fusion-clearfix\">\n<ul>\n<li><strong>Base l\u00e9gale<\/strong>: <a href=\"http:\/\/www.ejustice.just.fgov.be\/eli\/loi\/2019\/03\/23\/2019A40586\/justel#Art.5:16\">art. 5:16, CSA<\/a><\/li>\n<li><strong>Contre<\/strong>\u00a0: les fondateurs peuvent \u00eatre tenus responsables des engagements de la soci\u00e9t\u00e9 (dans la proportion fix\u00e9e par le juge)\u00a0si la soci\u00e9t\u00e9 fait faillite dans les trois premi\u00e8res ann\u00e9es et qu\u2019il est d\u00e9montr\u00e9 que les capitaux propres de d\u00e9part \u00e9taient manifestement insuffisant pour assurer l\u2019exercice de l\u2019activit\u00e9 projet\u00e9e pendant une p\u00e9riode de 2 ans au moins sur base du plan financier.<\/li>\n<li><strong>Peut \u00eatre introduite par :\u00a0<\/strong>uniquement le curateur, devant le tribunal de l&#8217;entreprise de l&#8217;ouverture de la faillite<\/li>\n<li><strong>Conditions<\/strong> :<\/li>\n<\/ul>\n<ol>\n<li style=\"list-style-type: none;\">\n<ol>\n<li>La qualit\u00e9 de fondateur des responsables<\/li>\n<li>L&#8217;insuffisance manifeste des capitaux propres de d\u00e9part pour assurer l\u2019exercice normal de l\u2019activit\u00e9 pendant deux ans<\/li>\n<li>La d\u00e9claration de la faillite dans un d\u00e9lai de trois ans<\/li>\n<\/ol>\n<\/li>\n<\/ol>\n<\/div><\/div><\/div><div class=\"fusion-panel panel-default panel-cfb95e4a64f78e78a fusion-toggle-has-divider\"><div class=\"panel-heading\"><h4 class=\"panel-title toggle\" id=\"toggle_cfb95e4a64f78e78a\"><a aria-expanded=\"false\" aria-controls=\"cfb95e4a64f78e78a\" role=\"button\" data-toggle=\"collapse\" data-parent=\"#accordion-31144-1\" data-target=\"#cfb95e4a64f78e78a\" href=\"#cfb95e4a64f78e78a\"><span class=\"fusion-toggle-icon-wrapper\" aria-hidden=\"true\"><i class=\"fa-fusion-box active-icon awb-icon-minus\" aria-hidden=\"true\"><\/i><i class=\"fa-fusion-box inactive-icon awb-icon-plus\" aria-hidden=\"true\"><\/i><\/span><span class=\"fusion-toggle-heading\">La responsabilit\u00e9 contractuelle g\u00e9n\u00e9rale<\/span><\/a><\/h4><\/div><div id=\"cfb95e4a64f78e78a\" class=\"panel-collapse collapse \" aria-labelledby=\"toggle_cfb95e4a64f78e78a\"><div class=\"panel-body toggle-content fusion-clearfix\">\n<ul>\n<li><strong>Base l\u00e9gale:\u00a0<\/strong><a href=\"http:\/\/www.ejustice.just.fgov.be\/eli\/loi\/2019\/03\/23\/2019A40586\/justel#Art.2:56\">article 2:56, CSA<\/a><\/li>\n<li><strong>Contre<\/strong> : les administrateurs de la soci\u00e9t\u00e9 ayant commis des fautes dans l&#8217;accomplissement de leur mission, c&#8217;est-\u00e0-dire des d\u00e9cisions, actes ou comportements qui exc\u00e8dent manifestement la marge dans laquelle un administrateur prudent et diligent plac\u00e9 dans les m\u00eames circonstances peut raisonnablement avoir une opinion divergente.<\/li>\n<li><strong>Peut \u00eatre introduite par<\/strong>: le curateur. Les administrateurs sont responsables envers la soci\u00e9t\u00e9. Lorsqu&#8217;elle est d\u00e9clar\u00e9e en faillite, c&#8217;est le curateur qui intente l&#8217;action en tant que repr\u00e9sentant de la soci\u00e9t\u00e9.<\/li>\n<li><strong>Plafond<\/strong>: <a href=\"http:\/\/www.ejustice.just.fgov.be\/eli\/loi\/2019\/03\/23\/2019A40586\/justel#Art.2:57\">l\u2019article 2:57 du CSA<\/a> a introduit un plafond au-del\u00e0 duquel un administrateur ne peut \u00eatre tenu pour responsable sur le plan civil en fonction du chiffre d\u2019affaire et des bilans de la soci\u00e9t\u00e9.<\/li>\n<\/ul>\n<\/div><\/div><\/div><div class=\"fusion-panel panel-default panel-ab24b290b02399e17 fusion-toggle-has-divider\"><div class=\"panel-heading\"><h4 class=\"panel-title toggle\" id=\"toggle_ab24b290b02399e17\"><a aria-expanded=\"false\" aria-controls=\"ab24b290b02399e17\" role=\"button\" data-toggle=\"collapse\" data-parent=\"#accordion-31144-1\" data-target=\"#ab24b290b02399e17\" href=\"#ab24b290b02399e17\"><span class=\"fusion-toggle-icon-wrapper\" aria-hidden=\"true\"><i class=\"fa-fusion-box active-icon awb-icon-minus\" aria-hidden=\"true\"><\/i><i class=\"fa-fusion-box inactive-icon awb-icon-plus\" aria-hidden=\"true\"><\/i><\/span><span class=\"fusion-toggle-heading\">La responsabilit\u00e9 extracontractuelle<\/span><\/a><\/h4><\/div><div id=\"ab24b290b02399e17\" class=\"panel-collapse collapse \" aria-labelledby=\"toggle_ab24b290b02399e17\"><div class=\"panel-body toggle-content fusion-clearfix\">\n<ul>\n<li><strong>Base l\u00e9gale :<\/strong> <a href=\"https:\/\/www.ejustice.just.fgov.be\/cgi_loi\/loi_a1.pl?language=fr&amp;nm=1804032153&amp;la=F&amp;dd=1804-03-21&amp;cn=1804032133&amp;table_name=loi&amp;&amp;caller=list&amp;F&amp;fromtab=loi&amp;tri=dd+AS+RANK&amp;rech=1&amp;numero=1&amp;sql=(text+contains+(%27%27))#Art.1382\">articles 1382 \u00e0 1384 du Code civil<\/a><\/li>\n<li><strong>Contre qui:<\/strong> les administrateurs de la soci\u00e9t\u00e9<\/li>\n<li><strong>Par qui<\/strong>: tout tiers l\u00e9s\u00e9 (actionnaire, cr\u00e9ancier, etc.). Le curateur peut \u00e9galement agir sur cette base en tant que repr\u00e9sentant des cr\u00e9anciers).<\/li>\n<li><strong>Plafond<\/strong>: <a href=\"http:\/\/www.ejustice.just.fgov.be\/eli\/loi\/2019\/03\/23\/2019A40586\/justel#Art.2:57\">l\u2019article 2:57 du CSA<\/a> a introduit un plafond au-del\u00e0 duquel un administrateur ne peut \u00eatre tenu pour responsable sur le plan civil en fonction du chiffre d\u2019affaire et des bilans de la soci\u00e9t\u00e9.<\/li>\n<\/ul>\n<\/div><\/div><\/div><\/div><\/div><\/div><\/div><\/div><\/div>\n","protected":false},"excerpt":{"rendered":"","protected":false},"author":164,"featured_media":29438,"comment_status":"closed","ping_status":"open","sticky":false,"template":"","format":"standard","meta":{"_acf_changed":false,"_jetpack_memberships_contains_paid_content":false,"footnotes":""},"categories":[141],"tags":[784,1234,1504,1509],"class_list":["post-31144","post","type-post","status-publish","format-standard","has-post-thumbnail","hentry","category-non-classifiee","tag-responsabilite","tag-societe-a-responsabilite-limitee","tag-organe-dadministration","tag-insolvabilite"],"acf":[],"yoast_head":"<!-- This site is optimized with the Yoast SEO plugin v27.5 - https:\/\/yoast.com\/product\/yoast-seo-wordpress\/ -->\n<title>La responsabilit\u00e9 des administrateurs de SRL en cas de faillite - e2.law<\/title>\n<meta name=\"description\" content=\"Dans quelle mesure la responsabilit\u00e9 des administrateurs de SRL peut-elle \u00eatre engag\u00e9e en cas de faillite ?\" \/>\n<meta name=\"robots\" content=\"index, follow, max-snippet:-1, max-image-preview:large, max-video-preview:-1\" \/>\n<link rel=\"canonical\" href=\"https:\/\/www.e2.law\/fr\/2021\/07\/13\/la-responsabilite-des-administrateurs-de-srl-en-cas-de-faillite\/\" \/>\n<meta property=\"og:locale\" content=\"fr_FR\" \/>\n<meta property=\"og:type\" content=\"article\" \/>\n<meta property=\"og:title\" content=\"La responsabilit\u00e9 des administrateurs de SRL en cas de faillite - e2.law\" \/>\n<meta property=\"og:description\" content=\"Dans quelle mesure la responsabilit\u00e9 des administrateurs de SRL peut-elle \u00eatre engag\u00e9e en cas de faillite ?\" \/>\n<meta property=\"og:url\" content=\"https:\/\/www.e2.law\/fr\/2021\/07\/13\/la-responsabilite-des-administrateurs-de-srl-en-cas-de-faillite\/\" \/>\n<meta property=\"og:site_name\" content=\"e2.law\" \/>\n<meta property=\"article:published_time\" content=\"2021-07-13T16:48:23+00:00\" \/>\n<meta property=\"article:modified_time\" content=\"2024-05-16T09:50:04+00:00\" \/>\n<meta property=\"og:image\" content=\"https:\/\/www.e2.law\/wp-content\/uploads\/2021\/01\/insolvabilite.png\" \/>\n\t<meta property=\"og:image:width\" content=\"1588\" \/>\n\t<meta property=\"og:image:height\" content=\"1408\" \/>\n\t<meta property=\"og:image:type\" content=\"image\/png\" \/>\n<meta name=\"author\" content=\"Valentine Bonamis\" \/>\n<meta name=\"twitter:card\" content=\"summary_large_image\" \/>\n<meta name=\"twitter:label1\" content=\"\u00c9crit par\" \/>\n\t<meta name=\"twitter:data1\" content=\"Valentine Bonamis\" \/>\n\t<meta name=\"twitter:label2\" content=\"Dur\u00e9e de lecture estim\u00e9e\" \/>\n\t<meta name=\"twitter:data2\" content=\"5 minutes\" \/>\n<script type=\"application\/ld+json\" class=\"yoast-schema-graph\">{\"@context\":\"https:\\\/\\\/schema.org\",\"@graph\":[{\"@type\":\"Article\",\"@id\":\"https:\\\/\\\/www.e2.law\\\/fr\\\/2021\\\/07\\\/13\\\/la-responsabilite-des-administrateurs-de-srl-en-cas-de-faillite\\\/#article\",\"isPartOf\":{\"@id\":\"https:\\\/\\\/www.e2.law\\\/fr\\\/2021\\\/07\\\/13\\\/la-responsabilite-des-administrateurs-de-srl-en-cas-de-faillite\\\/\"},\"author\":{\"name\":\"Valentine Bonamis\",\"@id\":\"https:\\\/\\\/www.e2.law\\\/fr\\\/#\\\/schema\\\/person\\\/fc4936c485fc15b9d2be735eb6fa9080\"},\"headline\":\"La responsabilit\u00e9 des administrateurs de SRL en cas de faillite\",\"datePublished\":\"2021-07-13T16:48:23+00:00\",\"dateModified\":\"2024-05-16T09:50:04+00:00\",\"mainEntityOfPage\":{\"@id\":\"https:\\\/\\\/www.e2.law\\\/fr\\\/2021\\\/07\\\/13\\\/la-responsabilite-des-administrateurs-de-srl-en-cas-de-faillite\\\/\"},\"wordCount\":1240,\"publisher\":{\"@id\":\"https:\\\/\\\/www.e2.law\\\/fr\\\/#organization\"},\"image\":{\"@id\":\"https:\\\/\\\/www.e2.law\\\/fr\\\/2021\\\/07\\\/13\\\/la-responsabilite-des-administrateurs-de-srl-en-cas-de-faillite\\\/#primaryimage\"},\"thumbnailUrl\":\"https:\\\/\\\/i0.wp.com\\\/www.e2.law\\\/wp-content\\\/uploads\\\/2021\\\/01\\\/insolvabilite.png?fit=1588%2C1408&ssl=1\",\"keywords\":[\"Prot\u00e9ger ma responsabilit\u00e9\",\"soci\u00e9t\u00e9 \u00e0 responsabilit\u00e9 limit\u00e9e (SRL)\",\"organe d'administration\",\"insolvabilit\u00e9\"],\"articleSection\":[\"Non classifi\u00e9(e)\"],\"inLanguage\":\"fr-FR\"},{\"@type\":\"WebPage\",\"@id\":\"https:\\\/\\\/www.e2.law\\\/fr\\\/2021\\\/07\\\/13\\\/la-responsabilite-des-administrateurs-de-srl-en-cas-de-faillite\\\/\",\"url\":\"https:\\\/\\\/www.e2.law\\\/fr\\\/2021\\\/07\\\/13\\\/la-responsabilite-des-administrateurs-de-srl-en-cas-de-faillite\\\/\",\"name\":\"La responsabilit\u00e9 des administrateurs de SRL en cas de faillite - e2.law\",\"isPartOf\":{\"@id\":\"https:\\\/\\\/www.e2.law\\\/fr\\\/#website\"},\"primaryImageOfPage\":{\"@id\":\"https:\\\/\\\/www.e2.law\\\/fr\\\/2021\\\/07\\\/13\\\/la-responsabilite-des-administrateurs-de-srl-en-cas-de-faillite\\\/#primaryimage\"},\"image\":{\"@id\":\"https:\\\/\\\/www.e2.law\\\/fr\\\/2021\\\/07\\\/13\\\/la-responsabilite-des-administrateurs-de-srl-en-cas-de-faillite\\\/#primaryimage\"},\"thumbnailUrl\":\"https:\\\/\\\/i0.wp.com\\\/www.e2.law\\\/wp-content\\\/uploads\\\/2021\\\/01\\\/insolvabilite.png?fit=1588%2C1408&ssl=1\",\"datePublished\":\"2021-07-13T16:48:23+00:00\",\"dateModified\":\"2024-05-16T09:50:04+00:00\",\"description\":\"Dans quelle mesure la responsabilit\u00e9 des administrateurs de SRL peut-elle \u00eatre engag\u00e9e en cas de faillite ?\",\"breadcrumb\":{\"@id\":\"https:\\\/\\\/www.e2.law\\\/fr\\\/2021\\\/07\\\/13\\\/la-responsabilite-des-administrateurs-de-srl-en-cas-de-faillite\\\/#breadcrumb\"},\"inLanguage\":\"fr-FR\",\"potentialAction\":[{\"@type\":\"ReadAction\",\"target\":[\"https:\\\/\\\/www.e2.law\\\/fr\\\/2021\\\/07\\\/13\\\/la-responsabilite-des-administrateurs-de-srl-en-cas-de-faillite\\\/\"]}]},{\"@type\":\"ImageObject\",\"inLanguage\":\"fr-FR\",\"@id\":\"https:\\\/\\\/www.e2.law\\\/fr\\\/2021\\\/07\\\/13\\\/la-responsabilite-des-administrateurs-de-srl-en-cas-de-faillite\\\/#primaryimage\",\"url\":\"https:\\\/\\\/i0.wp.com\\\/www.e2.law\\\/wp-content\\\/uploads\\\/2021\\\/01\\\/insolvabilite.png?fit=1588%2C1408&ssl=1\",\"contentUrl\":\"https:\\\/\\\/i0.wp.com\\\/www.e2.law\\\/wp-content\\\/uploads\\\/2021\\\/01\\\/insolvabilite.png?fit=1588%2C1408&ssl=1\",\"width\":1588,\"height\":1408},{\"@type\":\"BreadcrumbList\",\"@id\":\"https:\\\/\\\/www.e2.law\\\/fr\\\/2021\\\/07\\\/13\\\/la-responsabilite-des-administrateurs-de-srl-en-cas-de-faillite\\\/#breadcrumb\",\"itemListElement\":[{\"@type\":\"ListItem\",\"position\":1,\"name\":\"Home\",\"item\":\"https:\\\/\\\/www.e2.law\\\/fr\\\/home\\\/\"},{\"@type\":\"ListItem\",\"position\":2,\"name\":\"La responsabilit\u00e9 des administrateurs de SRL en cas de faillite\"}]},{\"@type\":\"WebSite\",\"@id\":\"https:\\\/\\\/www.e2.law\\\/fr\\\/#website\",\"url\":\"https:\\\/\\\/www.e2.law\\\/fr\\\/\",\"name\":\"e2.law\",\"description\":\"A Business Law Firm\",\"publisher\":{\"@id\":\"https:\\\/\\\/www.e2.law\\\/fr\\\/#organization\"},\"potentialAction\":[{\"@type\":\"SearchAction\",\"target\":{\"@type\":\"EntryPoint\",\"urlTemplate\":\"https:\\\/\\\/www.e2.law\\\/fr\\\/?s={search_term_string}\"},\"query-input\":{\"@type\":\"PropertyValueSpecification\",\"valueRequired\":true,\"valueName\":\"search_term_string\"}}],\"inLanguage\":\"fr-FR\"},{\"@type\":\"Organization\",\"@id\":\"https:\\\/\\\/www.e2.law\\\/fr\\\/#organization\",\"name\":\"E2.law\",\"url\":\"https:\\\/\\\/www.e2.law\\\/fr\\\/\",\"logo\":{\"@type\":\"ImageObject\",\"inLanguage\":\"fr-FR\",\"@id\":\"https:\\\/\\\/www.e2.law\\\/fr\\\/#\\\/schema\\\/logo\\\/image\\\/\",\"url\":\"https:\\\/\\\/www.e2.law\\\/wp-content\\\/uploads\\\/2018\\\/12\\\/logo-2.png\",\"contentUrl\":\"https:\\\/\\\/www.e2.law\\\/wp-content\\\/uploads\\\/2018\\\/12\\\/logo-2.png\",\"width\":152,\"height\":40,\"caption\":\"E2.law\"},\"image\":{\"@id\":\"https:\\\/\\\/www.e2.law\\\/fr\\\/#\\\/schema\\\/logo\\\/image\\\/\"},\"sameAs\":[\"https:\\\/\\\/www.linkedin.com\\\/company\\\/e2.law\"]},{\"@type\":\"Person\",\"@id\":\"https:\\\/\\\/www.e2.law\\\/fr\\\/#\\\/schema\\\/person\\\/fc4936c485fc15b9d2be735eb6fa9080\",\"name\":\"Valentine Bonamis\",\"image\":{\"@type\":\"ImageObject\",\"inLanguage\":\"fr-FR\",\"@id\":\"https:\\\/\\\/www.e2.law\\\/wp-content\\\/uploads\\\/2021\\\/02\\\/6E22BF17-266E-4CB1-A676-FCE71D83B2A2_1_201_a-scaled-96x96.jpeg\",\"url\":\"https:\\\/\\\/www.e2.law\\\/wp-content\\\/uploads\\\/2021\\\/02\\\/6E22BF17-266E-4CB1-A676-FCE71D83B2A2_1_201_a-scaled-96x96.jpeg\",\"contentUrl\":\"https:\\\/\\\/www.e2.law\\\/wp-content\\\/uploads\\\/2021\\\/02\\\/6E22BF17-266E-4CB1-A676-FCE71D83B2A2_1_201_a-scaled-96x96.jpeg\",\"caption\":\"Valentine Bonamis\"},\"url\":\"https:\\\/\\\/www.e2.law\\\/fr\\\/author\\\/valentine-b\\\/\"}]}<\/script>\n<!-- \/ Yoast SEO plugin. -->","yoast_head_json":{"title":"La responsabilit\u00e9 des administrateurs de SRL en cas de faillite - e2.law","description":"Dans quelle mesure la responsabilit\u00e9 des administrateurs de SRL peut-elle \u00eatre engag\u00e9e en cas de faillite ?","robots":{"index":"index","follow":"follow","max-snippet":"max-snippet:-1","max-image-preview":"max-image-preview:large","max-video-preview":"max-video-preview:-1"},"canonical":"https:\/\/www.e2.law\/fr\/2021\/07\/13\/la-responsabilite-des-administrateurs-de-srl-en-cas-de-faillite\/","og_locale":"fr_FR","og_type":"article","og_title":"La responsabilit\u00e9 des administrateurs de SRL en cas de faillite - e2.law","og_description":"Dans quelle mesure la responsabilit\u00e9 des administrateurs de SRL peut-elle \u00eatre engag\u00e9e en cas de faillite ?","og_url":"https:\/\/www.e2.law\/fr\/2021\/07\/13\/la-responsabilite-des-administrateurs-de-srl-en-cas-de-faillite\/","og_site_name":"e2.law","article_published_time":"2021-07-13T16:48:23+00:00","article_modified_time":"2024-05-16T09:50:04+00:00","og_image":[{"width":1588,"height":1408,"url":"https:\/\/www.e2.law\/wp-content\/uploads\/2021\/01\/insolvabilite.png","type":"image\/png"}],"author":"Valentine Bonamis","twitter_card":"summary_large_image","twitter_misc":{"\u00c9crit par":"Valentine Bonamis","Dur\u00e9e de lecture estim\u00e9e":"5 minutes"},"schema":{"@context":"https:\/\/schema.org","@graph":[{"@type":"Article","@id":"https:\/\/www.e2.law\/fr\/2021\/07\/13\/la-responsabilite-des-administrateurs-de-srl-en-cas-de-faillite\/#article","isPartOf":{"@id":"https:\/\/www.e2.law\/fr\/2021\/07\/13\/la-responsabilite-des-administrateurs-de-srl-en-cas-de-faillite\/"},"author":{"name":"Valentine Bonamis","@id":"https:\/\/www.e2.law\/fr\/#\/schema\/person\/fc4936c485fc15b9d2be735eb6fa9080"},"headline":"La responsabilit\u00e9 des administrateurs de SRL en cas de faillite","datePublished":"2021-07-13T16:48:23+00:00","dateModified":"2024-05-16T09:50:04+00:00","mainEntityOfPage":{"@id":"https:\/\/www.e2.law\/fr\/2021\/07\/13\/la-responsabilite-des-administrateurs-de-srl-en-cas-de-faillite\/"},"wordCount":1240,"publisher":{"@id":"https:\/\/www.e2.law\/fr\/#organization"},"image":{"@id":"https:\/\/www.e2.law\/fr\/2021\/07\/13\/la-responsabilite-des-administrateurs-de-srl-en-cas-de-faillite\/#primaryimage"},"thumbnailUrl":"https:\/\/i0.wp.com\/www.e2.law\/wp-content\/uploads\/2021\/01\/insolvabilite.png?fit=1588%2C1408&ssl=1","keywords":["Prot\u00e9ger ma responsabilit\u00e9","soci\u00e9t\u00e9 \u00e0 responsabilit\u00e9 limit\u00e9e (SRL)","organe d'administration","insolvabilit\u00e9"],"articleSection":["Non classifi\u00e9(e)"],"inLanguage":"fr-FR"},{"@type":"WebPage","@id":"https:\/\/www.e2.law\/fr\/2021\/07\/13\/la-responsabilite-des-administrateurs-de-srl-en-cas-de-faillite\/","url":"https:\/\/www.e2.law\/fr\/2021\/07\/13\/la-responsabilite-des-administrateurs-de-srl-en-cas-de-faillite\/","name":"La responsabilit\u00e9 des administrateurs de SRL en cas de faillite - e2.law","isPartOf":{"@id":"https:\/\/www.e2.law\/fr\/#website"},"primaryImageOfPage":{"@id":"https:\/\/www.e2.law\/fr\/2021\/07\/13\/la-responsabilite-des-administrateurs-de-srl-en-cas-de-faillite\/#primaryimage"},"image":{"@id":"https:\/\/www.e2.law\/fr\/2021\/07\/13\/la-responsabilite-des-administrateurs-de-srl-en-cas-de-faillite\/#primaryimage"},"thumbnailUrl":"https:\/\/i0.wp.com\/www.e2.law\/wp-content\/uploads\/2021\/01\/insolvabilite.png?fit=1588%2C1408&ssl=1","datePublished":"2021-07-13T16:48:23+00:00","dateModified":"2024-05-16T09:50:04+00:00","description":"Dans quelle mesure la responsabilit\u00e9 des administrateurs de SRL peut-elle \u00eatre engag\u00e9e en cas de faillite ?","breadcrumb":{"@id":"https:\/\/www.e2.law\/fr\/2021\/07\/13\/la-responsabilite-des-administrateurs-de-srl-en-cas-de-faillite\/#breadcrumb"},"inLanguage":"fr-FR","potentialAction":[{"@type":"ReadAction","target":["https:\/\/www.e2.law\/fr\/2021\/07\/13\/la-responsabilite-des-administrateurs-de-srl-en-cas-de-faillite\/"]}]},{"@type":"ImageObject","inLanguage":"fr-FR","@id":"https:\/\/www.e2.law\/fr\/2021\/07\/13\/la-responsabilite-des-administrateurs-de-srl-en-cas-de-faillite\/#primaryimage","url":"https:\/\/i0.wp.com\/www.e2.law\/wp-content\/uploads\/2021\/01\/insolvabilite.png?fit=1588%2C1408&ssl=1","contentUrl":"https:\/\/i0.wp.com\/www.e2.law\/wp-content\/uploads\/2021\/01\/insolvabilite.png?fit=1588%2C1408&ssl=1","width":1588,"height":1408},{"@type":"BreadcrumbList","@id":"https:\/\/www.e2.law\/fr\/2021\/07\/13\/la-responsabilite-des-administrateurs-de-srl-en-cas-de-faillite\/#breadcrumb","itemListElement":[{"@type":"ListItem","position":1,"name":"Home","item":"https:\/\/www.e2.law\/fr\/home\/"},{"@type":"ListItem","position":2,"name":"La responsabilit\u00e9 des administrateurs de SRL en cas de faillite"}]},{"@type":"WebSite","@id":"https:\/\/www.e2.law\/fr\/#website","url":"https:\/\/www.e2.law\/fr\/","name":"e2.law","description":"A Business Law Firm","publisher":{"@id":"https:\/\/www.e2.law\/fr\/#organization"},"potentialAction":[{"@type":"SearchAction","target":{"@type":"EntryPoint","urlTemplate":"https:\/\/www.e2.law\/fr\/?s={search_term_string}"},"query-input":{"@type":"PropertyValueSpecification","valueRequired":true,"valueName":"search_term_string"}}],"inLanguage":"fr-FR"},{"@type":"Organization","@id":"https:\/\/www.e2.law\/fr\/#organization","name":"E2.law","url":"https:\/\/www.e2.law\/fr\/","logo":{"@type":"ImageObject","inLanguage":"fr-FR","@id":"https:\/\/www.e2.law\/fr\/#\/schema\/logo\/image\/","url":"https:\/\/www.e2.law\/wp-content\/uploads\/2018\/12\/logo-2.png","contentUrl":"https:\/\/www.e2.law\/wp-content\/uploads\/2018\/12\/logo-2.png","width":152,"height":40,"caption":"E2.law"},"image":{"@id":"https:\/\/www.e2.law\/fr\/#\/schema\/logo\/image\/"},"sameAs":["https:\/\/www.linkedin.com\/company\/e2.law"]},{"@type":"Person","@id":"https:\/\/www.e2.law\/fr\/#\/schema\/person\/fc4936c485fc15b9d2be735eb6fa9080","name":"Valentine Bonamis","image":{"@type":"ImageObject","inLanguage":"fr-FR","@id":"https:\/\/www.e2.law\/wp-content\/uploads\/2021\/02\/6E22BF17-266E-4CB1-A676-FCE71D83B2A2_1_201_a-scaled-96x96.jpeg","url":"https:\/\/www.e2.law\/wp-content\/uploads\/2021\/02\/6E22BF17-266E-4CB1-A676-FCE71D83B2A2_1_201_a-scaled-96x96.jpeg","contentUrl":"https:\/\/www.e2.law\/wp-content\/uploads\/2021\/02\/6E22BF17-266E-4CB1-A676-FCE71D83B2A2_1_201_a-scaled-96x96.jpeg","caption":"Valentine Bonamis"},"url":"https:\/\/www.e2.law\/fr\/author\/valentine-b\/"}]}},"jetpack_featured_media_url":"https:\/\/i0.wp.com\/www.e2.law\/wp-content\/uploads\/2021\/01\/insolvabilite.png?fit=1588%2C1408&ssl=1","jetpack_sharing_enabled":true,"_links":{"self":[{"href":"https:\/\/www.e2.law\/fr\/wp-json\/wp\/v2\/posts\/31144","targetHints":{"allow":["GET"]}}],"collection":[{"href":"https:\/\/www.e2.law\/fr\/wp-json\/wp\/v2\/posts"}],"about":[{"href":"https:\/\/www.e2.law\/fr\/wp-json\/wp\/v2\/types\/post"}],"author":[{"embeddable":true,"href":"https:\/\/www.e2.law\/fr\/wp-json\/wp\/v2\/users\/164"}],"replies":[{"embeddable":true,"href":"https:\/\/www.e2.law\/fr\/wp-json\/wp\/v2\/comments?post=31144"}],"version-history":[{"count":2,"href":"https:\/\/www.e2.law\/fr\/wp-json\/wp\/v2\/posts\/31144\/revisions"}],"predecessor-version":[{"id":44607,"href":"https:\/\/www.e2.law\/fr\/wp-json\/wp\/v2\/posts\/31144\/revisions\/44607"}],"wp:featuredmedia":[{"embeddable":true,"href":"https:\/\/www.e2.law\/fr\/wp-json\/wp\/v2\/media\/29438"}],"wp:attachment":[{"href":"https:\/\/www.e2.law\/fr\/wp-json\/wp\/v2\/media?parent=31144"}],"wp:term":[{"taxonomy":"category","embeddable":true,"href":"https:\/\/www.e2.law\/fr\/wp-json\/wp\/v2\/categories?post=31144"},{"taxonomy":"post_tag","embeddable":true,"href":"https:\/\/www.e2.law\/fr\/wp-json\/wp\/v2\/tags?post=31144"}],"curies":[{"name":"wp","href":"https:\/\/api.w.org\/{rel}","templated":true}]}}