{"id":32271,"date":"2021-12-07T13:55:27","date_gmt":"2021-12-07T11:55:27","guid":{"rendered":"https:\/\/www.e2.law\/?p=32271"},"modified":"2023-08-18T11:59:15","modified_gmt":"2023-08-18T09:59:15","slug":"offre-collaboration","status":"publish","type":"post","link":"https:\/\/www.e2.law\/fr\/2021\/12\/07\/offre-collaboration\/","title":{"rendered":"Offre de collaboration"},"content":{"rendered":"<p>Le cabinet e2.law souhaite renforcer son \u00e9quipe avec un(e) avocat(e) suppl\u00e9mentaire, avec ou sans exp\u00e9rience.<br \/>\nNous traitons principalement des dossiers en droit commercial et en droit des soci\u00e9t\u00e9s et nous effor\u00e7ons de syst\u00e9matiser le recours au legal design.<br \/>\nOutre les qualit\u00e9s habituellement recherch\u00e9es (bonnes facult\u00e9s d\u2019organisation, rigueur, autonomie, etc.), les aptitudes suivantes nous int\u00e9ressent en particulier :<\/p>\n<ul>\n<li>Esprit de synth\u00e8se &amp; cr\u00e9ativit\u00e9 ;<\/li>\n<li>Pratique ou int\u00e9r\u00eat marqu\u00e9 pour le legal design ;<\/li>\n<li>Comp\u00e9tences ou int\u00e9r\u00eats annexes (graphisme, web-design, dessin, video, r\u00e9seaux sociaux, etc).<\/li>\n<\/ul>\n<p>Nous offrons :<\/p>\n<ul>\n<li>Grande vari\u00e9t\u00e9 de dossiers, tant en mati\u00e8re de conseil que de contentieux<\/li>\n<li>Pour les stagiaires, formation s\u00e9rieuse et suivie<\/li>\n<li>Ambiance de travail bienveillante<\/li>\n<li>Collaboration fond\u00e9e sur la confiance et la responsabilisation<\/li>\n<li>Environnement plurilingue<\/li>\n<li>Participation \u00e0 un projet d\u2019\u00e9quipe au sein duquel vous aurez un r\u00f4le indispensable<\/li>\n<li>R\u00e9mun\u00e9ration attrayante au regard de celles applicables dans des structures de taille comparable.<\/li>\n<\/ul>\n<p>Les candidatures sont \u00e0 envoyer \u00e0 l\u2019adresse suivante : <strong>hr@e2.law<\/strong><\/p>\n","protected":false},"excerpt":{"rendered":"<p>Le cabinet e2.law souhaite renforcer son \u00e9quipe avec un(e) avocat(e) suppl\u00e9mentaire, avec ou sans exp\u00e9rience. Nous traitons principalement des dossiers en droit commercial et en droit des soci\u00e9t\u00e9s et nous effor\u00e7ons de syst\u00e9matiser le recours au legal design. Outre les qualit\u00e9s habituellement recherch\u00e9es (bonnes facult\u00e9s d\u2019organisation, rigueur, autonomie, etc.), les aptitudes suivantes nous int\u00e9ressent en particulier   [&#8230;]<\/p>\n","protected":false},"author":156,"featured_media":0,"comment_status":"closed","ping_status":"open","sticky":false,"template":"","format":"standard","meta":{"_acf_changed":false,"_jetpack_memberships_contains_paid_content":false,"footnotes":""},"categories":[141],"tags":[798],"class_list":["post-32271","post","type-post","status-publish","format-standard","hentry","category-non-classifiee","tag-news"],"acf":[],"yoast_head":"<!-- This site is optimized with the Yoast SEO plugin v27.5 - https:\/\/yoast.com\/product\/yoast-seo-wordpress\/ -->\n<title>Offre de collaboration - e2.law<\/title>\n<meta name=\"robots\" content=\"index, follow, max-snippet:-1, max-image-preview:large, max-video-preview:-1\" \/>\n<link rel=\"canonical\" href=\"https:\/\/www.e2.law\/fr\/2021\/12\/07\/offre-collaboration\/\" \/>\n<meta property=\"og:locale\" content=\"fr_FR\" \/>\n<meta property=\"og:type\" content=\"article\" \/>\n<meta property=\"og:title\" content=\"Offre de collaboration - e2.law\" \/>\n<meta property=\"og:description\" content=\"Le cabinet e2.law souhaite renforcer son \u00e9quipe avec un(e) avocat(e) suppl\u00e9mentaire, avec ou sans exp\u00e9rience. Nous traitons principalement des dossiers en droit commercial et en droit des soci\u00e9t\u00e9s et nous effor\u00e7ons de syst\u00e9matiser le recours au legal design. Outre les qualit\u00e9s habituellement recherch\u00e9es (bonnes facult\u00e9s d\u2019organisation, rigueur, autonomie, etc.), les aptitudes suivantes nous int\u00e9ressent en particulier  [...]\" \/>\n<meta property=\"og:url\" content=\"https:\/\/www.e2.law\/fr\/2021\/12\/07\/offre-collaboration\/\" \/>\n<meta property=\"og:site_name\" content=\"e2.law\" \/>\n<meta property=\"article:published_time\" content=\"2021-12-07T11:55:27+00:00\" \/>\n<meta property=\"article:modified_time\" content=\"2023-08-18T09:59:15+00:00\" \/>\n<meta name=\"author\" content=\"Ruth Lodoiska\" \/>\n<meta name=\"twitter:card\" content=\"summary_large_image\" \/>\n<meta name=\"twitter:label1\" content=\"\u00c9crit par\" \/>\n\t<meta name=\"twitter:data1\" content=\"Ruth Lodoiska\" \/>\n\t<meta name=\"twitter:label2\" content=\"Dur\u00e9e de lecture estim\u00e9e\" \/>\n\t<meta name=\"twitter:data2\" content=\"1 minute\" \/>\n<script type=\"application\/ld+json\" class=\"yoast-schema-graph\">{\"@context\":\"https:\\\/\\\/schema.org\",\"@graph\":[{\"@type\":\"Article\",\"@id\":\"https:\\\/\\\/www.e2.law\\\/fr\\\/2021\\\/12\\\/07\\\/offre-collaboration\\\/#article\",\"isPartOf\":{\"@id\":\"https:\\\/\\\/www.e2.law\\\/fr\\\/2021\\\/12\\\/07\\\/offre-collaboration\\\/\"},\"author\":{\"name\":\"Ruth Lodoiska\",\"@id\":\"https:\\\/\\\/www.e2.law\\\/fr\\\/#\\\/schema\\\/person\\\/7c57782431b86e2d259b3757a8c6a5a1\"},\"headline\":\"Offre de collaboration\",\"datePublished\":\"2021-12-07T11:55:27+00:00\",\"dateModified\":\"2023-08-18T09:59:15+00:00\",\"mainEntityOfPage\":{\"@id\":\"https:\\\/\\\/www.e2.law\\\/fr\\\/2021\\\/12\\\/07\\\/offre-collaboration\\\/\"},\"wordCount\":183,\"publisher\":{\"@id\":\"https:\\\/\\\/www.e2.law\\\/fr\\\/#organization\"},\"keywords\":[\"News\"],\"articleSection\":[\"Non classifi\u00e9(e)\"],\"inLanguage\":\"fr-FR\"},{\"@type\":\"WebPage\",\"@id\":\"https:\\\/\\\/www.e2.law\\\/fr\\\/2021\\\/12\\\/07\\\/offre-collaboration\\\/\",\"url\":\"https:\\\/\\\/www.e2.law\\\/fr\\\/2021\\\/12\\\/07\\\/offre-collaboration\\\/\",\"name\":\"Offre de collaboration - e2.law\",\"isPartOf\":{\"@id\":\"https:\\\/\\\/www.e2.law\\\/fr\\\/#website\"},\"datePublished\":\"2021-12-07T11:55:27+00:00\",\"dateModified\":\"2023-08-18T09:59:15+00:00\",\"breadcrumb\":{\"@id\":\"https:\\\/\\\/www.e2.law\\\/fr\\\/2021\\\/12\\\/07\\\/offre-collaboration\\\/#breadcrumb\"},\"inLanguage\":\"fr-FR\",\"potentialAction\":[{\"@type\":\"ReadAction\",\"target\":[\"https:\\\/\\\/www.e2.law\\\/fr\\\/2021\\\/12\\\/07\\\/offre-collaboration\\\/\"]}]},{\"@type\":\"BreadcrumbList\",\"@id\":\"https:\\\/\\\/www.e2.law\\\/fr\\\/2021\\\/12\\\/07\\\/offre-collaboration\\\/#breadcrumb\",\"itemListElement\":[{\"@type\":\"ListItem\",\"position\":1,\"name\":\"Home\",\"item\":\"https:\\\/\\\/www.e2.law\\\/fr\\\/home\\\/\"},{\"@type\":\"ListItem\",\"position\":2,\"name\":\"Offre de collaboration\"}]},{\"@type\":\"WebSite\",\"@id\":\"https:\\\/\\\/www.e2.law\\\/fr\\\/#website\",\"url\":\"https:\\\/\\\/www.e2.law\\\/fr\\\/\",\"name\":\"e2.law\",\"description\":\"A Business Law Firm\",\"publisher\":{\"@id\":\"https:\\\/\\\/www.e2.law\\\/fr\\\/#organization\"},\"potentialAction\":[{\"@type\":\"SearchAction\",\"target\":{\"@type\":\"EntryPoint\",\"urlTemplate\":\"https:\\\/\\\/www.e2.law\\\/fr\\\/?s={search_term_string}\"},\"query-input\":{\"@type\":\"PropertyValueSpecification\",\"valueRequired\":true,\"valueName\":\"search_term_string\"}}],\"inLanguage\":\"fr-FR\"},{\"@type\":\"Organization\",\"@id\":\"https:\\\/\\\/www.e2.law\\\/fr\\\/#organization\",\"name\":\"E2.law\",\"url\":\"https:\\\/\\\/www.e2.law\\\/fr\\\/\",\"logo\":{\"@type\":\"ImageObject\",\"inLanguage\":\"fr-FR\",\"@id\":\"https:\\\/\\\/www.e2.law\\\/fr\\\/#\\\/schema\\\/logo\\\/image\\\/\",\"url\":\"https:\\\/\\\/www.e2.law\\\/wp-content\\\/uploads\\\/2018\\\/12\\\/logo-2.png\",\"contentUrl\":\"https:\\\/\\\/www.e2.law\\\/wp-content\\\/uploads\\\/2018\\\/12\\\/logo-2.png\",\"width\":152,\"height\":40,\"caption\":\"E2.law\"},\"image\":{\"@id\":\"https:\\\/\\\/www.e2.law\\\/fr\\\/#\\\/schema\\\/logo\\\/image\\\/\"},\"sameAs\":[\"https:\\\/\\\/www.linkedin.com\\\/company\\\/e2.law\"]},{\"@type\":\"Person\",\"@id\":\"https:\\\/\\\/www.e2.law\\\/fr\\\/#\\\/schema\\\/person\\\/7c57782431b86e2d259b3757a8c6a5a1\",\"name\":\"Ruth Lodoiska\",\"image\":{\"@type\":\"ImageObject\",\"inLanguage\":\"fr-FR\",\"@id\":\"https:\\\/\\\/www.e2.law\\\/wp-content\\\/uploads\\\/2020\\\/04\\\/20200423_1004561-96x96.jpg\",\"url\":\"https:\\\/\\\/www.e2.law\\\/wp-content\\\/uploads\\\/2020\\\/04\\\/20200423_1004561-96x96.jpg\",\"contentUrl\":\"https:\\\/\\\/www.e2.law\\\/wp-content\\\/uploads\\\/2020\\\/04\\\/20200423_1004561-96x96.jpg\",\"caption\":\"Ruth Lodoiska\"},\"url\":\"https:\\\/\\\/www.e2.law\\\/fr\\\/author\\\/ruth-l\\\/\"}]}<\/script>\n<!-- \/ Yoast SEO plugin. -->","yoast_head_json":{"title":"Offre de collaboration - e2.law","robots":{"index":"index","follow":"follow","max-snippet":"max-snippet:-1","max-image-preview":"max-image-preview:large","max-video-preview":"max-video-preview:-1"},"canonical":"https:\/\/www.e2.law\/fr\/2021\/12\/07\/offre-collaboration\/","og_locale":"fr_FR","og_type":"article","og_title":"Offre de collaboration - e2.law","og_description":"Le cabinet e2.law souhaite renforcer son \u00e9quipe avec un(e) avocat(e) suppl\u00e9mentaire, avec ou sans exp\u00e9rience. Nous traitons principalement des dossiers en droit commercial et en droit des soci\u00e9t\u00e9s et nous effor\u00e7ons de syst\u00e9matiser le recours au legal design. Outre les qualit\u00e9s habituellement recherch\u00e9es (bonnes facult\u00e9s d\u2019organisation, rigueur, autonomie, etc.), les aptitudes suivantes nous int\u00e9ressent en particulier  [...]","og_url":"https:\/\/www.e2.law\/fr\/2021\/12\/07\/offre-collaboration\/","og_site_name":"e2.law","article_published_time":"2021-12-07T11:55:27+00:00","article_modified_time":"2023-08-18T09:59:15+00:00","author":"Ruth Lodoiska","twitter_card":"summary_large_image","twitter_misc":{"\u00c9crit par":"Ruth Lodoiska","Dur\u00e9e de lecture estim\u00e9e":"1 minute"},"schema":{"@context":"https:\/\/schema.org","@graph":[{"@type":"Article","@id":"https:\/\/www.e2.law\/fr\/2021\/12\/07\/offre-collaboration\/#article","isPartOf":{"@id":"https:\/\/www.e2.law\/fr\/2021\/12\/07\/offre-collaboration\/"},"author":{"name":"Ruth Lodoiska","@id":"https:\/\/www.e2.law\/fr\/#\/schema\/person\/7c57782431b86e2d259b3757a8c6a5a1"},"headline":"Offre de collaboration","datePublished":"2021-12-07T11:55:27+00:00","dateModified":"2023-08-18T09:59:15+00:00","mainEntityOfPage":{"@id":"https:\/\/www.e2.law\/fr\/2021\/12\/07\/offre-collaboration\/"},"wordCount":183,"publisher":{"@id":"https:\/\/www.e2.law\/fr\/#organization"},"keywords":["News"],"articleSection":["Non classifi\u00e9(e)"],"inLanguage":"fr-FR"},{"@type":"WebPage","@id":"https:\/\/www.e2.law\/fr\/2021\/12\/07\/offre-collaboration\/","url":"https:\/\/www.e2.law\/fr\/2021\/12\/07\/offre-collaboration\/","name":"Offre de collaboration - e2.law","isPartOf":{"@id":"https:\/\/www.e2.law\/fr\/#website"},"datePublished":"2021-12-07T11:55:27+00:00","dateModified":"2023-08-18T09:59:15+00:00","breadcrumb":{"@id":"https:\/\/www.e2.law\/fr\/2021\/12\/07\/offre-collaboration\/#breadcrumb"},"inLanguage":"fr-FR","potentialAction":[{"@type":"ReadAction","target":["https:\/\/www.e2.law\/fr\/2021\/12\/07\/offre-collaboration\/"]}]},{"@type":"BreadcrumbList","@id":"https:\/\/www.e2.law\/fr\/2021\/12\/07\/offre-collaboration\/#breadcrumb","itemListElement":[{"@type":"ListItem","position":1,"name":"Home","item":"https:\/\/www.e2.law\/fr\/home\/"},{"@type":"ListItem","position":2,"name":"Offre de collaboration"}]},{"@type":"WebSite","@id":"https:\/\/www.e2.law\/fr\/#website","url":"https:\/\/www.e2.law\/fr\/","name":"e2.law","description":"A Business Law Firm","publisher":{"@id":"https:\/\/www.e2.law\/fr\/#organization"},"potentialAction":[{"@type":"SearchAction","target":{"@type":"EntryPoint","urlTemplate":"https:\/\/www.e2.law\/fr\/?s={search_term_string}"},"query-input":{"@type":"PropertyValueSpecification","valueRequired":true,"valueName":"search_term_string"}}],"inLanguage":"fr-FR"},{"@type":"Organization","@id":"https:\/\/www.e2.law\/fr\/#organization","name":"E2.law","url":"https:\/\/www.e2.law\/fr\/","logo":{"@type":"ImageObject","inLanguage":"fr-FR","@id":"https:\/\/www.e2.law\/fr\/#\/schema\/logo\/image\/","url":"https:\/\/www.e2.law\/wp-content\/uploads\/2018\/12\/logo-2.png","contentUrl":"https:\/\/www.e2.law\/wp-content\/uploads\/2018\/12\/logo-2.png","width":152,"height":40,"caption":"E2.law"},"image":{"@id":"https:\/\/www.e2.law\/fr\/#\/schema\/logo\/image\/"},"sameAs":["https:\/\/www.linkedin.com\/company\/e2.law"]},{"@type":"Person","@id":"https:\/\/www.e2.law\/fr\/#\/schema\/person\/7c57782431b86e2d259b3757a8c6a5a1","name":"Ruth Lodoiska","image":{"@type":"ImageObject","inLanguage":"fr-FR","@id":"https:\/\/www.e2.law\/wp-content\/uploads\/2020\/04\/20200423_1004561-96x96.jpg","url":"https:\/\/www.e2.law\/wp-content\/uploads\/2020\/04\/20200423_1004561-96x96.jpg","contentUrl":"https:\/\/www.e2.law\/wp-content\/uploads\/2020\/04\/20200423_1004561-96x96.jpg","caption":"Ruth Lodoiska"},"url":"https:\/\/www.e2.law\/fr\/author\/ruth-l\/"}]}},"jetpack_featured_media_url":"","jetpack_sharing_enabled":true,"_links":{"self":[{"href":"https:\/\/www.e2.law\/fr\/wp-json\/wp\/v2\/posts\/32271","targetHints":{"allow":["GET"]}}],"collection":[{"href":"https:\/\/www.e2.law\/fr\/wp-json\/wp\/v2\/posts"}],"about":[{"href":"https:\/\/www.e2.law\/fr\/wp-json\/wp\/v2\/types\/post"}],"author":[{"embeddable":true,"href":"https:\/\/www.e2.law\/fr\/wp-json\/wp\/v2\/users\/156"}],"replies":[{"embeddable":true,"href":"https:\/\/www.e2.law\/fr\/wp-json\/wp\/v2\/comments?post=32271"}],"version-history":[{"count":1,"href":"https:\/\/www.e2.law\/fr\/wp-json\/wp\/v2\/posts\/32271\/revisions"}],"predecessor-version":[{"id":42749,"href":"https:\/\/www.e2.law\/fr\/wp-json\/wp\/v2\/posts\/32271\/revisions\/42749"}],"wp:attachment":[{"href":"https:\/\/www.e2.law\/fr\/wp-json\/wp\/v2\/media?parent=32271"}],"wp:term":[{"taxonomy":"category","embeddable":true,"href":"https:\/\/www.e2.law\/fr\/wp-json\/wp\/v2\/categories?post=32271"},{"taxonomy":"post_tag","embeddable":true,"href":"https:\/\/www.e2.law\/fr\/wp-json\/wp\/v2\/tags?post=32271"}],"curies":[{"name":"wp","href":"https:\/\/api.w.org\/{rel}","templated":true}]}}