{"id":32320,"date":"2021-12-13T19:39:47","date_gmt":"2021-12-13T17:39:47","guid":{"rendered":"https:\/\/www.e2.law\/?p=32320"},"modified":"2024-05-23T10:57:18","modified_gmt":"2024-05-23T08:57:18","slug":"les-bases-legales-de-traitement-des-donnees-a-caractere-personnel","status":"publish","type":"post","link":"https:\/\/www.e2.law\/fr\/2021\/12\/13\/les-bases-legales-de-traitement-des-donnees-a-caractere-personnel\/","title":{"rendered":"Les bases l\u00e9gales de traitement des donn\u00e9es personnelles"},"content":{"rendered":"<div class=\"fusion-fullwidth fullwidth-box fusion-builder-row-1 fusion-flex-container nonhundred-percent-fullwidth non-hundred-percent-height-scrolling\" style=\"--awb-border-radius-top-left:0px;--awb-border-radius-top-right:0px;--awb-border-radius-bottom-right:0px;--awb-border-radius-bottom-left:0px;--awb-flex-wrap:wrap;\" ><div class=\"fusion-builder-row fusion-row fusion-flex-align-items-flex-start fusion-flex-content-wrap\" style=\"max-width:1144px;margin-left: calc(-4% \/ 2 );margin-right: calc(-4% \/ 2 );\"><div class=\"fusion-layout-column fusion_builder_column fusion-builder-column-0 fusion_builder_column_1_1 1_1 fusion-flex-column\" style=\"--awb-bg-size:cover;--awb-width-large:100%;--awb-margin-top-large:0px;--awb-spacing-right-large:1.92%;--awb-margin-bottom-large:0px;--awb-spacing-left-large:1.92%;--awb-width-medium:100%;--awb-spacing-right-medium:1.92%;--awb-spacing-left-medium:1.92%;--awb-width-small:100%;--awb-spacing-right-small:1.92%;--awb-spacing-left-small:1.92%;\"><div class=\"fusion-column-wrapper fusion-flex-justify-content-flex-start fusion-content-layout-column\"><div class=\"fusion-text fusion-text-1\"><p class=\"M1T\"><span lang=\"FR\">Le <a href=\"https:\/\/www.e2.law\/fr\/legalconcepts\/le-traitement-de-donnees-personnelles\/\">traitement des donn\u00e9es personnelles<\/a> doit toujours \u00eatre justifi\u00e9 par une des bases l\u00e9gales pr\u00e9vues par le RGPD. Ces bases l\u00e9gales sont pr\u00e9vues aux articles 6, 9 ou 10 du <a href=\"https:\/\/www.e2.law\/fr\/laws\/rgpd\/\">RGPD<\/a>.<\/span><\/p>\n<p class=\"M1T\"><span lang=\"FR\">Le <a href=\"https:\/\/www.e2.law\/fr\/legalconcepts\/responsable-de-traitement\/\">responsable du traitement<\/a> doit d\u00e9terminer la base l\u00e9gale qui lui donne le droit de traiter chaque cat\u00e9gorie de donn\u00e9es \u00e0 caract\u00e8re personnel qu\u2019il collecte. Ceci inclut \u00e9galement les donn\u00e9es trait\u00e9es par un sous-traitant.<\/span><\/p>\n<h2>I. Bases l\u00e9gales de traitement des donn\u00e9es personnelles<\/h2>\n<p class=\"M1T\"><span lang=\"FR\"><a href=\"https:\/\/eur-lex.europa.eu\/legal-content\/FR\/TXT\/HTML\/?uri=CELEX:32016R0679#d1e1937-1-1\">L\u2019article 6 du RGPD<\/a> pr\u00e9voit six bases l\u00e9gales qui justifient la mise en \u0153uvre du traitement.<\/span><\/p>\n<\/div><div class=\"accordian fusion-accordian\" style=\"--awb-border-size:1px;--awb-icon-size:13px;--awb-content-font-size:16px;--awb-icon-alignment:left;--awb-hover-color:#f9f9f9;--awb-border-color:#cccccc;--awb-background-color:#ffffff;--awb-divider-color:#e0dede;--awb-divider-hover-color:#e0dede;--awb-icon-color:#ffffff;--awb-title-color:#333333;--awb-content-color:#747474;--awb-icon-box-color:#333333;--awb-toggle-hover-accent-color:#0da74c;--awb-title-font-family:&quot;Roboto Slab&quot;;--awb-title-font-weight:300;--awb-title-font-style:normal;--awb-title-font-size:14px;--awb-content-font-family:&quot;PT Sans&quot;;--awb-content-font-style:normal;--awb-content-font-weight:400;\"><div class=\"panel-group fusion-toggle-icon-boxed\" id=\"accordion-32320-1\"><div class=\"fusion-panel panel-default panel-59c5ca7f6e7a88c6d fusion-toggle-has-divider\"><div class=\"panel-heading\"><h4 class=\"panel-title toggle\" id=\"toggle_59c5ca7f6e7a88c6d\"><a aria-expanded=\"false\" aria-controls=\"59c5ca7f6e7a88c6d\" role=\"button\" data-toggle=\"collapse\" data-parent=\"#accordion-32320-1\" data-target=\"#59c5ca7f6e7a88c6d\" href=\"#59c5ca7f6e7a88c6d\"><span class=\"fusion-toggle-icon-wrapper\" aria-hidden=\"true\"><i class=\"fa-fusion-box active-icon awb-icon-minus\" aria-hidden=\"true\"><\/i><i class=\"fa-fusion-box inactive-icon awb-icon-plus\" aria-hidden=\"true\"><\/i><\/span><span class=\"fusion-toggle-heading\">Le consentement<\/span><\/a><\/h4><\/div><div id=\"59c5ca7f6e7a88c6d\" class=\"panel-collapse collapse \" aria-labelledby=\"toggle_59c5ca7f6e7a88c6d\"><div class=\"panel-body toggle-content fusion-clearfix\">\n<h3>Le consentement<\/h3>\n<p>La personne concern\u00e9e peut <a href=\"https:\/\/www.e2.law\/fr\/legalconcepts\/consentement\/\">consentir<\/a> au traitement. Cela suffit \u00e0 justifier le traitement pour autant que le consentement soit \u00e9clair\u00e9, positif, clair, univoque, sp\u00e9cifique et libre.<\/p>\n<ul>\n<li><strong>Eclair\u00e9<\/strong>\u00a0: la personne concern\u00e9e doit avoir re\u00e7u les informations n\u00e9cessaires lui permettant de d\u00e9cider en connaissance de cause.<\/li>\n<li><strong>Positif, clair et univoque<\/strong>\u00a0: le consentement doit \u00eatre actif et ne doit pas laisser de place \u00e0 l\u2019incertitude ou l\u2019ambigu\u00eft\u00e9.<\/li>\n<li><strong>Sp\u00e9cifique\u00a0<\/strong>: le consentement est requis pour chaque finalit\u00e9 de traitement. Il n\u2019est pas possible d\u2019obtenir un consentement global pour toutes les finalit\u00e9s poursuivies par le traitement.<\/li>\n<li><strong>Libre<\/strong> : la personne concern\u00e9e doit avoir la possibilit\u00e9 r\u00e9elle de refuser ou de retirer son consentement sans subir de pr\u00e9judice. Un consentement libre suppose donc que la relation entre le responsable du traitement et la personne concern\u00e9e soit \u00e9quilibr\u00e9e. Le recours \u00e0 cette base l\u00e9gale est donc proscrite dans certains cas, comme par exemple dans le cadre d\u2019une relation de travail.La personne concern\u00e9e a le droit de retirer son consentement \u00e0 tout moment. Pour cette raison, cette base ne doit \u00eatre utilis\u00e9e que lorsqu\u2019aucune autre base n\u2019est applicable ou lorsqu\u2019une disposition l\u00e9gale le requiert (par exemple, pour l\u2019envoi de newsletter).<\/li>\n<\/ul>\n<blockquote><p><strong>Consentement d\u2019un mineur<\/strong><\/p>\n<p><a href=\"https:\/\/eur-lex.europa.eu\/legal-content\/FR\/TXT\/HTML\/?uri=CELEX:32016R0679#d1e2075-1-1\">L\u2019article 8 du RGPD<\/a> pr\u00e9voit qu\u2019il est n\u00e9cessaire de recueillir le consentement du titulaire de la responsabilit\u00e9 parentale pour les enfants de moins de 16 ans (\u00e2ge qui peut \u00eatre abaiss\u00e9 \u00e0 13 ans dans certains Etats).<\/p>\n<p>La Belgique a abaiss\u00e9 cet \u00e2ge \u00e0 13 ans (<a href=\"https:\/\/www.ejustice.just.fgov.be\/eli\/loi\/2018\/07\/30\/2018040581\/justel#Art.7\">article 7<\/a>, loi du 30 juillet 2018 relative \u00e0 la protection des personnes physiques \u00e0 l&#8217;\u00e9gard de straitements de donn\u00e9es \u00e0 caract\u00e8re personnel), la France \u00e0 15 ans.<\/p><\/blockquote>\n<p><em>Exemple : traitement des coordonn\u00e9es pour l\u2019envoi d\u2019une newsletter par email, consentement \u00e0 la publication de photographies prises lors d\u2019un \u00e9v\u00e8nement sur les r\u00e9seaux sociaux.<\/em><\/p>\n<\/div><\/div><\/div><div class=\"fusion-panel panel-default panel-c6dc2c0d5d7f18448 fusion-toggle-has-divider\"><div class=\"panel-heading\"><h4 class=\"panel-title toggle\" id=\"toggle_c6dc2c0d5d7f18448\"><a aria-expanded=\"false\" aria-controls=\"c6dc2c0d5d7f18448\" role=\"button\" data-toggle=\"collapse\" data-parent=\"#accordion-32320-1\" data-target=\"#c6dc2c0d5d7f18448\" href=\"#c6dc2c0d5d7f18448\"><span class=\"fusion-toggle-icon-wrapper\" aria-hidden=\"true\"><i class=\"fa-fusion-box active-icon awb-icon-minus\" aria-hidden=\"true\"><\/i><i class=\"fa-fusion-box inactive-icon awb-icon-plus\" aria-hidden=\"true\"><\/i><\/span><span class=\"fusion-toggle-heading\">L'ex\u00e9cution d'un contrat<\/span><\/a><\/h4><\/div><div id=\"c6dc2c0d5d7f18448\" class=\"panel-collapse collapse \" aria-labelledby=\"toggle_c6dc2c0d5d7f18448\"><div class=\"panel-body toggle-content fusion-clearfix\">\n<h3>L&#8217;ex\u00e9cution d&#8217;un contrat<\/h3>\n<p>Le traitement est justifi\u00e9 si le traitement est n\u00e9cessaire \u00e0 l\u2019ex\u00e9cution d\u2019un contrat auquel la personne concern\u00e9e est partie.<\/p>\n<p>Cette base l\u00e9gale ne s\u2019applique qu\u2019aux traitements n\u00e9cessaires \u00e0 la fourniture du bien ou du service pr\u00e9vu par le contrat. Le fait que le traitement soit mentionn\u00e9 dans une clause de contrat ou dans des conditions g\u00e9n\u00e9rales ne le rend pas automatiquement justifi\u00e9 par l\u2019ex\u00e9cution du contrat.<\/p>\n<p>Le champ d\u2019application de cette base l\u00e9gale s\u2019\u00e9tend \u00e0 la pr\u00e9paration du contrat. Par exemple, lorsqu\u2019un client potentiel pose des questions sur un produit et communique des informations personnelles \u00e0 cette fin.<\/p>\n<p><em>Exemple\u00a0: traitement des coordonn\u00e9es d\u2019un client apr\u00e8s un achat en ligne, \u00a0traitement des donn\u00e9es bancaires d\u2019un travailleur pour que son employeur puisse lui verser son salaire.<\/em><\/p>\n<\/div><\/div><\/div><div class=\"fusion-panel panel-default panel-4cc7ae85d19787cc5 fusion-toggle-has-divider\"><div class=\"panel-heading\"><h4 class=\"panel-title toggle\" id=\"toggle_4cc7ae85d19787cc5\"><a aria-expanded=\"false\" aria-controls=\"4cc7ae85d19787cc5\" role=\"button\" data-toggle=\"collapse\" data-parent=\"#accordion-32320-1\" data-target=\"#4cc7ae85d19787cc5\" href=\"#4cc7ae85d19787cc5\"><span class=\"fusion-toggle-icon-wrapper\" aria-hidden=\"true\"><i class=\"fa-fusion-box active-icon awb-icon-minus\" aria-hidden=\"true\"><\/i><i class=\"fa-fusion-box inactive-icon awb-icon-plus\" aria-hidden=\"true\"><\/i><\/span><span class=\"fusion-toggle-heading\">L'obligation l\u00e9gale<\/span><\/a><\/h4><\/div><div id=\"4cc7ae85d19787cc5\" class=\"panel-collapse collapse \" aria-labelledby=\"toggle_4cc7ae85d19787cc5\"><div class=\"panel-body toggle-content fusion-clearfix\">\n<h3>L&#8217;obligation l\u00e9gale<\/h3>\n<p>Le traitement est justifi\u00e9 s\u2019il est n\u00e9cessaire pour le respect d\u2019une obligation l\u00e9gale \u00e0 laquelle le responsable du traitement est soumis.<\/p>\n<p><em>Exemple : obligations comptables, traitement des donn\u00e9es relatives \u00e0 la r\u00e9mun\u00e9ration d\u2019un travailleur pour les transmettre \u00e0 la s\u00e9curit\u00e9 sociale ou \u00e0 l\u2019administration fiscale<\/em><\/p>\n<\/div><\/div><\/div><div class=\"fusion-panel panel-default panel-d5b8e50fe2789a6ea fusion-toggle-has-divider\"><div class=\"panel-heading\"><h4 class=\"panel-title toggle\" id=\"toggle_d5b8e50fe2789a6ea\"><a aria-expanded=\"false\" aria-controls=\"d5b8e50fe2789a6ea\" role=\"button\" data-toggle=\"collapse\" data-parent=\"#accordion-32320-1\" data-target=\"#d5b8e50fe2789a6ea\" href=\"#d5b8e50fe2789a6ea\"><span class=\"fusion-toggle-icon-wrapper\" aria-hidden=\"true\"><i class=\"fa-fusion-box active-icon awb-icon-minus\" aria-hidden=\"true\"><\/i><i class=\"fa-fusion-box inactive-icon awb-icon-plus\" aria-hidden=\"true\"><\/i><\/span><span class=\"fusion-toggle-heading\">L'int\u00e9r\u00eat l\u00e9gitime<\/span><\/a><\/h4><\/div><div id=\"d5b8e50fe2789a6ea\" class=\"panel-collapse collapse \" aria-labelledby=\"toggle_d5b8e50fe2789a6ea\"><div class=\"panel-body toggle-content fusion-clearfix\">\n<h3>L&#8217;int\u00e9r\u00eat l\u00e9gitime<\/h3>\n<p>Le traitement est justifi\u00e9 lorsque le responsable de traitement poursuit un int\u00e9r\u00eat l\u00e9gitime, pour autant que le traitement soit n\u00e9cessaire \u00e0 la sauvegarde de cet int\u00e9r\u00eat l\u00e9gitime.<\/p>\n<p>Il doit veiller \u00e0 ce que les int\u00e9r\u00eats qu\u2019il poursuit ne remettent pas en cause les int\u00e9r\u00eats, les libert\u00e9s et les droits fondamentaux de la personne concern\u00e9e.<\/p>\n<p>Si la personne concern\u00e9e est mineure, il doit redoubler de vigilance.<\/p>\n<p>Le responsable du traitement doit r\u00e9aliser un test de proportionnalit\u00e9 et s\u2019assurer de l\u2019\u00e9quilibre entre ses int\u00e9r\u00eats et ceux de la personne concern\u00e9e . Il doit prendre en consid\u00e9ration les risques que cela repr\u00e9sente pour elle, l\u2019impact sur sa vie priv\u00e9e, ses attentes raisonnables, etc.<\/p>\n<p>Le caract\u00e8re l\u00e9gitime de l\u2019int\u00e9r\u00eat est pr\u00e9sum\u00e9 lorsque trois conditions sont remplies\u00a0:<\/p>\n<ol>\n<li>L\u2019int\u00e9r\u00eat est manifestement licite<\/li>\n<li>Il est d\u00e9termin\u00e9 de fa\u00e7on suffisamment claire et pr\u00e9cise<\/li>\n<li>Il est r\u00e9el et actuel pour le responsable du traitement, et non fictif.<\/li>\n<\/ol>\n<p><em>Exemple d\u2019int\u00e9r\u00eat l\u00e9gitime : pr\u00e9venir de la fraude, garantir la s\u00e9curit\u00e9 du r\u00e9seau, fid\u00e9lisation des clients\u00a0<\/em><\/p>\n<\/div><\/div><\/div><div class=\"fusion-panel panel-default panel-59b2a71043f2054f0 fusion-toggle-has-divider\"><div class=\"panel-heading\"><h4 class=\"panel-title toggle\" id=\"toggle_59b2a71043f2054f0\"><a aria-expanded=\"false\" aria-controls=\"59b2a71043f2054f0\" role=\"button\" data-toggle=\"collapse\" data-parent=\"#accordion-32320-1\" data-target=\"#59b2a71043f2054f0\" href=\"#59b2a71043f2054f0\"><span class=\"fusion-toggle-icon-wrapper\" aria-hidden=\"true\"><i class=\"fa-fusion-box active-icon awb-icon-minus\" aria-hidden=\"true\"><\/i><i class=\"fa-fusion-box inactive-icon awb-icon-plus\" aria-hidden=\"true\"><\/i><\/span><span class=\"fusion-toggle-heading\">La protection d'int\u00e9r\u00eats vitaux<\/span><\/a><\/h4><\/div><div id=\"59b2a71043f2054f0\" class=\"panel-collapse collapse \" aria-labelledby=\"toggle_59b2a71043f2054f0\"><div class=\"panel-body toggle-content fusion-clearfix\">\n<h3>La protection d&#8217;int\u00e9r\u00eats vitaux<\/h3>\n<p>Le traitement est justifi\u00e9 lorsqu\u2019il est n\u00e9cessaire pour prot\u00e9ger les int\u00e9r\u00eats vitaux de la personne concern\u00e9e ou d\u2019un tiers.<\/p>\n<p><em>Exemple : appel aux services d\u2019urgence, traitement des donn\u00e9es \u00e0 des fins humanitaires.<\/em><\/p>\n<\/div><\/div><\/div><div class=\"fusion-panel panel-default panel-3f61db7810dfc8a16 fusion-toggle-has-divider\"><div class=\"panel-heading\"><h4 class=\"panel-title toggle\" id=\"toggle_3f61db7810dfc8a16\"><a aria-expanded=\"false\" aria-controls=\"3f61db7810dfc8a16\" role=\"button\" data-toggle=\"collapse\" data-parent=\"#accordion-32320-1\" data-target=\"#3f61db7810dfc8a16\" href=\"#3f61db7810dfc8a16\"><span class=\"fusion-toggle-icon-wrapper\" aria-hidden=\"true\"><i class=\"fa-fusion-box active-icon awb-icon-minus\" aria-hidden=\"true\"><\/i><i class=\"fa-fusion-box inactive-icon awb-icon-plus\" aria-hidden=\"true\"><\/i><\/span><span class=\"fusion-toggle-heading\">L'ex\u00e9cution d'une mission d'int\u00e9r\u00eat public<\/span><\/a><\/h4><\/div><div id=\"3f61db7810dfc8a16\" class=\"panel-collapse collapse \" aria-labelledby=\"toggle_3f61db7810dfc8a16\"><div class=\"panel-body toggle-content fusion-clearfix\">\n<h3>L&#8217;ex\u00e9cution d&#8217;une mission d&#8217;int\u00e9r\u00eat public<\/h3>\n<p class=\"M3T\"><span lang=\"FR\">Le traitement est justifi\u00e9 lorsque le responsable est investi d\u2019une mission d\u2019int\u00e9r\u00eat public ou exerce l\u2019autorit\u00e9 publique.<\/span><\/p>\n<p class=\"M3T\"><span lang=\"FR\">C\u2019est la l\u00e9gislation nationale de chaque Etat qui pr\u00e9cise ce qui est consid\u00e9r\u00e9 comme \u00e9tant d\u2019int\u00e9r\u00eat public.<\/span><\/p>\n<\/div><\/div><\/div><\/div><\/div><div class=\"fusion-text fusion-text-2\"><h2>II. Exception: le traitement des donn\u00e9es sensibles<\/h2>\n<p>Le traitement de donn\u00e9es sensibles, c\u2019est-\u00e0-dire celles qui r\u00e9v\u00e8lent l\u2019origine ethnique, les opinions politiques, les croyances religieuses ou philosophiques, l\u2019appartenance syndicale, les donn\u00e9es g\u00e9n\u00e9tiques ou biom\u00e9triques, l\u2019orientation sexuelle ou les donn\u00e9es concernant la vie sexuelle et la sant\u00e9 de la personne concern\u00e9e, est en principe interdit.<\/p>\n<p>En\u00a0 Belgique, seules les bases juridiques \u00e9nonc\u00e9es \u00e0 <a href=\"https:\/\/www.ejustice.just.fgov.be\/eli\/loi\/2018\/07\/30\/2018040581\/justel#Art.8\">l\u2019article 8 de la loi du 30 juillet 2018 relative \u00e0 la protection des personnes physiques \u00e0 l&#8217;\u00e9gard des traitements de donn\u00e9es \u00e0 caract\u00e8re personnel<\/a> peuvent justifier le traitement des donn\u00e9es sensibles :<\/p>\n<ul>\n<li>la personne concern\u00e9e a donn\u00e9 son consentement explicite ;<\/li>\n<li>la personne concern\u00e9e a manifestement rendu les informations publique ;<\/li>\n<li>les donn\u00e9es trait\u00e9es sont n\u00e9cessaires \u00e0 la sauvegarde de la vie humaine ;<\/li>\n<li>l\u2019utilisation des donn\u00e9es est justifi\u00e9e par l\u2019int\u00e9r\u00eat public. L\u2019article 8 de la loi du 30 juillet 2018 d\u00e9finit tr\u00e8s pr\u00e9cis\u00e9ment les traitement n\u00e9cessaires pour des motifs d\u2019int\u00e9r\u00eat public en Belgique ;<\/li>\n<li>les donn\u00e9es concernent les membres ou adh\u00e9rents d\u2019une association ou organisation politique, religieuse, philosophique ou syndicale.<\/li>\n<\/ul>\n<h2>III. Pourquoi d\u00e9terminer les bases l\u00e9gales des traitements effectu\u00e9s ?<\/h2>\n<ul>\n<li>Les bases l\u00e9gales de traitement doivent \u00eatre pr\u00e9cis\u00e9es \u00e0 chaque personnes dont les donn\u00e9es sont collect\u00e9es et trait\u00e9es (Art. 13 et 14, RGPD)<\/li>\n<li>Les droits des personnes concern\u00e9es par le traitement s\u2019appliquent diff\u00e9remment en fonction de la base l\u00e9gale qui justifie le traitement.<\/li>\n<li>L\u2019organisme qui traite des donn\u00e9es \u00e0 caract\u00e8re personnel sans que le traitement soit justifi\u00e9 par une des bases l\u00e9gales pr\u00e9vues par le RGPD s\u2019expose \u00e0 des sanctions pouvant aller jusqu\u2019\u00e0 4% de son chiffre d\u2019affaire annuel.<\/li>\n<\/ul>\n<\/div><\/div><\/div><\/div><\/div>\n","protected":false},"excerpt":{"rendered":"","protected":false},"author":164,"featured_media":43653,"comment_status":"closed","ping_status":"open","sticky":false,"template":"","format":"standard","meta":{"_acf_changed":false,"_jetpack_memberships_contains_paid_content":false,"footnotes":""},"categories":[141],"tags":[1506],"class_list":["post-32320","post","type-post","status-publish","format-standard","has-post-thumbnail","hentry","category-non-classifiee","tag-rgpd"],"acf":[],"yoast_head":"<!-- This site is optimized with the Yoast SEO plugin v27.5 - https:\/\/yoast.com\/product\/yoast-seo-wordpress\/ -->\n<title>Les bases l\u00e9gales de traitement des donn\u00e9es personnelles - e2.law<\/title>\n<meta name=\"description\" content=\"Le traitement des donn\u00e9es personnelles doit toujours \u00eatre justifi\u00e9 par une des bases l\u00e9gales pr\u00e9vues par le RGPD.\" \/>\n<meta name=\"robots\" content=\"index, follow, max-snippet:-1, max-image-preview:large, max-video-preview:-1\" \/>\n<link rel=\"canonical\" href=\"https:\/\/www.e2.law\/fr\/2021\/12\/13\/les-bases-legales-de-traitement-des-donnees-a-caractere-personnel\/\" \/>\n<meta property=\"og:locale\" content=\"fr_FR\" \/>\n<meta property=\"og:type\" content=\"article\" \/>\n<meta property=\"og:title\" content=\"Les bases l\u00e9gales de traitement des donn\u00e9es personnelles - e2.law\" \/>\n<meta property=\"og:description\" content=\"Le traitement des donn\u00e9es personnelles doit toujours \u00eatre justifi\u00e9 par une des bases l\u00e9gales pr\u00e9vues par le RGPD.\" \/>\n<meta property=\"og:url\" content=\"https:\/\/www.e2.law\/fr\/2021\/12\/13\/les-bases-legales-de-traitement-des-donnees-a-caractere-personnel\/\" \/>\n<meta property=\"og:site_name\" content=\"e2.law\" \/>\n<meta property=\"article:published_time\" content=\"2021-12-13T17:39:47+00:00\" \/>\n<meta property=\"article:modified_time\" content=\"2024-05-23T08:57:18+00:00\" \/>\n<meta property=\"og:image\" content=\"https:\/\/www.e2.law\/wp-content\/uploads\/2021\/12\/Traitement_De_Donne\u0301es_Personnelles.png\" \/>\n\t<meta property=\"og:image:width\" content=\"800\" \/>\n\t<meta property=\"og:image:height\" content=\"800\" \/>\n\t<meta property=\"og:image:type\" content=\"image\/png\" \/>\n<meta name=\"author\" content=\"Valentine Bonamis\" \/>\n<meta name=\"twitter:card\" content=\"summary_large_image\" \/>\n<meta name=\"twitter:label1\" content=\"\u00c9crit par\" \/>\n\t<meta name=\"twitter:data1\" content=\"Valentine Bonamis\" \/>\n\t<meta name=\"twitter:label2\" content=\"Dur\u00e9e de lecture estim\u00e9e\" \/>\n\t<meta name=\"twitter:data2\" content=\"6 minutes\" \/>\n<script type=\"application\/ld+json\" class=\"yoast-schema-graph\">{\"@context\":\"https:\\\/\\\/schema.org\",\"@graph\":[{\"@type\":\"Article\",\"@id\":\"https:\\\/\\\/www.e2.law\\\/fr\\\/2021\\\/12\\\/13\\\/les-bases-legales-de-traitement-des-donnees-a-caractere-personnel\\\/#article\",\"isPartOf\":{\"@id\":\"https:\\\/\\\/www.e2.law\\\/fr\\\/2021\\\/12\\\/13\\\/les-bases-legales-de-traitement-des-donnees-a-caractere-personnel\\\/\"},\"author\":{\"name\":\"Valentine Bonamis\",\"@id\":\"https:\\\/\\\/www.e2.law\\\/fr\\\/#\\\/schema\\\/person\\\/fc4936c485fc15b9d2be735eb6fa9080\"},\"headline\":\"Les bases l\u00e9gales de traitement des donn\u00e9es personnelles\",\"datePublished\":\"2021-12-13T17:39:47+00:00\",\"dateModified\":\"2024-05-23T08:57:18+00:00\",\"mainEntityOfPage\":{\"@id\":\"https:\\\/\\\/www.e2.law\\\/fr\\\/2021\\\/12\\\/13\\\/les-bases-legales-de-traitement-des-donnees-a-caractere-personnel\\\/\"},\"wordCount\":1543,\"publisher\":{\"@id\":\"https:\\\/\\\/www.e2.law\\\/fr\\\/#organization\"},\"image\":{\"@id\":\"https:\\\/\\\/www.e2.law\\\/fr\\\/2021\\\/12\\\/13\\\/les-bases-legales-de-traitement-des-donnees-a-caractere-personnel\\\/#primaryimage\"},\"thumbnailUrl\":\"https:\\\/\\\/i0.wp.com\\\/www.e2.law\\\/wp-content\\\/uploads\\\/2021\\\/12\\\/Traitement_De_Donne%CC%81es_Personnelles.png?fit=800%2C800&ssl=1\",\"keywords\":[\"RGPD\"],\"articleSection\":[\"Non classifi\u00e9(e)\"],\"inLanguage\":\"fr-FR\"},{\"@type\":\"WebPage\",\"@id\":\"https:\\\/\\\/www.e2.law\\\/fr\\\/2021\\\/12\\\/13\\\/les-bases-legales-de-traitement-des-donnees-a-caractere-personnel\\\/\",\"url\":\"https:\\\/\\\/www.e2.law\\\/fr\\\/2021\\\/12\\\/13\\\/les-bases-legales-de-traitement-des-donnees-a-caractere-personnel\\\/\",\"name\":\"Les bases l\u00e9gales de traitement des donn\u00e9es personnelles - e2.law\",\"isPartOf\":{\"@id\":\"https:\\\/\\\/www.e2.law\\\/fr\\\/#website\"},\"primaryImageOfPage\":{\"@id\":\"https:\\\/\\\/www.e2.law\\\/fr\\\/2021\\\/12\\\/13\\\/les-bases-legales-de-traitement-des-donnees-a-caractere-personnel\\\/#primaryimage\"},\"image\":{\"@id\":\"https:\\\/\\\/www.e2.law\\\/fr\\\/2021\\\/12\\\/13\\\/les-bases-legales-de-traitement-des-donnees-a-caractere-personnel\\\/#primaryimage\"},\"thumbnailUrl\":\"https:\\\/\\\/i0.wp.com\\\/www.e2.law\\\/wp-content\\\/uploads\\\/2021\\\/12\\\/Traitement_De_Donne%CC%81es_Personnelles.png?fit=800%2C800&ssl=1\",\"datePublished\":\"2021-12-13T17:39:47+00:00\",\"dateModified\":\"2024-05-23T08:57:18+00:00\",\"description\":\"Le traitement des donn\u00e9es personnelles doit toujours \u00eatre justifi\u00e9 par une des bases l\u00e9gales pr\u00e9vues par le RGPD.\",\"breadcrumb\":{\"@id\":\"https:\\\/\\\/www.e2.law\\\/fr\\\/2021\\\/12\\\/13\\\/les-bases-legales-de-traitement-des-donnees-a-caractere-personnel\\\/#breadcrumb\"},\"inLanguage\":\"fr-FR\",\"potentialAction\":[{\"@type\":\"ReadAction\",\"target\":[\"https:\\\/\\\/www.e2.law\\\/fr\\\/2021\\\/12\\\/13\\\/les-bases-legales-de-traitement-des-donnees-a-caractere-personnel\\\/\"]}]},{\"@type\":\"ImageObject\",\"inLanguage\":\"fr-FR\",\"@id\":\"https:\\\/\\\/www.e2.law\\\/fr\\\/2021\\\/12\\\/13\\\/les-bases-legales-de-traitement-des-donnees-a-caractere-personnel\\\/#primaryimage\",\"url\":\"https:\\\/\\\/i0.wp.com\\\/www.e2.law\\\/wp-content\\\/uploads\\\/2021\\\/12\\\/Traitement_De_Donne%CC%81es_Personnelles.png?fit=800%2C800&ssl=1\",\"contentUrl\":\"https:\\\/\\\/i0.wp.com\\\/www.e2.law\\\/wp-content\\\/uploads\\\/2021\\\/12\\\/Traitement_De_Donne%CC%81es_Personnelles.png?fit=800%2C800&ssl=1\",\"width\":800,\"height\":800},{\"@type\":\"BreadcrumbList\",\"@id\":\"https:\\\/\\\/www.e2.law\\\/fr\\\/2021\\\/12\\\/13\\\/les-bases-legales-de-traitement-des-donnees-a-caractere-personnel\\\/#breadcrumb\",\"itemListElement\":[{\"@type\":\"ListItem\",\"position\":1,\"name\":\"Home\",\"item\":\"https:\\\/\\\/www.e2.law\\\/fr\\\/home\\\/\"},{\"@type\":\"ListItem\",\"position\":2,\"name\":\"Les bases l\u00e9gales de traitement des donn\u00e9es personnelles\"}]},{\"@type\":\"WebSite\",\"@id\":\"https:\\\/\\\/www.e2.law\\\/fr\\\/#website\",\"url\":\"https:\\\/\\\/www.e2.law\\\/fr\\\/\",\"name\":\"e2.law\",\"description\":\"A Business Law Firm\",\"publisher\":{\"@id\":\"https:\\\/\\\/www.e2.law\\\/fr\\\/#organization\"},\"potentialAction\":[{\"@type\":\"SearchAction\",\"target\":{\"@type\":\"EntryPoint\",\"urlTemplate\":\"https:\\\/\\\/www.e2.law\\\/fr\\\/?s={search_term_string}\"},\"query-input\":{\"@type\":\"PropertyValueSpecification\",\"valueRequired\":true,\"valueName\":\"search_term_string\"}}],\"inLanguage\":\"fr-FR\"},{\"@type\":\"Organization\",\"@id\":\"https:\\\/\\\/www.e2.law\\\/fr\\\/#organization\",\"name\":\"E2.law\",\"url\":\"https:\\\/\\\/www.e2.law\\\/fr\\\/\",\"logo\":{\"@type\":\"ImageObject\",\"inLanguage\":\"fr-FR\",\"@id\":\"https:\\\/\\\/www.e2.law\\\/fr\\\/#\\\/schema\\\/logo\\\/image\\\/\",\"url\":\"https:\\\/\\\/www.e2.law\\\/wp-content\\\/uploads\\\/2018\\\/12\\\/logo-2.png\",\"contentUrl\":\"https:\\\/\\\/www.e2.law\\\/wp-content\\\/uploads\\\/2018\\\/12\\\/logo-2.png\",\"width\":152,\"height\":40,\"caption\":\"E2.law\"},\"image\":{\"@id\":\"https:\\\/\\\/www.e2.law\\\/fr\\\/#\\\/schema\\\/logo\\\/image\\\/\"},\"sameAs\":[\"https:\\\/\\\/www.linkedin.com\\\/company\\\/e2.law\"]},{\"@type\":\"Person\",\"@id\":\"https:\\\/\\\/www.e2.law\\\/fr\\\/#\\\/schema\\\/person\\\/fc4936c485fc15b9d2be735eb6fa9080\",\"name\":\"Valentine Bonamis\",\"image\":{\"@type\":\"ImageObject\",\"inLanguage\":\"fr-FR\",\"@id\":\"https:\\\/\\\/www.e2.law\\\/wp-content\\\/uploads\\\/2021\\\/02\\\/6E22BF17-266E-4CB1-A676-FCE71D83B2A2_1_201_a-scaled-96x96.jpeg\",\"url\":\"https:\\\/\\\/www.e2.law\\\/wp-content\\\/uploads\\\/2021\\\/02\\\/6E22BF17-266E-4CB1-A676-FCE71D83B2A2_1_201_a-scaled-96x96.jpeg\",\"contentUrl\":\"https:\\\/\\\/www.e2.law\\\/wp-content\\\/uploads\\\/2021\\\/02\\\/6E22BF17-266E-4CB1-A676-FCE71D83B2A2_1_201_a-scaled-96x96.jpeg\",\"caption\":\"Valentine Bonamis\"},\"url\":\"https:\\\/\\\/www.e2.law\\\/fr\\\/author\\\/valentine-b\\\/\"}]}<\/script>\n<!-- \/ Yoast SEO plugin. -->","yoast_head_json":{"title":"Les bases l\u00e9gales de traitement des donn\u00e9es personnelles - e2.law","description":"Le traitement des donn\u00e9es personnelles doit toujours \u00eatre justifi\u00e9 par une des bases l\u00e9gales pr\u00e9vues par le RGPD.","robots":{"index":"index","follow":"follow","max-snippet":"max-snippet:-1","max-image-preview":"max-image-preview:large","max-video-preview":"max-video-preview:-1"},"canonical":"https:\/\/www.e2.law\/fr\/2021\/12\/13\/les-bases-legales-de-traitement-des-donnees-a-caractere-personnel\/","og_locale":"fr_FR","og_type":"article","og_title":"Les bases l\u00e9gales de traitement des donn\u00e9es personnelles - e2.law","og_description":"Le traitement des donn\u00e9es personnelles doit toujours \u00eatre justifi\u00e9 par une des bases l\u00e9gales pr\u00e9vues par le RGPD.","og_url":"https:\/\/www.e2.law\/fr\/2021\/12\/13\/les-bases-legales-de-traitement-des-donnees-a-caractere-personnel\/","og_site_name":"e2.law","article_published_time":"2021-12-13T17:39:47+00:00","article_modified_time":"2024-05-23T08:57:18+00:00","og_image":[{"width":800,"height":800,"url":"https:\/\/www.e2.law\/wp-content\/uploads\/2021\/12\/Traitement_De_Donne\u0301es_Personnelles.png","type":"image\/png"}],"author":"Valentine Bonamis","twitter_card":"summary_large_image","twitter_misc":{"\u00c9crit par":"Valentine Bonamis","Dur\u00e9e de lecture estim\u00e9e":"6 minutes"},"schema":{"@context":"https:\/\/schema.org","@graph":[{"@type":"Article","@id":"https:\/\/www.e2.law\/fr\/2021\/12\/13\/les-bases-legales-de-traitement-des-donnees-a-caractere-personnel\/#article","isPartOf":{"@id":"https:\/\/www.e2.law\/fr\/2021\/12\/13\/les-bases-legales-de-traitement-des-donnees-a-caractere-personnel\/"},"author":{"name":"Valentine Bonamis","@id":"https:\/\/www.e2.law\/fr\/#\/schema\/person\/fc4936c485fc15b9d2be735eb6fa9080"},"headline":"Les bases l\u00e9gales de traitement des donn\u00e9es personnelles","datePublished":"2021-12-13T17:39:47+00:00","dateModified":"2024-05-23T08:57:18+00:00","mainEntityOfPage":{"@id":"https:\/\/www.e2.law\/fr\/2021\/12\/13\/les-bases-legales-de-traitement-des-donnees-a-caractere-personnel\/"},"wordCount":1543,"publisher":{"@id":"https:\/\/www.e2.law\/fr\/#organization"},"image":{"@id":"https:\/\/www.e2.law\/fr\/2021\/12\/13\/les-bases-legales-de-traitement-des-donnees-a-caractere-personnel\/#primaryimage"},"thumbnailUrl":"https:\/\/i0.wp.com\/www.e2.law\/wp-content\/uploads\/2021\/12\/Traitement_De_Donne%CC%81es_Personnelles.png?fit=800%2C800&ssl=1","keywords":["RGPD"],"articleSection":["Non classifi\u00e9(e)"],"inLanguage":"fr-FR"},{"@type":"WebPage","@id":"https:\/\/www.e2.law\/fr\/2021\/12\/13\/les-bases-legales-de-traitement-des-donnees-a-caractere-personnel\/","url":"https:\/\/www.e2.law\/fr\/2021\/12\/13\/les-bases-legales-de-traitement-des-donnees-a-caractere-personnel\/","name":"Les bases l\u00e9gales de traitement des donn\u00e9es personnelles - e2.law","isPartOf":{"@id":"https:\/\/www.e2.law\/fr\/#website"},"primaryImageOfPage":{"@id":"https:\/\/www.e2.law\/fr\/2021\/12\/13\/les-bases-legales-de-traitement-des-donnees-a-caractere-personnel\/#primaryimage"},"image":{"@id":"https:\/\/www.e2.law\/fr\/2021\/12\/13\/les-bases-legales-de-traitement-des-donnees-a-caractere-personnel\/#primaryimage"},"thumbnailUrl":"https:\/\/i0.wp.com\/www.e2.law\/wp-content\/uploads\/2021\/12\/Traitement_De_Donne%CC%81es_Personnelles.png?fit=800%2C800&ssl=1","datePublished":"2021-12-13T17:39:47+00:00","dateModified":"2024-05-23T08:57:18+00:00","description":"Le traitement des donn\u00e9es personnelles doit toujours \u00eatre justifi\u00e9 par une des bases l\u00e9gales pr\u00e9vues par le RGPD.","breadcrumb":{"@id":"https:\/\/www.e2.law\/fr\/2021\/12\/13\/les-bases-legales-de-traitement-des-donnees-a-caractere-personnel\/#breadcrumb"},"inLanguage":"fr-FR","potentialAction":[{"@type":"ReadAction","target":["https:\/\/www.e2.law\/fr\/2021\/12\/13\/les-bases-legales-de-traitement-des-donnees-a-caractere-personnel\/"]}]},{"@type":"ImageObject","inLanguage":"fr-FR","@id":"https:\/\/www.e2.law\/fr\/2021\/12\/13\/les-bases-legales-de-traitement-des-donnees-a-caractere-personnel\/#primaryimage","url":"https:\/\/i0.wp.com\/www.e2.law\/wp-content\/uploads\/2021\/12\/Traitement_De_Donne%CC%81es_Personnelles.png?fit=800%2C800&ssl=1","contentUrl":"https:\/\/i0.wp.com\/www.e2.law\/wp-content\/uploads\/2021\/12\/Traitement_De_Donne%CC%81es_Personnelles.png?fit=800%2C800&ssl=1","width":800,"height":800},{"@type":"BreadcrumbList","@id":"https:\/\/www.e2.law\/fr\/2021\/12\/13\/les-bases-legales-de-traitement-des-donnees-a-caractere-personnel\/#breadcrumb","itemListElement":[{"@type":"ListItem","position":1,"name":"Home","item":"https:\/\/www.e2.law\/fr\/home\/"},{"@type":"ListItem","position":2,"name":"Les bases l\u00e9gales de traitement des donn\u00e9es personnelles"}]},{"@type":"WebSite","@id":"https:\/\/www.e2.law\/fr\/#website","url":"https:\/\/www.e2.law\/fr\/","name":"e2.law","description":"A Business Law Firm","publisher":{"@id":"https:\/\/www.e2.law\/fr\/#organization"},"potentialAction":[{"@type":"SearchAction","target":{"@type":"EntryPoint","urlTemplate":"https:\/\/www.e2.law\/fr\/?s={search_term_string}"},"query-input":{"@type":"PropertyValueSpecification","valueRequired":true,"valueName":"search_term_string"}}],"inLanguage":"fr-FR"},{"@type":"Organization","@id":"https:\/\/www.e2.law\/fr\/#organization","name":"E2.law","url":"https:\/\/www.e2.law\/fr\/","logo":{"@type":"ImageObject","inLanguage":"fr-FR","@id":"https:\/\/www.e2.law\/fr\/#\/schema\/logo\/image\/","url":"https:\/\/www.e2.law\/wp-content\/uploads\/2018\/12\/logo-2.png","contentUrl":"https:\/\/www.e2.law\/wp-content\/uploads\/2018\/12\/logo-2.png","width":152,"height":40,"caption":"E2.law"},"image":{"@id":"https:\/\/www.e2.law\/fr\/#\/schema\/logo\/image\/"},"sameAs":["https:\/\/www.linkedin.com\/company\/e2.law"]},{"@type":"Person","@id":"https:\/\/www.e2.law\/fr\/#\/schema\/person\/fc4936c485fc15b9d2be735eb6fa9080","name":"Valentine Bonamis","image":{"@type":"ImageObject","inLanguage":"fr-FR","@id":"https:\/\/www.e2.law\/wp-content\/uploads\/2021\/02\/6E22BF17-266E-4CB1-A676-FCE71D83B2A2_1_201_a-scaled-96x96.jpeg","url":"https:\/\/www.e2.law\/wp-content\/uploads\/2021\/02\/6E22BF17-266E-4CB1-A676-FCE71D83B2A2_1_201_a-scaled-96x96.jpeg","contentUrl":"https:\/\/www.e2.law\/wp-content\/uploads\/2021\/02\/6E22BF17-266E-4CB1-A676-FCE71D83B2A2_1_201_a-scaled-96x96.jpeg","caption":"Valentine Bonamis"},"url":"https:\/\/www.e2.law\/fr\/author\/valentine-b\/"}]}},"jetpack_featured_media_url":"https:\/\/i0.wp.com\/www.e2.law\/wp-content\/uploads\/2021\/12\/Traitement_De_Donne%CC%81es_Personnelles.png?fit=800%2C800&ssl=1","jetpack_sharing_enabled":true,"_links":{"self":[{"href":"https:\/\/www.e2.law\/fr\/wp-json\/wp\/v2\/posts\/32320","targetHints":{"allow":["GET"]}}],"collection":[{"href":"https:\/\/www.e2.law\/fr\/wp-json\/wp\/v2\/posts"}],"about":[{"href":"https:\/\/www.e2.law\/fr\/wp-json\/wp\/v2\/types\/post"}],"author":[{"embeddable":true,"href":"https:\/\/www.e2.law\/fr\/wp-json\/wp\/v2\/users\/164"}],"replies":[{"embeddable":true,"href":"https:\/\/www.e2.law\/fr\/wp-json\/wp\/v2\/comments?post=32320"}],"version-history":[{"count":4,"href":"https:\/\/www.e2.law\/fr\/wp-json\/wp\/v2\/posts\/32320\/revisions"}],"predecessor-version":[{"id":44656,"href":"https:\/\/www.e2.law\/fr\/wp-json\/wp\/v2\/posts\/32320\/revisions\/44656"}],"wp:featuredmedia":[{"embeddable":true,"href":"https:\/\/www.e2.law\/fr\/wp-json\/wp\/v2\/media\/43653"}],"wp:attachment":[{"href":"https:\/\/www.e2.law\/fr\/wp-json\/wp\/v2\/media?parent=32320"}],"wp:term":[{"taxonomy":"category","embeddable":true,"href":"https:\/\/www.e2.law\/fr\/wp-json\/wp\/v2\/categories?post=32320"},{"taxonomy":"post_tag","embeddable":true,"href":"https:\/\/www.e2.law\/fr\/wp-json\/wp\/v2\/tags?post=32320"}],"curies":[{"name":"wp","href":"https:\/\/api.w.org\/{rel}","templated":true}]}}