{"id":32712,"date":"2022-02-08T17:17:55","date_gmt":"2022-02-08T15:17:55","guid":{"rendered":"https:\/\/www.e2.law\/?p=32712"},"modified":"2024-05-23T12:35:52","modified_gmt":"2024-05-23T10:35:52","slug":"comment-les-revenus-immobiliers-sont-ils-taxes-a-limpot-des-personnes-physiques","status":"publish","type":"post","link":"https:\/\/www.e2.law\/fr\/2022\/02\/08\/comment-les-revenus-immobiliers-sont-ils-taxes-a-limpot-des-personnes-physiques\/","title":{"rendered":"Comment les revenus immobiliers sont-ils tax\u00e9s \u00e0 l&#8217;IPP ?"},"content":{"rendered":"<div class=\"fusion-fullwidth fullwidth-box fusion-builder-row-1 fusion-flex-container nonhundred-percent-fullwidth non-hundred-percent-height-scrolling\" style=\"--awb-border-radius-top-left:0px;--awb-border-radius-top-right:0px;--awb-border-radius-bottom-right:0px;--awb-border-radius-bottom-left:0px;--awb-flex-wrap:wrap;\" ><div class=\"fusion-builder-row fusion-row fusion-flex-align-items-flex-start fusion-flex-content-wrap\" style=\"max-width:1144px;margin-left: calc(-4% \/ 2 );margin-right: calc(-4% \/ 2 );\"><div class=\"fusion-layout-column fusion_builder_column fusion-builder-column-0 fusion_builder_column_1_1 1_1 fusion-flex-column\" style=\"--awb-bg-size:cover;--awb-width-large:100%;--awb-margin-top-large:0px;--awb-spacing-right-large:1.92%;--awb-margin-bottom-large:0px;--awb-spacing-left-large:1.92%;--awb-width-medium:100%;--awb-spacing-right-medium:1.92%;--awb-spacing-left-medium:1.92%;--awb-width-small:100%;--awb-spacing-right-small:1.92%;--awb-spacing-left-small:1.92%;\"><div class=\"fusion-column-wrapper fusion-flex-justify-content-flex-start fusion-content-layout-column\"><div class=\"fusion-text fusion-text-1\"><p>Je suis une <strong>personne physique<\/strong> propri\u00e9taire, usufruiti\u00e8re, possesseur, emphyt\u00e9ote ou superficiaire d\u2019un <strong>bien immeuble <\/strong>situ\u00e9 en Belgique. Comment ce bien est-il tax\u00e9 \u00e0 l\u2019imp\u00f4t des personnes physiques\u00a0? La r\u00e9ponse va d\u00e9pendre de l\u2019affectation effective du bien immeuble.<\/p>\n<p>Les diff\u00e9rents cas de figures sont les suivants\u00a0:<\/p>\n<\/div><div class=\"accordian fusion-accordian\" style=\"--awb-border-size:1px;--awb-icon-size:13px;--awb-content-font-size:16px;--awb-icon-alignment:left;--awb-hover-color:#f9f9f9;--awb-border-color:#cccccc;--awb-background-color:#ffffff;--awb-divider-color:#e0dede;--awb-divider-hover-color:#e0dede;--awb-icon-color:#ffffff;--awb-title-color:#333333;--awb-content-color:#747474;--awb-icon-box-color:#333333;--awb-toggle-hover-accent-color:#0da74c;--awb-title-font-family:&quot;Roboto Slab&quot;;--awb-title-font-weight:300;--awb-title-font-style:normal;--awb-title-font-size:14px;--awb-content-font-family:&quot;PT Sans&quot;;--awb-content-font-style:normal;--awb-content-font-weight:400;\"><div class=\"panel-group fusion-toggle-icon-boxed\" id=\"accordion-32712-1\"><div class=\"fusion-panel panel-default panel-c5a3e1b58a1aea57c fusion-toggle-has-divider\"><div class=\"panel-heading\"><h4 class=\"panel-title toggle\" id=\"toggle_c5a3e1b58a1aea57c\"><a aria-expanded=\"false\" aria-controls=\"c5a3e1b58a1aea57c\" role=\"button\" data-toggle=\"collapse\" data-parent=\"#accordion-32712-1\" data-target=\"#c5a3e1b58a1aea57c\" href=\"#c5a3e1b58a1aea57c\"><span class=\"fusion-toggle-icon-wrapper\" aria-hidden=\"true\"><i class=\"fa-fusion-box active-icon awb-icon-minus\" aria-hidden=\"true\"><\/i><i class=\"fa-fusion-box inactive-icon awb-icon-plus\" aria-hidden=\"true\"><\/i><\/span><span class=\"fusion-toggle-heading\">1. Le bien immobilier est enti\u00e8rement affect\u00e9 \u00e0 mon habitation propre<\/span><\/a><\/h4><\/div><div id=\"c5a3e1b58a1aea57c\" class=\"panel-collapse collapse \" aria-labelledby=\"toggle_c5a3e1b58a1aea57c\"><div class=\"panel-body toggle-content fusion-clearfix\">\n<p>Il n\u2019y a pas d\u2019imposition \u00e0 l\u2019imp\u00f4t des personnes physiques, il s\u2019agit d\u2019une exon\u00e9ration<\/p>\n<\/div><\/div><\/div><div class=\"fusion-panel panel-default panel-c2293e00511ca164f fusion-toggle-has-divider\"><div class=\"panel-heading\"><h4 class=\"panel-title toggle\" id=\"toggle_c2293e00511ca164f\"><a aria-expanded=\"false\" aria-controls=\"c2293e00511ca164f\" role=\"button\" data-toggle=\"collapse\" data-parent=\"#accordion-32712-1\" data-target=\"#c2293e00511ca164f\" href=\"#c2293e00511ca164f\"><span class=\"fusion-toggle-icon-wrapper\" aria-hidden=\"true\"><i class=\"fa-fusion-box active-icon awb-icon-minus\" aria-hidden=\"true\"><\/i><i class=\"fa-fusion-box inactive-icon awb-icon-plus\" aria-hidden=\"true\"><\/i><\/span><span class=\"fusion-toggle-heading\">2. Le bien est lou\u00e9 \u00e0 une personne physique :<\/span><\/a><\/h4><\/div><div id=\"c2293e00511ca164f\" class=\"panel-collapse collapse \" aria-labelledby=\"toggle_c2293e00511ca164f\"><div class=\"panel-body toggle-content fusion-clearfix\">\n<p><img data-recalc-dims=\"1\" decoding=\"async\" class=\"lazyload aligncenter wp-image-42070\" src=\"https:\/\/i0.wp.com\/www.e2.law\/wp-content\/uploads\/2022\/02\/ipp-revenus-immobiliers-2.png?resize=1050%2C736&#038;ssl=1\" data-orig-src=\"https:\/\/www.e2.law\/wp-content\/uploads\/2022\/02\/ipp-revenus-immobiliers-2.png\" alt=\"\" width=\"1050\" height=\"736\" srcset=\"data:image\/svg+xml,%3Csvg%20xmlns%3D%27http%3A%2F%2Fwww.w3.org%2F2000%2Fsvg%27%20width%3D%271050%27%20height%3D%27736%27%20viewBox%3D%270%200%201050%20736%27%3E%3Crect%20width%3D%271050%27%20height%3D%27736%27%20fill-opacity%3D%220%22%2F%3E%3C%2Fsvg%3E\" data-srcset=\"https:\/\/i0.wp.com\/www.e2.law\/wp-content\/uploads\/2022\/02\/ipp-revenus-immobiliers-2.png?resize=200%2C140&amp;ssl=1 200w, https:\/\/i0.wp.com\/www.e2.law\/wp-content\/uploads\/2022\/02\/ipp-revenus-immobiliers-2.png?resize=300%2C210&amp;ssl=1 300w, https:\/\/i0.wp.com\/www.e2.law\/wp-content\/uploads\/2022\/02\/ipp-revenus-immobiliers-2.png?resize=400%2C280&amp;ssl=1 400w, https:\/\/i0.wp.com\/www.e2.law\/wp-content\/uploads\/2022\/02\/ipp-revenus-immobiliers-2.png?resize=500%2C351&amp;ssl=1 500w, https:\/\/i0.wp.com\/www.e2.law\/wp-content\/uploads\/2022\/02\/ipp-revenus-immobiliers-2.png?w=522&amp;ssl=1 522w\" data-sizes=\"auto\" data-orig-sizes=\"(max-width: 1050px) 100vw, 1050px\" \/><\/p>\n<\/div><\/div><\/div><div class=\"fusion-panel panel-default panel-1fcebca763f27a848 fusion-toggle-has-divider\"><div class=\"panel-heading\"><h4 class=\"panel-title toggle\" id=\"toggle_1fcebca763f27a848\"><a aria-expanded=\"false\" aria-controls=\"1fcebca763f27a848\" role=\"button\" data-toggle=\"collapse\" data-parent=\"#accordion-32712-1\" data-target=\"#1fcebca763f27a848\" href=\"#1fcebca763f27a848\"><span class=\"fusion-toggle-icon-wrapper\" aria-hidden=\"true\"><i class=\"fa-fusion-box active-icon awb-icon-minus\" aria-hidden=\"true\"><\/i><i class=\"fa-fusion-box inactive-icon awb-icon-plus\" aria-hidden=\"true\"><\/i><\/span><span class=\"fusion-toggle-heading\">3. Le bien est lou\u00e9 \u00e0 une personne morale qui l\u2019affecte \u00e0 son activit\u00e9 professionnelle<\/span><\/a><\/h4><\/div><div id=\"1fcebca763f27a848\" class=\"panel-collapse collapse \" aria-labelledby=\"toggle_1fcebca763f27a848\"><div class=\"panel-body toggle-content fusion-clearfix\">\n<p style=\"padding-left: 40px;\">Je suis impos\u00e9 sur les loyers et avantages locatifs que je per\u00e7ois effectivement<\/p>\n<p style=\"padding-left: 40px;\">Base imposable = Loyers + Avantages locatifs<\/p>\n<\/div><\/div><\/div><div class=\"fusion-panel panel-default panel-047e49753ed51d0ab fusion-toggle-has-divider\"><div class=\"panel-heading\"><h4 class=\"panel-title toggle\" id=\"toggle_047e49753ed51d0ab\"><a aria-expanded=\"false\" aria-controls=\"047e49753ed51d0ab\" role=\"button\" data-toggle=\"collapse\" data-parent=\"#accordion-32712-1\" data-target=\"#047e49753ed51d0ab\" href=\"#047e49753ed51d0ab\"><span class=\"fusion-toggle-icon-wrapper\" aria-hidden=\"true\"><i class=\"fa-fusion-box active-icon awb-icon-minus\" aria-hidden=\"true\"><\/i><i class=\"fa-fusion-box inactive-icon awb-icon-plus\" aria-hidden=\"true\"><\/i><\/span><span class=\"fusion-toggle-heading\"> 4. Le bien n\u2019est ni mon habitation propre, ni mis en location (par exemple r\u00e9sidence secondaire)<\/span><\/a><\/h4><\/div><div id=\"047e49753ed51d0ab\" class=\"panel-collapse collapse \" aria-labelledby=\"toggle_047e49753ed51d0ab\"><div class=\"panel-body toggle-content fusion-clearfix\">\n<p style=\"padding-left: 40px;\">Je suis impos\u00e9 sur le revenu cadastral index\u00e9 major\u00e9 de 40%<\/p>\n<p style=\"padding-left: 40px;\">Base imposable = RC index\u00e9 x 1,40<\/p>\n<\/div><\/div><\/div><\/div><\/div><div class=\"fusion-text fusion-text-2\"><p>Une fois que la base imposable des revenus immobiliers a \u00e9t\u00e9 d\u00e9termin\u00e9e, nous allons l\u2019additionner aux \u00e9ventuels revenus professionnels, revenus divers et revenus de biens mobiliers pour obtenir une <strong><u>base imposable globale<\/u><\/strong>. \u00a0Cette derni\u00e8re va \u00eatre <strong><u>impos\u00e9e globalement<\/u><\/strong> \u00e0 l\u2019imp\u00f4t des personnes physiques progressif par tranches.<\/p>\n<\/div><div class=\"fusion-modal modal fade modal-1 text tableau backup \" tabindex=\"-1\" role=\"dialog\" aria-labelledby=\"modal-heading-1\" aria-hidden=\"true\" style=\"--awb-border-color:#ebebeb;--awb-background:#f6f6f6;\"><div class=\"modal-dialog modal-sm\" role=\"document\"><div class=\"modal-content fusion-modal-content\"><div class=\"modal-header\"><button class=\"close\" type=\"button\" data-dismiss=\"modal\" aria-hidden=\"true\" aria-label=\"Close\">&times;<\/button><h3 class=\"modal-title\" id=\"modal-heading-1\" data-dismiss=\"modal\" aria-hidden=\"true\">Your Content Goes Here<\/h3><\/div><div class=\"modal-body fusion-clearfix\">\n<table width=\"0\">\n<tbody>\n<tr>\n<td width=\"200\"><strong><em>Situation du locataire<\/em><\/strong><\/td>\n<td width=\"196\"><strong>Comment le bailleur est-il impos\u00e9?<\/strong><\/td>\n<td width=\"236\"><strong>Base imposable<\/strong><\/td>\n<\/tr>\n<tr>\n<td width=\"200\"><em>\u00a0<\/em><\/p>\n<p><em>Il occupe le bien <strong>enti\u00e8rement <\/strong>en tant que<strong> particulier<\/strong> <\/em><\/p>\n<p><em>\u00a0<\/em><\/td>\n<td width=\"196\">Je suis impos\u00e9 sur le revenu cadastral index\u00e9 major\u00e9 de 40%<\/td>\n<td width=\"236\">RC index\u00e9 x 1,40<\/td>\n<\/tr>\n<tr>\n<td width=\"200\"><em>Il occupe le bien <strong>enti\u00e8rement<\/strong> comme <strong>espace professionnel<\/strong><\/em><\/p>\n<p><em>\u00a0<\/em><\/td>\n<td width=\"196\">Je suis impos\u00e9 sur les loyers et avantages locatifs que je per\u00e7ois effectivement<\/td>\n<td width=\"236\">Loyers + Avantages locatifs<\/td>\n<\/tr>\n<tr>\n<td width=\"200\"><em>Il l\u2019occupe <strong>partiellement <\/strong>comme<strong> particulier<\/strong> et <strong>partiellement <\/strong>comme<strong> espace professionnel<\/strong> <\/em><\/p>\n<p><em>\u00a0<\/em><\/td>\n<td width=\"196\">\u00f0\u00a0 Sur la partie affect\u00e9e par le locataire \u00e0 son activit\u00e9 professionnelle\u00a0: Je suis impos\u00e9 sur les loyers et avantages locatifs<\/p>\n<p>\u00f0\u00a0 Sur la partie affect\u00e9e par le locataire \u00e0 un usage priv\u00e9\u00a0: Je suis impos\u00e9 sur le revenu cadastral index\u00e9 major\u00e9 de 40%<\/td>\n<td width=\"236\">(%priv\u00e9 x RC index\u00e9 x 1,40) + (%pro x (loyers + avantages locatifs))<\/td>\n<\/tr>\n<\/tbody>\n<\/table>\n<\/div><div class=\"modal-footer\"><button class=\"fusion-button button-default button-medium button default medium\" type=\"button\" data-dismiss=\"modal\">Close<\/button><\/div><\/div><\/div><\/div><\/div><\/div><\/div><\/div>\n","protected":false},"excerpt":{"rendered":"","protected":false},"author":169,"featured_media":43682,"comment_status":"closed","ping_status":"open","sticky":false,"template":"","format":"standard","meta":{"_acf_changed":false,"_jetpack_memberships_contains_paid_content":false,"footnotes":""},"categories":[141],"tags":[890],"class_list":["post-32712","post","type-post","status-publish","format-standard","has-post-thumbnail","hentry","category-non-classifiee","tag-fiscalite"],"acf":[],"yoast_head":"<!-- This site is optimized with the Yoast SEO plugin v27.5 - https:\/\/yoast.com\/product\/yoast-seo-wordpress\/ -->\n<title>Comment les revenus immobiliers sont-ils tax\u00e9s \u00e0 l&#039;IPP ? - e2.law<\/title>\n<meta name=\"description\" content=\"Je suis une personne physique propri\u00e9taire, usufruiti\u00e8re, possesseur, emphyt\u00e9ote ou superficiaire d\u2019un bien immeuble situ\u00e9 en Belgique. Comment ce bien est-il tax\u00e9 \u00e0 l\u2019imp\u00f4t des personnes physiques\u00a0?\" \/>\n<meta name=\"robots\" content=\"index, follow, max-snippet:-1, max-image-preview:large, max-video-preview:-1\" \/>\n<link rel=\"canonical\" href=\"https:\/\/www.e2.law\/fr\/2022\/02\/08\/comment-les-revenus-immobiliers-sont-ils-taxes-a-limpot-des-personnes-physiques\/\" \/>\n<meta property=\"og:locale\" content=\"fr_FR\" \/>\n<meta property=\"og:type\" content=\"article\" \/>\n<meta property=\"og:title\" content=\"Comment les revenus immobiliers sont-ils tax\u00e9s \u00e0 l&#039;IPP ? - e2.law\" \/>\n<meta property=\"og:description\" content=\"Je suis une personne physique propri\u00e9taire, usufruiti\u00e8re, possesseur, emphyt\u00e9ote ou superficiaire d\u2019un bien immeuble situ\u00e9 en Belgique. Comment ce bien est-il tax\u00e9 \u00e0 l\u2019imp\u00f4t des personnes physiques\u00a0?\" \/>\n<meta property=\"og:url\" content=\"https:\/\/www.e2.law\/fr\/2022\/02\/08\/comment-les-revenus-immobiliers-sont-ils-taxes-a-limpot-des-personnes-physiques\/\" \/>\n<meta property=\"og:site_name\" content=\"e2.law\" \/>\n<meta property=\"article:published_time\" content=\"2022-02-08T15:17:55+00:00\" \/>\n<meta property=\"article:modified_time\" content=\"2024-05-23T10:35:52+00:00\" \/>\n<meta property=\"og:image\" content=\"https:\/\/www.e2.law\/wp-content\/uploads\/2022\/02\/Taxes-1.png\" \/>\n\t<meta property=\"og:image:width\" content=\"800\" \/>\n\t<meta property=\"og:image:height\" content=\"800\" \/>\n\t<meta property=\"og:image:type\" content=\"image\/png\" \/>\n<meta name=\"author\" content=\"e\u00b2.law\" \/>\n<meta name=\"twitter:card\" content=\"summary_large_image\" \/>\n<meta name=\"twitter:label1\" content=\"\u00c9crit par\" \/>\n\t<meta name=\"twitter:data1\" content=\"e\u00b2.law\" \/>\n\t<meta name=\"twitter:label2\" content=\"Dur\u00e9e de lecture estim\u00e9e\" \/>\n\t<meta name=\"twitter:data2\" content=\"3 minutes\" \/>\n<script type=\"application\/ld+json\" class=\"yoast-schema-graph\">{\"@context\":\"https:\\\/\\\/schema.org\",\"@graph\":[{\"@type\":\"Article\",\"@id\":\"https:\\\/\\\/www.e2.law\\\/fr\\\/2022\\\/02\\\/08\\\/comment-les-revenus-immobiliers-sont-ils-taxes-a-limpot-des-personnes-physiques\\\/#article\",\"isPartOf\":{\"@id\":\"https:\\\/\\\/www.e2.law\\\/fr\\\/2022\\\/02\\\/08\\\/comment-les-revenus-immobiliers-sont-ils-taxes-a-limpot-des-personnes-physiques\\\/\"},\"author\":{\"name\":\"e\u00b2.law\",\"@id\":\"https:\\\/\\\/www.e2.law\\\/fr\\\/#\\\/schema\\\/person\\\/9f822952177053b420c93ceda8001bcd\"},\"headline\":\"Comment les revenus immobiliers sont-ils tax\u00e9s \u00e0 l&#8217;IPP ?\",\"datePublished\":\"2022-02-08T15:17:55+00:00\",\"dateModified\":\"2024-05-23T10:35:52+00:00\",\"mainEntityOfPage\":{\"@id\":\"https:\\\/\\\/www.e2.law\\\/fr\\\/2022\\\/02\\\/08\\\/comment-les-revenus-immobiliers-sont-ils-taxes-a-limpot-des-personnes-physiques\\\/\"},\"wordCount\":614,\"publisher\":{\"@id\":\"https:\\\/\\\/www.e2.law\\\/fr\\\/#organization\"},\"image\":{\"@id\":\"https:\\\/\\\/www.e2.law\\\/fr\\\/2022\\\/02\\\/08\\\/comment-les-revenus-immobiliers-sont-ils-taxes-a-limpot-des-personnes-physiques\\\/#primaryimage\"},\"thumbnailUrl\":\"https:\\\/\\\/i0.wp.com\\\/www.e2.law\\\/wp-content\\\/uploads\\\/2022\\\/02\\\/Taxes-1.png?fit=800%2C800&ssl=1\",\"keywords\":[\"fiscalit\u00e9\"],\"articleSection\":[\"Non classifi\u00e9(e)\"],\"inLanguage\":\"fr-FR\"},{\"@type\":\"WebPage\",\"@id\":\"https:\\\/\\\/www.e2.law\\\/fr\\\/2022\\\/02\\\/08\\\/comment-les-revenus-immobiliers-sont-ils-taxes-a-limpot-des-personnes-physiques\\\/\",\"url\":\"https:\\\/\\\/www.e2.law\\\/fr\\\/2022\\\/02\\\/08\\\/comment-les-revenus-immobiliers-sont-ils-taxes-a-limpot-des-personnes-physiques\\\/\",\"name\":\"Comment les revenus immobiliers sont-ils tax\u00e9s \u00e0 l'IPP ? - e2.law\",\"isPartOf\":{\"@id\":\"https:\\\/\\\/www.e2.law\\\/fr\\\/#website\"},\"primaryImageOfPage\":{\"@id\":\"https:\\\/\\\/www.e2.law\\\/fr\\\/2022\\\/02\\\/08\\\/comment-les-revenus-immobiliers-sont-ils-taxes-a-limpot-des-personnes-physiques\\\/#primaryimage\"},\"image\":{\"@id\":\"https:\\\/\\\/www.e2.law\\\/fr\\\/2022\\\/02\\\/08\\\/comment-les-revenus-immobiliers-sont-ils-taxes-a-limpot-des-personnes-physiques\\\/#primaryimage\"},\"thumbnailUrl\":\"https:\\\/\\\/i0.wp.com\\\/www.e2.law\\\/wp-content\\\/uploads\\\/2022\\\/02\\\/Taxes-1.png?fit=800%2C800&ssl=1\",\"datePublished\":\"2022-02-08T15:17:55+00:00\",\"dateModified\":\"2024-05-23T10:35:52+00:00\",\"description\":\"Je suis une personne physique propri\u00e9taire, usufruiti\u00e8re, possesseur, emphyt\u00e9ote ou superficiaire d\u2019un bien immeuble situ\u00e9 en Belgique. Comment ce bien est-il tax\u00e9 \u00e0 l\u2019imp\u00f4t des personnes physiques\u00a0?\",\"breadcrumb\":{\"@id\":\"https:\\\/\\\/www.e2.law\\\/fr\\\/2022\\\/02\\\/08\\\/comment-les-revenus-immobiliers-sont-ils-taxes-a-limpot-des-personnes-physiques\\\/#breadcrumb\"},\"inLanguage\":\"fr-FR\",\"potentialAction\":[{\"@type\":\"ReadAction\",\"target\":[\"https:\\\/\\\/www.e2.law\\\/fr\\\/2022\\\/02\\\/08\\\/comment-les-revenus-immobiliers-sont-ils-taxes-a-limpot-des-personnes-physiques\\\/\"]}]},{\"@type\":\"ImageObject\",\"inLanguage\":\"fr-FR\",\"@id\":\"https:\\\/\\\/www.e2.law\\\/fr\\\/2022\\\/02\\\/08\\\/comment-les-revenus-immobiliers-sont-ils-taxes-a-limpot-des-personnes-physiques\\\/#primaryimage\",\"url\":\"https:\\\/\\\/i0.wp.com\\\/www.e2.law\\\/wp-content\\\/uploads\\\/2022\\\/02\\\/Taxes-1.png?fit=800%2C800&ssl=1\",\"contentUrl\":\"https:\\\/\\\/i0.wp.com\\\/www.e2.law\\\/wp-content\\\/uploads\\\/2022\\\/02\\\/Taxes-1.png?fit=800%2C800&ssl=1\",\"width\":800,\"height\":800},{\"@type\":\"BreadcrumbList\",\"@id\":\"https:\\\/\\\/www.e2.law\\\/fr\\\/2022\\\/02\\\/08\\\/comment-les-revenus-immobiliers-sont-ils-taxes-a-limpot-des-personnes-physiques\\\/#breadcrumb\",\"itemListElement\":[{\"@type\":\"ListItem\",\"position\":1,\"name\":\"Home\",\"item\":\"https:\\\/\\\/www.e2.law\\\/fr\\\/home\\\/\"},{\"@type\":\"ListItem\",\"position\":2,\"name\":\"Comment les revenus immobiliers sont-ils tax\u00e9s \u00e0 l&#8217;IPP ?\"}]},{\"@type\":\"WebSite\",\"@id\":\"https:\\\/\\\/www.e2.law\\\/fr\\\/#website\",\"url\":\"https:\\\/\\\/www.e2.law\\\/fr\\\/\",\"name\":\"e2.law\",\"description\":\"A Business Law Firm\",\"publisher\":{\"@id\":\"https:\\\/\\\/www.e2.law\\\/fr\\\/#organization\"},\"potentialAction\":[{\"@type\":\"SearchAction\",\"target\":{\"@type\":\"EntryPoint\",\"urlTemplate\":\"https:\\\/\\\/www.e2.law\\\/fr\\\/?s={search_term_string}\"},\"query-input\":{\"@type\":\"PropertyValueSpecification\",\"valueRequired\":true,\"valueName\":\"search_term_string\"}}],\"inLanguage\":\"fr-FR\"},{\"@type\":\"Organization\",\"@id\":\"https:\\\/\\\/www.e2.law\\\/fr\\\/#organization\",\"name\":\"E2.law\",\"url\":\"https:\\\/\\\/www.e2.law\\\/fr\\\/\",\"logo\":{\"@type\":\"ImageObject\",\"inLanguage\":\"fr-FR\",\"@id\":\"https:\\\/\\\/www.e2.law\\\/fr\\\/#\\\/schema\\\/logo\\\/image\\\/\",\"url\":\"https:\\\/\\\/www.e2.law\\\/wp-content\\\/uploads\\\/2018\\\/12\\\/logo-2.png\",\"contentUrl\":\"https:\\\/\\\/www.e2.law\\\/wp-content\\\/uploads\\\/2018\\\/12\\\/logo-2.png\",\"width\":152,\"height\":40,\"caption\":\"E2.law\"},\"image\":{\"@id\":\"https:\\\/\\\/www.e2.law\\\/fr\\\/#\\\/schema\\\/logo\\\/image\\\/\"},\"sameAs\":[\"https:\\\/\\\/www.linkedin.com\\\/company\\\/e2.law\"]},{\"@type\":\"Person\",\"@id\":\"https:\\\/\\\/www.e2.law\\\/fr\\\/#\\\/schema\\\/person\\\/9f822952177053b420c93ceda8001bcd\",\"name\":\"e\u00b2.law\",\"image\":{\"@type\":\"ImageObject\",\"inLanguage\":\"fr-FR\",\"@id\":\"https:\\\/\\\/secure.gravatar.com\\\/avatar\\\/?d=https:\\\/\\\/www.e2.law\\\/wp-content\\\/uploads\\\/2021\\\/01\\\/pixie_1609696175704-e1610820192173.png&amp;s=96\",\"url\":\"https:\\\/\\\/secure.gravatar.com\\\/avatar\\\/?d=https:\\\/\\\/www.e2.law\\\/wp-content\\\/uploads\\\/2021\\\/01\\\/pixie_1609696175704-e1610820192173.png&amp;s=96\",\"contentUrl\":\"https:\\\/\\\/secure.gravatar.com\\\/avatar\\\/?d=https:\\\/\\\/www.e2.law\\\/wp-content\\\/uploads\\\/2021\\\/01\\\/pixie_1609696175704-e1610820192173.png&amp;s=96\",\"caption\":\"e\u00b2.law\"},\"sameAs\":[\"http:\\\/\\\/www.e2.law\",\"www.linkedin.com\\\\companyprofile\\\\e2.law\"],\"url\":\"https:\\\/\\\/www.e2.law\\\/fr\\\/author\\\/visitor\\\/\"}]}<\/script>\n<!-- \/ Yoast SEO plugin. -->","yoast_head_json":{"title":"Comment les revenus immobiliers sont-ils tax\u00e9s \u00e0 l'IPP ? - e2.law","description":"Je suis une personne physique propri\u00e9taire, usufruiti\u00e8re, possesseur, emphyt\u00e9ote ou superficiaire d\u2019un bien immeuble situ\u00e9 en Belgique. Comment ce bien est-il tax\u00e9 \u00e0 l\u2019imp\u00f4t des personnes physiques\u00a0?","robots":{"index":"index","follow":"follow","max-snippet":"max-snippet:-1","max-image-preview":"max-image-preview:large","max-video-preview":"max-video-preview:-1"},"canonical":"https:\/\/www.e2.law\/fr\/2022\/02\/08\/comment-les-revenus-immobiliers-sont-ils-taxes-a-limpot-des-personnes-physiques\/","og_locale":"fr_FR","og_type":"article","og_title":"Comment les revenus immobiliers sont-ils tax\u00e9s \u00e0 l'IPP ? - e2.law","og_description":"Je suis une personne physique propri\u00e9taire, usufruiti\u00e8re, possesseur, emphyt\u00e9ote ou superficiaire d\u2019un bien immeuble situ\u00e9 en Belgique. Comment ce bien est-il tax\u00e9 \u00e0 l\u2019imp\u00f4t des personnes physiques\u00a0?","og_url":"https:\/\/www.e2.law\/fr\/2022\/02\/08\/comment-les-revenus-immobiliers-sont-ils-taxes-a-limpot-des-personnes-physiques\/","og_site_name":"e2.law","article_published_time":"2022-02-08T15:17:55+00:00","article_modified_time":"2024-05-23T10:35:52+00:00","og_image":[{"width":800,"height":800,"url":"https:\/\/www.e2.law\/wp-content\/uploads\/2022\/02\/Taxes-1.png","type":"image\/png"}],"author":"e\u00b2.law","twitter_card":"summary_large_image","twitter_misc":{"\u00c9crit par":"e\u00b2.law","Dur\u00e9e de lecture estim\u00e9e":"3 minutes"},"schema":{"@context":"https:\/\/schema.org","@graph":[{"@type":"Article","@id":"https:\/\/www.e2.law\/fr\/2022\/02\/08\/comment-les-revenus-immobiliers-sont-ils-taxes-a-limpot-des-personnes-physiques\/#article","isPartOf":{"@id":"https:\/\/www.e2.law\/fr\/2022\/02\/08\/comment-les-revenus-immobiliers-sont-ils-taxes-a-limpot-des-personnes-physiques\/"},"author":{"name":"e\u00b2.law","@id":"https:\/\/www.e2.law\/fr\/#\/schema\/person\/9f822952177053b420c93ceda8001bcd"},"headline":"Comment les revenus immobiliers sont-ils tax\u00e9s \u00e0 l&#8217;IPP ?","datePublished":"2022-02-08T15:17:55+00:00","dateModified":"2024-05-23T10:35:52+00:00","mainEntityOfPage":{"@id":"https:\/\/www.e2.law\/fr\/2022\/02\/08\/comment-les-revenus-immobiliers-sont-ils-taxes-a-limpot-des-personnes-physiques\/"},"wordCount":614,"publisher":{"@id":"https:\/\/www.e2.law\/fr\/#organization"},"image":{"@id":"https:\/\/www.e2.law\/fr\/2022\/02\/08\/comment-les-revenus-immobiliers-sont-ils-taxes-a-limpot-des-personnes-physiques\/#primaryimage"},"thumbnailUrl":"https:\/\/i0.wp.com\/www.e2.law\/wp-content\/uploads\/2022\/02\/Taxes-1.png?fit=800%2C800&ssl=1","keywords":["fiscalit\u00e9"],"articleSection":["Non classifi\u00e9(e)"],"inLanguage":"fr-FR"},{"@type":"WebPage","@id":"https:\/\/www.e2.law\/fr\/2022\/02\/08\/comment-les-revenus-immobiliers-sont-ils-taxes-a-limpot-des-personnes-physiques\/","url":"https:\/\/www.e2.law\/fr\/2022\/02\/08\/comment-les-revenus-immobiliers-sont-ils-taxes-a-limpot-des-personnes-physiques\/","name":"Comment les revenus immobiliers sont-ils tax\u00e9s \u00e0 l'IPP ? - e2.law","isPartOf":{"@id":"https:\/\/www.e2.law\/fr\/#website"},"primaryImageOfPage":{"@id":"https:\/\/www.e2.law\/fr\/2022\/02\/08\/comment-les-revenus-immobiliers-sont-ils-taxes-a-limpot-des-personnes-physiques\/#primaryimage"},"image":{"@id":"https:\/\/www.e2.law\/fr\/2022\/02\/08\/comment-les-revenus-immobiliers-sont-ils-taxes-a-limpot-des-personnes-physiques\/#primaryimage"},"thumbnailUrl":"https:\/\/i0.wp.com\/www.e2.law\/wp-content\/uploads\/2022\/02\/Taxes-1.png?fit=800%2C800&ssl=1","datePublished":"2022-02-08T15:17:55+00:00","dateModified":"2024-05-23T10:35:52+00:00","description":"Je suis une personne physique propri\u00e9taire, usufruiti\u00e8re, possesseur, emphyt\u00e9ote ou superficiaire d\u2019un bien immeuble situ\u00e9 en Belgique. Comment ce bien est-il tax\u00e9 \u00e0 l\u2019imp\u00f4t des personnes physiques\u00a0?","breadcrumb":{"@id":"https:\/\/www.e2.law\/fr\/2022\/02\/08\/comment-les-revenus-immobiliers-sont-ils-taxes-a-limpot-des-personnes-physiques\/#breadcrumb"},"inLanguage":"fr-FR","potentialAction":[{"@type":"ReadAction","target":["https:\/\/www.e2.law\/fr\/2022\/02\/08\/comment-les-revenus-immobiliers-sont-ils-taxes-a-limpot-des-personnes-physiques\/"]}]},{"@type":"ImageObject","inLanguage":"fr-FR","@id":"https:\/\/www.e2.law\/fr\/2022\/02\/08\/comment-les-revenus-immobiliers-sont-ils-taxes-a-limpot-des-personnes-physiques\/#primaryimage","url":"https:\/\/i0.wp.com\/www.e2.law\/wp-content\/uploads\/2022\/02\/Taxes-1.png?fit=800%2C800&ssl=1","contentUrl":"https:\/\/i0.wp.com\/www.e2.law\/wp-content\/uploads\/2022\/02\/Taxes-1.png?fit=800%2C800&ssl=1","width":800,"height":800},{"@type":"BreadcrumbList","@id":"https:\/\/www.e2.law\/fr\/2022\/02\/08\/comment-les-revenus-immobiliers-sont-ils-taxes-a-limpot-des-personnes-physiques\/#breadcrumb","itemListElement":[{"@type":"ListItem","position":1,"name":"Home","item":"https:\/\/www.e2.law\/fr\/home\/"},{"@type":"ListItem","position":2,"name":"Comment les revenus immobiliers sont-ils tax\u00e9s \u00e0 l&#8217;IPP ?"}]},{"@type":"WebSite","@id":"https:\/\/www.e2.law\/fr\/#website","url":"https:\/\/www.e2.law\/fr\/","name":"e2.law","description":"A Business Law Firm","publisher":{"@id":"https:\/\/www.e2.law\/fr\/#organization"},"potentialAction":[{"@type":"SearchAction","target":{"@type":"EntryPoint","urlTemplate":"https:\/\/www.e2.law\/fr\/?s={search_term_string}"},"query-input":{"@type":"PropertyValueSpecification","valueRequired":true,"valueName":"search_term_string"}}],"inLanguage":"fr-FR"},{"@type":"Organization","@id":"https:\/\/www.e2.law\/fr\/#organization","name":"E2.law","url":"https:\/\/www.e2.law\/fr\/","logo":{"@type":"ImageObject","inLanguage":"fr-FR","@id":"https:\/\/www.e2.law\/fr\/#\/schema\/logo\/image\/","url":"https:\/\/www.e2.law\/wp-content\/uploads\/2018\/12\/logo-2.png","contentUrl":"https:\/\/www.e2.law\/wp-content\/uploads\/2018\/12\/logo-2.png","width":152,"height":40,"caption":"E2.law"},"image":{"@id":"https:\/\/www.e2.law\/fr\/#\/schema\/logo\/image\/"},"sameAs":["https:\/\/www.linkedin.com\/company\/e2.law"]},{"@type":"Person","@id":"https:\/\/www.e2.law\/fr\/#\/schema\/person\/9f822952177053b420c93ceda8001bcd","name":"e\u00b2.law","image":{"@type":"ImageObject","inLanguage":"fr-FR","@id":"https:\/\/secure.gravatar.com\/avatar\/?d=https:\/\/www.e2.law\/wp-content\/uploads\/2021\/01\/pixie_1609696175704-e1610820192173.png&amp;s=96","url":"https:\/\/secure.gravatar.com\/avatar\/?d=https:\/\/www.e2.law\/wp-content\/uploads\/2021\/01\/pixie_1609696175704-e1610820192173.png&amp;s=96","contentUrl":"https:\/\/secure.gravatar.com\/avatar\/?d=https:\/\/www.e2.law\/wp-content\/uploads\/2021\/01\/pixie_1609696175704-e1610820192173.png&amp;s=96","caption":"e\u00b2.law"},"sameAs":["http:\/\/www.e2.law","www.linkedin.com\\companyprofile\\e2.law"],"url":"https:\/\/www.e2.law\/fr\/author\/visitor\/"}]}},"jetpack_featured_media_url":"https:\/\/i0.wp.com\/www.e2.law\/wp-content\/uploads\/2022\/02\/Taxes-1.png?fit=800%2C800&ssl=1","jetpack_sharing_enabled":true,"_links":{"self":[{"href":"https:\/\/www.e2.law\/fr\/wp-json\/wp\/v2\/posts\/32712","targetHints":{"allow":["GET"]}}],"collection":[{"href":"https:\/\/www.e2.law\/fr\/wp-json\/wp\/v2\/posts"}],"about":[{"href":"https:\/\/www.e2.law\/fr\/wp-json\/wp\/v2\/types\/post"}],"author":[{"embeddable":true,"href":"https:\/\/www.e2.law\/fr\/wp-json\/wp\/v2\/users\/169"}],"replies":[{"embeddable":true,"href":"https:\/\/www.e2.law\/fr\/wp-json\/wp\/v2\/comments?post=32712"}],"version-history":[{"count":10,"href":"https:\/\/www.e2.law\/fr\/wp-json\/wp\/v2\/posts\/32712\/revisions"}],"predecessor-version":[{"id":44655,"href":"https:\/\/www.e2.law\/fr\/wp-json\/wp\/v2\/posts\/32712\/revisions\/44655"}],"wp:featuredmedia":[{"embeddable":true,"href":"https:\/\/www.e2.law\/fr\/wp-json\/wp\/v2\/media\/43682"}],"wp:attachment":[{"href":"https:\/\/www.e2.law\/fr\/wp-json\/wp\/v2\/media?parent=32712"}],"wp:term":[{"taxonomy":"category","embeddable":true,"href":"https:\/\/www.e2.law\/fr\/wp-json\/wp\/v2\/categories?post=32712"},{"taxonomy":"post_tag","embeddable":true,"href":"https:\/\/www.e2.law\/fr\/wp-json\/wp\/v2\/tags?post=32712"}],"curies":[{"name":"wp","href":"https:\/\/api.w.org\/{rel}","templated":true}]}}