{"id":32954,"date":"2022-02-25T19:21:41","date_gmt":"2022-02-25T17:21:41","guid":{"rendered":"https:\/\/www.e2.law\/?p=32954"},"modified":"2024-05-16T10:15:33","modified_gmt":"2024-05-16T08:15:33","slug":"les-mesures-de-publicite-prealables-a-la-vente-publique-de-biens-saisis","status":"publish","type":"post","link":"https:\/\/www.e2.law\/fr\/2022\/02\/25\/les-mesures-de-publicite-prealables-a-la-vente-publique-de-biens-saisis\/","title":{"rendered":"Les mesures de publicit\u00e9 pr\u00e9alables \u00e0 la vente publique de biens saisis"},"content":{"rendered":"<div class=\"fusion-fullwidth fullwidth-box fusion-builder-row-1 fusion-flex-container nonhundred-percent-fullwidth non-hundred-percent-height-scrolling\" style=\"--awb-border-radius-top-left:0px;--awb-border-radius-top-right:0px;--awb-border-radius-bottom-right:0px;--awb-border-radius-bottom-left:0px;--awb-flex-wrap:wrap;\" ><div class=\"fusion-builder-row fusion-row fusion-flex-align-items-flex-start fusion-flex-content-wrap\" style=\"max-width:1144px;margin-left: calc(-4% \/ 2 );margin-right: calc(-4% \/ 2 );\"><div class=\"fusion-layout-column fusion_builder_column fusion-builder-column-0 fusion_builder_column_1_1 1_1 fusion-flex-column\" style=\"--awb-bg-size:cover;--awb-width-large:100%;--awb-margin-top-large:0px;--awb-spacing-right-large:1.92%;--awb-margin-bottom-large:0px;--awb-spacing-left-large:1.92%;--awb-width-medium:100%;--awb-spacing-right-medium:1.92%;--awb-spacing-left-medium:1.92%;--awb-width-small:100%;--awb-spacing-right-small:1.92%;--awb-spacing-left-small:1.92%;\"><div class=\"fusion-column-wrapper fusion-flex-justify-content-flex-start fusion-content-layout-column\"><div class=\"fusion-text fusion-text-1\"><p>La publicit\u00e9 de la vente publique est r\u00e9gl\u00e9e par les articles <a href=\"https:\/\/www.ejustice.just.fgov.be\/cgi_loi\/loi_a1.pl?DETAIL=1967101005%2FF&amp;caller=list&amp;row_id=1&amp;numero=7&amp;rech=13&amp;cn=1967101005&amp;table_name=LOI&amp;nm=1967101056&amp;la=F&amp;dt=CODE+JUDICIAIRE&amp;language=fr&amp;fr=f&amp;choix1=ET&amp;choix2=ET&amp;fromtab=loi_all&amp;trier=promulgation&amp;chercher=t&amp;sql=dt+contains++%27CODE%27%26+%27JUDICIAIRE%27and+actif+%3D+%27Y%27&amp;tri=dd+AS+RANK+&amp;imgcn.x=63&amp;imgcn.y=10#Art.1516\">1516 \u00e0 1519 du Code judiciaire<\/a>.<\/p>\n<\/div><div class=\"accordian fusion-accordian\" style=\"--awb-border-size:1px;--awb-icon-size:13px;--awb-content-font-size:16px;--awb-icon-alignment:left;--awb-hover-color:#f9f9f9;--awb-border-color:#cccccc;--awb-background-color:#ffffff;--awb-divider-color:#e0dede;--awb-divider-hover-color:#e0dede;--awb-icon-color:#ffffff;--awb-title-color:#333333;--awb-content-color:#747474;--awb-icon-box-color:#333333;--awb-toggle-hover-accent-color:#0da74c;--awb-title-font-family:&quot;Roboto Slab&quot;;--awb-title-font-weight:300;--awb-title-font-style:normal;--awb-title-font-size:14px;--awb-content-font-family:&quot;PT Sans&quot;;--awb-content-font-style:normal;--awb-content-font-weight:400;\"><div class=\"panel-group fusion-toggle-icon-boxed\" id=\"accordion-32954-1\"><div class=\"fusion-panel panel-default panel-029c526271f783a8a fusion-toggle-has-divider\"><div class=\"panel-heading\"><h4 class=\"panel-title toggle\" id=\"toggle_029c526271f783a8a\"><a class=\"active\" aria-expanded=\"true\" aria-controls=\"029c526271f783a8a\" role=\"button\" data-toggle=\"collapse\" data-parent=\"#accordion-32954-1\" data-target=\"#029c526271f783a8a\" href=\"#029c526271f783a8a\"><span class=\"fusion-toggle-icon-wrapper\" aria-hidden=\"true\"><i class=\"fa-fusion-box active-icon awb-icon-minus\" aria-hidden=\"true\"><\/i><i class=\"fa-fusion-box inactive-icon awb-icon-plus\" aria-hidden=\"true\"><\/i><\/span><span class=\"fusion-toggle-heading\">R\u00e9gime commun<\/span><\/a><\/h4><\/div><div id=\"029c526271f783a8a\" class=\"panel-collapse collapse in\" aria-labelledby=\"toggle_029c526271f783a8a\"><div class=\"panel-body toggle-content fusion-clearfix\">\n<p>L\u2019article <a href=\"https:\/\/www.ejustice.just.fgov.be\/cgi_loi\/loi_a1.pl?DETAIL=1967101005%2FF&amp;caller=list&amp;row_id=1&amp;numero=7&amp;rech=13&amp;cn=1967101005&amp;table_name=LOI&amp;nm=1967101056&amp;la=F&amp;dt=CODE+JUDICIAIRE&amp;language=fr&amp;fr=f&amp;choix1=ET&amp;choix2=ET&amp;fromtab=loi_all&amp;trier=promulgation&amp;chercher=t&amp;sql=dt+contains++%27CODE%27%26+%27JUDICIAIRE%27and+actif+%3D+%27Y%27&amp;tri=dd+AS+RANK+&amp;imgcn.x=63&amp;imgcn.y=10#Art.1516\">1516<\/a> pr\u00e9voit que la vente doit \u00eatre annonc\u00e9e\u00a0:<\/p>\n<h3><span style=\"font-weight: normal !msorm;\"><strong>Par un placard<\/strong><\/span><\/h3>\n<p>C\u2019est-\u00e0-dire une affiche. Il indique :<\/p>\n<ul>\n<li>le lieu de la vente<\/li>\n<li>la date (jour et heure) de la vente<\/li>\n<li>la nature des objets \u00e0 vendre.<\/li>\n<\/ul>\n<p>Le placard est affich\u00e9 de mani\u00e8re visible au lieu de la vente dans les trois jours ouvrables avant celle-ci. Le d\u00e9biteur en re\u00e7oit \u00e9galement un exemplaire, de la main \u00e0 la main ou d\u00e9pos\u00e9 \u00e0 son domicile sous enveloppe par l\u2019huissier.<\/p>\n<p>L\u2019huissier constate l\u2019apposition du placard ainsi que le d\u00e9p\u00f4t du second exemplaire dans un proc\u00e8s-verbal (<a href=\"https:\/\/www.ejustice.just.fgov.be\/cgi_loi\/loi_a1.pl?DETAIL=1967101005%2FF&amp;caller=list&amp;row_id=1&amp;numero=7&amp;rech=13&amp;cn=1967101005&amp;table_name=LOI&amp;nm=1967101056&amp;la=F&amp;dt=CODE+JUDICIAIRE&amp;language=fr&amp;fr=f&amp;choix1=ET&amp;choix2=ET&amp;fromtab=loi_all&amp;trier=promulgation&amp;chercher=t&amp;sql=dt+contains++%27CODE%27%26+%27JUDICIAIRE%27and+actif+%3D+%27Y%27&amp;tri=dd+AS+RANK+&amp;imgcn.x=63&amp;imgcn.y=10#Art.1518\">article 1518, Code judiciaire<\/a>). Le proc\u00e8s-verbal ainsi que le placard sont soumis \u00e0 un droit gradu\u00e9.<\/p>\n<h3><span style=\"font-weight: normal !msorm;\"><strong>Par<\/strong><\/span><strong> une publicit\u00e9<\/strong><\/h3>\n<ul>\n<li><em>soit par<span style=\"font-weight: normal !msorm;\"> voie \u00e9lectronique<\/span><\/em>, notamment par une publicit\u00e9 sur la plateforme de vente des huissiers de justice. La vente peut \u00e9galement \u00eatre annonc\u00e9e par tout autre moyen \u00e9lectronique choisi par l\u2019huissier de justice ;<\/li>\n<li><em>soit p<span style=\"font-weight: normal !msorm;\">ar les journaux<\/span><\/em>, dans les villes o\u00f9 il y en a.<\/li>\n<\/ul>\n<p><a href=\"https:\/\/www.ejustice.just.fgov.be\/cgi_loi\/loi_a1.pl?DETAIL=1967101005%2FF&amp;caller=list&amp;row_id=1&amp;numero=7&amp;rech=13&amp;cn=1967101005&amp;table_name=LOI&amp;nm=1967101056&amp;la=F&amp;dt=CODE+JUDICIAIRE&amp;language=fr&amp;fr=f&amp;choix1=ET&amp;choix2=ET&amp;fromtab=loi_all&amp;trier=promulgation&amp;chercher=t&amp;sql=dt+contains++%27CODE%27%26+%27JUDICIAIRE%27and+actif+%3D+%27Y%27&amp;tri=dd+AS+RANK+&amp;imgcn.x=63&amp;imgcn.y=10#Art.1516\">L\u2019article 1516<\/a> encadre ces publications. L\u2019annonce ne peut \u00eatre ins\u00e9r\u00e9e que deux fois dans le m\u00eame journal ou une fois dans deux journaux diff\u00e9rents.<\/p>\n<p>Une publicit\u00e9 plus large est possible avec autorisation du juge des saisies. Cette autorisation s\u2019obtient sur requ\u00eate pr\u00e9sent\u00e9e et sign\u00e9e par un avocat ou un huissier de justice.<\/p>\n<p>L\u2019identit\u00e9 du d\u00e9biteur saisi n\u2019est jamais mentionn\u00e9e si sur le placard, ni dans la publicit\u00e9 (<a href=\"https:\/\/www.ejustice.just.fgov.be\/cgi_loi\/loi_a1.pl?DETAIL=1967101005%2FF&amp;caller=list&amp;row_id=1&amp;numero=7&amp;rech=13&amp;cn=1967101005&amp;table_name=LOI&amp;nm=1967101056&amp;la=F&amp;dt=CODE+JUDICIAIRE&amp;language=fr&amp;fr=f&amp;choix1=ET&amp;choix2=ET&amp;fromtab=loi_all&amp;trier=promulgation&amp;chercher=t&amp;sql=dt+contains++%27CODE%27%26+%27JUDICIAIRE%27and+actif+%3D+%27Y%27&amp;tri=dd+AS+RANK+&amp;imgcn.x=63&amp;imgcn.y=10#Art.1517\"> 1517, al. 2<\/a>).<\/p>\n<\/div><\/div><\/div><div class=\"fusion-panel panel-default panel-54b308d9480b4a6d4 fusion-toggle-has-divider\"><div class=\"panel-heading\"><h4 class=\"panel-title toggle\" id=\"toggle_54b308d9480b4a6d4\"><a aria-expanded=\"false\" aria-controls=\"54b308d9480b4a6d4\" role=\"button\" data-toggle=\"collapse\" data-parent=\"#accordion-32954-1\" data-target=\"#54b308d9480b4a6d4\" href=\"#54b308d9480b4a6d4\"><span class=\"fusion-toggle-icon-wrapper\" aria-hidden=\"true\"><i class=\"fa-fusion-box active-icon awb-icon-minus\" aria-hidden=\"true\"><\/i><i class=\"fa-fusion-box inactive-icon awb-icon-plus\" aria-hidden=\"true\"><\/i><\/span><span class=\"fusion-toggle-heading\">R\u00e8gles particuli\u00e8res pour les objets d'art<\/span><\/a><\/h4><\/div><div id=\"54b308d9480b4a6d4\" class=\"panel-collapse collapse \" aria-labelledby=\"toggle_54b308d9480b4a6d4\"><div class=\"panel-body toggle-content fusion-clearfix\">\n<p><a href=\"https:\/\/www.ejustice.just.fgov.be\/cgi_loi\/loi_a1.pl?DETAIL=1967101005%2FF&amp;caller=list&amp;row_id=1&amp;numero=7&amp;rech=13&amp;cn=1967101005&amp;table_name=LOI&amp;nm=1967101056&amp;la=F&amp;dt=CODE+JUDICIAIRE&amp;language=fr&amp;fr=f&amp;choix1=ET&amp;choix2=ET&amp;fromtab=loi_all&amp;trier=promulgation&amp;chercher=t&amp;sql=dt+contains++%27CODE%27%26+%27JUDICIAIRE%27and+actif+%3D+%27Y%27&amp;tri=dd+AS+RANK+&amp;imgcn.x=63&amp;imgcn.y=10#Art.1519\">L\u2019article 1519<\/a>\u00a0pr\u00e9voit un r\u00e9gime de publicit\u00e9 sp\u00e9cifique pour les objets d\u2019art ayant une valeur de plus de 500 euros.<\/p>\n<p>En plus des mesures de publicit\u00e9 d\u00e9taill\u00e9es ci-dessus, les \u0153uvres d\u2019art\u00a0<strong>doivent \u00eatre expos\u00e9es pr\u00e9alablement<\/strong>\u00a0\u00e0 la vente \u00e0 l\u2019endroit o\u00f9 elles seront mises en vente.<\/p>\n<p>Si ce lieu ne permet pas une telle exposition, le saisissant peut demander au juge des saisies, par une requ\u00eate sign\u00e9e par un avocat ou un huissier de justice, de fixer un<\/p>\n<\/div><\/div><\/div><\/div><\/div><div class=\"fusion-text fusion-text-2\"><p><a href=\"#_ftnref1\" name=\"_ftn1\"><\/a><\/p>\n<\/div><\/div><\/div><\/div><\/div>\n","protected":false},"excerpt":{"rendered":"","protected":false},"author":164,"featured_media":0,"comment_status":"closed","ping_status":"open","sticky":false,"template":"","format":"standard","meta":{"_acf_changed":false,"_jetpack_memberships_contains_paid_content":false,"footnotes":""},"categories":[141],"tags":[924,922],"class_list":["post-32954","post","type-post","status-publish","format-standard","hentry","category-non-classifiee","tag-execution","tag-saisie"],"acf":[],"yoast_head":"<!-- This site is optimized with the Yoast SEO plugin v27.5 - https:\/\/yoast.com\/product\/yoast-seo-wordpress\/ -->\n<title>Les mesures de publicit\u00e9 pr\u00e9alables \u00e0 la vente publique de biens saisis - e2.law<\/title>\n<meta name=\"description\" content=\"La publicit\u00e9 de la vente publique est r\u00e9gl\u00e9e par les articles 1516 \u00e0 1519 du Code judiciaire.\" \/>\n<meta name=\"robots\" content=\"index, follow, max-snippet:-1, max-image-preview:large, max-video-preview:-1\" \/>\n<link rel=\"canonical\" href=\"https:\/\/www.e2.law\/fr\/2022\/02\/25\/les-mesures-de-publicite-prealables-a-la-vente-publique-de-biens-saisis\/\" \/>\n<meta property=\"og:locale\" content=\"fr_FR\" \/>\n<meta property=\"og:type\" content=\"article\" \/>\n<meta property=\"og:title\" content=\"Les mesures de publicit\u00e9 pr\u00e9alables \u00e0 la vente publique de biens saisis - e2.law\" \/>\n<meta property=\"og:description\" content=\"La publicit\u00e9 de la vente publique est r\u00e9gl\u00e9e par les articles 1516 \u00e0 1519 du Code judiciaire.\" \/>\n<meta property=\"og:url\" content=\"https:\/\/www.e2.law\/fr\/2022\/02\/25\/les-mesures-de-publicite-prealables-a-la-vente-publique-de-biens-saisis\/\" \/>\n<meta property=\"og:site_name\" content=\"e2.law\" \/>\n<meta property=\"article:published_time\" content=\"2022-02-25T17:21:41+00:00\" \/>\n<meta property=\"article:modified_time\" content=\"2024-05-16T08:15:33+00:00\" \/>\n<meta name=\"author\" content=\"Valentine Bonamis\" \/>\n<meta name=\"twitter:card\" content=\"summary_large_image\" \/>\n<meta name=\"twitter:label1\" content=\"\u00c9crit par\" \/>\n\t<meta name=\"twitter:data1\" content=\"Valentine Bonamis\" \/>\n\t<meta name=\"twitter:label2\" content=\"Dur\u00e9e de lecture estim\u00e9e\" \/>\n\t<meta name=\"twitter:data2\" content=\"2 minutes\" \/>\n<script type=\"application\/ld+json\" class=\"yoast-schema-graph\">{\"@context\":\"https:\\\/\\\/schema.org\",\"@graph\":[{\"@type\":\"Article\",\"@id\":\"https:\\\/\\\/www.e2.law\\\/fr\\\/2022\\\/02\\\/25\\\/les-mesures-de-publicite-prealables-a-la-vente-publique-de-biens-saisis\\\/#article\",\"isPartOf\":{\"@id\":\"https:\\\/\\\/www.e2.law\\\/fr\\\/2022\\\/02\\\/25\\\/les-mesures-de-publicite-prealables-a-la-vente-publique-de-biens-saisis\\\/\"},\"author\":{\"name\":\"Valentine Bonamis\",\"@id\":\"https:\\\/\\\/www.e2.law\\\/fr\\\/#\\\/schema\\\/person\\\/fc4936c485fc15b9d2be735eb6fa9080\"},\"headline\":\"Les mesures de publicit\u00e9 pr\u00e9alables \u00e0 la vente publique de biens saisis\",\"datePublished\":\"2022-02-25T17:21:41+00:00\",\"dateModified\":\"2024-05-16T08:15:33+00:00\",\"mainEntityOfPage\":{\"@id\":\"https:\\\/\\\/www.e2.law\\\/fr\\\/2022\\\/02\\\/25\\\/les-mesures-de-publicite-prealables-a-la-vente-publique-de-biens-saisis\\\/\"},\"wordCount\":613,\"publisher\":{\"@id\":\"https:\\\/\\\/www.e2.law\\\/fr\\\/#organization\"},\"keywords\":[\"ex\u00e9cution\",\"saisie\"],\"articleSection\":[\"Non classifi\u00e9(e)\"],\"inLanguage\":\"fr-FR\"},{\"@type\":\"WebPage\",\"@id\":\"https:\\\/\\\/www.e2.law\\\/fr\\\/2022\\\/02\\\/25\\\/les-mesures-de-publicite-prealables-a-la-vente-publique-de-biens-saisis\\\/\",\"url\":\"https:\\\/\\\/www.e2.law\\\/fr\\\/2022\\\/02\\\/25\\\/les-mesures-de-publicite-prealables-a-la-vente-publique-de-biens-saisis\\\/\",\"name\":\"Les mesures de publicit\u00e9 pr\u00e9alables \u00e0 la vente publique de biens saisis - e2.law\",\"isPartOf\":{\"@id\":\"https:\\\/\\\/www.e2.law\\\/fr\\\/#website\"},\"datePublished\":\"2022-02-25T17:21:41+00:00\",\"dateModified\":\"2024-05-16T08:15:33+00:00\",\"description\":\"La publicit\u00e9 de la vente publique est r\u00e9gl\u00e9e par les articles 1516 \u00e0 1519 du Code judiciaire.\",\"breadcrumb\":{\"@id\":\"https:\\\/\\\/www.e2.law\\\/fr\\\/2022\\\/02\\\/25\\\/les-mesures-de-publicite-prealables-a-la-vente-publique-de-biens-saisis\\\/#breadcrumb\"},\"inLanguage\":\"fr-FR\",\"potentialAction\":[{\"@type\":\"ReadAction\",\"target\":[\"https:\\\/\\\/www.e2.law\\\/fr\\\/2022\\\/02\\\/25\\\/les-mesures-de-publicite-prealables-a-la-vente-publique-de-biens-saisis\\\/\"]}]},{\"@type\":\"BreadcrumbList\",\"@id\":\"https:\\\/\\\/www.e2.law\\\/fr\\\/2022\\\/02\\\/25\\\/les-mesures-de-publicite-prealables-a-la-vente-publique-de-biens-saisis\\\/#breadcrumb\",\"itemListElement\":[{\"@type\":\"ListItem\",\"position\":1,\"name\":\"Home\",\"item\":\"https:\\\/\\\/www.e2.law\\\/fr\\\/home\\\/\"},{\"@type\":\"ListItem\",\"position\":2,\"name\":\"Les mesures de publicit\u00e9 pr\u00e9alables \u00e0 la vente publique de biens saisis\"}]},{\"@type\":\"WebSite\",\"@id\":\"https:\\\/\\\/www.e2.law\\\/fr\\\/#website\",\"url\":\"https:\\\/\\\/www.e2.law\\\/fr\\\/\",\"name\":\"e2.law\",\"description\":\"A Business Law Firm\",\"publisher\":{\"@id\":\"https:\\\/\\\/www.e2.law\\\/fr\\\/#organization\"},\"potentialAction\":[{\"@type\":\"SearchAction\",\"target\":{\"@type\":\"EntryPoint\",\"urlTemplate\":\"https:\\\/\\\/www.e2.law\\\/fr\\\/?s={search_term_string}\"},\"query-input\":{\"@type\":\"PropertyValueSpecification\",\"valueRequired\":true,\"valueName\":\"search_term_string\"}}],\"inLanguage\":\"fr-FR\"},{\"@type\":\"Organization\",\"@id\":\"https:\\\/\\\/www.e2.law\\\/fr\\\/#organization\",\"name\":\"E2.law\",\"url\":\"https:\\\/\\\/www.e2.law\\\/fr\\\/\",\"logo\":{\"@type\":\"ImageObject\",\"inLanguage\":\"fr-FR\",\"@id\":\"https:\\\/\\\/www.e2.law\\\/fr\\\/#\\\/schema\\\/logo\\\/image\\\/\",\"url\":\"https:\\\/\\\/www.e2.law\\\/wp-content\\\/uploads\\\/2018\\\/12\\\/logo-2.png\",\"contentUrl\":\"https:\\\/\\\/www.e2.law\\\/wp-content\\\/uploads\\\/2018\\\/12\\\/logo-2.png\",\"width\":152,\"height\":40,\"caption\":\"E2.law\"},\"image\":{\"@id\":\"https:\\\/\\\/www.e2.law\\\/fr\\\/#\\\/schema\\\/logo\\\/image\\\/\"},\"sameAs\":[\"https:\\\/\\\/www.linkedin.com\\\/company\\\/e2.law\"]},{\"@type\":\"Person\",\"@id\":\"https:\\\/\\\/www.e2.law\\\/fr\\\/#\\\/schema\\\/person\\\/fc4936c485fc15b9d2be735eb6fa9080\",\"name\":\"Valentine Bonamis\",\"image\":{\"@type\":\"ImageObject\",\"inLanguage\":\"fr-FR\",\"@id\":\"https:\\\/\\\/www.e2.law\\\/wp-content\\\/uploads\\\/2021\\\/02\\\/6E22BF17-266E-4CB1-A676-FCE71D83B2A2_1_201_a-scaled-96x96.jpeg\",\"url\":\"https:\\\/\\\/www.e2.law\\\/wp-content\\\/uploads\\\/2021\\\/02\\\/6E22BF17-266E-4CB1-A676-FCE71D83B2A2_1_201_a-scaled-96x96.jpeg\",\"contentUrl\":\"https:\\\/\\\/www.e2.law\\\/wp-content\\\/uploads\\\/2021\\\/02\\\/6E22BF17-266E-4CB1-A676-FCE71D83B2A2_1_201_a-scaled-96x96.jpeg\",\"caption\":\"Valentine Bonamis\"},\"url\":\"https:\\\/\\\/www.e2.law\\\/fr\\\/author\\\/valentine-b\\\/\"}]}<\/script>\n<!-- \/ Yoast SEO plugin. -->","yoast_head_json":{"title":"Les mesures de publicit\u00e9 pr\u00e9alables \u00e0 la vente publique de biens saisis - e2.law","description":"La publicit\u00e9 de la vente publique est r\u00e9gl\u00e9e par les articles 1516 \u00e0 1519 du Code judiciaire.","robots":{"index":"index","follow":"follow","max-snippet":"max-snippet:-1","max-image-preview":"max-image-preview:large","max-video-preview":"max-video-preview:-1"},"canonical":"https:\/\/www.e2.law\/fr\/2022\/02\/25\/les-mesures-de-publicite-prealables-a-la-vente-publique-de-biens-saisis\/","og_locale":"fr_FR","og_type":"article","og_title":"Les mesures de publicit\u00e9 pr\u00e9alables \u00e0 la vente publique de biens saisis - e2.law","og_description":"La publicit\u00e9 de la vente publique est r\u00e9gl\u00e9e par les articles 1516 \u00e0 1519 du Code judiciaire.","og_url":"https:\/\/www.e2.law\/fr\/2022\/02\/25\/les-mesures-de-publicite-prealables-a-la-vente-publique-de-biens-saisis\/","og_site_name":"e2.law","article_published_time":"2022-02-25T17:21:41+00:00","article_modified_time":"2024-05-16T08:15:33+00:00","author":"Valentine Bonamis","twitter_card":"summary_large_image","twitter_misc":{"\u00c9crit par":"Valentine Bonamis","Dur\u00e9e de lecture estim\u00e9e":"2 minutes"},"schema":{"@context":"https:\/\/schema.org","@graph":[{"@type":"Article","@id":"https:\/\/www.e2.law\/fr\/2022\/02\/25\/les-mesures-de-publicite-prealables-a-la-vente-publique-de-biens-saisis\/#article","isPartOf":{"@id":"https:\/\/www.e2.law\/fr\/2022\/02\/25\/les-mesures-de-publicite-prealables-a-la-vente-publique-de-biens-saisis\/"},"author":{"name":"Valentine Bonamis","@id":"https:\/\/www.e2.law\/fr\/#\/schema\/person\/fc4936c485fc15b9d2be735eb6fa9080"},"headline":"Les mesures de publicit\u00e9 pr\u00e9alables \u00e0 la vente publique de biens saisis","datePublished":"2022-02-25T17:21:41+00:00","dateModified":"2024-05-16T08:15:33+00:00","mainEntityOfPage":{"@id":"https:\/\/www.e2.law\/fr\/2022\/02\/25\/les-mesures-de-publicite-prealables-a-la-vente-publique-de-biens-saisis\/"},"wordCount":613,"publisher":{"@id":"https:\/\/www.e2.law\/fr\/#organization"},"keywords":["ex\u00e9cution","saisie"],"articleSection":["Non classifi\u00e9(e)"],"inLanguage":"fr-FR"},{"@type":"WebPage","@id":"https:\/\/www.e2.law\/fr\/2022\/02\/25\/les-mesures-de-publicite-prealables-a-la-vente-publique-de-biens-saisis\/","url":"https:\/\/www.e2.law\/fr\/2022\/02\/25\/les-mesures-de-publicite-prealables-a-la-vente-publique-de-biens-saisis\/","name":"Les mesures de publicit\u00e9 pr\u00e9alables \u00e0 la vente publique de biens saisis - e2.law","isPartOf":{"@id":"https:\/\/www.e2.law\/fr\/#website"},"datePublished":"2022-02-25T17:21:41+00:00","dateModified":"2024-05-16T08:15:33+00:00","description":"La publicit\u00e9 de la vente publique est r\u00e9gl\u00e9e par les articles 1516 \u00e0 1519 du Code judiciaire.","breadcrumb":{"@id":"https:\/\/www.e2.law\/fr\/2022\/02\/25\/les-mesures-de-publicite-prealables-a-la-vente-publique-de-biens-saisis\/#breadcrumb"},"inLanguage":"fr-FR","potentialAction":[{"@type":"ReadAction","target":["https:\/\/www.e2.law\/fr\/2022\/02\/25\/les-mesures-de-publicite-prealables-a-la-vente-publique-de-biens-saisis\/"]}]},{"@type":"BreadcrumbList","@id":"https:\/\/www.e2.law\/fr\/2022\/02\/25\/les-mesures-de-publicite-prealables-a-la-vente-publique-de-biens-saisis\/#breadcrumb","itemListElement":[{"@type":"ListItem","position":1,"name":"Home","item":"https:\/\/www.e2.law\/fr\/home\/"},{"@type":"ListItem","position":2,"name":"Les mesures de publicit\u00e9 pr\u00e9alables \u00e0 la vente publique de biens saisis"}]},{"@type":"WebSite","@id":"https:\/\/www.e2.law\/fr\/#website","url":"https:\/\/www.e2.law\/fr\/","name":"e2.law","description":"A Business Law Firm","publisher":{"@id":"https:\/\/www.e2.law\/fr\/#organization"},"potentialAction":[{"@type":"SearchAction","target":{"@type":"EntryPoint","urlTemplate":"https:\/\/www.e2.law\/fr\/?s={search_term_string}"},"query-input":{"@type":"PropertyValueSpecification","valueRequired":true,"valueName":"search_term_string"}}],"inLanguage":"fr-FR"},{"@type":"Organization","@id":"https:\/\/www.e2.law\/fr\/#organization","name":"E2.law","url":"https:\/\/www.e2.law\/fr\/","logo":{"@type":"ImageObject","inLanguage":"fr-FR","@id":"https:\/\/www.e2.law\/fr\/#\/schema\/logo\/image\/","url":"https:\/\/www.e2.law\/wp-content\/uploads\/2018\/12\/logo-2.png","contentUrl":"https:\/\/www.e2.law\/wp-content\/uploads\/2018\/12\/logo-2.png","width":152,"height":40,"caption":"E2.law"},"image":{"@id":"https:\/\/www.e2.law\/fr\/#\/schema\/logo\/image\/"},"sameAs":["https:\/\/www.linkedin.com\/company\/e2.law"]},{"@type":"Person","@id":"https:\/\/www.e2.law\/fr\/#\/schema\/person\/fc4936c485fc15b9d2be735eb6fa9080","name":"Valentine Bonamis","image":{"@type":"ImageObject","inLanguage":"fr-FR","@id":"https:\/\/www.e2.law\/wp-content\/uploads\/2021\/02\/6E22BF17-266E-4CB1-A676-FCE71D83B2A2_1_201_a-scaled-96x96.jpeg","url":"https:\/\/www.e2.law\/wp-content\/uploads\/2021\/02\/6E22BF17-266E-4CB1-A676-FCE71D83B2A2_1_201_a-scaled-96x96.jpeg","contentUrl":"https:\/\/www.e2.law\/wp-content\/uploads\/2021\/02\/6E22BF17-266E-4CB1-A676-FCE71D83B2A2_1_201_a-scaled-96x96.jpeg","caption":"Valentine Bonamis"},"url":"https:\/\/www.e2.law\/fr\/author\/valentine-b\/"}]}},"jetpack_featured_media_url":"","jetpack_sharing_enabled":true,"_links":{"self":[{"href":"https:\/\/www.e2.law\/fr\/wp-json\/wp\/v2\/posts\/32954","targetHints":{"allow":["GET"]}}],"collection":[{"href":"https:\/\/www.e2.law\/fr\/wp-json\/wp\/v2\/posts"}],"about":[{"href":"https:\/\/www.e2.law\/fr\/wp-json\/wp\/v2\/types\/post"}],"author":[{"embeddable":true,"href":"https:\/\/www.e2.law\/fr\/wp-json\/wp\/v2\/users\/164"}],"replies":[{"embeddable":true,"href":"https:\/\/www.e2.law\/fr\/wp-json\/wp\/v2\/comments?post=32954"}],"version-history":[{"count":4,"href":"https:\/\/www.e2.law\/fr\/wp-json\/wp\/v2\/posts\/32954\/revisions"}],"predecessor-version":[{"id":44688,"href":"https:\/\/www.e2.law\/fr\/wp-json\/wp\/v2\/posts\/32954\/revisions\/44688"}],"wp:attachment":[{"href":"https:\/\/www.e2.law\/fr\/wp-json\/wp\/v2\/media?parent=32954"}],"wp:term":[{"taxonomy":"category","embeddable":true,"href":"https:\/\/www.e2.law\/fr\/wp-json\/wp\/v2\/categories?post=32954"},{"taxonomy":"post_tag","embeddable":true,"href":"https:\/\/www.e2.law\/fr\/wp-json\/wp\/v2\/tags?post=32954"}],"curies":[{"name":"wp","href":"https:\/\/api.w.org\/{rel}","templated":true}]}}