{"id":33931,"date":"2022-04-14T15:35:48","date_gmt":"2022-04-14T13:35:48","guid":{"rendered":"https:\/\/www.e2.law\/?p=33931"},"modified":"2024-05-16T11:07:04","modified_gmt":"2024-05-16T09:07:04","slug":"la-quotite-exemptee-a-limpot-des-personnes-physiques","status":"publish","type":"post","link":"https:\/\/www.e2.law\/fr\/2022\/04\/14\/la-quotite-exemptee-a-limpot-des-personnes-physiques\/","title":{"rendered":"La quotit\u00e9 exempt\u00e9e \u00e0 l&#8217;imp\u00f4t des personnes physiques"},"content":{"rendered":"<div class=\"fusion-fullwidth fullwidth-box fusion-builder-row-1 fusion-flex-container nonhundred-percent-fullwidth non-hundred-percent-height-scrolling\" style=\"--awb-border-radius-top-left:0px;--awb-border-radius-top-right:0px;--awb-border-radius-bottom-right:0px;--awb-border-radius-bottom-left:0px;--awb-flex-wrap:wrap;\" ><div class=\"fusion-builder-row fusion-row fusion-flex-align-items-flex-start fusion-flex-content-wrap\" style=\"max-width:1144px;margin-left: calc(-4% \/ 2 );margin-right: calc(-4% \/ 2 );\"><div class=\"fusion-layout-column fusion_builder_column fusion-builder-column-0 fusion_builder_column_1_1 1_1 fusion-flex-column\" style=\"--awb-bg-size:cover;--awb-width-large:100%;--awb-margin-top-large:0px;--awb-spacing-right-large:1.92%;--awb-margin-bottom-large:0px;--awb-spacing-left-large:1.92%;--awb-width-medium:100%;--awb-spacing-right-medium:1.92%;--awb-spacing-left-medium:1.92%;--awb-width-small:100%;--awb-spacing-right-small:1.92%;--awb-spacing-left-small:1.92%;\"><div class=\"fusion-column-wrapper fusion-flex-justify-content-flex-start fusion-content-layout-column\"><div class=\"fusion-text fusion-text-1\"><p>\u00c0 l\u2019imp\u00f4t des personnes physiques, une premi\u00e8re tranche du revenu imposable est exempt\u00e9e d\u2019imp\u00f4t, cela s\u2019appelle <strong>la \u00ab\u00a0quotit\u00e9 exempt\u00e9e\u00a0\u00bb<\/strong>. Son montant varie <strong>en fonction de la situation familiale\u00a0<\/strong>du contribuable et est index\u00e9 chaque ann\u00e9e.<span class=\"Apple-converted-space\">\u00a0<\/span><\/p>\n<p>Concr\u00e8tement, il s\u2019agit d\u2019un montant sur lequel on ne paiera pas d\u2019imp\u00f4t car chaque contribuable doit pouvoir disposer d&#8217;un revenu<span class=\"Apple-converted-space\">\u00a0 <\/span>minimum n\u00e9cessaire pour survivre.<span class=\"Apple-converted-space\">\u00a0<\/span><\/p>\n<p>Pour l\u2019ann\u00e9e de revenus 2022, <strong>la quotit\u00e9 exempt\u00e9e de base est de 9.270,00 EUR<\/strong>. Ce montant est <strong>major\u00e9<\/strong> en fonction de la situation particuli\u00e8re du contribuable. Par exemple, si le contribuable est atteint d\u2019un handicap ou a une personne \u00e0 sa charge, la majoration est de 1.690,00 EUR. <strong>Chaque type de majoration est cumulable<\/strong>. Donc par exemple, un contribuable atteint d\u2019un handicap a un enfant \u00e0 sa charge, il b\u00e9n\u00e9ficie d\u2019une majoration de 3.380,00 EUR \u00e0 ajouter au montant de base, soit 12.650,00 EUR de quotit\u00e9 exempt\u00e9e au total.<span class=\"Apple-converted-space\">\u00a0<\/span><\/p>\n<p>Pratiquement, comment cela fonctionne ?<span class=\"Apple-converted-space\">\u00a0<\/span><\/p>\n<p>Dans la d\u00e9claration fiscale, cela va s\u2019effectuer via une <strong>r\u00e9duction sur l\u2019imp\u00f4t d\u00fb<\/strong>.<span class=\"Apple-converted-space\">\u00a0<\/span><\/p>\n<p><em><span class=\"Apple-converted-space\">Exemple<\/span><\/em><\/p>\n<p><em>Imaginons que je b\u00e9n\u00e9ficie de la quotit\u00e9 exempt\u00e9e de base de 9.270,00 EUR. Sans cette exemption, je suis redevable d\u2019un montant de 8.000,00 EUR d\u2019imp\u00f4ts. Gr\u00e2ce \u00e0 la quotit\u00e9 exempt\u00e9e, je suis finalement redevable de 5.682,50 EUR \u00e0 titre d\u2019imp\u00f4t des personnes physiques, soit <strong>une r\u00e9duction de 2.317,50 EUR<\/strong> = 9.270,00 EUR x 25%.<\/em><\/p>\n<p style=\"text-align: center;\"><strong>QUESTIONS PARTICULIERES<\/strong><\/p>\n<\/div><div class=\"accordian fusion-accordian\" style=\"--awb-border-size:1px;--awb-icon-size:13px;--awb-content-font-size:16px;--awb-icon-alignment:left;--awb-hover-color:#f9f9f9;--awb-border-color:#cccccc;--awb-background-color:#ffffff;--awb-divider-color:#e0dede;--awb-divider-hover-color:#e0dede;--awb-icon-color:#ffffff;--awb-title-color:#333333;--awb-content-color:#747474;--awb-icon-box-color:#333333;--awb-toggle-hover-accent-color:#0da74c;--awb-title-font-family:&quot;Roboto Slab&quot;;--awb-title-font-weight:300;--awb-title-font-style:normal;--awb-title-font-size:14px;--awb-content-font-family:&quot;PT Sans&quot;;--awb-content-font-style:normal;--awb-content-font-weight:400;\"><div class=\"panel-group fusion-toggle-icon-boxed\" id=\"accordion-33931-1\"><div class=\"fusion-panel panel-default panel-ced270473e38588d2 fusion-toggle-has-divider\"><div class=\"panel-heading\"><h4 class=\"panel-title toggle\" id=\"toggle_ced270473e38588d2\"><a aria-expanded=\"false\" aria-controls=\"ced270473e38588d2\" role=\"button\" data-toggle=\"collapse\" data-parent=\"#accordion-33931-1\" data-target=\"#ced270473e38588d2\" href=\"#ced270473e38588d2\"><span class=\"fusion-toggle-icon-wrapper\" aria-hidden=\"true\"><i class=\"fa-fusion-box active-icon awb-icon-minus\" aria-hidden=\"true\"><\/i><i class=\"fa-fusion-box inactive-icon awb-icon-plus\" aria-hidden=\"true\"><\/i><\/span><span class=\"fusion-toggle-heading\">J\u2019habite en colocation, ma quotit\u00e9 exempt\u00e9e est-elle influenc\u00e9e ? <\/span><\/a><\/h4><\/div><div id=\"ced270473e38588d2\" class=\"panel-collapse collapse \" aria-labelledby=\"toggle_ced270473e38588d2\"><div class=\"panel-body toggle-content fusion-clearfix\">\n<p>La version actuelle des r\u00e8gles relatives \u00e0 la quotit\u00e9 exempt\u00e9e ne fait pas de distinction entre les contribuables isol\u00e9s et les contribuables cohabitants de fait.<\/p>\n<p>Il n\u2019y a donc aucun d\u00e9savantage fiscal \u00e0 habiter en colocation par rapport \u00e0 habiter seul !<\/p>\n<\/div><\/div><\/div><div class=\"fusion-panel panel-default panel-d6f0a7a7e6d539313 fusion-toggle-has-divider\"><div class=\"panel-heading\"><h4 class=\"panel-title toggle\" id=\"toggle_d6f0a7a7e6d539313\"><a aria-expanded=\"false\" aria-controls=\"d6f0a7a7e6d539313\" role=\"button\" data-toggle=\"collapse\" data-parent=\"#accordion-33931-1\" data-target=\"#d6f0a7a7e6d539313\" href=\"#d6f0a7a7e6d539313\"><span class=\"fusion-toggle-icon-wrapper\" aria-hidden=\"true\"><i class=\"fa-fusion-box active-icon awb-icon-minus\" aria-hidden=\"true\"><\/i><i class=\"fa-fusion-box inactive-icon awb-icon-plus\" aria-hidden=\"true\"><\/i><\/span><span class=\"fusion-toggle-heading\">Un enfant peut-il \u00eatre consid\u00e9r\u00e9 \u00e0 charge lorsqu\u2019il est en kot dans le cadre de ses \u00e9tudes ?<\/span><\/a><\/h4><\/div><div id=\"d6f0a7a7e6d539313\" class=\"panel-collapse collapse \" aria-labelledby=\"toggle_d6f0a7a7e6d539313\"><div class=\"panel-body toggle-content fusion-clearfix\">\n<p>Oui, \u00e0 condition que l\u2019enfant reste inscrit au domicile de ses parents.<span class=\"Apple-converted-space\">\u00a0<\/span><\/p>\n<\/div><\/div><\/div><div class=\"fusion-panel panel-default panel-e709ed7e207b849fe fusion-toggle-has-divider\"><div class=\"panel-heading\"><h4 class=\"panel-title toggle\" id=\"toggle_e709ed7e207b849fe\"><a aria-expanded=\"false\" aria-controls=\"e709ed7e207b849fe\" role=\"button\" data-toggle=\"collapse\" data-parent=\"#accordion-33931-1\" data-target=\"#e709ed7e207b849fe\" href=\"#e709ed7e207b849fe\"><span class=\"fusion-toggle-icon-wrapper\" aria-hidden=\"true\"><i class=\"fa-fusion-box active-icon awb-icon-minus\" aria-hidden=\"true\"><\/i><i class=\"fa-fusion-box inactive-icon awb-icon-plus\" aria-hidden=\"true\"><\/i><\/span><span class=\"fusion-toggle-heading\">Une personne reste-t-elle \u00e0 charge d\u2019un contribuable lorsqu\u2019elle per\u00e7oit un revenu ?<\/span><\/a><\/h4><\/div><div id=\"e709ed7e207b849fe\" class=\"panel-collapse collapse \" aria-labelledby=\"toggle_e709ed7e207b849fe\"><div class=\"panel-body toggle-content fusion-clearfix\">\n<p>Oui mais la personne \u00e0 charge doit percevoir un tr\u00e8s <strong>faible revenu<\/strong>. En ce qui concerne les revenus 2022, les seuils sont les suivants :<\/p>\n<ul>\n<li>Maximum 3.490,00 EUR nets\/an<\/li>\n<li>Maximum 5.040,00 EUR nets\/an lorsque le parent est isol\u00e9<\/li>\n<\/ul>\n<p>Le cas typique est celui d\u2019un enfant \u00e0 charge qui effectue un <strong>job \u00e9tudiant<\/strong>. Tant que le revenu d\u2019\u00e9tudiant ne d\u00e9passe pas les seuils susmentionn\u00e9s, l\u2019enfant peut rester \u00e0 charge de ses parents.<\/p>\n<\/div><\/div><\/div><div class=\"fusion-panel panel-default panel-634bc4f705a802dfe fusion-toggle-has-divider\"><div class=\"panel-heading\"><h4 class=\"panel-title toggle\" id=\"toggle_634bc4f705a802dfe\"><a aria-expanded=\"false\" aria-controls=\"634bc4f705a802dfe\" role=\"button\" data-toggle=\"collapse\" data-parent=\"#accordion-33931-1\" data-target=\"#634bc4f705a802dfe\" href=\"#634bc4f705a802dfe\"><span class=\"fusion-toggle-icon-wrapper\" aria-hidden=\"true\"><i class=\"fa-fusion-box active-icon awb-icon-minus\" aria-hidden=\"true\"><\/i><i class=\"fa-fusion-box inactive-icon awb-icon-plus\" aria-hidden=\"true\"><\/i><\/span><span class=\"fusion-toggle-heading\">Le cas particulier d'une personne de plus de 65 ans en situation de d\u00e9pendance \u00e0 charge du contribuable<\/span><\/a><\/h4><\/div><div id=\"634bc4f705a802dfe\" class=\"panel-collapse collapse \" aria-labelledby=\"toggle_634bc4f705a802dfe\"><div class=\"panel-body toggle-content fusion-clearfix\">\n<p>Il existe un r\u00e9gime particulier pour la situation du contribuable qui a, \u00e0 sa charge un membre de sa famille de plus de 65 ans en situation de d\u00e9pendance.<span class=\"Apple-converted-space\">\u00a0<\/span><\/p>\n<p><strong>Les membres concern\u00e9s<\/strong> sont les ascendants (= parents, grand-parents,\u2026), les fr\u00e8res et soeurs ainsi que les \u00e9ventuelles personnes qui ont assum\u00e9 la charge principale du contribuable pendant son enfance. La <strong>situation de d\u00e9pendance<\/strong> est d\u00e9termin\u00e9e par une institution publique et est \u00e9valu\u00e9e en fonction du degr\u00e9 d\u2019autonomie de la personne \u00e0 charge,.<\/p>\n<p>Le contribuable qui a ce type de personne \u00e0 sa charge b\u00e9n\u00e9ficie d\u2019une<span class=\"Apple-converted-space\">\u00a0<\/span><strong>majoration de la quotit\u00e9 exempt\u00e9e de 5.060,00 EUR<\/strong>.<\/p>\n<\/div><\/div><\/div><\/div><\/div><\/div><\/div><\/div><\/div>\n","protected":false},"excerpt":{"rendered":"","protected":false},"author":194,"featured_media":43728,"comment_status":"closed","ping_status":"open","sticky":false,"template":"","format":"standard","meta":{"_acf_changed":false,"_jetpack_memberships_contains_paid_content":false,"footnotes":""},"categories":[141],"tags":[890],"class_list":["post-33931","post","type-post","status-publish","format-standard","has-post-thumbnail","hentry","category-non-classifiee","tag-fiscalite"],"acf":[],"yoast_head":"<!-- This site is optimized with the Yoast SEO plugin v27.5 - https:\/\/yoast.com\/product\/yoast-seo-wordpress\/ -->\n<title>La quotit\u00e9 exempt\u00e9e \u00e0 l&#039;imp\u00f4t des personnes physiques - e2.law<\/title>\n<meta name=\"description\" content=\"\u00c0 l\u2019imp\u00f4t des personnes physiques, une premi\u00e8re tranche du revenu imposable est exempt\u00e9e d\u2019imp\u00f4t, cela s\u2019appelle la \u00ab\u00a0quotit\u00e9 exempt\u00e9e\u00a0\u00bb. Son montant varie en fonction de la situation familiale\u00a0du contribuable et est index\u00e9 chaque ann\u00e9e.\u00a0\" \/>\n<meta name=\"robots\" content=\"index, follow, max-snippet:-1, max-image-preview:large, max-video-preview:-1\" \/>\n<link rel=\"canonical\" href=\"https:\/\/www.e2.law\/fr\/2022\/04\/14\/la-quotite-exemptee-a-limpot-des-personnes-physiques\/\" \/>\n<meta property=\"og:locale\" content=\"fr_FR\" \/>\n<meta property=\"og:type\" content=\"article\" \/>\n<meta property=\"og:title\" content=\"La quotit\u00e9 exempt\u00e9e \u00e0 l&#039;imp\u00f4t des personnes physiques - e2.law\" \/>\n<meta property=\"og:description\" content=\"\u00c0 l\u2019imp\u00f4t des personnes physiques, une premi\u00e8re tranche du revenu imposable est exempt\u00e9e d\u2019imp\u00f4t, cela s\u2019appelle la \u00ab\u00a0quotit\u00e9 exempt\u00e9e\u00a0\u00bb. Son montant varie en fonction de la situation familiale\u00a0du contribuable et est index\u00e9 chaque ann\u00e9e.\u00a0\" \/>\n<meta property=\"og:url\" content=\"https:\/\/www.e2.law\/fr\/2022\/04\/14\/la-quotite-exemptee-a-limpot-des-personnes-physiques\/\" \/>\n<meta property=\"og:site_name\" content=\"e2.law\" \/>\n<meta property=\"article:published_time\" content=\"2022-04-14T13:35:48+00:00\" \/>\n<meta property=\"article:modified_time\" content=\"2024-05-16T09:07:04+00:00\" \/>\n<meta property=\"og:image\" content=\"https:\/\/www.e2.law\/wp-content\/uploads\/2022\/05\/Taxes-2.png\" \/>\n\t<meta property=\"og:image:width\" content=\"800\" \/>\n\t<meta property=\"og:image:height\" content=\"800\" \/>\n\t<meta property=\"og:image:type\" content=\"image\/png\" \/>\n<meta name=\"author\" content=\"Laura Fennane\" \/>\n<meta name=\"twitter:card\" content=\"summary_large_image\" \/>\n<meta name=\"twitter:label1\" content=\"\u00c9crit par\" \/>\n\t<meta name=\"twitter:data1\" content=\"Laura Fennane\" \/>\n\t<meta name=\"twitter:label2\" content=\"Dur\u00e9e de lecture estim\u00e9e\" \/>\n\t<meta name=\"twitter:data2\" content=\"3 minutes\" \/>\n<script type=\"application\/ld+json\" class=\"yoast-schema-graph\">{\"@context\":\"https:\\\/\\\/schema.org\",\"@graph\":[{\"@type\":\"Article\",\"@id\":\"https:\\\/\\\/www.e2.law\\\/fr\\\/2022\\\/04\\\/14\\\/la-quotite-exemptee-a-limpot-des-personnes-physiques\\\/#article\",\"isPartOf\":{\"@id\":\"https:\\\/\\\/www.e2.law\\\/fr\\\/2022\\\/04\\\/14\\\/la-quotite-exemptee-a-limpot-des-personnes-physiques\\\/\"},\"author\":{\"name\":\"Laura Fennane\",\"@id\":\"https:\\\/\\\/www.e2.law\\\/fr\\\/#\\\/schema\\\/person\\\/6d8ea5ac063330765d6690c0abac6777\"},\"headline\":\"La quotit\u00e9 exempt\u00e9e \u00e0 l&#8217;imp\u00f4t des personnes physiques\",\"datePublished\":\"2022-04-14T13:35:48+00:00\",\"dateModified\":\"2024-05-16T09:07:04+00:00\",\"mainEntityOfPage\":{\"@id\":\"https:\\\/\\\/www.e2.law\\\/fr\\\/2022\\\/04\\\/14\\\/la-quotite-exemptee-a-limpot-des-personnes-physiques\\\/\"},\"wordCount\":980,\"publisher\":{\"@id\":\"https:\\\/\\\/www.e2.law\\\/fr\\\/#organization\"},\"image\":{\"@id\":\"https:\\\/\\\/www.e2.law\\\/fr\\\/2022\\\/04\\\/14\\\/la-quotite-exemptee-a-limpot-des-personnes-physiques\\\/#primaryimage\"},\"thumbnailUrl\":\"https:\\\/\\\/i0.wp.com\\\/www.e2.law\\\/wp-content\\\/uploads\\\/2022\\\/05\\\/Taxes-2.png?fit=800%2C800&ssl=1\",\"keywords\":[\"fiscalit\u00e9\"],\"articleSection\":[\"Non classifi\u00e9(e)\"],\"inLanguage\":\"fr-FR\"},{\"@type\":\"WebPage\",\"@id\":\"https:\\\/\\\/www.e2.law\\\/fr\\\/2022\\\/04\\\/14\\\/la-quotite-exemptee-a-limpot-des-personnes-physiques\\\/\",\"url\":\"https:\\\/\\\/www.e2.law\\\/fr\\\/2022\\\/04\\\/14\\\/la-quotite-exemptee-a-limpot-des-personnes-physiques\\\/\",\"name\":\"La quotit\u00e9 exempt\u00e9e \u00e0 l'imp\u00f4t des personnes physiques - e2.law\",\"isPartOf\":{\"@id\":\"https:\\\/\\\/www.e2.law\\\/fr\\\/#website\"},\"primaryImageOfPage\":{\"@id\":\"https:\\\/\\\/www.e2.law\\\/fr\\\/2022\\\/04\\\/14\\\/la-quotite-exemptee-a-limpot-des-personnes-physiques\\\/#primaryimage\"},\"image\":{\"@id\":\"https:\\\/\\\/www.e2.law\\\/fr\\\/2022\\\/04\\\/14\\\/la-quotite-exemptee-a-limpot-des-personnes-physiques\\\/#primaryimage\"},\"thumbnailUrl\":\"https:\\\/\\\/i0.wp.com\\\/www.e2.law\\\/wp-content\\\/uploads\\\/2022\\\/05\\\/Taxes-2.png?fit=800%2C800&ssl=1\",\"datePublished\":\"2022-04-14T13:35:48+00:00\",\"dateModified\":\"2024-05-16T09:07:04+00:00\",\"description\":\"\u00c0 l\u2019imp\u00f4t des personnes physiques, une premi\u00e8re tranche du revenu imposable est exempt\u00e9e d\u2019imp\u00f4t, cela s\u2019appelle la \u00ab\u00a0quotit\u00e9 exempt\u00e9e\u00a0\u00bb. Son montant varie en fonction de la situation familiale\u00a0du contribuable et est index\u00e9 chaque ann\u00e9e.\u00a0\",\"breadcrumb\":{\"@id\":\"https:\\\/\\\/www.e2.law\\\/fr\\\/2022\\\/04\\\/14\\\/la-quotite-exemptee-a-limpot-des-personnes-physiques\\\/#breadcrumb\"},\"inLanguage\":\"fr-FR\",\"potentialAction\":[{\"@type\":\"ReadAction\",\"target\":[\"https:\\\/\\\/www.e2.law\\\/fr\\\/2022\\\/04\\\/14\\\/la-quotite-exemptee-a-limpot-des-personnes-physiques\\\/\"]}]},{\"@type\":\"ImageObject\",\"inLanguage\":\"fr-FR\",\"@id\":\"https:\\\/\\\/www.e2.law\\\/fr\\\/2022\\\/04\\\/14\\\/la-quotite-exemptee-a-limpot-des-personnes-physiques\\\/#primaryimage\",\"url\":\"https:\\\/\\\/i0.wp.com\\\/www.e2.law\\\/wp-content\\\/uploads\\\/2022\\\/05\\\/Taxes-2.png?fit=800%2C800&ssl=1\",\"contentUrl\":\"https:\\\/\\\/i0.wp.com\\\/www.e2.law\\\/wp-content\\\/uploads\\\/2022\\\/05\\\/Taxes-2.png?fit=800%2C800&ssl=1\",\"width\":800,\"height\":800},{\"@type\":\"BreadcrumbList\",\"@id\":\"https:\\\/\\\/www.e2.law\\\/fr\\\/2022\\\/04\\\/14\\\/la-quotite-exemptee-a-limpot-des-personnes-physiques\\\/#breadcrumb\",\"itemListElement\":[{\"@type\":\"ListItem\",\"position\":1,\"name\":\"Home\",\"item\":\"https:\\\/\\\/www.e2.law\\\/fr\\\/home\\\/\"},{\"@type\":\"ListItem\",\"position\":2,\"name\":\"La quotit\u00e9 exempt\u00e9e \u00e0 l&#8217;imp\u00f4t des personnes physiques\"}]},{\"@type\":\"WebSite\",\"@id\":\"https:\\\/\\\/www.e2.law\\\/fr\\\/#website\",\"url\":\"https:\\\/\\\/www.e2.law\\\/fr\\\/\",\"name\":\"e2.law\",\"description\":\"A Business Law Firm\",\"publisher\":{\"@id\":\"https:\\\/\\\/www.e2.law\\\/fr\\\/#organization\"},\"potentialAction\":[{\"@type\":\"SearchAction\",\"target\":{\"@type\":\"EntryPoint\",\"urlTemplate\":\"https:\\\/\\\/www.e2.law\\\/fr\\\/?s={search_term_string}\"},\"query-input\":{\"@type\":\"PropertyValueSpecification\",\"valueRequired\":true,\"valueName\":\"search_term_string\"}}],\"inLanguage\":\"fr-FR\"},{\"@type\":\"Organization\",\"@id\":\"https:\\\/\\\/www.e2.law\\\/fr\\\/#organization\",\"name\":\"E2.law\",\"url\":\"https:\\\/\\\/www.e2.law\\\/fr\\\/\",\"logo\":{\"@type\":\"ImageObject\",\"inLanguage\":\"fr-FR\",\"@id\":\"https:\\\/\\\/www.e2.law\\\/fr\\\/#\\\/schema\\\/logo\\\/image\\\/\",\"url\":\"https:\\\/\\\/www.e2.law\\\/wp-content\\\/uploads\\\/2018\\\/12\\\/logo-2.png\",\"contentUrl\":\"https:\\\/\\\/www.e2.law\\\/wp-content\\\/uploads\\\/2018\\\/12\\\/logo-2.png\",\"width\":152,\"height\":40,\"caption\":\"E2.law\"},\"image\":{\"@id\":\"https:\\\/\\\/www.e2.law\\\/fr\\\/#\\\/schema\\\/logo\\\/image\\\/\"},\"sameAs\":[\"https:\\\/\\\/www.linkedin.com\\\/company\\\/e2.law\"]},{\"@type\":\"Person\",\"@id\":\"https:\\\/\\\/www.e2.law\\\/fr\\\/#\\\/schema\\\/person\\\/6d8ea5ac063330765d6690c0abac6777\",\"name\":\"Laura Fennane\",\"image\":{\"@type\":\"ImageObject\",\"inLanguage\":\"fr-FR\",\"@id\":\"https:\\\/\\\/secure.gravatar.com\\\/avatar\\\/?d=https:\\\/\\\/www.e2.law\\\/wp-content\\\/uploads\\\/2021\\\/01\\\/pixie_1609696175704-e1610820192173.png&amp;s=96\",\"url\":\"https:\\\/\\\/secure.gravatar.com\\\/avatar\\\/?d=https:\\\/\\\/www.e2.law\\\/wp-content\\\/uploads\\\/2021\\\/01\\\/pixie_1609696175704-e1610820192173.png&amp;s=96\",\"contentUrl\":\"https:\\\/\\\/secure.gravatar.com\\\/avatar\\\/?d=https:\\\/\\\/www.e2.law\\\/wp-content\\\/uploads\\\/2021\\\/01\\\/pixie_1609696175704-e1610820192173.png&amp;s=96\",\"caption\":\"Laura Fennane\"},\"sameAs\":[\"www.linkedin.com\\\/in\\\/laura-fennane-567574195\"],\"url\":\"https:\\\/\\\/www.e2.law\\\/fr\\\/author\\\/lf\\\/\"}]}<\/script>\n<!-- \/ Yoast SEO plugin. -->","yoast_head_json":{"title":"La quotit\u00e9 exempt\u00e9e \u00e0 l'imp\u00f4t des personnes physiques - e2.law","description":"\u00c0 l\u2019imp\u00f4t des personnes physiques, une premi\u00e8re tranche du revenu imposable est exempt\u00e9e d\u2019imp\u00f4t, cela s\u2019appelle la \u00ab\u00a0quotit\u00e9 exempt\u00e9e\u00a0\u00bb. Son montant varie en fonction de la situation familiale\u00a0du contribuable et est index\u00e9 chaque ann\u00e9e.\u00a0","robots":{"index":"index","follow":"follow","max-snippet":"max-snippet:-1","max-image-preview":"max-image-preview:large","max-video-preview":"max-video-preview:-1"},"canonical":"https:\/\/www.e2.law\/fr\/2022\/04\/14\/la-quotite-exemptee-a-limpot-des-personnes-physiques\/","og_locale":"fr_FR","og_type":"article","og_title":"La quotit\u00e9 exempt\u00e9e \u00e0 l'imp\u00f4t des personnes physiques - e2.law","og_description":"\u00c0 l\u2019imp\u00f4t des personnes physiques, une premi\u00e8re tranche du revenu imposable est exempt\u00e9e d\u2019imp\u00f4t, cela s\u2019appelle la \u00ab\u00a0quotit\u00e9 exempt\u00e9e\u00a0\u00bb. Son montant varie en fonction de la situation familiale\u00a0du contribuable et est index\u00e9 chaque ann\u00e9e.\u00a0","og_url":"https:\/\/www.e2.law\/fr\/2022\/04\/14\/la-quotite-exemptee-a-limpot-des-personnes-physiques\/","og_site_name":"e2.law","article_published_time":"2022-04-14T13:35:48+00:00","article_modified_time":"2024-05-16T09:07:04+00:00","og_image":[{"width":800,"height":800,"url":"https:\/\/www.e2.law\/wp-content\/uploads\/2022\/05\/Taxes-2.png","type":"image\/png"}],"author":"Laura Fennane","twitter_card":"summary_large_image","twitter_misc":{"\u00c9crit par":"Laura Fennane","Dur\u00e9e de lecture estim\u00e9e":"3 minutes"},"schema":{"@context":"https:\/\/schema.org","@graph":[{"@type":"Article","@id":"https:\/\/www.e2.law\/fr\/2022\/04\/14\/la-quotite-exemptee-a-limpot-des-personnes-physiques\/#article","isPartOf":{"@id":"https:\/\/www.e2.law\/fr\/2022\/04\/14\/la-quotite-exemptee-a-limpot-des-personnes-physiques\/"},"author":{"name":"Laura Fennane","@id":"https:\/\/www.e2.law\/fr\/#\/schema\/person\/6d8ea5ac063330765d6690c0abac6777"},"headline":"La quotit\u00e9 exempt\u00e9e \u00e0 l&#8217;imp\u00f4t des personnes physiques","datePublished":"2022-04-14T13:35:48+00:00","dateModified":"2024-05-16T09:07:04+00:00","mainEntityOfPage":{"@id":"https:\/\/www.e2.law\/fr\/2022\/04\/14\/la-quotite-exemptee-a-limpot-des-personnes-physiques\/"},"wordCount":980,"publisher":{"@id":"https:\/\/www.e2.law\/fr\/#organization"},"image":{"@id":"https:\/\/www.e2.law\/fr\/2022\/04\/14\/la-quotite-exemptee-a-limpot-des-personnes-physiques\/#primaryimage"},"thumbnailUrl":"https:\/\/i0.wp.com\/www.e2.law\/wp-content\/uploads\/2022\/05\/Taxes-2.png?fit=800%2C800&ssl=1","keywords":["fiscalit\u00e9"],"articleSection":["Non classifi\u00e9(e)"],"inLanguage":"fr-FR"},{"@type":"WebPage","@id":"https:\/\/www.e2.law\/fr\/2022\/04\/14\/la-quotite-exemptee-a-limpot-des-personnes-physiques\/","url":"https:\/\/www.e2.law\/fr\/2022\/04\/14\/la-quotite-exemptee-a-limpot-des-personnes-physiques\/","name":"La quotit\u00e9 exempt\u00e9e \u00e0 l'imp\u00f4t des personnes physiques - e2.law","isPartOf":{"@id":"https:\/\/www.e2.law\/fr\/#website"},"primaryImageOfPage":{"@id":"https:\/\/www.e2.law\/fr\/2022\/04\/14\/la-quotite-exemptee-a-limpot-des-personnes-physiques\/#primaryimage"},"image":{"@id":"https:\/\/www.e2.law\/fr\/2022\/04\/14\/la-quotite-exemptee-a-limpot-des-personnes-physiques\/#primaryimage"},"thumbnailUrl":"https:\/\/i0.wp.com\/www.e2.law\/wp-content\/uploads\/2022\/05\/Taxes-2.png?fit=800%2C800&ssl=1","datePublished":"2022-04-14T13:35:48+00:00","dateModified":"2024-05-16T09:07:04+00:00","description":"\u00c0 l\u2019imp\u00f4t des personnes physiques, une premi\u00e8re tranche du revenu imposable est exempt\u00e9e d\u2019imp\u00f4t, cela s\u2019appelle la \u00ab\u00a0quotit\u00e9 exempt\u00e9e\u00a0\u00bb. Son montant varie en fonction de la situation familiale\u00a0du contribuable et est index\u00e9 chaque ann\u00e9e.\u00a0","breadcrumb":{"@id":"https:\/\/www.e2.law\/fr\/2022\/04\/14\/la-quotite-exemptee-a-limpot-des-personnes-physiques\/#breadcrumb"},"inLanguage":"fr-FR","potentialAction":[{"@type":"ReadAction","target":["https:\/\/www.e2.law\/fr\/2022\/04\/14\/la-quotite-exemptee-a-limpot-des-personnes-physiques\/"]}]},{"@type":"ImageObject","inLanguage":"fr-FR","@id":"https:\/\/www.e2.law\/fr\/2022\/04\/14\/la-quotite-exemptee-a-limpot-des-personnes-physiques\/#primaryimage","url":"https:\/\/i0.wp.com\/www.e2.law\/wp-content\/uploads\/2022\/05\/Taxes-2.png?fit=800%2C800&ssl=1","contentUrl":"https:\/\/i0.wp.com\/www.e2.law\/wp-content\/uploads\/2022\/05\/Taxes-2.png?fit=800%2C800&ssl=1","width":800,"height":800},{"@type":"BreadcrumbList","@id":"https:\/\/www.e2.law\/fr\/2022\/04\/14\/la-quotite-exemptee-a-limpot-des-personnes-physiques\/#breadcrumb","itemListElement":[{"@type":"ListItem","position":1,"name":"Home","item":"https:\/\/www.e2.law\/fr\/home\/"},{"@type":"ListItem","position":2,"name":"La quotit\u00e9 exempt\u00e9e \u00e0 l&#8217;imp\u00f4t des personnes physiques"}]},{"@type":"WebSite","@id":"https:\/\/www.e2.law\/fr\/#website","url":"https:\/\/www.e2.law\/fr\/","name":"e2.law","description":"A Business Law Firm","publisher":{"@id":"https:\/\/www.e2.law\/fr\/#organization"},"potentialAction":[{"@type":"SearchAction","target":{"@type":"EntryPoint","urlTemplate":"https:\/\/www.e2.law\/fr\/?s={search_term_string}"},"query-input":{"@type":"PropertyValueSpecification","valueRequired":true,"valueName":"search_term_string"}}],"inLanguage":"fr-FR"},{"@type":"Organization","@id":"https:\/\/www.e2.law\/fr\/#organization","name":"E2.law","url":"https:\/\/www.e2.law\/fr\/","logo":{"@type":"ImageObject","inLanguage":"fr-FR","@id":"https:\/\/www.e2.law\/fr\/#\/schema\/logo\/image\/","url":"https:\/\/www.e2.law\/wp-content\/uploads\/2018\/12\/logo-2.png","contentUrl":"https:\/\/www.e2.law\/wp-content\/uploads\/2018\/12\/logo-2.png","width":152,"height":40,"caption":"E2.law"},"image":{"@id":"https:\/\/www.e2.law\/fr\/#\/schema\/logo\/image\/"},"sameAs":["https:\/\/www.linkedin.com\/company\/e2.law"]},{"@type":"Person","@id":"https:\/\/www.e2.law\/fr\/#\/schema\/person\/6d8ea5ac063330765d6690c0abac6777","name":"Laura Fennane","image":{"@type":"ImageObject","inLanguage":"fr-FR","@id":"https:\/\/secure.gravatar.com\/avatar\/?d=https:\/\/www.e2.law\/wp-content\/uploads\/2021\/01\/pixie_1609696175704-e1610820192173.png&amp;s=96","url":"https:\/\/secure.gravatar.com\/avatar\/?d=https:\/\/www.e2.law\/wp-content\/uploads\/2021\/01\/pixie_1609696175704-e1610820192173.png&amp;s=96","contentUrl":"https:\/\/secure.gravatar.com\/avatar\/?d=https:\/\/www.e2.law\/wp-content\/uploads\/2021\/01\/pixie_1609696175704-e1610820192173.png&amp;s=96","caption":"Laura Fennane"},"sameAs":["www.linkedin.com\/in\/laura-fennane-567574195"],"url":"https:\/\/www.e2.law\/fr\/author\/lf\/"}]}},"jetpack_featured_media_url":"https:\/\/i0.wp.com\/www.e2.law\/wp-content\/uploads\/2022\/05\/Taxes-2.png?fit=800%2C800&ssl=1","jetpack_sharing_enabled":true,"_links":{"self":[{"href":"https:\/\/www.e2.law\/fr\/wp-json\/wp\/v2\/posts\/33931","targetHints":{"allow":["GET"]}}],"collection":[{"href":"https:\/\/www.e2.law\/fr\/wp-json\/wp\/v2\/posts"}],"about":[{"href":"https:\/\/www.e2.law\/fr\/wp-json\/wp\/v2\/types\/post"}],"author":[{"embeddable":true,"href":"https:\/\/www.e2.law\/fr\/wp-json\/wp\/v2\/users\/194"}],"replies":[{"embeddable":true,"href":"https:\/\/www.e2.law\/fr\/wp-json\/wp\/v2\/comments?post=33931"}],"version-history":[{"count":9,"href":"https:\/\/www.e2.law\/fr\/wp-json\/wp\/v2\/posts\/33931\/revisions"}],"predecessor-version":[{"id":44651,"href":"https:\/\/www.e2.law\/fr\/wp-json\/wp\/v2\/posts\/33931\/revisions\/44651"}],"wp:featuredmedia":[{"embeddable":true,"href":"https:\/\/www.e2.law\/fr\/wp-json\/wp\/v2\/media\/43728"}],"wp:attachment":[{"href":"https:\/\/www.e2.law\/fr\/wp-json\/wp\/v2\/media?parent=33931"}],"wp:term":[{"taxonomy":"category","embeddable":true,"href":"https:\/\/www.e2.law\/fr\/wp-json\/wp\/v2\/categories?post=33931"},{"taxonomy":"post_tag","embeddable":true,"href":"https:\/\/www.e2.law\/fr\/wp-json\/wp\/v2\/tags?post=33931"}],"curies":[{"name":"wp","href":"https:\/\/api.w.org\/{rel}","templated":true}]}}