{"id":37773,"date":"2022-05-02T17:57:01","date_gmt":"2022-05-02T15:57:01","guid":{"rendered":"https:\/\/www.e2.law\/?p=37773"},"modified":"2024-04-30T15:14:28","modified_gmt":"2024-04-30T13:14:28","slug":"la-prime-beneficiaire","status":"publish","type":"post","link":"https:\/\/www.e2.law\/fr\/2022\/05\/02\/la-prime-beneficiaire\/","title":{"rendered":"La prime b\u00e9n\u00e9ficiaire"},"content":{"rendered":"<div class=\"fusion-fullwidth fullwidth-box fusion-builder-row-1 fusion-flex-container nonhundred-percent-fullwidth non-hundred-percent-height-scrolling\" style=\"--awb-border-radius-top-left:0px;--awb-border-radius-top-right:0px;--awb-border-radius-bottom-right:0px;--awb-border-radius-bottom-left:0px;--awb-flex-wrap:wrap;\" ><div class=\"fusion-builder-row fusion-row fusion-flex-align-items-flex-start fusion-flex-content-wrap\" style=\"max-width:1144px;margin-left: calc(-4% \/ 2 );margin-right: calc(-4% \/ 2 );\"><div class=\"fusion-layout-column fusion_builder_column fusion-builder-column-0 fusion_builder_column_1_1 1_1 fusion-flex-column\" style=\"--awb-bg-size:cover;--awb-width-large:100%;--awb-margin-top-large:0px;--awb-spacing-right-large:1.92%;--awb-margin-bottom-large:0px;--awb-spacing-left-large:1.92%;--awb-width-medium:100%;--awb-spacing-right-medium:1.92%;--awb-spacing-left-medium:1.92%;--awb-width-small:100%;--awb-spacing-right-small:1.92%;--awb-spacing-left-small:1.92%;\"><div class=\"fusion-column-wrapper fusion-flex-justify-content-flex-start fusion-content-layout-column\"><div class=\"fusion-text fusion-text-1\"><h2>I. Principe<\/h2>\n<p>La prime b\u00e9n\u00e9ficiaire permet aux soci\u00e9t\u00e9s de distribuer une partie ou la totalit\u00e9 de ses b\u00e9n\u00e9fices de l&#8217;exercice comptable (apr\u00e8s imp\u00f4t) \u00e0 ses employ\u00e9s.<\/p>\n<p><!--more-->La prime peut \u00eatre :<\/p>\n<ul>\n<li><strong>identique, <\/strong>c&#8217;est \u00e0 dire un montant fixe ou pourcentage fixe du salaire brut ; ou<\/li>\n<li><strong>cat\u00e9goris\u00e9e,<\/strong> c&#8217;est-\u00e0-dire un montant ou pourcentage qui varie en fonction de crit\u00e8res objectifs d\u00e9finis.<\/li>\n<\/ul>\n<p>Dans tous les cas, ellemdoit obligatoirement \u00eatre <strong>pr\u00e9vue pour tous les employ\u00e9s<\/strong>\u00a0de l&#8217;entreprise. Lorsqu&#8217;elle est cat\u00e9goris\u00e9e, le diff\u00e9rentiel entre deux cat\u00e9gories ne peut \u00eatre sup\u00e9rieur \u00e0 un rapport de 1\/10. En outre, le montant total des primes b\u00e9n\u00e9ficiaires <strong>ne peut \u00eatre sup\u00e9rieur \u00e0 30% de la masse salariale brute de la soci\u00e9t\u00e9<\/strong>.<\/p>\n<p><em>Exemple de prime :<\/em><\/p>\n<p><em>Une soci\u00e9t\u00e9 a un b\u00e9n\u00e9fice comptable net de 100.000,00 EUR \u00e0 la cl\u00f4ture de l&#8217;exercice comptable 2021. Elle d\u00e9cide d&#8217;octroyer une prime b\u00e9n\u00e9ficiaire identique \u00e0 ses employ\u00e9s correspondant \u00e0 10% de leur salaire annuel brut.\u00a0<\/em><\/p>\n<h2>II. R\u00e9gime fiscal et de s\u00e9curit\u00e9 social<\/h2>\n<h3 style=\"text-align: left;\"><strong>\u00a0 \u00a0 \u00a0 \u00a0 \u00a0 A. Cotisations sociales<\/strong><\/h3>\n<p>La prime b\u00e9n\u00e9ficiaire est soumise \u00e0 une cotisation de solidarit\u00e9 de 13,07%.<\/p>\n<h3><strong>\u00a0 \u00a0 \u00a0 \u00a0 \u00a0 B. Imp\u00f4ts des personnes physiques<\/strong><\/h3>\n<p>La prime b\u00e9n\u00e9ficiaire est tax\u00e9e au taux distinct de 7% \u00e0 l&#8217;IPP. Il s&#8217;agit d&#8217;un imp\u00f4t lib\u00e9ratoire donc ce revenu ne sera pas soumis \u00e0 l&#8217;imp\u00f4t progressif par tranches dans la d\u00e9claration IPP de l&#8217;employ\u00e9.<\/p>\n<h3><strong>\u00a0 \u00a0 \u00a0 \u00a0 \u00a0 C. D\u00e9ductibilit\u00e9 dans le chef de la soci\u00e9t\u00e9<\/strong><\/h3>\n<p>La prime b\u00e9n\u00e9ficiaire est une d\u00e9pense non admise dans le chef de la soci\u00e9t\u00e9 et est donc soumise \u00e0 l&#8217;imp\u00f4t des soci\u00e9t\u00e9s.<\/p>\n<h2>III. Conclusions<\/h2>\n<p>La mise en place d&#8217;une prime b\u00e9n\u00e9ficiaire par une entreprise est un bon moyen de motiver ses employ\u00e9s. De plus, elle b\u00e9n\u00e9ficie d&#8217;un r\u00e9gime de taxation avantageux dans le chef de l&#8217;employ\u00e9. En revanche, ce type d&#8217;<em>incentive<\/em> n&#8217;est possible que si la soci\u00e9t\u00e9 dispose d&#8217;un minimum de b\u00e9n\u00e9fice net.<\/p>\n<p>Pour plus d&#8217;informations concernant les conditions d&#8217;application et la mise en place de ce type de revenu, n&#8217;h\u00e9sitez pas \u00e0 contacter un de nos collaborateurs !<\/p>\n<\/div><\/div><\/div><\/div><\/div>\n","protected":false},"excerpt":{"rendered":"<p>I. Principe La prime b\u00e9n\u00e9ficiaire permet aux soci\u00e9t\u00e9s de distribuer une partie ou la totalit\u00e9 de ses b\u00e9n\u00e9fices de l&#8217;exercice comptable (apr\u00e8s imp\u00f4t) \u00e0 ses employ\u00e9s.<\/p>\n","protected":false},"author":194,"featured_media":43689,"comment_status":"closed","ping_status":"open","sticky":false,"template":"","format":"standard","meta":{"_acf_changed":false,"_jetpack_memberships_contains_paid_content":false,"footnotes":""},"categories":[141],"tags":[890,937],"class_list":["post-37773","post","type-post","status-publish","format-standard","has-post-thumbnail","hentry","category-non-classifiee","tag-fiscalite","tag-remunerations-alternatives"],"acf":[],"yoast_head":"<!-- This site is optimized with the Yoast SEO plugin v27.5 - https:\/\/yoast.com\/product\/yoast-seo-wordpress\/ -->\n<title>La prime b\u00e9n\u00e9ficiaire - e2.law<\/title>\n<meta name=\"description\" content=\"La prime b\u00e9n\u00e9ficiaire permet aux soci\u00e9t\u00e9s de distribuer une partie ou la totalit\u00e9 des b\u00e9n\u00e9fices de l&#039;exercice comptable (apr\u00e8s imp\u00f4t) \u00e0 ses employ\u00e9s.\" \/>\n<meta name=\"robots\" content=\"index, follow, max-snippet:-1, max-image-preview:large, max-video-preview:-1\" \/>\n<link rel=\"canonical\" href=\"https:\/\/www.e2.law\/fr\/2022\/05\/02\/la-prime-beneficiaire\/\" \/>\n<meta property=\"og:locale\" content=\"fr_FR\" \/>\n<meta property=\"og:type\" content=\"article\" \/>\n<meta property=\"og:title\" content=\"La prime b\u00e9n\u00e9ficiaire - e2.law\" \/>\n<meta property=\"og:description\" content=\"La prime b\u00e9n\u00e9ficiaire permet aux soci\u00e9t\u00e9s de distribuer une partie ou la totalit\u00e9 des b\u00e9n\u00e9fices de l&#039;exercice comptable (apr\u00e8s imp\u00f4t) \u00e0 ses employ\u00e9s.\" \/>\n<meta property=\"og:url\" content=\"https:\/\/www.e2.law\/fr\/2022\/05\/02\/la-prime-beneficiaire\/\" \/>\n<meta property=\"og:site_name\" content=\"e2.law\" \/>\n<meta property=\"article:published_time\" content=\"2022-05-02T15:57:01+00:00\" \/>\n<meta property=\"article:modified_time\" content=\"2024-04-30T13:14:28+00:00\" \/>\n<meta property=\"og:image\" content=\"https:\/\/www.e2.law\/wp-content\/uploads\/2022\/12\/Argent_2-2.png\" \/>\n\t<meta property=\"og:image:width\" content=\"800\" \/>\n\t<meta property=\"og:image:height\" content=\"800\" \/>\n\t<meta property=\"og:image:type\" content=\"image\/png\" \/>\n<meta name=\"author\" content=\"Laura Fennane\" \/>\n<meta name=\"twitter:card\" content=\"summary_large_image\" \/>\n<meta name=\"twitter:label1\" content=\"\u00c9crit par\" \/>\n\t<meta name=\"twitter:data1\" content=\"Laura Fennane\" \/>\n\t<meta name=\"twitter:label2\" content=\"Dur\u00e9e de lecture estim\u00e9e\" \/>\n\t<meta name=\"twitter:data2\" content=\"2 minutes\" \/>\n<script type=\"application\/ld+json\" class=\"yoast-schema-graph\">{\"@context\":\"https:\\\/\\\/schema.org\",\"@graph\":[{\"@type\":\"Article\",\"@id\":\"https:\\\/\\\/www.e2.law\\\/fr\\\/2022\\\/05\\\/02\\\/la-prime-beneficiaire\\\/#article\",\"isPartOf\":{\"@id\":\"https:\\\/\\\/www.e2.law\\\/fr\\\/2022\\\/05\\\/02\\\/la-prime-beneficiaire\\\/\"},\"author\":{\"name\":\"Laura Fennane\",\"@id\":\"https:\\\/\\\/www.e2.law\\\/fr\\\/#\\\/schema\\\/person\\\/6d8ea5ac063330765d6690c0abac6777\"},\"headline\":\"La prime b\u00e9n\u00e9ficiaire\",\"datePublished\":\"2022-05-02T15:57:01+00:00\",\"dateModified\":\"2024-04-30T13:14:28+00:00\",\"mainEntityOfPage\":{\"@id\":\"https:\\\/\\\/www.e2.law\\\/fr\\\/2022\\\/05\\\/02\\\/la-prime-beneficiaire\\\/\"},\"wordCount\":538,\"publisher\":{\"@id\":\"https:\\\/\\\/www.e2.law\\\/fr\\\/#organization\"},\"image\":{\"@id\":\"https:\\\/\\\/www.e2.law\\\/fr\\\/2022\\\/05\\\/02\\\/la-prime-beneficiaire\\\/#primaryimage\"},\"thumbnailUrl\":\"https:\\\/\\\/i0.wp.com\\\/www.e2.law\\\/wp-content\\\/uploads\\\/2022\\\/12\\\/Argent_2-2.png?fit=800%2C800&ssl=1\",\"keywords\":[\"fiscalit\u00e9\",\"r\u00e9mun\u00e9rations alternatives\"],\"articleSection\":[\"Non classifi\u00e9(e)\"],\"inLanguage\":\"fr-FR\"},{\"@type\":\"WebPage\",\"@id\":\"https:\\\/\\\/www.e2.law\\\/fr\\\/2022\\\/05\\\/02\\\/la-prime-beneficiaire\\\/\",\"url\":\"https:\\\/\\\/www.e2.law\\\/fr\\\/2022\\\/05\\\/02\\\/la-prime-beneficiaire\\\/\",\"name\":\"La prime b\u00e9n\u00e9ficiaire - e2.law\",\"isPartOf\":{\"@id\":\"https:\\\/\\\/www.e2.law\\\/fr\\\/#website\"},\"primaryImageOfPage\":{\"@id\":\"https:\\\/\\\/www.e2.law\\\/fr\\\/2022\\\/05\\\/02\\\/la-prime-beneficiaire\\\/#primaryimage\"},\"image\":{\"@id\":\"https:\\\/\\\/www.e2.law\\\/fr\\\/2022\\\/05\\\/02\\\/la-prime-beneficiaire\\\/#primaryimage\"},\"thumbnailUrl\":\"https:\\\/\\\/i0.wp.com\\\/www.e2.law\\\/wp-content\\\/uploads\\\/2022\\\/12\\\/Argent_2-2.png?fit=800%2C800&ssl=1\",\"datePublished\":\"2022-05-02T15:57:01+00:00\",\"dateModified\":\"2024-04-30T13:14:28+00:00\",\"description\":\"La prime b\u00e9n\u00e9ficiaire permet aux soci\u00e9t\u00e9s de distribuer une partie ou la totalit\u00e9 des b\u00e9n\u00e9fices de l'exercice comptable (apr\u00e8s imp\u00f4t) \u00e0 ses employ\u00e9s.\",\"breadcrumb\":{\"@id\":\"https:\\\/\\\/www.e2.law\\\/fr\\\/2022\\\/05\\\/02\\\/la-prime-beneficiaire\\\/#breadcrumb\"},\"inLanguage\":\"fr-FR\",\"potentialAction\":[{\"@type\":\"ReadAction\",\"target\":[\"https:\\\/\\\/www.e2.law\\\/fr\\\/2022\\\/05\\\/02\\\/la-prime-beneficiaire\\\/\"]}]},{\"@type\":\"ImageObject\",\"inLanguage\":\"fr-FR\",\"@id\":\"https:\\\/\\\/www.e2.law\\\/fr\\\/2022\\\/05\\\/02\\\/la-prime-beneficiaire\\\/#primaryimage\",\"url\":\"https:\\\/\\\/i0.wp.com\\\/www.e2.law\\\/wp-content\\\/uploads\\\/2022\\\/12\\\/Argent_2-2.png?fit=800%2C800&ssl=1\",\"contentUrl\":\"https:\\\/\\\/i0.wp.com\\\/www.e2.law\\\/wp-content\\\/uploads\\\/2022\\\/12\\\/Argent_2-2.png?fit=800%2C800&ssl=1\",\"width\":800,\"height\":800},{\"@type\":\"BreadcrumbList\",\"@id\":\"https:\\\/\\\/www.e2.law\\\/fr\\\/2022\\\/05\\\/02\\\/la-prime-beneficiaire\\\/#breadcrumb\",\"itemListElement\":[{\"@type\":\"ListItem\",\"position\":1,\"name\":\"Home\",\"item\":\"https:\\\/\\\/www.e2.law\\\/fr\\\/home\\\/\"},{\"@type\":\"ListItem\",\"position\":2,\"name\":\"La prime b\u00e9n\u00e9ficiaire\"}]},{\"@type\":\"WebSite\",\"@id\":\"https:\\\/\\\/www.e2.law\\\/fr\\\/#website\",\"url\":\"https:\\\/\\\/www.e2.law\\\/fr\\\/\",\"name\":\"e2.law\",\"description\":\"A Business Law Firm\",\"publisher\":{\"@id\":\"https:\\\/\\\/www.e2.law\\\/fr\\\/#organization\"},\"potentialAction\":[{\"@type\":\"SearchAction\",\"target\":{\"@type\":\"EntryPoint\",\"urlTemplate\":\"https:\\\/\\\/www.e2.law\\\/fr\\\/?s={search_term_string}\"},\"query-input\":{\"@type\":\"PropertyValueSpecification\",\"valueRequired\":true,\"valueName\":\"search_term_string\"}}],\"inLanguage\":\"fr-FR\"},{\"@type\":\"Organization\",\"@id\":\"https:\\\/\\\/www.e2.law\\\/fr\\\/#organization\",\"name\":\"E2.law\",\"url\":\"https:\\\/\\\/www.e2.law\\\/fr\\\/\",\"logo\":{\"@type\":\"ImageObject\",\"inLanguage\":\"fr-FR\",\"@id\":\"https:\\\/\\\/www.e2.law\\\/fr\\\/#\\\/schema\\\/logo\\\/image\\\/\",\"url\":\"https:\\\/\\\/www.e2.law\\\/wp-content\\\/uploads\\\/2018\\\/12\\\/logo-2.png\",\"contentUrl\":\"https:\\\/\\\/www.e2.law\\\/wp-content\\\/uploads\\\/2018\\\/12\\\/logo-2.png\",\"width\":152,\"height\":40,\"caption\":\"E2.law\"},\"image\":{\"@id\":\"https:\\\/\\\/www.e2.law\\\/fr\\\/#\\\/schema\\\/logo\\\/image\\\/\"},\"sameAs\":[\"https:\\\/\\\/www.linkedin.com\\\/company\\\/e2.law\"]},{\"@type\":\"Person\",\"@id\":\"https:\\\/\\\/www.e2.law\\\/fr\\\/#\\\/schema\\\/person\\\/6d8ea5ac063330765d6690c0abac6777\",\"name\":\"Laura Fennane\",\"image\":{\"@type\":\"ImageObject\",\"inLanguage\":\"fr-FR\",\"@id\":\"https:\\\/\\\/secure.gravatar.com\\\/avatar\\\/?d=https:\\\/\\\/www.e2.law\\\/wp-content\\\/uploads\\\/2021\\\/01\\\/pixie_1609696175704-e1610820192173.png&amp;s=96\",\"url\":\"https:\\\/\\\/secure.gravatar.com\\\/avatar\\\/?d=https:\\\/\\\/www.e2.law\\\/wp-content\\\/uploads\\\/2021\\\/01\\\/pixie_1609696175704-e1610820192173.png&amp;s=96\",\"contentUrl\":\"https:\\\/\\\/secure.gravatar.com\\\/avatar\\\/?d=https:\\\/\\\/www.e2.law\\\/wp-content\\\/uploads\\\/2021\\\/01\\\/pixie_1609696175704-e1610820192173.png&amp;s=96\",\"caption\":\"Laura Fennane\"},\"sameAs\":[\"www.linkedin.com\\\/in\\\/laura-fennane-567574195\"],\"url\":\"https:\\\/\\\/www.e2.law\\\/fr\\\/author\\\/lf\\\/\"}]}<\/script>\n<!-- \/ Yoast SEO plugin. -->","yoast_head_json":{"title":"La prime b\u00e9n\u00e9ficiaire - e2.law","description":"La prime b\u00e9n\u00e9ficiaire permet aux soci\u00e9t\u00e9s de distribuer une partie ou la totalit\u00e9 des b\u00e9n\u00e9fices de l'exercice comptable (apr\u00e8s imp\u00f4t) \u00e0 ses employ\u00e9s.","robots":{"index":"index","follow":"follow","max-snippet":"max-snippet:-1","max-image-preview":"max-image-preview:large","max-video-preview":"max-video-preview:-1"},"canonical":"https:\/\/www.e2.law\/fr\/2022\/05\/02\/la-prime-beneficiaire\/","og_locale":"fr_FR","og_type":"article","og_title":"La prime b\u00e9n\u00e9ficiaire - e2.law","og_description":"La prime b\u00e9n\u00e9ficiaire permet aux soci\u00e9t\u00e9s de distribuer une partie ou la totalit\u00e9 des b\u00e9n\u00e9fices de l'exercice comptable (apr\u00e8s imp\u00f4t) \u00e0 ses employ\u00e9s.","og_url":"https:\/\/www.e2.law\/fr\/2022\/05\/02\/la-prime-beneficiaire\/","og_site_name":"e2.law","article_published_time":"2022-05-02T15:57:01+00:00","article_modified_time":"2024-04-30T13:14:28+00:00","og_image":[{"width":800,"height":800,"url":"https:\/\/www.e2.law\/wp-content\/uploads\/2022\/12\/Argent_2-2.png","type":"image\/png"}],"author":"Laura Fennane","twitter_card":"summary_large_image","twitter_misc":{"\u00c9crit par":"Laura Fennane","Dur\u00e9e de lecture estim\u00e9e":"2 minutes"},"schema":{"@context":"https:\/\/schema.org","@graph":[{"@type":"Article","@id":"https:\/\/www.e2.law\/fr\/2022\/05\/02\/la-prime-beneficiaire\/#article","isPartOf":{"@id":"https:\/\/www.e2.law\/fr\/2022\/05\/02\/la-prime-beneficiaire\/"},"author":{"name":"Laura Fennane","@id":"https:\/\/www.e2.law\/fr\/#\/schema\/person\/6d8ea5ac063330765d6690c0abac6777"},"headline":"La prime b\u00e9n\u00e9ficiaire","datePublished":"2022-05-02T15:57:01+00:00","dateModified":"2024-04-30T13:14:28+00:00","mainEntityOfPage":{"@id":"https:\/\/www.e2.law\/fr\/2022\/05\/02\/la-prime-beneficiaire\/"},"wordCount":538,"publisher":{"@id":"https:\/\/www.e2.law\/fr\/#organization"},"image":{"@id":"https:\/\/www.e2.law\/fr\/2022\/05\/02\/la-prime-beneficiaire\/#primaryimage"},"thumbnailUrl":"https:\/\/i0.wp.com\/www.e2.law\/wp-content\/uploads\/2022\/12\/Argent_2-2.png?fit=800%2C800&ssl=1","keywords":["fiscalit\u00e9","r\u00e9mun\u00e9rations alternatives"],"articleSection":["Non classifi\u00e9(e)"],"inLanguage":"fr-FR"},{"@type":"WebPage","@id":"https:\/\/www.e2.law\/fr\/2022\/05\/02\/la-prime-beneficiaire\/","url":"https:\/\/www.e2.law\/fr\/2022\/05\/02\/la-prime-beneficiaire\/","name":"La prime b\u00e9n\u00e9ficiaire - e2.law","isPartOf":{"@id":"https:\/\/www.e2.law\/fr\/#website"},"primaryImageOfPage":{"@id":"https:\/\/www.e2.law\/fr\/2022\/05\/02\/la-prime-beneficiaire\/#primaryimage"},"image":{"@id":"https:\/\/www.e2.law\/fr\/2022\/05\/02\/la-prime-beneficiaire\/#primaryimage"},"thumbnailUrl":"https:\/\/i0.wp.com\/www.e2.law\/wp-content\/uploads\/2022\/12\/Argent_2-2.png?fit=800%2C800&ssl=1","datePublished":"2022-05-02T15:57:01+00:00","dateModified":"2024-04-30T13:14:28+00:00","description":"La prime b\u00e9n\u00e9ficiaire permet aux soci\u00e9t\u00e9s de distribuer une partie ou la totalit\u00e9 des b\u00e9n\u00e9fices de l'exercice comptable (apr\u00e8s imp\u00f4t) \u00e0 ses employ\u00e9s.","breadcrumb":{"@id":"https:\/\/www.e2.law\/fr\/2022\/05\/02\/la-prime-beneficiaire\/#breadcrumb"},"inLanguage":"fr-FR","potentialAction":[{"@type":"ReadAction","target":["https:\/\/www.e2.law\/fr\/2022\/05\/02\/la-prime-beneficiaire\/"]}]},{"@type":"ImageObject","inLanguage":"fr-FR","@id":"https:\/\/www.e2.law\/fr\/2022\/05\/02\/la-prime-beneficiaire\/#primaryimage","url":"https:\/\/i0.wp.com\/www.e2.law\/wp-content\/uploads\/2022\/12\/Argent_2-2.png?fit=800%2C800&ssl=1","contentUrl":"https:\/\/i0.wp.com\/www.e2.law\/wp-content\/uploads\/2022\/12\/Argent_2-2.png?fit=800%2C800&ssl=1","width":800,"height":800},{"@type":"BreadcrumbList","@id":"https:\/\/www.e2.law\/fr\/2022\/05\/02\/la-prime-beneficiaire\/#breadcrumb","itemListElement":[{"@type":"ListItem","position":1,"name":"Home","item":"https:\/\/www.e2.law\/fr\/home\/"},{"@type":"ListItem","position":2,"name":"La prime b\u00e9n\u00e9ficiaire"}]},{"@type":"WebSite","@id":"https:\/\/www.e2.law\/fr\/#website","url":"https:\/\/www.e2.law\/fr\/","name":"e2.law","description":"A Business Law Firm","publisher":{"@id":"https:\/\/www.e2.law\/fr\/#organization"},"potentialAction":[{"@type":"SearchAction","target":{"@type":"EntryPoint","urlTemplate":"https:\/\/www.e2.law\/fr\/?s={search_term_string}"},"query-input":{"@type":"PropertyValueSpecification","valueRequired":true,"valueName":"search_term_string"}}],"inLanguage":"fr-FR"},{"@type":"Organization","@id":"https:\/\/www.e2.law\/fr\/#organization","name":"E2.law","url":"https:\/\/www.e2.law\/fr\/","logo":{"@type":"ImageObject","inLanguage":"fr-FR","@id":"https:\/\/www.e2.law\/fr\/#\/schema\/logo\/image\/","url":"https:\/\/www.e2.law\/wp-content\/uploads\/2018\/12\/logo-2.png","contentUrl":"https:\/\/www.e2.law\/wp-content\/uploads\/2018\/12\/logo-2.png","width":152,"height":40,"caption":"E2.law"},"image":{"@id":"https:\/\/www.e2.law\/fr\/#\/schema\/logo\/image\/"},"sameAs":["https:\/\/www.linkedin.com\/company\/e2.law"]},{"@type":"Person","@id":"https:\/\/www.e2.law\/fr\/#\/schema\/person\/6d8ea5ac063330765d6690c0abac6777","name":"Laura Fennane","image":{"@type":"ImageObject","inLanguage":"fr-FR","@id":"https:\/\/secure.gravatar.com\/avatar\/?d=https:\/\/www.e2.law\/wp-content\/uploads\/2021\/01\/pixie_1609696175704-e1610820192173.png&amp;s=96","url":"https:\/\/secure.gravatar.com\/avatar\/?d=https:\/\/www.e2.law\/wp-content\/uploads\/2021\/01\/pixie_1609696175704-e1610820192173.png&amp;s=96","contentUrl":"https:\/\/secure.gravatar.com\/avatar\/?d=https:\/\/www.e2.law\/wp-content\/uploads\/2021\/01\/pixie_1609696175704-e1610820192173.png&amp;s=96","caption":"Laura Fennane"},"sameAs":["www.linkedin.com\/in\/laura-fennane-567574195"],"url":"https:\/\/www.e2.law\/fr\/author\/lf\/"}]}},"jetpack_featured_media_url":"https:\/\/i0.wp.com\/www.e2.law\/wp-content\/uploads\/2022\/12\/Argent_2-2.png?fit=800%2C800&ssl=1","jetpack_sharing_enabled":true,"_links":{"self":[{"href":"https:\/\/www.e2.law\/fr\/wp-json\/wp\/v2\/posts\/37773","targetHints":{"allow":["GET"]}}],"collection":[{"href":"https:\/\/www.e2.law\/fr\/wp-json\/wp\/v2\/posts"}],"about":[{"href":"https:\/\/www.e2.law\/fr\/wp-json\/wp\/v2\/types\/post"}],"author":[{"embeddable":true,"href":"https:\/\/www.e2.law\/fr\/wp-json\/wp\/v2\/users\/194"}],"replies":[{"embeddable":true,"href":"https:\/\/www.e2.law\/fr\/wp-json\/wp\/v2\/comments?post=37773"}],"version-history":[{"count":10,"href":"https:\/\/www.e2.law\/fr\/wp-json\/wp\/v2\/posts\/37773\/revisions"}],"predecessor-version":[{"id":44650,"href":"https:\/\/www.e2.law\/fr\/wp-json\/wp\/v2\/posts\/37773\/revisions\/44650"}],"wp:featuredmedia":[{"embeddable":true,"href":"https:\/\/www.e2.law\/fr\/wp-json\/wp\/v2\/media\/43689"}],"wp:attachment":[{"href":"https:\/\/www.e2.law\/fr\/wp-json\/wp\/v2\/media?parent=37773"}],"wp:term":[{"taxonomy":"category","embeddable":true,"href":"https:\/\/www.e2.law\/fr\/wp-json\/wp\/v2\/categories?post=37773"},{"taxonomy":"post_tag","embeddable":true,"href":"https:\/\/www.e2.law\/fr\/wp-json\/wp\/v2\/tags?post=37773"}],"curies":[{"name":"wp","href":"https:\/\/api.w.org\/{rel}","templated":true}]}}