{"id":38129,"date":"2022-05-03T10:54:48","date_gmt":"2022-05-03T08:54:48","guid":{"rendered":"https:\/\/www.e2.law\/?p=38129"},"modified":"2024-05-16T12:29:34","modified_gmt":"2024-05-16T10:29:34","slug":"puis-je-octroyer-des-assurances-a-mes-employes","status":"publish","type":"post","link":"https:\/\/www.e2.law\/fr\/2022\/05\/03\/puis-je-octroyer-des-assurances-a-mes-employes\/","title":{"rendered":"Puis-je octroyer des assurances \u00e0 mes employ\u00e9s ?"},"content":{"rendered":"<div class=\"fusion-fullwidth fullwidth-box fusion-builder-row-1 fusion-flex-container nonhundred-percent-fullwidth non-hundred-percent-height-scrolling\" style=\"--awb-border-radius-top-left:0px;--awb-border-radius-top-right:0px;--awb-border-radius-bottom-right:0px;--awb-border-radius-bottom-left:0px;--awb-flex-wrap:wrap;\" ><div class=\"fusion-builder-row fusion-row fusion-flex-align-items-flex-start fusion-flex-content-wrap\" style=\"max-width:1144px;margin-left: calc(-4% \/ 2 );margin-right: calc(-4% \/ 2 );\"><div class=\"fusion-layout-column fusion_builder_column fusion-builder-column-0 fusion_builder_column_1_1 1_1 fusion-flex-column\" style=\"--awb-bg-size:cover;--awb-width-large:100%;--awb-margin-top-large:0px;--awb-spacing-right-large:1.92%;--awb-margin-bottom-large:0px;--awb-spacing-left-large:1.92%;--awb-width-medium:100%;--awb-spacing-right-medium:1.92%;--awb-spacing-left-medium:1.92%;--awb-width-small:100%;--awb-spacing-right-small:1.92%;--awb-spacing-left-small:1.92%;\"><div class=\"fusion-column-wrapper fusion-flex-justify-content-flex-start fusion-content-layout-column\"><div class=\"fusion-text fusion-text-1\"><p>L&#8217;employeur peut faire b\u00e9n\u00e9ficier ses employ\u00e9s de diverses assurances :<\/p>\n<p><!--more--><\/p>\n<ul>\n<li>Assurance groupe (pension);<\/li>\n<li>Assurance hospitalisation;<\/li>\n<li>Pension libre compl\u00e9mentaire;<\/li>\n<li>&#8230;<\/li>\n<\/ul>\n<p>Fiscalement, ces assurances ne constituent pas un avantage de toute nature dans le chef de l&#8217;employ\u00e9 et ne sont donc pas impos\u00e9es \u00e0 titre de revenus professionnels.<\/p>\n<p>S&#8217;agissant des cotisations sociales, l&#8217;ONSS ne consid\u00e8re pas ces avantages comme de la r\u00e9mun\u00e9ration et n&#8217;y sont donc pas soumis.<\/p>\n<p>Par contre, dans le chef de l&#8217;employeur, les primes vers\u00e9es pour les assurances hospitalisation constituent des d\u00e9penses non admises.<\/p>\n<p>Enfin, il est \u00e0 noter que l&#8217;assurance groupe est soumises \u00e0 certaines taxes comme la taxe sur les assurances par exemple (4,4%) et sera impos\u00e9e dans le chef de l&#8217;employ\u00e9 lorsqu&#8217;il b\u00e9n\u00e9ficiera de sa pension.<\/p>\n<p>Pour plus d&#8217;informations concernant les diff\u00e9rents types d&#8217;assurances et leur r\u00e9gime de taxation, n&#8217;h\u00e9sitez pas \u00e0 contacter l&#8217;un de nos collaborateurs !<\/p>\n<\/div><\/div><\/div><\/div><\/div>\n","protected":false},"excerpt":{"rendered":"<p>L&#8217;employeur peut faire b\u00e9n\u00e9ficier ses employ\u00e9s de diverses assurances :<\/p>\n","protected":false},"author":194,"featured_media":43731,"comment_status":"closed","ping_status":"open","sticky":false,"template":"","format":"standard","meta":{"_acf_changed":false,"_jetpack_memberships_contains_paid_content":false,"footnotes":""},"categories":[141],"tags":[890,1061,1505],"class_list":["post-38129","post","type-post","status-publish","format-standard","has-post-thumbnail","hentry","category-non-classifiee","tag-fiscalite","tag-remuneration","tag-ressources-humaines"],"acf":[],"yoast_head":"<!-- This site is optimized with the Yoast SEO plugin v27.5 - https:\/\/yoast.com\/product\/yoast-seo-wordpress\/ -->\n<title>Puis-je octroyer des assurances \u00e0 mes employ\u00e9s ? - e2.law<\/title>\n<meta name=\"description\" content=\"L&#039;employeur peut faire b\u00e9n\u00e9ficier ses employ\u00e9s de diverses assurances :Assurance groupe (pension);Assurance hospitalisation;Pension libre compl\u00e9mentaire;...\" \/>\n<meta name=\"robots\" content=\"index, follow, max-snippet:-1, max-image-preview:large, max-video-preview:-1\" \/>\n<link rel=\"canonical\" href=\"https:\/\/www.e2.law\/fr\/2022\/05\/03\/puis-je-octroyer-des-assurances-a-mes-employes\/\" \/>\n<meta property=\"og:locale\" content=\"fr_FR\" \/>\n<meta property=\"og:type\" content=\"article\" \/>\n<meta property=\"og:title\" content=\"Puis-je octroyer des assurances \u00e0 mes employ\u00e9s ? - e2.law\" \/>\n<meta property=\"og:description\" content=\"L&#039;employeur peut faire b\u00e9n\u00e9ficier ses employ\u00e9s de diverses assurances :Assurance groupe (pension);Assurance hospitalisation;Pension libre compl\u00e9mentaire;...\" \/>\n<meta property=\"og:url\" content=\"https:\/\/www.e2.law\/fr\/2022\/05\/03\/puis-je-octroyer-des-assurances-a-mes-employes\/\" \/>\n<meta property=\"og:site_name\" content=\"e2.law\" \/>\n<meta property=\"article:published_time\" content=\"2022-05-03T08:54:48+00:00\" \/>\n<meta property=\"article:modified_time\" content=\"2024-05-16T10:29:34+00:00\" \/>\n<meta property=\"og:image\" content=\"https:\/\/www.e2.law\/wp-content\/uploads\/2022\/05\/Assurance.png\" \/>\n\t<meta property=\"og:image:width\" content=\"800\" \/>\n\t<meta property=\"og:image:height\" content=\"800\" \/>\n\t<meta property=\"og:image:type\" content=\"image\/png\" \/>\n<meta name=\"author\" content=\"Laura Fennane\" \/>\n<meta name=\"twitter:card\" content=\"summary_large_image\" \/>\n<meta name=\"twitter:label1\" content=\"\u00c9crit par\" \/>\n\t<meta name=\"twitter:data1\" content=\"Laura Fennane\" \/>\n\t<meta name=\"twitter:label2\" content=\"Dur\u00e9e de lecture estim\u00e9e\" \/>\n\t<meta name=\"twitter:data2\" content=\"1 minute\" \/>\n<script type=\"application\/ld+json\" class=\"yoast-schema-graph\">{\"@context\":\"https:\\\/\\\/schema.org\",\"@graph\":[{\"@type\":\"Article\",\"@id\":\"https:\\\/\\\/www.e2.law\\\/fr\\\/2022\\\/05\\\/03\\\/puis-je-octroyer-des-assurances-a-mes-employes\\\/#article\",\"isPartOf\":{\"@id\":\"https:\\\/\\\/www.e2.law\\\/fr\\\/2022\\\/05\\\/03\\\/puis-je-octroyer-des-assurances-a-mes-employes\\\/\"},\"author\":{\"name\":\"Laura Fennane\",\"@id\":\"https:\\\/\\\/www.e2.law\\\/fr\\\/#\\\/schema\\\/person\\\/6d8ea5ac063330765d6690c0abac6777\"},\"headline\":\"Puis-je octroyer des assurances \u00e0 mes employ\u00e9s ?\",\"datePublished\":\"2022-05-03T08:54:48+00:00\",\"dateModified\":\"2024-05-16T10:29:34+00:00\",\"mainEntityOfPage\":{\"@id\":\"https:\\\/\\\/www.e2.law\\\/fr\\\/2022\\\/05\\\/03\\\/puis-je-octroyer-des-assurances-a-mes-employes\\\/\"},\"wordCount\":328,\"publisher\":{\"@id\":\"https:\\\/\\\/www.e2.law\\\/fr\\\/#organization\"},\"image\":{\"@id\":\"https:\\\/\\\/www.e2.law\\\/fr\\\/2022\\\/05\\\/03\\\/puis-je-octroyer-des-assurances-a-mes-employes\\\/#primaryimage\"},\"thumbnailUrl\":\"https:\\\/\\\/i0.wp.com\\\/www.e2.law\\\/wp-content\\\/uploads\\\/2022\\\/05\\\/Assurance.png?fit=800%2C800&ssl=1\",\"keywords\":[\"fiscalit\u00e9\",\"r\u00e9mun\u00e9ration\",\"ressources humaines\"],\"articleSection\":[\"Non classifi\u00e9(e)\"],\"inLanguage\":\"fr-FR\"},{\"@type\":\"WebPage\",\"@id\":\"https:\\\/\\\/www.e2.law\\\/fr\\\/2022\\\/05\\\/03\\\/puis-je-octroyer-des-assurances-a-mes-employes\\\/\",\"url\":\"https:\\\/\\\/www.e2.law\\\/fr\\\/2022\\\/05\\\/03\\\/puis-je-octroyer-des-assurances-a-mes-employes\\\/\",\"name\":\"Puis-je octroyer des assurances \u00e0 mes employ\u00e9s ? - e2.law\",\"isPartOf\":{\"@id\":\"https:\\\/\\\/www.e2.law\\\/fr\\\/#website\"},\"primaryImageOfPage\":{\"@id\":\"https:\\\/\\\/www.e2.law\\\/fr\\\/2022\\\/05\\\/03\\\/puis-je-octroyer-des-assurances-a-mes-employes\\\/#primaryimage\"},\"image\":{\"@id\":\"https:\\\/\\\/www.e2.law\\\/fr\\\/2022\\\/05\\\/03\\\/puis-je-octroyer-des-assurances-a-mes-employes\\\/#primaryimage\"},\"thumbnailUrl\":\"https:\\\/\\\/i0.wp.com\\\/www.e2.law\\\/wp-content\\\/uploads\\\/2022\\\/05\\\/Assurance.png?fit=800%2C800&ssl=1\",\"datePublished\":\"2022-05-03T08:54:48+00:00\",\"dateModified\":\"2024-05-16T10:29:34+00:00\",\"description\":\"L'employeur peut faire b\u00e9n\u00e9ficier ses employ\u00e9s de diverses assurances :Assurance groupe (pension);Assurance hospitalisation;Pension libre compl\u00e9mentaire;...\",\"breadcrumb\":{\"@id\":\"https:\\\/\\\/www.e2.law\\\/fr\\\/2022\\\/05\\\/03\\\/puis-je-octroyer-des-assurances-a-mes-employes\\\/#breadcrumb\"},\"inLanguage\":\"fr-FR\",\"potentialAction\":[{\"@type\":\"ReadAction\",\"target\":[\"https:\\\/\\\/www.e2.law\\\/fr\\\/2022\\\/05\\\/03\\\/puis-je-octroyer-des-assurances-a-mes-employes\\\/\"]}]},{\"@type\":\"ImageObject\",\"inLanguage\":\"fr-FR\",\"@id\":\"https:\\\/\\\/www.e2.law\\\/fr\\\/2022\\\/05\\\/03\\\/puis-je-octroyer-des-assurances-a-mes-employes\\\/#primaryimage\",\"url\":\"https:\\\/\\\/i0.wp.com\\\/www.e2.law\\\/wp-content\\\/uploads\\\/2022\\\/05\\\/Assurance.png?fit=800%2C800&ssl=1\",\"contentUrl\":\"https:\\\/\\\/i0.wp.com\\\/www.e2.law\\\/wp-content\\\/uploads\\\/2022\\\/05\\\/Assurance.png?fit=800%2C800&ssl=1\",\"width\":800,\"height\":800},{\"@type\":\"BreadcrumbList\",\"@id\":\"https:\\\/\\\/www.e2.law\\\/fr\\\/2022\\\/05\\\/03\\\/puis-je-octroyer-des-assurances-a-mes-employes\\\/#breadcrumb\",\"itemListElement\":[{\"@type\":\"ListItem\",\"position\":1,\"name\":\"Home\",\"item\":\"https:\\\/\\\/www.e2.law\\\/fr\\\/home\\\/\"},{\"@type\":\"ListItem\",\"position\":2,\"name\":\"Puis-je octroyer des assurances \u00e0 mes employ\u00e9s ?\"}]},{\"@type\":\"WebSite\",\"@id\":\"https:\\\/\\\/www.e2.law\\\/fr\\\/#website\",\"url\":\"https:\\\/\\\/www.e2.law\\\/fr\\\/\",\"name\":\"e2.law\",\"description\":\"A Business Law Firm\",\"publisher\":{\"@id\":\"https:\\\/\\\/www.e2.law\\\/fr\\\/#organization\"},\"potentialAction\":[{\"@type\":\"SearchAction\",\"target\":{\"@type\":\"EntryPoint\",\"urlTemplate\":\"https:\\\/\\\/www.e2.law\\\/fr\\\/?s={search_term_string}\"},\"query-input\":{\"@type\":\"PropertyValueSpecification\",\"valueRequired\":true,\"valueName\":\"search_term_string\"}}],\"inLanguage\":\"fr-FR\"},{\"@type\":\"Organization\",\"@id\":\"https:\\\/\\\/www.e2.law\\\/fr\\\/#organization\",\"name\":\"E2.law\",\"url\":\"https:\\\/\\\/www.e2.law\\\/fr\\\/\",\"logo\":{\"@type\":\"ImageObject\",\"inLanguage\":\"fr-FR\",\"@id\":\"https:\\\/\\\/www.e2.law\\\/fr\\\/#\\\/schema\\\/logo\\\/image\\\/\",\"url\":\"https:\\\/\\\/www.e2.law\\\/wp-content\\\/uploads\\\/2018\\\/12\\\/logo-2.png\",\"contentUrl\":\"https:\\\/\\\/www.e2.law\\\/wp-content\\\/uploads\\\/2018\\\/12\\\/logo-2.png\",\"width\":152,\"height\":40,\"caption\":\"E2.law\"},\"image\":{\"@id\":\"https:\\\/\\\/www.e2.law\\\/fr\\\/#\\\/schema\\\/logo\\\/image\\\/\"},\"sameAs\":[\"https:\\\/\\\/www.linkedin.com\\\/company\\\/e2.law\"]},{\"@type\":\"Person\",\"@id\":\"https:\\\/\\\/www.e2.law\\\/fr\\\/#\\\/schema\\\/person\\\/6d8ea5ac063330765d6690c0abac6777\",\"name\":\"Laura Fennane\",\"image\":{\"@type\":\"ImageObject\",\"inLanguage\":\"fr-FR\",\"@id\":\"https:\\\/\\\/secure.gravatar.com\\\/avatar\\\/?d=https:\\\/\\\/www.e2.law\\\/wp-content\\\/uploads\\\/2021\\\/01\\\/pixie_1609696175704-e1610820192173.png&amp;s=96\",\"url\":\"https:\\\/\\\/secure.gravatar.com\\\/avatar\\\/?d=https:\\\/\\\/www.e2.law\\\/wp-content\\\/uploads\\\/2021\\\/01\\\/pixie_1609696175704-e1610820192173.png&amp;s=96\",\"contentUrl\":\"https:\\\/\\\/secure.gravatar.com\\\/avatar\\\/?d=https:\\\/\\\/www.e2.law\\\/wp-content\\\/uploads\\\/2021\\\/01\\\/pixie_1609696175704-e1610820192173.png&amp;s=96\",\"caption\":\"Laura Fennane\"},\"sameAs\":[\"www.linkedin.com\\\/in\\\/laura-fennane-567574195\"],\"url\":\"https:\\\/\\\/www.e2.law\\\/fr\\\/author\\\/lf\\\/\"}]}<\/script>\n<!-- \/ Yoast SEO plugin. -->","yoast_head_json":{"title":"Puis-je octroyer des assurances \u00e0 mes employ\u00e9s ? - e2.law","description":"L'employeur peut faire b\u00e9n\u00e9ficier ses employ\u00e9s de diverses assurances :Assurance groupe (pension);Assurance hospitalisation;Pension libre compl\u00e9mentaire;...","robots":{"index":"index","follow":"follow","max-snippet":"max-snippet:-1","max-image-preview":"max-image-preview:large","max-video-preview":"max-video-preview:-1"},"canonical":"https:\/\/www.e2.law\/fr\/2022\/05\/03\/puis-je-octroyer-des-assurances-a-mes-employes\/","og_locale":"fr_FR","og_type":"article","og_title":"Puis-je octroyer des assurances \u00e0 mes employ\u00e9s ? - e2.law","og_description":"L'employeur peut faire b\u00e9n\u00e9ficier ses employ\u00e9s de diverses assurances :Assurance groupe (pension);Assurance hospitalisation;Pension libre compl\u00e9mentaire;...","og_url":"https:\/\/www.e2.law\/fr\/2022\/05\/03\/puis-je-octroyer-des-assurances-a-mes-employes\/","og_site_name":"e2.law","article_published_time":"2022-05-03T08:54:48+00:00","article_modified_time":"2024-05-16T10:29:34+00:00","og_image":[{"width":800,"height":800,"url":"https:\/\/www.e2.law\/wp-content\/uploads\/2022\/05\/Assurance.png","type":"image\/png"}],"author":"Laura Fennane","twitter_card":"summary_large_image","twitter_misc":{"\u00c9crit par":"Laura Fennane","Dur\u00e9e de lecture estim\u00e9e":"1 minute"},"schema":{"@context":"https:\/\/schema.org","@graph":[{"@type":"Article","@id":"https:\/\/www.e2.law\/fr\/2022\/05\/03\/puis-je-octroyer-des-assurances-a-mes-employes\/#article","isPartOf":{"@id":"https:\/\/www.e2.law\/fr\/2022\/05\/03\/puis-je-octroyer-des-assurances-a-mes-employes\/"},"author":{"name":"Laura Fennane","@id":"https:\/\/www.e2.law\/fr\/#\/schema\/person\/6d8ea5ac063330765d6690c0abac6777"},"headline":"Puis-je octroyer des assurances \u00e0 mes employ\u00e9s ?","datePublished":"2022-05-03T08:54:48+00:00","dateModified":"2024-05-16T10:29:34+00:00","mainEntityOfPage":{"@id":"https:\/\/www.e2.law\/fr\/2022\/05\/03\/puis-je-octroyer-des-assurances-a-mes-employes\/"},"wordCount":328,"publisher":{"@id":"https:\/\/www.e2.law\/fr\/#organization"},"image":{"@id":"https:\/\/www.e2.law\/fr\/2022\/05\/03\/puis-je-octroyer-des-assurances-a-mes-employes\/#primaryimage"},"thumbnailUrl":"https:\/\/i0.wp.com\/www.e2.law\/wp-content\/uploads\/2022\/05\/Assurance.png?fit=800%2C800&ssl=1","keywords":["fiscalit\u00e9","r\u00e9mun\u00e9ration","ressources humaines"],"articleSection":["Non classifi\u00e9(e)"],"inLanguage":"fr-FR"},{"@type":"WebPage","@id":"https:\/\/www.e2.law\/fr\/2022\/05\/03\/puis-je-octroyer-des-assurances-a-mes-employes\/","url":"https:\/\/www.e2.law\/fr\/2022\/05\/03\/puis-je-octroyer-des-assurances-a-mes-employes\/","name":"Puis-je octroyer des assurances \u00e0 mes employ\u00e9s ? - e2.law","isPartOf":{"@id":"https:\/\/www.e2.law\/fr\/#website"},"primaryImageOfPage":{"@id":"https:\/\/www.e2.law\/fr\/2022\/05\/03\/puis-je-octroyer-des-assurances-a-mes-employes\/#primaryimage"},"image":{"@id":"https:\/\/www.e2.law\/fr\/2022\/05\/03\/puis-je-octroyer-des-assurances-a-mes-employes\/#primaryimage"},"thumbnailUrl":"https:\/\/i0.wp.com\/www.e2.law\/wp-content\/uploads\/2022\/05\/Assurance.png?fit=800%2C800&ssl=1","datePublished":"2022-05-03T08:54:48+00:00","dateModified":"2024-05-16T10:29:34+00:00","description":"L'employeur peut faire b\u00e9n\u00e9ficier ses employ\u00e9s de diverses assurances :Assurance groupe (pension);Assurance hospitalisation;Pension libre compl\u00e9mentaire;...","breadcrumb":{"@id":"https:\/\/www.e2.law\/fr\/2022\/05\/03\/puis-je-octroyer-des-assurances-a-mes-employes\/#breadcrumb"},"inLanguage":"fr-FR","potentialAction":[{"@type":"ReadAction","target":["https:\/\/www.e2.law\/fr\/2022\/05\/03\/puis-je-octroyer-des-assurances-a-mes-employes\/"]}]},{"@type":"ImageObject","inLanguage":"fr-FR","@id":"https:\/\/www.e2.law\/fr\/2022\/05\/03\/puis-je-octroyer-des-assurances-a-mes-employes\/#primaryimage","url":"https:\/\/i0.wp.com\/www.e2.law\/wp-content\/uploads\/2022\/05\/Assurance.png?fit=800%2C800&ssl=1","contentUrl":"https:\/\/i0.wp.com\/www.e2.law\/wp-content\/uploads\/2022\/05\/Assurance.png?fit=800%2C800&ssl=1","width":800,"height":800},{"@type":"BreadcrumbList","@id":"https:\/\/www.e2.law\/fr\/2022\/05\/03\/puis-je-octroyer-des-assurances-a-mes-employes\/#breadcrumb","itemListElement":[{"@type":"ListItem","position":1,"name":"Home","item":"https:\/\/www.e2.law\/fr\/home\/"},{"@type":"ListItem","position":2,"name":"Puis-je octroyer des assurances \u00e0 mes employ\u00e9s ?"}]},{"@type":"WebSite","@id":"https:\/\/www.e2.law\/fr\/#website","url":"https:\/\/www.e2.law\/fr\/","name":"e2.law","description":"A Business Law Firm","publisher":{"@id":"https:\/\/www.e2.law\/fr\/#organization"},"potentialAction":[{"@type":"SearchAction","target":{"@type":"EntryPoint","urlTemplate":"https:\/\/www.e2.law\/fr\/?s={search_term_string}"},"query-input":{"@type":"PropertyValueSpecification","valueRequired":true,"valueName":"search_term_string"}}],"inLanguage":"fr-FR"},{"@type":"Organization","@id":"https:\/\/www.e2.law\/fr\/#organization","name":"E2.law","url":"https:\/\/www.e2.law\/fr\/","logo":{"@type":"ImageObject","inLanguage":"fr-FR","@id":"https:\/\/www.e2.law\/fr\/#\/schema\/logo\/image\/","url":"https:\/\/www.e2.law\/wp-content\/uploads\/2018\/12\/logo-2.png","contentUrl":"https:\/\/www.e2.law\/wp-content\/uploads\/2018\/12\/logo-2.png","width":152,"height":40,"caption":"E2.law"},"image":{"@id":"https:\/\/www.e2.law\/fr\/#\/schema\/logo\/image\/"},"sameAs":["https:\/\/www.linkedin.com\/company\/e2.law"]},{"@type":"Person","@id":"https:\/\/www.e2.law\/fr\/#\/schema\/person\/6d8ea5ac063330765d6690c0abac6777","name":"Laura Fennane","image":{"@type":"ImageObject","inLanguage":"fr-FR","@id":"https:\/\/secure.gravatar.com\/avatar\/?d=https:\/\/www.e2.law\/wp-content\/uploads\/2021\/01\/pixie_1609696175704-e1610820192173.png&amp;s=96","url":"https:\/\/secure.gravatar.com\/avatar\/?d=https:\/\/www.e2.law\/wp-content\/uploads\/2021\/01\/pixie_1609696175704-e1610820192173.png&amp;s=96","contentUrl":"https:\/\/secure.gravatar.com\/avatar\/?d=https:\/\/www.e2.law\/wp-content\/uploads\/2021\/01\/pixie_1609696175704-e1610820192173.png&amp;s=96","caption":"Laura Fennane"},"sameAs":["www.linkedin.com\/in\/laura-fennane-567574195"],"url":"https:\/\/www.e2.law\/fr\/author\/lf\/"}]}},"jetpack_featured_media_url":"https:\/\/i0.wp.com\/www.e2.law\/wp-content\/uploads\/2022\/05\/Assurance.png?fit=800%2C800&ssl=1","jetpack_sharing_enabled":true,"_links":{"self":[{"href":"https:\/\/www.e2.law\/fr\/wp-json\/wp\/v2\/posts\/38129","targetHints":{"allow":["GET"]}}],"collection":[{"href":"https:\/\/www.e2.law\/fr\/wp-json\/wp\/v2\/posts"}],"about":[{"href":"https:\/\/www.e2.law\/fr\/wp-json\/wp\/v2\/types\/post"}],"author":[{"embeddable":true,"href":"https:\/\/www.e2.law\/fr\/wp-json\/wp\/v2\/users\/194"}],"replies":[{"embeddable":true,"href":"https:\/\/www.e2.law\/fr\/wp-json\/wp\/v2\/comments?post=38129"}],"version-history":[{"count":4,"href":"https:\/\/www.e2.law\/fr\/wp-json\/wp\/v2\/posts\/38129\/revisions"}],"predecessor-version":[{"id":44647,"href":"https:\/\/www.e2.law\/fr\/wp-json\/wp\/v2\/posts\/38129\/revisions\/44647"}],"wp:featuredmedia":[{"embeddable":true,"href":"https:\/\/www.e2.law\/fr\/wp-json\/wp\/v2\/media\/43731"}],"wp:attachment":[{"href":"https:\/\/www.e2.law\/fr\/wp-json\/wp\/v2\/media?parent=38129"}],"wp:term":[{"taxonomy":"category","embeddable":true,"href":"https:\/\/www.e2.law\/fr\/wp-json\/wp\/v2\/categories?post=38129"},{"taxonomy":"post_tag","embeddable":true,"href":"https:\/\/www.e2.law\/fr\/wp-json\/wp\/v2\/tags?post=38129"}],"curies":[{"name":"wp","href":"https:\/\/api.w.org\/{rel}","templated":true}]}}