{"id":42501,"date":"2022-08-18T17:45:00","date_gmt":"2022-08-18T15:45:00","guid":{"rendered":"https:\/\/www.e2.law\/?p=42501"},"modified":"2023-02-09T10:44:39","modified_gmt":"2023-02-09T08:44:39","slug":"les-consequences-du-non-depot-des-comptes-annuels-d-une-societe","status":"publish","type":"post","link":"https:\/\/www.e2.law\/fr\/2022\/08\/18\/les-consequences-du-non-depot-des-comptes-annuels-d-une-societe\/","title":{"rendered":"Les cons\u00e9quences du non-d\u00e9p\u00f4t des comptes annuels d&#8217;une soci\u00e9t\u00e9"},"content":{"rendered":"<p>L&#8217;\u00e9tablissement et le d\u00e9p\u00f4ts des comptes annuels d&#8217;une soci\u00e9t\u00e9 doivent s&#8217;effectuer dans des d\u00e9lais stricts.<\/p>\n<p>Une soci\u00e9t\u00e9 qui ne d\u00e9pose pas ses comptes annuels dans les temps s&#8217;expose \u00e0 de nombreuses sanctions, list\u00e9es ci-dessous.<\/p>\n<h2>1. Majoration tarifaire<\/h2>\n<p style=\"font-weight: 400;\">Lorsque la soci\u00e9t\u00e9 publie ses comptes en retard, la BNB pr\u00e9l\u00e8ve une majoration tarifaire en m\u00eame temps que les frais de publicit\u00e9 des comptes annuels. Cette majoration s\u2019\u00e9l\u00e8ve \u00e0\u00a0:<\/p>\n<table style=\"height: 357px;\" width=\"900\">\n<tbody>\n<tr>\n<td width=\"217\"><strong>D\u00e9lai de retard<\/strong><\/td>\n<td width=\"227\">\n<p style=\"text-align: center;\"><strong>Montant pour les petites soci\u00e9t\u00e9s qui utilisent un sch\u00e9ma micro ou abr\u00e9g\u00e9<\/strong><\/p>\n<\/td>\n<td width=\"157\">\n<p style=\"text-align: center;\"><strong>Montant pour les autres soci\u00e9t\u00e9s<\/strong><\/p>\n<\/td>\n<\/tr>\n<tr>\n<td width=\"217\">1<sup>er<\/sup>\u00a0jour \u2013 9<sup>\u00e8me<\/sup>\u00a0mois qui suit la cl\u00f4ture de l\u2019exercice comptable<\/td>\n<td width=\"227\">\n<p style=\"text-align: center;\">120 \u20ac<\/p>\n<\/td>\n<td width=\"157\">\n<p style=\"text-align: center;\">400 \u20ac<\/p>\n<\/td>\n<\/tr>\n<tr>\n<td width=\"217\">10<sup>\u00e8me<\/sup>\u00a0mois \u2013 12<sup>\u00e8me<\/sup>\u00a0mois<\/td>\n<td width=\"227\">\n<p style=\"text-align: center;\">180 \u20ac<\/p>\n<\/td>\n<td width=\"157\">\n<p style=\"text-align: center;\">600 \u20ac<\/p>\n<\/td>\n<\/tr>\n<tr>\n<td width=\"217\">A partir du 13<sup>\u00e8me<\/sup>\u00a0mois<\/td>\n<td width=\"227\">\n<p style=\"text-align: center;\">360 \u20ac<\/p>\n<\/td>\n<td width=\"157\">\n<p style=\"text-align: center;\">1.200 \u20ac<\/p>\n<\/td>\n<\/tr>\n<\/tbody>\n<\/table>\n<div class=\"accordian fusion-accordian\" style=\"--awb-border-size:1px;--awb-icon-size:13px;--awb-content-font-size:16px;--awb-icon-alignment:left;--awb-hover-color:#f9f9f9;--awb-border-color:#cccccc;--awb-background-color:#ffffff;--awb-divider-color:#e0dede;--awb-divider-hover-color:#e0dede;--awb-icon-color:#ffffff;--awb-title-color:#333333;--awb-content-color:#747474;--awb-icon-box-color:#333333;--awb-toggle-hover-accent-color:#0da74c;--awb-title-font-family:&quot;Roboto Slab&quot;;--awb-title-font-weight:300;--awb-title-font-style:normal;--awb-title-font-size:14px;--awb-title-letter-spacing:0px;--awb-title-line-height:1.43;--awb-content-font-family:&quot;PT Sans&quot;;--awb-content-font-style:normal;--awb-content-font-weight:400;\"><div class=\"panel-group fusion-toggle-icon-boxed\" id=\"accordion-42501-1\"><div class=\"fusion-panel panel-default panel-0458617be68321316 fusion-toggle-has-divider\" style=\"--awb-title-color:#333333;--awb-content-color:#747474;\"><div class=\"panel-heading\"><h4 class=\"panel-title toggle\" id=\"toggle_0458617be68321316\"><a aria-expanded=\"false\" aria-controls=\"0458617be68321316\" role=\"button\" data-toggle=\"collapse\" data-parent=\"#accordion-42501-1\" data-target=\"#0458617be68321316\" href=\"#0458617be68321316\"><span class=\"fusion-toggle-icon-wrapper\" aria-hidden=\"true\"><i class=\"fa-fusion-box active-icon awb-icon-minus\" aria-hidden=\"true\"><\/i><i class=\"fa-fusion-box inactive-icon awb-icon-plus\" aria-hidden=\"true\"><\/i><\/span><span class=\"fusion-toggle-heading\">Base l\u00e9gale<\/span><\/a><\/h4><\/div><div id=\"0458617be68321316\" class=\"panel-collapse collapse \" aria-labelledby=\"toggle_0458617be68321316\"><div class=\"panel-body toggle-content fusion-clearfix\"><\/p>\n<p><a href=\"https:\/\/www.ejustice.just.fgov.be\/cgi_loi\/loi_a1.pl?language=fr&amp;la=F&amp;table_name=loi&amp;cn=2019032309&amp;&amp;caller=list&amp;F&amp;fromtab=loi&amp;tri=dd+AS+RANK&amp;rech=1&amp;numero=1&amp;sql=(text+contains+(%27%27))#Art.3:13\">Article 3:13, CSA<\/a><\/p>\n<p><\/div><\/div><\/div><\/div><\/div>\n<p>&nbsp;<\/p>\n<h2>2. Radiation d\u2019office de la BCE<\/h2>\n<p style=\"font-weight: 400;\">Les soci\u00e9t\u00e9s qui ne d\u00e9posent par leurs comptes annuels pendant au moins trois exercices comptables cons\u00e9cutifs peuvent se voir radi\u00e9es de la Banque-Carrefour des entreprises (BCE).<\/p>\n<div class=\"accordian fusion-accordian\" style=\"--awb-border-size:1px;--awb-icon-size:13px;--awb-content-font-size:16px;--awb-icon-alignment:left;--awb-hover-color:#f9f9f9;--awb-border-color:#cccccc;--awb-background-color:#ffffff;--awb-divider-color:#e0dede;--awb-divider-hover-color:#e0dede;--awb-icon-color:#ffffff;--awb-title-color:#333333;--awb-content-color:#747474;--awb-icon-box-color:#333333;--awb-toggle-hover-accent-color:#0da74c;--awb-title-font-family:&quot;Roboto Slab&quot;;--awb-title-font-weight:300;--awb-title-font-style:normal;--awb-title-font-size:14px;--awb-title-letter-spacing:0px;--awb-title-line-height:1.43;--awb-content-font-family:&quot;PT Sans&quot;;--awb-content-font-style:normal;--awb-content-font-weight:400;\"><div class=\"panel-group fusion-toggle-icon-boxed\" id=\"accordion-42501-2\"><div class=\"fusion-panel panel-default panel-4f943159a78d097f1 fusion-toggle-has-divider\" style=\"--awb-title-color:#333333;--awb-content-color:#747474;\"><div class=\"panel-heading\"><h4 class=\"panel-title toggle\" id=\"toggle_4f943159a78d097f1\"><a aria-expanded=\"false\" aria-controls=\"4f943159a78d097f1\" role=\"button\" data-toggle=\"collapse\" data-parent=\"#accordion-42501-2\" data-target=\"#4f943159a78d097f1\" href=\"#4f943159a78d097f1\"><span class=\"fusion-toggle-icon-wrapper\" aria-hidden=\"true\"><i class=\"fa-fusion-box active-icon awb-icon-minus\" aria-hidden=\"true\"><\/i><i class=\"fa-fusion-box inactive-icon awb-icon-plus\" aria-hidden=\"true\"><\/i><\/span><span class=\"fusion-toggle-heading\">Base l\u00e9gale<\/span><\/a><\/h4><\/div><div id=\"4f943159a78d097f1\" class=\"panel-collapse collapse \" aria-labelledby=\"toggle_4f943159a78d097f1\"><div class=\"panel-body toggle-content fusion-clearfix\"><\/p>\n<p style=\"font-weight: 400;\"><a href=\"https:\/\/www.ejustice.just.fgov.be\/eli\/loi\/2013\/02\/28\/2013A11134\/justel#Art.III.42\">Article III.42, \u00a71, 4\u00b0, CDE<\/a><\/p>\n<p><\/div><\/div><\/div><\/div><\/div>\n<p>&nbsp;<\/p>\n<h2>3. Renversement de la charge de la preuve<\/h2>\n<p style=\"font-weight: 400;\">Le pr\u00e9judice subi par les tiers \u00e0 la suite de la non-publication des comptes annuels d\u2019une soci\u00e9t\u00e9 est, sauf preuve contraire, pr\u00e9sum\u00e9 r\u00e9sulter de cette omission.<\/p>\n<div class=\"accordian fusion-accordian\" style=\"--awb-border-size:1px;--awb-icon-size:13px;--awb-content-font-size:16px;--awb-icon-alignment:left;--awb-hover-color:#f9f9f9;--awb-border-color:#cccccc;--awb-background-color:#ffffff;--awb-divider-color:#e0dede;--awb-divider-hover-color:#e0dede;--awb-icon-color:#ffffff;--awb-title-color:#333333;--awb-content-color:#747474;--awb-icon-box-color:#333333;--awb-toggle-hover-accent-color:#0da74c;--awb-title-font-family:&quot;Roboto Slab&quot;;--awb-title-font-weight:300;--awb-title-font-style:normal;--awb-title-font-size:14px;--awb-title-letter-spacing:0px;--awb-title-line-height:1.43;--awb-content-font-family:&quot;PT Sans&quot;;--awb-content-font-style:normal;--awb-content-font-weight:400;\"><div class=\"panel-group fusion-toggle-icon-boxed\" id=\"accordion-42501-3\"><div class=\"fusion-panel panel-default panel-23e318b04cd90cba4 fusion-toggle-has-divider\" style=\"--awb-title-color:#333333;--awb-content-color:#747474;\"><div class=\"panel-heading\"><h4 class=\"panel-title toggle\" id=\"toggle_23e318b04cd90cba4\"><a aria-expanded=\"false\" aria-controls=\"23e318b04cd90cba4\" role=\"button\" data-toggle=\"collapse\" data-parent=\"#accordion-42501-3\" data-target=\"#23e318b04cd90cba4\" href=\"#23e318b04cd90cba4\"><span class=\"fusion-toggle-icon-wrapper\" aria-hidden=\"true\"><i class=\"fa-fusion-box active-icon awb-icon-minus\" aria-hidden=\"true\"><\/i><i class=\"fa-fusion-box inactive-icon awb-icon-plus\" aria-hidden=\"true\"><\/i><\/span><span class=\"fusion-toggle-heading\">Base l\u00e9gale<\/span><\/a><\/h4><\/div><div id=\"23e318b04cd90cba4\" class=\"panel-collapse collapse \" aria-labelledby=\"toggle_23e318b04cd90cba4\"><div class=\"panel-body toggle-content fusion-clearfix\"><\/p>\n<p style=\"font-weight: 400;\"><a href=\"https:\/\/www.ejustice.just.fgov.be\/cgi_loi\/loi_a1.pl?language=fr&amp;la=F&amp;table_name=loi&amp;cn=2019032309&amp;&amp;caller=list&amp;F&amp;fromtab=loi&amp;tri=dd+AS+RANK&amp;rech=1&amp;numero=1&amp;sql=(text+contains+(%27%27))#Art.3:1\">Article 3:1, CSA<\/a><\/p>\n<p><\/div><\/div><\/div><\/div><\/div>\n<p>&nbsp;<\/p>\n<h2>4. Dissolution judiciaire<\/h2>\n<p style=\"font-weight: 400;\">Le tribunal de l\u2019entreprise de l\u2019arrondissement judiciaire dans lequel une soci\u00e9t\u00e9 a son si\u00e8ge social peut prononcer la dissolution de la soci\u00e9t\u00e9 qui n\u2019a pas respect\u00e9 l\u2019obligation de d\u00e9poser ses comptes annuels, \u00e0 l\u2019initiative de tout tiers int\u00e9ress\u00e9 ou du minist\u00e8re public.<\/p>\n<div class=\"accordian fusion-accordian\" style=\"--awb-border-size:1px;--awb-icon-size:13px;--awb-content-font-size:16px;--awb-icon-alignment:left;--awb-hover-color:#f9f9f9;--awb-border-color:#cccccc;--awb-background-color:#ffffff;--awb-divider-color:#e0dede;--awb-divider-hover-color:#e0dede;--awb-icon-color:#ffffff;--awb-title-color:#333333;--awb-content-color:#747474;--awb-icon-box-color:#333333;--awb-toggle-hover-accent-color:#0da74c;--awb-title-font-family:&quot;Roboto Slab&quot;;--awb-title-font-weight:300;--awb-title-font-style:normal;--awb-title-font-size:14px;--awb-title-letter-spacing:0px;--awb-title-line-height:1.43;--awb-content-font-family:&quot;PT Sans&quot;;--awb-content-font-style:normal;--awb-content-font-weight:400;\"><div class=\"panel-group fusion-toggle-icon-boxed\" id=\"accordion-42501-4\"><div class=\"fusion-panel panel-default panel-ef75d64020b2711ff fusion-toggle-has-divider\" style=\"--awb-title-color:#333333;--awb-content-color:#747474;\"><div class=\"panel-heading\"><h4 class=\"panel-title toggle\" id=\"toggle_ef75d64020b2711ff\"><a aria-expanded=\"false\" aria-controls=\"ef75d64020b2711ff\" role=\"button\" data-toggle=\"collapse\" data-parent=\"#accordion-42501-4\" data-target=\"#ef75d64020b2711ff\" href=\"#ef75d64020b2711ff\"><span class=\"fusion-toggle-icon-wrapper\" aria-hidden=\"true\"><i class=\"fa-fusion-box active-icon awb-icon-minus\" aria-hidden=\"true\"><\/i><i class=\"fa-fusion-box inactive-icon awb-icon-plus\" aria-hidden=\"true\"><\/i><\/span><span class=\"fusion-toggle-heading\">Base l\u00e9gale<\/span><\/a><\/h4><\/div><div id=\"ef75d64020b2711ff\" class=\"panel-collapse collapse \" aria-labelledby=\"toggle_ef75d64020b2711ff\"><div class=\"panel-body toggle-content fusion-clearfix\"><\/p>\n<p style=\"font-weight: 400;\"><a href=\"https:\/\/www.ejustice.just.fgov.be\/cgi_loi\/loi_a1.pl?language=fr&amp;la=F&amp;table_name=loi&amp;cn=2019032309&amp;&amp;caller=list&amp;F&amp;fromtab=loi&amp;tri=dd+AS+RANK&amp;rech=1&amp;numero=1&amp;sql=(text+contains+(%27%27))#Art.2:74\">Article 2:74, CSA<\/a><\/p>\n<p><\/div><\/div><\/div><\/div><\/div>\n","protected":false},"excerpt":{"rendered":"<p>L&#8217;\u00e9tablissement et le d\u00e9p\u00f4ts des comptes annuels d&#8217;une soci\u00e9t\u00e9 doivent s&#8217;effectuer dans des d\u00e9lais stricts. Une soci\u00e9t\u00e9 qui ne d\u00e9pose pas ses comptes annuels dans les temps s&#8217;expose \u00e0 de nombreuses sanctions, list\u00e9es ci-dessous. 1. Majoration tarifaire Lorsque la soci\u00e9t\u00e9 publie ses comptes en retard, la BNB pr\u00e9l\u00e8ve une majoration tarifaire en m\u00eame temps que les   [&#8230;]<\/p>\n","protected":false},"author":164,"featured_media":43692,"comment_status":"closed","ping_status":"open","sticky":false,"template":"","format":"standard","meta":{"_acf_changed":false,"_jetpack_memberships_contains_paid_content":false,"footnotes":""},"categories":[141],"tags":[],"class_list":["post-42501","post","type-post","status-publish","format-standard","has-post-thumbnail","hentry","category-non-classifiee"],"acf":[],"yoast_head":"<!-- This site is optimized with the Yoast SEO plugin v27.5 - https:\/\/yoast.com\/product\/yoast-seo-wordpress\/ -->\n<title>Les cons\u00e9quences du non-d\u00e9p\u00f4t des comptes annuels d&#039;une soci\u00e9t\u00e9 - e2.law<\/title>\n<meta name=\"description\" content=\"L&#039;\u00e9tablissement et le d\u00e9p\u00f4ts des comptes annuels d&#039;une soci\u00e9t\u00e9 doivent s&#039;effectuer dans des d\u00e9lais stricts.\" \/>\n<meta name=\"robots\" content=\"index, follow, max-snippet:-1, max-image-preview:large, max-video-preview:-1\" \/>\n<link rel=\"canonical\" href=\"https:\/\/www.e2.law\/fr\/2022\/08\/18\/les-consequences-du-non-depot-des-comptes-annuels-d-une-societe\/\" \/>\n<meta property=\"og:locale\" content=\"fr_FR\" \/>\n<meta property=\"og:type\" content=\"article\" \/>\n<meta property=\"og:title\" content=\"Les cons\u00e9quences du non-d\u00e9p\u00f4t des comptes annuels d&#039;une soci\u00e9t\u00e9 - e2.law\" \/>\n<meta property=\"og:description\" content=\"L&#039;\u00e9tablissement et le d\u00e9p\u00f4ts des comptes annuels d&#039;une soci\u00e9t\u00e9 doivent s&#039;effectuer dans des d\u00e9lais stricts.\" \/>\n<meta property=\"og:url\" content=\"https:\/\/www.e2.law\/fr\/2022\/08\/18\/les-consequences-du-non-depot-des-comptes-annuels-d-une-societe\/\" \/>\n<meta property=\"og:site_name\" content=\"e2.law\" \/>\n<meta property=\"article:published_time\" content=\"2022-08-18T15:45:00+00:00\" \/>\n<meta property=\"article:modified_time\" content=\"2023-02-09T08:44:39+00:00\" \/>\n<meta property=\"og:image\" content=\"https:\/\/www.e2.law\/wp-content\/uploads\/2022\/10\/De\u0301lai.png\" \/>\n\t<meta property=\"og:image:width\" content=\"800\" \/>\n\t<meta property=\"og:image:height\" content=\"800\" \/>\n\t<meta property=\"og:image:type\" content=\"image\/png\" \/>\n<meta name=\"author\" content=\"Valentine Bonamis\" \/>\n<meta name=\"twitter:card\" content=\"summary_large_image\" \/>\n<meta name=\"twitter:label1\" content=\"\u00c9crit par\" \/>\n\t<meta name=\"twitter:data1\" content=\"Valentine Bonamis\" \/>\n\t<meta name=\"twitter:label2\" content=\"Dur\u00e9e de lecture estim\u00e9e\" \/>\n\t<meta name=\"twitter:data2\" content=\"3 minutes\" \/>\n<script type=\"application\/ld+json\" class=\"yoast-schema-graph\">{\"@context\":\"https:\\\/\\\/schema.org\",\"@graph\":[{\"@type\":\"Article\",\"@id\":\"https:\\\/\\\/www.e2.law\\\/fr\\\/2022\\\/08\\\/18\\\/les-consequences-du-non-depot-des-comptes-annuels-d-une-societe\\\/#article\",\"isPartOf\":{\"@id\":\"https:\\\/\\\/www.e2.law\\\/fr\\\/2022\\\/08\\\/18\\\/les-consequences-du-non-depot-des-comptes-annuels-d-une-societe\\\/\"},\"author\":{\"name\":\"Valentine Bonamis\",\"@id\":\"https:\\\/\\\/www.e2.law\\\/fr\\\/#\\\/schema\\\/person\\\/fc4936c485fc15b9d2be735eb6fa9080\"},\"headline\":\"Les cons\u00e9quences du non-d\u00e9p\u00f4t des comptes annuels d&#8217;une soci\u00e9t\u00e9\",\"datePublished\":\"2022-08-18T15:45:00+00:00\",\"dateModified\":\"2023-02-09T08:44:39+00:00\",\"mainEntityOfPage\":{\"@id\":\"https:\\\/\\\/www.e2.law\\\/fr\\\/2022\\\/08\\\/18\\\/les-consequences-du-non-depot-des-comptes-annuels-d-une-societe\\\/\"},\"wordCount\":963,\"publisher\":{\"@id\":\"https:\\\/\\\/www.e2.law\\\/fr\\\/#organization\"},\"image\":{\"@id\":\"https:\\\/\\\/www.e2.law\\\/fr\\\/2022\\\/08\\\/18\\\/les-consequences-du-non-depot-des-comptes-annuels-d-une-societe\\\/#primaryimage\"},\"thumbnailUrl\":\"https:\\\/\\\/i0.wp.com\\\/www.e2.law\\\/wp-content\\\/uploads\\\/2022\\\/10\\\/De%CC%81lai.png?fit=800%2C800&ssl=1\",\"articleSection\":[\"Non classifi\u00e9(e)\"],\"inLanguage\":\"fr-FR\"},{\"@type\":\"WebPage\",\"@id\":\"https:\\\/\\\/www.e2.law\\\/fr\\\/2022\\\/08\\\/18\\\/les-consequences-du-non-depot-des-comptes-annuels-d-une-societe\\\/\",\"url\":\"https:\\\/\\\/www.e2.law\\\/fr\\\/2022\\\/08\\\/18\\\/les-consequences-du-non-depot-des-comptes-annuels-d-une-societe\\\/\",\"name\":\"Les cons\u00e9quences du non-d\u00e9p\u00f4t des comptes annuels d'une soci\u00e9t\u00e9 - e2.law\",\"isPartOf\":{\"@id\":\"https:\\\/\\\/www.e2.law\\\/fr\\\/#website\"},\"primaryImageOfPage\":{\"@id\":\"https:\\\/\\\/www.e2.law\\\/fr\\\/2022\\\/08\\\/18\\\/les-consequences-du-non-depot-des-comptes-annuels-d-une-societe\\\/#primaryimage\"},\"image\":{\"@id\":\"https:\\\/\\\/www.e2.law\\\/fr\\\/2022\\\/08\\\/18\\\/les-consequences-du-non-depot-des-comptes-annuels-d-une-societe\\\/#primaryimage\"},\"thumbnailUrl\":\"https:\\\/\\\/i0.wp.com\\\/www.e2.law\\\/wp-content\\\/uploads\\\/2022\\\/10\\\/De%CC%81lai.png?fit=800%2C800&ssl=1\",\"datePublished\":\"2022-08-18T15:45:00+00:00\",\"dateModified\":\"2023-02-09T08:44:39+00:00\",\"description\":\"L'\u00e9tablissement et le d\u00e9p\u00f4ts des comptes annuels d'une soci\u00e9t\u00e9 doivent s'effectuer dans des d\u00e9lais stricts.\",\"breadcrumb\":{\"@id\":\"https:\\\/\\\/www.e2.law\\\/fr\\\/2022\\\/08\\\/18\\\/les-consequences-du-non-depot-des-comptes-annuels-d-une-societe\\\/#breadcrumb\"},\"inLanguage\":\"fr-FR\",\"potentialAction\":[{\"@type\":\"ReadAction\",\"target\":[\"https:\\\/\\\/www.e2.law\\\/fr\\\/2022\\\/08\\\/18\\\/les-consequences-du-non-depot-des-comptes-annuels-d-une-societe\\\/\"]}]},{\"@type\":\"ImageObject\",\"inLanguage\":\"fr-FR\",\"@id\":\"https:\\\/\\\/www.e2.law\\\/fr\\\/2022\\\/08\\\/18\\\/les-consequences-du-non-depot-des-comptes-annuels-d-une-societe\\\/#primaryimage\",\"url\":\"https:\\\/\\\/i0.wp.com\\\/www.e2.law\\\/wp-content\\\/uploads\\\/2022\\\/10\\\/De%CC%81lai.png?fit=800%2C800&ssl=1\",\"contentUrl\":\"https:\\\/\\\/i0.wp.com\\\/www.e2.law\\\/wp-content\\\/uploads\\\/2022\\\/10\\\/De%CC%81lai.png?fit=800%2C800&ssl=1\",\"width\":800,\"height\":800},{\"@type\":\"BreadcrumbList\",\"@id\":\"https:\\\/\\\/www.e2.law\\\/fr\\\/2022\\\/08\\\/18\\\/les-consequences-du-non-depot-des-comptes-annuels-d-une-societe\\\/#breadcrumb\",\"itemListElement\":[{\"@type\":\"ListItem\",\"position\":1,\"name\":\"Home\",\"item\":\"https:\\\/\\\/www.e2.law\\\/fr\\\/home\\\/\"},{\"@type\":\"ListItem\",\"position\":2,\"name\":\"Les cons\u00e9quences du non-d\u00e9p\u00f4t des comptes annuels d&#8217;une soci\u00e9t\u00e9\"}]},{\"@type\":\"WebSite\",\"@id\":\"https:\\\/\\\/www.e2.law\\\/fr\\\/#website\",\"url\":\"https:\\\/\\\/www.e2.law\\\/fr\\\/\",\"name\":\"e2.law\",\"description\":\"A Business Law Firm\",\"publisher\":{\"@id\":\"https:\\\/\\\/www.e2.law\\\/fr\\\/#organization\"},\"potentialAction\":[{\"@type\":\"SearchAction\",\"target\":{\"@type\":\"EntryPoint\",\"urlTemplate\":\"https:\\\/\\\/www.e2.law\\\/fr\\\/?s={search_term_string}\"},\"query-input\":{\"@type\":\"PropertyValueSpecification\",\"valueRequired\":true,\"valueName\":\"search_term_string\"}}],\"inLanguage\":\"fr-FR\"},{\"@type\":\"Organization\",\"@id\":\"https:\\\/\\\/www.e2.law\\\/fr\\\/#organization\",\"name\":\"E2.law\",\"url\":\"https:\\\/\\\/www.e2.law\\\/fr\\\/\",\"logo\":{\"@type\":\"ImageObject\",\"inLanguage\":\"fr-FR\",\"@id\":\"https:\\\/\\\/www.e2.law\\\/fr\\\/#\\\/schema\\\/logo\\\/image\\\/\",\"url\":\"https:\\\/\\\/www.e2.law\\\/wp-content\\\/uploads\\\/2018\\\/12\\\/logo-2.png\",\"contentUrl\":\"https:\\\/\\\/www.e2.law\\\/wp-content\\\/uploads\\\/2018\\\/12\\\/logo-2.png\",\"width\":152,\"height\":40,\"caption\":\"E2.law\"},\"image\":{\"@id\":\"https:\\\/\\\/www.e2.law\\\/fr\\\/#\\\/schema\\\/logo\\\/image\\\/\"},\"sameAs\":[\"https:\\\/\\\/www.linkedin.com\\\/company\\\/e2.law\"]},{\"@type\":\"Person\",\"@id\":\"https:\\\/\\\/www.e2.law\\\/fr\\\/#\\\/schema\\\/person\\\/fc4936c485fc15b9d2be735eb6fa9080\",\"name\":\"Valentine Bonamis\",\"image\":{\"@type\":\"ImageObject\",\"inLanguage\":\"fr-FR\",\"@id\":\"https:\\\/\\\/www.e2.law\\\/wp-content\\\/uploads\\\/2021\\\/02\\\/6E22BF17-266E-4CB1-A676-FCE71D83B2A2_1_201_a-scaled-96x96.jpeg\",\"url\":\"https:\\\/\\\/www.e2.law\\\/wp-content\\\/uploads\\\/2021\\\/02\\\/6E22BF17-266E-4CB1-A676-FCE71D83B2A2_1_201_a-scaled-96x96.jpeg\",\"contentUrl\":\"https:\\\/\\\/www.e2.law\\\/wp-content\\\/uploads\\\/2021\\\/02\\\/6E22BF17-266E-4CB1-A676-FCE71D83B2A2_1_201_a-scaled-96x96.jpeg\",\"caption\":\"Valentine Bonamis\"},\"url\":\"https:\\\/\\\/www.e2.law\\\/fr\\\/author\\\/valentine-b\\\/\"}]}<\/script>\n<!-- \/ Yoast SEO plugin. -->","yoast_head_json":{"title":"Les cons\u00e9quences du non-d\u00e9p\u00f4t des comptes annuels d'une soci\u00e9t\u00e9 - e2.law","description":"L'\u00e9tablissement et le d\u00e9p\u00f4ts des comptes annuels d'une soci\u00e9t\u00e9 doivent s'effectuer dans des d\u00e9lais stricts.","robots":{"index":"index","follow":"follow","max-snippet":"max-snippet:-1","max-image-preview":"max-image-preview:large","max-video-preview":"max-video-preview:-1"},"canonical":"https:\/\/www.e2.law\/fr\/2022\/08\/18\/les-consequences-du-non-depot-des-comptes-annuels-d-une-societe\/","og_locale":"fr_FR","og_type":"article","og_title":"Les cons\u00e9quences du non-d\u00e9p\u00f4t des comptes annuels d'une soci\u00e9t\u00e9 - e2.law","og_description":"L'\u00e9tablissement et le d\u00e9p\u00f4ts des comptes annuels d'une soci\u00e9t\u00e9 doivent s'effectuer dans des d\u00e9lais stricts.","og_url":"https:\/\/www.e2.law\/fr\/2022\/08\/18\/les-consequences-du-non-depot-des-comptes-annuels-d-une-societe\/","og_site_name":"e2.law","article_published_time":"2022-08-18T15:45:00+00:00","article_modified_time":"2023-02-09T08:44:39+00:00","og_image":[{"width":800,"height":800,"url":"https:\/\/www.e2.law\/wp-content\/uploads\/2022\/10\/De\u0301lai.png","type":"image\/png"}],"author":"Valentine Bonamis","twitter_card":"summary_large_image","twitter_misc":{"\u00c9crit par":"Valentine Bonamis","Dur\u00e9e de lecture estim\u00e9e":"3 minutes"},"schema":{"@context":"https:\/\/schema.org","@graph":[{"@type":"Article","@id":"https:\/\/www.e2.law\/fr\/2022\/08\/18\/les-consequences-du-non-depot-des-comptes-annuels-d-une-societe\/#article","isPartOf":{"@id":"https:\/\/www.e2.law\/fr\/2022\/08\/18\/les-consequences-du-non-depot-des-comptes-annuels-d-une-societe\/"},"author":{"name":"Valentine Bonamis","@id":"https:\/\/www.e2.law\/fr\/#\/schema\/person\/fc4936c485fc15b9d2be735eb6fa9080"},"headline":"Les cons\u00e9quences du non-d\u00e9p\u00f4t des comptes annuels d&#8217;une soci\u00e9t\u00e9","datePublished":"2022-08-18T15:45:00+00:00","dateModified":"2023-02-09T08:44:39+00:00","mainEntityOfPage":{"@id":"https:\/\/www.e2.law\/fr\/2022\/08\/18\/les-consequences-du-non-depot-des-comptes-annuels-d-une-societe\/"},"wordCount":963,"publisher":{"@id":"https:\/\/www.e2.law\/fr\/#organization"},"image":{"@id":"https:\/\/www.e2.law\/fr\/2022\/08\/18\/les-consequences-du-non-depot-des-comptes-annuels-d-une-societe\/#primaryimage"},"thumbnailUrl":"https:\/\/i0.wp.com\/www.e2.law\/wp-content\/uploads\/2022\/10\/De%CC%81lai.png?fit=800%2C800&ssl=1","articleSection":["Non classifi\u00e9(e)"],"inLanguage":"fr-FR"},{"@type":"WebPage","@id":"https:\/\/www.e2.law\/fr\/2022\/08\/18\/les-consequences-du-non-depot-des-comptes-annuels-d-une-societe\/","url":"https:\/\/www.e2.law\/fr\/2022\/08\/18\/les-consequences-du-non-depot-des-comptes-annuels-d-une-societe\/","name":"Les cons\u00e9quences du non-d\u00e9p\u00f4t des comptes annuels d'une soci\u00e9t\u00e9 - e2.law","isPartOf":{"@id":"https:\/\/www.e2.law\/fr\/#website"},"primaryImageOfPage":{"@id":"https:\/\/www.e2.law\/fr\/2022\/08\/18\/les-consequences-du-non-depot-des-comptes-annuels-d-une-societe\/#primaryimage"},"image":{"@id":"https:\/\/www.e2.law\/fr\/2022\/08\/18\/les-consequences-du-non-depot-des-comptes-annuels-d-une-societe\/#primaryimage"},"thumbnailUrl":"https:\/\/i0.wp.com\/www.e2.law\/wp-content\/uploads\/2022\/10\/De%CC%81lai.png?fit=800%2C800&ssl=1","datePublished":"2022-08-18T15:45:00+00:00","dateModified":"2023-02-09T08:44:39+00:00","description":"L'\u00e9tablissement et le d\u00e9p\u00f4ts des comptes annuels d'une soci\u00e9t\u00e9 doivent s'effectuer dans des d\u00e9lais stricts.","breadcrumb":{"@id":"https:\/\/www.e2.law\/fr\/2022\/08\/18\/les-consequences-du-non-depot-des-comptes-annuels-d-une-societe\/#breadcrumb"},"inLanguage":"fr-FR","potentialAction":[{"@type":"ReadAction","target":["https:\/\/www.e2.law\/fr\/2022\/08\/18\/les-consequences-du-non-depot-des-comptes-annuels-d-une-societe\/"]}]},{"@type":"ImageObject","inLanguage":"fr-FR","@id":"https:\/\/www.e2.law\/fr\/2022\/08\/18\/les-consequences-du-non-depot-des-comptes-annuels-d-une-societe\/#primaryimage","url":"https:\/\/i0.wp.com\/www.e2.law\/wp-content\/uploads\/2022\/10\/De%CC%81lai.png?fit=800%2C800&ssl=1","contentUrl":"https:\/\/i0.wp.com\/www.e2.law\/wp-content\/uploads\/2022\/10\/De%CC%81lai.png?fit=800%2C800&ssl=1","width":800,"height":800},{"@type":"BreadcrumbList","@id":"https:\/\/www.e2.law\/fr\/2022\/08\/18\/les-consequences-du-non-depot-des-comptes-annuels-d-une-societe\/#breadcrumb","itemListElement":[{"@type":"ListItem","position":1,"name":"Home","item":"https:\/\/www.e2.law\/fr\/home\/"},{"@type":"ListItem","position":2,"name":"Les cons\u00e9quences du non-d\u00e9p\u00f4t des comptes annuels d&#8217;une soci\u00e9t\u00e9"}]},{"@type":"WebSite","@id":"https:\/\/www.e2.law\/fr\/#website","url":"https:\/\/www.e2.law\/fr\/","name":"e2.law","description":"A Business Law Firm","publisher":{"@id":"https:\/\/www.e2.law\/fr\/#organization"},"potentialAction":[{"@type":"SearchAction","target":{"@type":"EntryPoint","urlTemplate":"https:\/\/www.e2.law\/fr\/?s={search_term_string}"},"query-input":{"@type":"PropertyValueSpecification","valueRequired":true,"valueName":"search_term_string"}}],"inLanguage":"fr-FR"},{"@type":"Organization","@id":"https:\/\/www.e2.law\/fr\/#organization","name":"E2.law","url":"https:\/\/www.e2.law\/fr\/","logo":{"@type":"ImageObject","inLanguage":"fr-FR","@id":"https:\/\/www.e2.law\/fr\/#\/schema\/logo\/image\/","url":"https:\/\/www.e2.law\/wp-content\/uploads\/2018\/12\/logo-2.png","contentUrl":"https:\/\/www.e2.law\/wp-content\/uploads\/2018\/12\/logo-2.png","width":152,"height":40,"caption":"E2.law"},"image":{"@id":"https:\/\/www.e2.law\/fr\/#\/schema\/logo\/image\/"},"sameAs":["https:\/\/www.linkedin.com\/company\/e2.law"]},{"@type":"Person","@id":"https:\/\/www.e2.law\/fr\/#\/schema\/person\/fc4936c485fc15b9d2be735eb6fa9080","name":"Valentine Bonamis","image":{"@type":"ImageObject","inLanguage":"fr-FR","@id":"https:\/\/www.e2.law\/wp-content\/uploads\/2021\/02\/6E22BF17-266E-4CB1-A676-FCE71D83B2A2_1_201_a-scaled-96x96.jpeg","url":"https:\/\/www.e2.law\/wp-content\/uploads\/2021\/02\/6E22BF17-266E-4CB1-A676-FCE71D83B2A2_1_201_a-scaled-96x96.jpeg","contentUrl":"https:\/\/www.e2.law\/wp-content\/uploads\/2021\/02\/6E22BF17-266E-4CB1-A676-FCE71D83B2A2_1_201_a-scaled-96x96.jpeg","caption":"Valentine Bonamis"},"url":"https:\/\/www.e2.law\/fr\/author\/valentine-b\/"}]}},"jetpack_featured_media_url":"https:\/\/i0.wp.com\/www.e2.law\/wp-content\/uploads\/2022\/10\/De%CC%81lai.png?fit=800%2C800&ssl=1","jetpack_sharing_enabled":true,"_links":{"self":[{"href":"https:\/\/www.e2.law\/fr\/wp-json\/wp\/v2\/posts\/42501","targetHints":{"allow":["GET"]}}],"collection":[{"href":"https:\/\/www.e2.law\/fr\/wp-json\/wp\/v2\/posts"}],"about":[{"href":"https:\/\/www.e2.law\/fr\/wp-json\/wp\/v2\/types\/post"}],"author":[{"embeddable":true,"href":"https:\/\/www.e2.law\/fr\/wp-json\/wp\/v2\/users\/164"}],"replies":[{"embeddable":true,"href":"https:\/\/www.e2.law\/fr\/wp-json\/wp\/v2\/comments?post=42501"}],"version-history":[{"count":3,"href":"https:\/\/www.e2.law\/fr\/wp-json\/wp\/v2\/posts\/42501\/revisions"}],"predecessor-version":[{"id":42504,"href":"https:\/\/www.e2.law\/fr\/wp-json\/wp\/v2\/posts\/42501\/revisions\/42504"}],"wp:featuredmedia":[{"embeddable":true,"href":"https:\/\/www.e2.law\/fr\/wp-json\/wp\/v2\/media\/43692"}],"wp:attachment":[{"href":"https:\/\/www.e2.law\/fr\/wp-json\/wp\/v2\/media?parent=42501"}],"wp:term":[{"taxonomy":"category","embeddable":true,"href":"https:\/\/www.e2.law\/fr\/wp-json\/wp\/v2\/categories?post=42501"},{"taxonomy":"post_tag","embeddable":true,"href":"https:\/\/www.e2.law\/fr\/wp-json\/wp\/v2\/tags?post=42501"}],"curies":[{"name":"wp","href":"https:\/\/api.w.org\/{rel}","templated":true}]}}