{"id":42650,"date":"2022-08-28T20:11:33","date_gmt":"2022-08-28T18:11:33","guid":{"rendered":"https:\/\/www.e2.law\/?p=42650"},"modified":"2024-05-03T12:15:01","modified_gmt":"2024-05-03T10:15:01","slug":"pacte-dactionnaire-droit-applicable-et-juridictions-competentes","status":"publish","type":"post","link":"https:\/\/www.e2.law\/fr\/2022\/08\/28\/pacte-dactionnaire-droit-applicable-et-juridictions-competentes\/","title":{"rendered":"Pacte d&#8217;actionnaire : droit applicable et juridictions comp\u00e9tentes"},"content":{"rendered":"<div class=\"fusion-fullwidth fullwidth-box fusion-builder-row-1 fusion-flex-container nonhundred-percent-fullwidth non-hundred-percent-height-scrolling\" style=\"--awb-border-radius-top-left:0px;--awb-border-radius-top-right:0px;--awb-border-radius-bottom-right:0px;--awb-border-radius-bottom-left:0px;--awb-flex-wrap:wrap;\" ><div class=\"fusion-builder-row fusion-row fusion-flex-align-items-flex-start fusion-flex-content-wrap\" style=\"max-width:1144px;margin-left: calc(-4% \/ 2 );margin-right: calc(-4% \/ 2 );\"><div class=\"fusion-layout-column fusion_builder_column fusion-builder-column-0 fusion_builder_column_1_1 1_1 fusion-flex-column\" style=\"--awb-bg-size:cover;--awb-width-large:100%;--awb-margin-top-large:0px;--awb-spacing-right-large:1.92%;--awb-margin-bottom-large:0px;--awb-spacing-left-large:1.92%;--awb-width-medium:100%;--awb-spacing-right-medium:1.92%;--awb-spacing-left-medium:1.92%;--awb-width-small:100%;--awb-spacing-right-small:1.92%;--awb-spacing-left-small:1.92%;\"><div class=\"fusion-column-wrapper fusion-flex-justify-content-flex-start fusion-content-layout-column\"><div class=\"accordian fusion-accordian\" style=\"--awb-border-size:1px;--awb-icon-size:13px;--awb-content-font-size:16px;--awb-icon-alignment:left;--awb-hover-color:#f9f9f9;--awb-border-color:#cccccc;--awb-background-color:#ffffff;--awb-divider-color:#e0dede;--awb-divider-hover-color:#e0dede;--awb-icon-color:#ffffff;--awb-title-color:#333333;--awb-content-color:#747474;--awb-icon-box-color:#333333;--awb-toggle-hover-accent-color:#0da74c;--awb-title-font-family:&quot;Roboto Slab&quot;;--awb-title-font-weight:300;--awb-title-font-style:normal;--awb-title-font-size:14px;--awb-content-font-family:&quot;PT Sans&quot;;--awb-content-font-style:normal;--awb-content-font-weight:400;\"><div class=\"panel-group fusion-toggle-icon-boxed\" id=\"accordion-42650-1\"><div class=\"fusion-panel panel-default panel-ba70fd3787f35d0f7 fusion-toggle-has-divider\" style=\"--awb-title-color:#333333;--awb-content-color:#747474;\"><div class=\"panel-heading\"><h4 class=\"panel-title toggle\" id=\"toggle_ba70fd3787f35d0f7\"><a aria-expanded=\"false\" aria-controls=\"ba70fd3787f35d0f7\" role=\"button\" data-toggle=\"collapse\" data-parent=\"#accordion-42650-1\" data-target=\"#ba70fd3787f35d0f7\" href=\"#ba70fd3787f35d0f7\"><span class=\"fusion-toggle-icon-wrapper\" aria-hidden=\"true\"><i class=\"fa-fusion-box active-icon awb-icon-minus\" aria-hidden=\"true\"><\/i><i class=\"fa-fusion-box inactive-icon awb-icon-plus\" aria-hidden=\"true\"><\/i><\/span><span class=\"fusion-toggle-heading\">Droit applicable<\/span><\/a><\/h4><\/div><div id=\"ba70fd3787f35d0f7\" class=\"panel-collapse collapse \" aria-labelledby=\"toggle_ba70fd3787f35d0f7\"><div class=\"panel-body toggle-content fusion-clearfix\">\n<p>En pratique, dans la majorit\u00e9 des cas, un pacte d&#8217;actionnaire concernant une soci\u00e9t\u00e9 belge sera soumis au droit belge.<\/p>\n<p>N\u00e9anmoins, en th\u00e9orie, il est possible de le soumettre, pour l&#8217;essentiel, \u00e0 la loi d&#8217;un autre Etat.<\/p>\n<blockquote><p>En application du R\u00e8glement Rome I, les parties \u00e0 une convention sont, en r\u00e8gle g\u00e9n\u00e9rale, libres de choisir le droit applicable \u00e0 la convention qu&#8217;elles concluent (Art. 3). Le pacte d&#8217;associ\u00e9 n&#8217;\u00e9chappe pas \u00e0 cette r\u00e8gle.<\/p><\/blockquote>\n<p>M\u00eame si un droit \u00e9tranger est choisi, la loi belge restera quand-m\u00eame applicable \u00e0 plusieurs clauses, comme par exemple concernant les modalit\u00e9s de vote ou les restrictions \u00e0 la cessibilit\u00e9 des titres.<\/p>\n<p>En effet, la loi applicable \u00e0 la soci\u00e9t\u00e9 (lex societatis) restera toujours, en Belgique, celle de l&#8217;Etat o\u00f9 se situe son si\u00e8ge social.<\/p>\n<p>Le code belge de droit international priv\u00e9 pr\u00e9voit les \u00e9l\u00e9ments qui ne peuvent \u00eatre r\u00e9gi que par la lex societatis:<\/p>\n<p><a href=\"https:\/\/www.ejustice.just.fgov.be\/cgi_loi\/loi_a1.pl?language=fr&amp;la=F&amp;table_name=loi&amp;cn=2004071631&amp;&amp;caller=list&amp;F&amp;fromtab=loi&amp;tri=dd+AS+RANK&amp;rech=1&amp;numero=1&amp;sql=(text+contains+(%27%27))#Art.110\" name=\"Art.111\"><em>Art.<\/em><\/a><em>\u00a0<a href=\"https:\/\/www.ejustice.just.fgov.be\/cgi_loi\/loi_a1.pl?language=fr&amp;la=F&amp;table_name=loi&amp;cn=2004071631&amp;&amp;caller=list&amp;F&amp;fromtab=loi&amp;tri=dd+AS+RANK&amp;rech=1&amp;numero=1&amp;sql=(text+contains+(%27%27))#LNK0144\">111<\/a>. (extrait) &#8220;\u00a7 1er. Le droit applicable a la personne morale d\u00e9termine notamment :<\/em><br \/>\n<em>\u00a0\u00a01\u00b0 l&#8217;existence et la nature juridique de la personne morale;<\/em><br \/>\n<em>\u00a0\u00a02\u00b0 le nom ou la raison sociale;<\/em><br \/>\n<em>\u00a0\u00a03\u00b0 la constitution, la dissolution et la liquidation;<\/em><br \/>\n<em>\u00a0\u00a04\u00b0 la capacit\u00e9 de la personne morale;<\/em><br \/>\n<em>\u00a0\u00a05\u00b0 la composition, les pouvoirs et le fonctionnement de ses organes;<\/em><br \/>\n<em>\u00a0\u00a06\u00b0 les rapports internes entre associ\u00e9s ou membres ainsi que les rapports entre la personne morale et les associ\u00e9s ou membres;<\/em><br \/>\n<em>\u00a0\u00a07\u00b0 l&#8217;acquisition et la perte de la qualit\u00e9 d&#8217;associ\u00e9 ou de membre;<\/em><br \/>\n<em>\u00a0\u00a08\u00b0 les droits et obligations li\u00e9s aux parts ou actions et leur exercice;<\/em><br \/>\n<em>\u00a0\u00a09\u00b0 la responsabilit\u00e9 pour violation du [<sup><span style=\"color: red;\"><a title=\"&lt;L 2019-03-23\/06, art. 15, 013; En vigueur : 01-05-2019&gt;\" href=\"https:\/\/www.ejustice.just.fgov.be\/cgi_loi\/loi_a1.pl?language=fr&amp;la=F&amp;table_name=loi&amp;cn=2004071631&amp;&amp;caller=list&amp;F&amp;fromtab=loi&amp;tri=dd+AS+RANK&amp;rech=1&amp;numero=1&amp;sql=(text+contains+(%27%27))#t\">1<\/a><\/span><\/sup>\u00a0droit des personnes morales]<sup><span style=\"color: red;\"><a title=\"&lt;L 2019-03-23\/06, art. 15, 013; En vigueur : 01-05-2019&gt;\" href=\"https:\/\/www.ejustice.just.fgov.be\/cgi_loi\/loi_a1.pl?language=fr&amp;la=F&amp;table_name=loi&amp;cn=2004071631&amp;&amp;caller=list&amp;F&amp;fromtab=loi&amp;tri=dd+AS+RANK&amp;rech=1&amp;numero=1&amp;sql=(text+contains+(%27%27))#t\">1<\/a><\/span><\/sup>\u00a0ou des statuts;<\/em><br \/>\n<em>\u00a0\u00a010\u00b0 dans quelle mesure la personne morale est tenue \u00e0 l&#8217;\u00e9gard de tiers des dettes contract\u00e9es par ses organes.<\/em><br \/>\n<em>\u00a0\u00a0\u00a7 2 (&#8230;)&#8221;\u00a0<\/em><\/p>\n<\/div><\/div><\/div><div class=\"fusion-panel panel-default panel-39e692f988d12a34a fusion-toggle-has-divider\" style=\"--awb-title-color:#333333;--awb-content-color:#747474;\"><div class=\"panel-heading\"><h4 class=\"panel-title toggle\" id=\"toggle_39e692f988d12a34a\"><a aria-expanded=\"false\" aria-controls=\"39e692f988d12a34a\" role=\"button\" data-toggle=\"collapse\" data-parent=\"#accordion-42650-1\" data-target=\"#39e692f988d12a34a\" href=\"#39e692f988d12a34a\"><span class=\"fusion-toggle-icon-wrapper\" aria-hidden=\"true\"><i class=\"fa-fusion-box active-icon awb-icon-minus\" aria-hidden=\"true\"><\/i><i class=\"fa-fusion-box inactive-icon awb-icon-plus\" aria-hidden=\"true\"><\/i><\/span><span class=\"fusion-toggle-heading\">Juridictions<\/span><\/a><\/h4><\/div><div id=\"39e692f988d12a34a\" class=\"panel-collapse collapse \" aria-labelledby=\"toggle_39e692f988d12a34a\"><div class=\"panel-body toggle-content fusion-clearfix\">\n<p>Les tribunaux belges sont toujours comp\u00e9tents (g\u00e9n\u00e9ralement l\u00e0 o\u00f9 la soci\u00e9t\u00e9 a son si\u00e8ge social).<\/p>\n<p>La <a href=\"https:\/\/www.e2.law\/fr\/clauses\/clause-de-recours-a-larbitrage\/\">clause d&#8217;arbitrage<\/a> est fr\u00e9quente.<\/p>\n<\/div><\/div><\/div><\/div><\/div><div class=\"fusion-text fusion-text-1\"><\/div><\/div><\/div><\/div><\/div>\n","protected":false},"excerpt":{"rendered":"","protected":false},"author":169,"featured_media":43686,"comment_status":"closed","ping_status":"open","sticky":false,"template":"","format":"standard","meta":{"_acf_changed":false,"_jetpack_memberships_contains_paid_content":false,"footnotes":""},"categories":[141],"tags":[1330,1181,1376],"class_list":["post-42650","post","type-post","status-publish","format-standard","has-post-thumbnail","hentry","category-non-classifiee","tag-actionnaire","tag-pacte","tag-procedure"],"acf":[],"yoast_head":"<!-- This site is optimized with the Yoast SEO plugin v27.5 - https:\/\/yoast.com\/product\/yoast-seo-wordpress\/ -->\n<title>Pacte d&#039;actionnaire : droit applicable et juridictions comp\u00e9tentes - e2.law<\/title>\n<meta name=\"description\" content=\"En pratique, dans la majorit\u00e9 des cas, un pacte d&#039;actionnaire concernant une soci\u00e9t\u00e9 belge sera soumis au droit belge.\" \/>\n<meta name=\"robots\" content=\"index, follow, max-snippet:-1, max-image-preview:large, max-video-preview:-1\" \/>\n<link rel=\"canonical\" href=\"https:\/\/www.e2.law\/fr\/2022\/08\/28\/pacte-dactionnaire-droit-applicable-et-juridictions-competentes\/\" \/>\n<meta property=\"og:locale\" content=\"fr_FR\" \/>\n<meta property=\"og:type\" content=\"article\" \/>\n<meta property=\"og:title\" content=\"Pacte d&#039;actionnaire : droit applicable et juridictions comp\u00e9tentes - e2.law\" \/>\n<meta property=\"og:description\" content=\"En pratique, dans la majorit\u00e9 des cas, un pacte d&#039;actionnaire concernant une soci\u00e9t\u00e9 belge sera soumis au droit belge.\" \/>\n<meta property=\"og:url\" content=\"https:\/\/www.e2.law\/fr\/2022\/08\/28\/pacte-dactionnaire-droit-applicable-et-juridictions-competentes\/\" \/>\n<meta property=\"og:site_name\" content=\"e2.law\" \/>\n<meta property=\"article:published_time\" content=\"2022-08-28T18:11:33+00:00\" \/>\n<meta property=\"article:modified_time\" content=\"2024-05-03T10:15:01+00:00\" \/>\n<meta property=\"og:image\" content=\"https:\/\/www.e2.law\/wp-content\/uploads\/2022\/02\/Contrat.png\" \/>\n\t<meta property=\"og:image:width\" content=\"800\" \/>\n\t<meta property=\"og:image:height\" content=\"800\" \/>\n\t<meta property=\"og:image:type\" content=\"image\/png\" \/>\n<meta name=\"author\" content=\"e\u00b2.law\" \/>\n<meta name=\"twitter:card\" content=\"summary_large_image\" \/>\n<meta name=\"twitter:label1\" content=\"\u00c9crit par\" \/>\n\t<meta name=\"twitter:data1\" content=\"e\u00b2.law\" \/>\n\t<meta name=\"twitter:label2\" content=\"Dur\u00e9e de lecture estim\u00e9e\" \/>\n\t<meta name=\"twitter:data2\" content=\"2 minutes\" \/>\n<script type=\"application\/ld+json\" class=\"yoast-schema-graph\">{\"@context\":\"https:\\\/\\\/schema.org\",\"@graph\":[{\"@type\":\"Article\",\"@id\":\"https:\\\/\\\/www.e2.law\\\/fr\\\/2022\\\/08\\\/28\\\/pacte-dactionnaire-droit-applicable-et-juridictions-competentes\\\/#article\",\"isPartOf\":{\"@id\":\"https:\\\/\\\/www.e2.law\\\/fr\\\/2022\\\/08\\\/28\\\/pacte-dactionnaire-droit-applicable-et-juridictions-competentes\\\/\"},\"author\":{\"name\":\"e\u00b2.law\",\"@id\":\"https:\\\/\\\/www.e2.law\\\/fr\\\/#\\\/schema\\\/person\\\/9f822952177053b420c93ceda8001bcd\"},\"headline\":\"Pacte d&#8217;actionnaire : droit applicable et juridictions comp\u00e9tentes\",\"datePublished\":\"2022-08-28T18:11:33+00:00\",\"dateModified\":\"2024-05-03T10:15:01+00:00\",\"mainEntityOfPage\":{\"@id\":\"https:\\\/\\\/www.e2.law\\\/fr\\\/2022\\\/08\\\/28\\\/pacte-dactionnaire-droit-applicable-et-juridictions-competentes\\\/\"},\"wordCount\":720,\"publisher\":{\"@id\":\"https:\\\/\\\/www.e2.law\\\/fr\\\/#organization\"},\"image\":{\"@id\":\"https:\\\/\\\/www.e2.law\\\/fr\\\/2022\\\/08\\\/28\\\/pacte-dactionnaire-droit-applicable-et-juridictions-competentes\\\/#primaryimage\"},\"thumbnailUrl\":\"https:\\\/\\\/i0.wp.com\\\/www.e2.law\\\/wp-content\\\/uploads\\\/2022\\\/02\\\/Contrat.png?fit=800%2C800&ssl=1\",\"keywords\":[\"Actionnaire\",\"Pacte d'actionaires (ShA)\",\"proc\u00e9dure\"],\"articleSection\":[\"Non classifi\u00e9(e)\"],\"inLanguage\":\"fr-FR\"},{\"@type\":\"WebPage\",\"@id\":\"https:\\\/\\\/www.e2.law\\\/fr\\\/2022\\\/08\\\/28\\\/pacte-dactionnaire-droit-applicable-et-juridictions-competentes\\\/\",\"url\":\"https:\\\/\\\/www.e2.law\\\/fr\\\/2022\\\/08\\\/28\\\/pacte-dactionnaire-droit-applicable-et-juridictions-competentes\\\/\",\"name\":\"Pacte d'actionnaire : droit applicable et juridictions comp\u00e9tentes - e2.law\",\"isPartOf\":{\"@id\":\"https:\\\/\\\/www.e2.law\\\/fr\\\/#website\"},\"primaryImageOfPage\":{\"@id\":\"https:\\\/\\\/www.e2.law\\\/fr\\\/2022\\\/08\\\/28\\\/pacte-dactionnaire-droit-applicable-et-juridictions-competentes\\\/#primaryimage\"},\"image\":{\"@id\":\"https:\\\/\\\/www.e2.law\\\/fr\\\/2022\\\/08\\\/28\\\/pacte-dactionnaire-droit-applicable-et-juridictions-competentes\\\/#primaryimage\"},\"thumbnailUrl\":\"https:\\\/\\\/i0.wp.com\\\/www.e2.law\\\/wp-content\\\/uploads\\\/2022\\\/02\\\/Contrat.png?fit=800%2C800&ssl=1\",\"datePublished\":\"2022-08-28T18:11:33+00:00\",\"dateModified\":\"2024-05-03T10:15:01+00:00\",\"description\":\"En pratique, dans la majorit\u00e9 des cas, un pacte d'actionnaire concernant une soci\u00e9t\u00e9 belge sera soumis au droit belge.\",\"breadcrumb\":{\"@id\":\"https:\\\/\\\/www.e2.law\\\/fr\\\/2022\\\/08\\\/28\\\/pacte-dactionnaire-droit-applicable-et-juridictions-competentes\\\/#breadcrumb\"},\"inLanguage\":\"fr-FR\",\"potentialAction\":[{\"@type\":\"ReadAction\",\"target\":[\"https:\\\/\\\/www.e2.law\\\/fr\\\/2022\\\/08\\\/28\\\/pacte-dactionnaire-droit-applicable-et-juridictions-competentes\\\/\"]}]},{\"@type\":\"ImageObject\",\"inLanguage\":\"fr-FR\",\"@id\":\"https:\\\/\\\/www.e2.law\\\/fr\\\/2022\\\/08\\\/28\\\/pacte-dactionnaire-droit-applicable-et-juridictions-competentes\\\/#primaryimage\",\"url\":\"https:\\\/\\\/i0.wp.com\\\/www.e2.law\\\/wp-content\\\/uploads\\\/2022\\\/02\\\/Contrat.png?fit=800%2C800&ssl=1\",\"contentUrl\":\"https:\\\/\\\/i0.wp.com\\\/www.e2.law\\\/wp-content\\\/uploads\\\/2022\\\/02\\\/Contrat.png?fit=800%2C800&ssl=1\",\"width\":800,\"height\":800},{\"@type\":\"BreadcrumbList\",\"@id\":\"https:\\\/\\\/www.e2.law\\\/fr\\\/2022\\\/08\\\/28\\\/pacte-dactionnaire-droit-applicable-et-juridictions-competentes\\\/#breadcrumb\",\"itemListElement\":[{\"@type\":\"ListItem\",\"position\":1,\"name\":\"Home\",\"item\":\"https:\\\/\\\/www.e2.law\\\/fr\\\/home\\\/\"},{\"@type\":\"ListItem\",\"position\":2,\"name\":\"Pacte d&#8217;actionnaire : droit applicable et juridictions comp\u00e9tentes\"}]},{\"@type\":\"WebSite\",\"@id\":\"https:\\\/\\\/www.e2.law\\\/fr\\\/#website\",\"url\":\"https:\\\/\\\/www.e2.law\\\/fr\\\/\",\"name\":\"e2.law\",\"description\":\"A Business Law Firm\",\"publisher\":{\"@id\":\"https:\\\/\\\/www.e2.law\\\/fr\\\/#organization\"},\"potentialAction\":[{\"@type\":\"SearchAction\",\"target\":{\"@type\":\"EntryPoint\",\"urlTemplate\":\"https:\\\/\\\/www.e2.law\\\/fr\\\/?s={search_term_string}\"},\"query-input\":{\"@type\":\"PropertyValueSpecification\",\"valueRequired\":true,\"valueName\":\"search_term_string\"}}],\"inLanguage\":\"fr-FR\"},{\"@type\":\"Organization\",\"@id\":\"https:\\\/\\\/www.e2.law\\\/fr\\\/#organization\",\"name\":\"E2.law\",\"url\":\"https:\\\/\\\/www.e2.law\\\/fr\\\/\",\"logo\":{\"@type\":\"ImageObject\",\"inLanguage\":\"fr-FR\",\"@id\":\"https:\\\/\\\/www.e2.law\\\/fr\\\/#\\\/schema\\\/logo\\\/image\\\/\",\"url\":\"https:\\\/\\\/www.e2.law\\\/wp-content\\\/uploads\\\/2018\\\/12\\\/logo-2.png\",\"contentUrl\":\"https:\\\/\\\/www.e2.law\\\/wp-content\\\/uploads\\\/2018\\\/12\\\/logo-2.png\",\"width\":152,\"height\":40,\"caption\":\"E2.law\"},\"image\":{\"@id\":\"https:\\\/\\\/www.e2.law\\\/fr\\\/#\\\/schema\\\/logo\\\/image\\\/\"},\"sameAs\":[\"https:\\\/\\\/www.linkedin.com\\\/company\\\/e2.law\"]},{\"@type\":\"Person\",\"@id\":\"https:\\\/\\\/www.e2.law\\\/fr\\\/#\\\/schema\\\/person\\\/9f822952177053b420c93ceda8001bcd\",\"name\":\"e\u00b2.law\",\"image\":{\"@type\":\"ImageObject\",\"inLanguage\":\"fr-FR\",\"@id\":\"https:\\\/\\\/secure.gravatar.com\\\/avatar\\\/?d=https:\\\/\\\/www.e2.law\\\/wp-content\\\/uploads\\\/2021\\\/01\\\/pixie_1609696175704-e1610820192173.png&amp;s=96\",\"url\":\"https:\\\/\\\/secure.gravatar.com\\\/avatar\\\/?d=https:\\\/\\\/www.e2.law\\\/wp-content\\\/uploads\\\/2021\\\/01\\\/pixie_1609696175704-e1610820192173.png&amp;s=96\",\"contentUrl\":\"https:\\\/\\\/secure.gravatar.com\\\/avatar\\\/?d=https:\\\/\\\/www.e2.law\\\/wp-content\\\/uploads\\\/2021\\\/01\\\/pixie_1609696175704-e1610820192173.png&amp;s=96\",\"caption\":\"e\u00b2.law\"},\"sameAs\":[\"http:\\\/\\\/www.e2.law\",\"www.linkedin.com\\\\companyprofile\\\\e2.law\"],\"url\":\"https:\\\/\\\/www.e2.law\\\/author\\\/visitor\\\/\"}]}<\/script>\n<!-- \/ Yoast SEO plugin. -->","yoast_head_json":{"title":"Pacte d'actionnaire : droit applicable et juridictions comp\u00e9tentes - e2.law","description":"En pratique, dans la majorit\u00e9 des cas, un pacte d'actionnaire concernant une soci\u00e9t\u00e9 belge sera soumis au droit belge.","robots":{"index":"index","follow":"follow","max-snippet":"max-snippet:-1","max-image-preview":"max-image-preview:large","max-video-preview":"max-video-preview:-1"},"canonical":"https:\/\/www.e2.law\/fr\/2022\/08\/28\/pacte-dactionnaire-droit-applicable-et-juridictions-competentes\/","og_locale":"fr_FR","og_type":"article","og_title":"Pacte d'actionnaire : droit applicable et juridictions comp\u00e9tentes - e2.law","og_description":"En pratique, dans la majorit\u00e9 des cas, un pacte d'actionnaire concernant une soci\u00e9t\u00e9 belge sera soumis au droit belge.","og_url":"https:\/\/www.e2.law\/fr\/2022\/08\/28\/pacte-dactionnaire-droit-applicable-et-juridictions-competentes\/","og_site_name":"e2.law","article_published_time":"2022-08-28T18:11:33+00:00","article_modified_time":"2024-05-03T10:15:01+00:00","og_image":[{"width":800,"height":800,"url":"https:\/\/www.e2.law\/wp-content\/uploads\/2022\/02\/Contrat.png","type":"image\/png"}],"author":"e\u00b2.law","twitter_card":"summary_large_image","twitter_misc":{"\u00c9crit par":"e\u00b2.law","Dur\u00e9e de lecture estim\u00e9e":"2 minutes"},"schema":{"@context":"https:\/\/schema.org","@graph":[{"@type":"Article","@id":"https:\/\/www.e2.law\/fr\/2022\/08\/28\/pacte-dactionnaire-droit-applicable-et-juridictions-competentes\/#article","isPartOf":{"@id":"https:\/\/www.e2.law\/fr\/2022\/08\/28\/pacte-dactionnaire-droit-applicable-et-juridictions-competentes\/"},"author":{"name":"e\u00b2.law","@id":"https:\/\/www.e2.law\/fr\/#\/schema\/person\/9f822952177053b420c93ceda8001bcd"},"headline":"Pacte d&#8217;actionnaire : droit applicable et juridictions comp\u00e9tentes","datePublished":"2022-08-28T18:11:33+00:00","dateModified":"2024-05-03T10:15:01+00:00","mainEntityOfPage":{"@id":"https:\/\/www.e2.law\/fr\/2022\/08\/28\/pacte-dactionnaire-droit-applicable-et-juridictions-competentes\/"},"wordCount":720,"publisher":{"@id":"https:\/\/www.e2.law\/fr\/#organization"},"image":{"@id":"https:\/\/www.e2.law\/fr\/2022\/08\/28\/pacte-dactionnaire-droit-applicable-et-juridictions-competentes\/#primaryimage"},"thumbnailUrl":"https:\/\/i0.wp.com\/www.e2.law\/wp-content\/uploads\/2022\/02\/Contrat.png?fit=800%2C800&ssl=1","keywords":["Actionnaire","Pacte d'actionaires (ShA)","proc\u00e9dure"],"articleSection":["Non classifi\u00e9(e)"],"inLanguage":"fr-FR"},{"@type":"WebPage","@id":"https:\/\/www.e2.law\/fr\/2022\/08\/28\/pacte-dactionnaire-droit-applicable-et-juridictions-competentes\/","url":"https:\/\/www.e2.law\/fr\/2022\/08\/28\/pacte-dactionnaire-droit-applicable-et-juridictions-competentes\/","name":"Pacte d'actionnaire : droit applicable et juridictions comp\u00e9tentes - e2.law","isPartOf":{"@id":"https:\/\/www.e2.law\/fr\/#website"},"primaryImageOfPage":{"@id":"https:\/\/www.e2.law\/fr\/2022\/08\/28\/pacte-dactionnaire-droit-applicable-et-juridictions-competentes\/#primaryimage"},"image":{"@id":"https:\/\/www.e2.law\/fr\/2022\/08\/28\/pacte-dactionnaire-droit-applicable-et-juridictions-competentes\/#primaryimage"},"thumbnailUrl":"https:\/\/i0.wp.com\/www.e2.law\/wp-content\/uploads\/2022\/02\/Contrat.png?fit=800%2C800&ssl=1","datePublished":"2022-08-28T18:11:33+00:00","dateModified":"2024-05-03T10:15:01+00:00","description":"En pratique, dans la majorit\u00e9 des cas, un pacte d'actionnaire concernant une soci\u00e9t\u00e9 belge sera soumis au droit belge.","breadcrumb":{"@id":"https:\/\/www.e2.law\/fr\/2022\/08\/28\/pacte-dactionnaire-droit-applicable-et-juridictions-competentes\/#breadcrumb"},"inLanguage":"fr-FR","potentialAction":[{"@type":"ReadAction","target":["https:\/\/www.e2.law\/fr\/2022\/08\/28\/pacte-dactionnaire-droit-applicable-et-juridictions-competentes\/"]}]},{"@type":"ImageObject","inLanguage":"fr-FR","@id":"https:\/\/www.e2.law\/fr\/2022\/08\/28\/pacte-dactionnaire-droit-applicable-et-juridictions-competentes\/#primaryimage","url":"https:\/\/i0.wp.com\/www.e2.law\/wp-content\/uploads\/2022\/02\/Contrat.png?fit=800%2C800&ssl=1","contentUrl":"https:\/\/i0.wp.com\/www.e2.law\/wp-content\/uploads\/2022\/02\/Contrat.png?fit=800%2C800&ssl=1","width":800,"height":800},{"@type":"BreadcrumbList","@id":"https:\/\/www.e2.law\/fr\/2022\/08\/28\/pacte-dactionnaire-droit-applicable-et-juridictions-competentes\/#breadcrumb","itemListElement":[{"@type":"ListItem","position":1,"name":"Home","item":"https:\/\/www.e2.law\/fr\/home\/"},{"@type":"ListItem","position":2,"name":"Pacte d&#8217;actionnaire : droit applicable et juridictions comp\u00e9tentes"}]},{"@type":"WebSite","@id":"https:\/\/www.e2.law\/fr\/#website","url":"https:\/\/www.e2.law\/fr\/","name":"e2.law","description":"A Business Law Firm","publisher":{"@id":"https:\/\/www.e2.law\/fr\/#organization"},"potentialAction":[{"@type":"SearchAction","target":{"@type":"EntryPoint","urlTemplate":"https:\/\/www.e2.law\/fr\/?s={search_term_string}"},"query-input":{"@type":"PropertyValueSpecification","valueRequired":true,"valueName":"search_term_string"}}],"inLanguage":"fr-FR"},{"@type":"Organization","@id":"https:\/\/www.e2.law\/fr\/#organization","name":"E2.law","url":"https:\/\/www.e2.law\/fr\/","logo":{"@type":"ImageObject","inLanguage":"fr-FR","@id":"https:\/\/www.e2.law\/fr\/#\/schema\/logo\/image\/","url":"https:\/\/www.e2.law\/wp-content\/uploads\/2018\/12\/logo-2.png","contentUrl":"https:\/\/www.e2.law\/wp-content\/uploads\/2018\/12\/logo-2.png","width":152,"height":40,"caption":"E2.law"},"image":{"@id":"https:\/\/www.e2.law\/fr\/#\/schema\/logo\/image\/"},"sameAs":["https:\/\/www.linkedin.com\/company\/e2.law"]},{"@type":"Person","@id":"https:\/\/www.e2.law\/fr\/#\/schema\/person\/9f822952177053b420c93ceda8001bcd","name":"e\u00b2.law","image":{"@type":"ImageObject","inLanguage":"fr-FR","@id":"https:\/\/secure.gravatar.com\/avatar\/?d=https:\/\/www.e2.law\/wp-content\/uploads\/2021\/01\/pixie_1609696175704-e1610820192173.png&amp;s=96","url":"https:\/\/secure.gravatar.com\/avatar\/?d=https:\/\/www.e2.law\/wp-content\/uploads\/2021\/01\/pixie_1609696175704-e1610820192173.png&amp;s=96","contentUrl":"https:\/\/secure.gravatar.com\/avatar\/?d=https:\/\/www.e2.law\/wp-content\/uploads\/2021\/01\/pixie_1609696175704-e1610820192173.png&amp;s=96","caption":"e\u00b2.law"},"sameAs":["http:\/\/www.e2.law","www.linkedin.com\\companyprofile\\e2.law"],"url":"https:\/\/www.e2.law\/author\/visitor\/"}]}},"jetpack_featured_media_url":"https:\/\/i0.wp.com\/www.e2.law\/wp-content\/uploads\/2022\/02\/Contrat.png?fit=800%2C800&ssl=1","jetpack_sharing_enabled":true,"_links":{"self":[{"href":"https:\/\/www.e2.law\/fr\/wp-json\/wp\/v2\/posts\/42650","targetHints":{"allow":["GET"]}}],"collection":[{"href":"https:\/\/www.e2.law\/fr\/wp-json\/wp\/v2\/posts"}],"about":[{"href":"https:\/\/www.e2.law\/fr\/wp-json\/wp\/v2\/types\/post"}],"author":[{"embeddable":true,"href":"https:\/\/www.e2.law\/fr\/wp-json\/wp\/v2\/users\/169"}],"replies":[{"embeddable":true,"href":"https:\/\/www.e2.law\/fr\/wp-json\/wp\/v2\/comments?post=42650"}],"version-history":[{"count":3,"href":"https:\/\/www.e2.law\/fr\/wp-json\/wp\/v2\/posts\/42650\/revisions"}],"predecessor-version":[{"id":44660,"href":"https:\/\/www.e2.law\/fr\/wp-json\/wp\/v2\/posts\/42650\/revisions\/44660"}],"wp:featuredmedia":[{"embeddable":true,"href":"https:\/\/www.e2.law\/fr\/wp-json\/wp\/v2\/media\/43686"}],"wp:attachment":[{"href":"https:\/\/www.e2.law\/fr\/wp-json\/wp\/v2\/media?parent=42650"}],"wp:term":[{"taxonomy":"category","embeddable":true,"href":"https:\/\/www.e2.law\/fr\/wp-json\/wp\/v2\/categories?post=42650"},{"taxonomy":"post_tag","embeddable":true,"href":"https:\/\/www.e2.law\/fr\/wp-json\/wp\/v2\/tags?post=42650"}],"curies":[{"name":"wp","href":"https:\/\/api.w.org\/{rel}","templated":true}]}}