{"id":42805,"date":"2022-09-26T13:31:07","date_gmt":"2022-09-26T11:31:07","guid":{"rendered":"https:\/\/www.e2.law\/?p=42805"},"modified":"2023-02-06T23:18:13","modified_gmt":"2023-02-06T21:18:13","slug":"quelles-sont-les-limitations-au-pouvoir-de-lorgane-dadministration","status":"publish","type":"post","link":"https:\/\/www.e2.law\/fr\/2022\/09\/26\/quelles-sont-les-limitations-au-pouvoir-de-lorgane-dadministration\/","title":{"rendered":"Quelles sont les limitations au pouvoir de l&#8217;organe d&#8217;administration ?"},"content":{"rendered":"<ul>\n<li><em>Limitations \u00ab\u00a0internes\u00a0\u00bb<\/em><\/li>\n<\/ul>\n<p>Des restrictions peuvent affecter les pouvoirs des administrateurs (r\u00e9partition de comp\u00e9tences entre les administrateurs par d\u00e9cision de l\u2019AG ou du conseil d&#8217;administration, pouvoirs r\u00e9serv\u00e9s \u00e0 l\u2019AG par les statuts,\u2026).<\/p>\n<p>Toutefois, elles sont inopposables aux tiers m\u00eame si elles sont publi\u00e9es (sauf s\u2019il est prouv\u00e9 que le tiers avait connaissance de ces restrictions).<\/p>\n<p>En cas d\u2019exc\u00e8s de pouvoir (= non-respect des r\u00e9partitions de comp\u00e9tences ou accomplissement par un ou les administrateurs d\u2019actes r\u00e9serv\u00e9s \u00e0 l\u2019AG), les actes lient la soci\u00e9t\u00e9 (sauf s\u2019il est prouv\u00e9 que le tiers avait connaissance de ces restrictions), mais les administrateurs peuvent \u00eatre tenus pour responsables sur leurs biens propres vis-\u00e0-vis de la soci\u00e9t\u00e9.<\/p>\n<p>&nbsp;<\/p>\n<ul>\n<li><em>Limitations \u00ab\u00a0externes\u00a0\u00bb <\/em><\/li>\n<\/ul>\n<p>Les limitations portant sur le pouvoir de repr\u00e9sentation externe sont opposables au tiers si elles sont publi\u00e9es.<\/p>\n<blockquote><p>Le pouvoir de repr\u00e9sentation d\u00e9signe le pouvoir de repr\u00e9senter la soci\u00e9t\u00e9 dans les actes et en justice, et d&#8217;engager la soci\u00e9t\u00e9 vis \u00e0 vis des tiers. Il s&#8217;agit du pouvoir de signature.<\/p><\/blockquote>\n<p>Il est ainsi possible de pr\u00e9voir <strong>dans les statuts<\/strong> que l\u2019assembl\u00e9e g\u00e9n\u00e9rale peut attribuer le pouvoir de repr\u00e9sentation \u00e0 : i) chacun des administrateurs individuellement\u00a0; ii) deux administrateurs ensemble\u00a0;iii) \u00e0 un ou plusieurs administrateurs-d\u00e9l\u00e9gu\u00e9 iv) un ou plusieurs administrateurs sp\u00e9cialement identifi\u00e9s.<\/p>\n<blockquote><p>En r\u00e8gle g\u00e9n\u00e9rale, le fait qu&#8217;un ou plusieurs adminsitrateurs disposent du pouvoir de repr\u00e9sentation ne les dispense pas de documenter les d\u00e9cisions qu&#8217;ils impl\u00e9mentent dans des proc\u00e8s-verbaux.<\/p><\/blockquote>\n","protected":false},"excerpt":{"rendered":"<p>Limitations \u00ab\u00a0internes\u00a0\u00bb Des restrictions peuvent affecter les pouvoirs des administrateurs (r\u00e9partition de comp\u00e9tences entre les administrateurs par d\u00e9cision de l\u2019AG ou du conseil d&#8217;administration, pouvoirs r\u00e9serv\u00e9s \u00e0 l\u2019AG par les statuts,\u2026). Toutefois, elles sont inopposables aux tiers m\u00eame si elles sont publi\u00e9es (sauf s\u2019il est prouv\u00e9 que le tiers avait connaissance de ces restrictions). En cas   [&#8230;]<\/p>\n","protected":false},"author":169,"featured_media":0,"comment_status":"closed","ping_status":"open","sticky":false,"template":"","format":"standard","meta":{"_acf_changed":false,"_jetpack_memberships_contains_paid_content":false,"footnotes":""},"categories":[141],"tags":[1234],"class_list":["post-42805","post","type-post","status-publish","format-standard","hentry","category-non-classifiee","tag-societe-a-responsabilite-limitee"],"acf":[],"yoast_head":"<!-- This site is optimized with the Yoast SEO plugin v27.5 - https:\/\/yoast.com\/product\/yoast-seo-wordpress\/ -->\n<title>Quelles sont les limitations au pouvoir de l&#039;organe d&#039;administration ? - e2.law<\/title>\n<meta name=\"robots\" content=\"index, follow, max-snippet:-1, max-image-preview:large, max-video-preview:-1\" \/>\n<link rel=\"canonical\" href=\"https:\/\/www.e2.law\/fr\/2022\/09\/26\/quelles-sont-les-limitations-au-pouvoir-de-lorgane-dadministration\/\" \/>\n<meta property=\"og:locale\" content=\"fr_FR\" \/>\n<meta property=\"og:type\" content=\"article\" \/>\n<meta property=\"og:title\" content=\"Quelles sont les limitations au pouvoir de l&#039;organe d&#039;administration ? - e2.law\" \/>\n<meta property=\"og:description\" content=\"Limitations \u00ab\u00a0internes\u00a0\u00bb Des restrictions peuvent affecter les pouvoirs des administrateurs (r\u00e9partition de comp\u00e9tences entre les administrateurs par d\u00e9cision de l\u2019AG ou du conseil d&#8217;administration, pouvoirs r\u00e9serv\u00e9s \u00e0 l\u2019AG par les statuts,\u2026). Toutefois, elles sont inopposables aux tiers m\u00eame si elles sont publi\u00e9es (sauf s\u2019il est prouv\u00e9 que le tiers avait connaissance de ces restrictions). En cas  [...]\" \/>\n<meta property=\"og:url\" content=\"https:\/\/www.e2.law\/fr\/2022\/09\/26\/quelles-sont-les-limitations-au-pouvoir-de-lorgane-dadministration\/\" \/>\n<meta property=\"og:site_name\" content=\"e2.law\" \/>\n<meta property=\"article:published_time\" content=\"2022-09-26T11:31:07+00:00\" \/>\n<meta property=\"article:modified_time\" content=\"2023-02-06T21:18:13+00:00\" \/>\n<meta name=\"author\" content=\"e\u00b2.law\" \/>\n<meta name=\"twitter:card\" content=\"summary_large_image\" \/>\n<meta name=\"twitter:label1\" content=\"\u00c9crit par\" \/>\n\t<meta name=\"twitter:data1\" content=\"e\u00b2.law\" \/>\n\t<meta name=\"twitter:label2\" content=\"Dur\u00e9e de lecture estim\u00e9e\" \/>\n\t<meta name=\"twitter:data2\" content=\"2 minutes\" \/>\n<script type=\"application\/ld+json\" class=\"yoast-schema-graph\">{\"@context\":\"https:\\\/\\\/schema.org\",\"@graph\":[{\"@type\":\"Article\",\"@id\":\"https:\\\/\\\/www.e2.law\\\/fr\\\/2022\\\/09\\\/26\\\/quelles-sont-les-limitations-au-pouvoir-de-lorgane-dadministration\\\/#article\",\"isPartOf\":{\"@id\":\"https:\\\/\\\/www.e2.law\\\/fr\\\/2022\\\/09\\\/26\\\/quelles-sont-les-limitations-au-pouvoir-de-lorgane-dadministration\\\/\"},\"author\":{\"name\":\"e\u00b2.law\",\"@id\":\"https:\\\/\\\/www.e2.law\\\/fr\\\/#\\\/schema\\\/person\\\/9f822952177053b420c93ceda8001bcd\"},\"headline\":\"Quelles sont les limitations au pouvoir de l&#8217;organe d&#8217;administration ?\",\"datePublished\":\"2022-09-26T11:31:07+00:00\",\"dateModified\":\"2023-02-06T21:18:13+00:00\",\"mainEntityOfPage\":{\"@id\":\"https:\\\/\\\/www.e2.law\\\/fr\\\/2022\\\/09\\\/26\\\/quelles-sont-les-limitations-au-pouvoir-de-lorgane-dadministration\\\/\"},\"wordCount\":278,\"publisher\":{\"@id\":\"https:\\\/\\\/www.e2.law\\\/fr\\\/#organization\"},\"keywords\":[\"soci\u00e9t\u00e9 \u00e0 responsabilit\u00e9 limit\u00e9e (SRL)\"],\"articleSection\":[\"Non classifi\u00e9(e)\"],\"inLanguage\":\"fr-FR\"},{\"@type\":\"WebPage\",\"@id\":\"https:\\\/\\\/www.e2.law\\\/fr\\\/2022\\\/09\\\/26\\\/quelles-sont-les-limitations-au-pouvoir-de-lorgane-dadministration\\\/\",\"url\":\"https:\\\/\\\/www.e2.law\\\/fr\\\/2022\\\/09\\\/26\\\/quelles-sont-les-limitations-au-pouvoir-de-lorgane-dadministration\\\/\",\"name\":\"Quelles sont les limitations au pouvoir de l'organe d'administration ? - e2.law\",\"isPartOf\":{\"@id\":\"https:\\\/\\\/www.e2.law\\\/fr\\\/#website\"},\"datePublished\":\"2022-09-26T11:31:07+00:00\",\"dateModified\":\"2023-02-06T21:18:13+00:00\",\"breadcrumb\":{\"@id\":\"https:\\\/\\\/www.e2.law\\\/fr\\\/2022\\\/09\\\/26\\\/quelles-sont-les-limitations-au-pouvoir-de-lorgane-dadministration\\\/#breadcrumb\"},\"inLanguage\":\"fr-FR\",\"potentialAction\":[{\"@type\":\"ReadAction\",\"target\":[\"https:\\\/\\\/www.e2.law\\\/fr\\\/2022\\\/09\\\/26\\\/quelles-sont-les-limitations-au-pouvoir-de-lorgane-dadministration\\\/\"]}]},{\"@type\":\"BreadcrumbList\",\"@id\":\"https:\\\/\\\/www.e2.law\\\/fr\\\/2022\\\/09\\\/26\\\/quelles-sont-les-limitations-au-pouvoir-de-lorgane-dadministration\\\/#breadcrumb\",\"itemListElement\":[{\"@type\":\"ListItem\",\"position\":1,\"name\":\"Home\",\"item\":\"https:\\\/\\\/www.e2.law\\\/fr\\\/home\\\/\"},{\"@type\":\"ListItem\",\"position\":2,\"name\":\"Quelles sont les limitations au pouvoir de l&#8217;organe d&#8217;administration ?\"}]},{\"@type\":\"WebSite\",\"@id\":\"https:\\\/\\\/www.e2.law\\\/fr\\\/#website\",\"url\":\"https:\\\/\\\/www.e2.law\\\/fr\\\/\",\"name\":\"e2.law\",\"description\":\"A Business Law Firm\",\"publisher\":{\"@id\":\"https:\\\/\\\/www.e2.law\\\/fr\\\/#organization\"},\"potentialAction\":[{\"@type\":\"SearchAction\",\"target\":{\"@type\":\"EntryPoint\",\"urlTemplate\":\"https:\\\/\\\/www.e2.law\\\/fr\\\/?s={search_term_string}\"},\"query-input\":{\"@type\":\"PropertyValueSpecification\",\"valueRequired\":true,\"valueName\":\"search_term_string\"}}],\"inLanguage\":\"fr-FR\"},{\"@type\":\"Organization\",\"@id\":\"https:\\\/\\\/www.e2.law\\\/fr\\\/#organization\",\"name\":\"E2.law\",\"url\":\"https:\\\/\\\/www.e2.law\\\/fr\\\/\",\"logo\":{\"@type\":\"ImageObject\",\"inLanguage\":\"fr-FR\",\"@id\":\"https:\\\/\\\/www.e2.law\\\/fr\\\/#\\\/schema\\\/logo\\\/image\\\/\",\"url\":\"https:\\\/\\\/www.e2.law\\\/wp-content\\\/uploads\\\/2018\\\/12\\\/logo-2.png\",\"contentUrl\":\"https:\\\/\\\/www.e2.law\\\/wp-content\\\/uploads\\\/2018\\\/12\\\/logo-2.png\",\"width\":152,\"height\":40,\"caption\":\"E2.law\"},\"image\":{\"@id\":\"https:\\\/\\\/www.e2.law\\\/fr\\\/#\\\/schema\\\/logo\\\/image\\\/\"},\"sameAs\":[\"https:\\\/\\\/www.linkedin.com\\\/company\\\/e2.law\"]},{\"@type\":\"Person\",\"@id\":\"https:\\\/\\\/www.e2.law\\\/fr\\\/#\\\/schema\\\/person\\\/9f822952177053b420c93ceda8001bcd\",\"name\":\"e\u00b2.law\",\"image\":{\"@type\":\"ImageObject\",\"inLanguage\":\"fr-FR\",\"@id\":\"https:\\\/\\\/secure.gravatar.com\\\/avatar\\\/?d=https:\\\/\\\/www.e2.law\\\/wp-content\\\/uploads\\\/2021\\\/01\\\/pixie_1609696175704-e1610820192173.png&amp;s=96\",\"url\":\"https:\\\/\\\/secure.gravatar.com\\\/avatar\\\/?d=https:\\\/\\\/www.e2.law\\\/wp-content\\\/uploads\\\/2021\\\/01\\\/pixie_1609696175704-e1610820192173.png&amp;s=96\",\"contentUrl\":\"https:\\\/\\\/secure.gravatar.com\\\/avatar\\\/?d=https:\\\/\\\/www.e2.law\\\/wp-content\\\/uploads\\\/2021\\\/01\\\/pixie_1609696175704-e1610820192173.png&amp;s=96\",\"caption\":\"e\u00b2.law\"},\"sameAs\":[\"http:\\\/\\\/www.e2.law\",\"www.linkedin.com\\\\companyprofile\\\\e2.law\"],\"url\":\"https:\\\/\\\/www.e2.law\\\/fr\\\/author\\\/visitor\\\/\"}]}<\/script>\n<!-- \/ Yoast SEO plugin. -->","yoast_head_json":{"title":"Quelles sont les limitations au pouvoir de l'organe d'administration ? - e2.law","robots":{"index":"index","follow":"follow","max-snippet":"max-snippet:-1","max-image-preview":"max-image-preview:large","max-video-preview":"max-video-preview:-1"},"canonical":"https:\/\/www.e2.law\/fr\/2022\/09\/26\/quelles-sont-les-limitations-au-pouvoir-de-lorgane-dadministration\/","og_locale":"fr_FR","og_type":"article","og_title":"Quelles sont les limitations au pouvoir de l'organe d'administration ? - e2.law","og_description":"Limitations \u00ab\u00a0internes\u00a0\u00bb Des restrictions peuvent affecter les pouvoirs des administrateurs (r\u00e9partition de comp\u00e9tences entre les administrateurs par d\u00e9cision de l\u2019AG ou du conseil d&#8217;administration, pouvoirs r\u00e9serv\u00e9s \u00e0 l\u2019AG par les statuts,\u2026). Toutefois, elles sont inopposables aux tiers m\u00eame si elles sont publi\u00e9es (sauf s\u2019il est prouv\u00e9 que le tiers avait connaissance de ces restrictions). En cas  [...]","og_url":"https:\/\/www.e2.law\/fr\/2022\/09\/26\/quelles-sont-les-limitations-au-pouvoir-de-lorgane-dadministration\/","og_site_name":"e2.law","article_published_time":"2022-09-26T11:31:07+00:00","article_modified_time":"2023-02-06T21:18:13+00:00","author":"e\u00b2.law","twitter_card":"summary_large_image","twitter_misc":{"\u00c9crit par":"e\u00b2.law","Dur\u00e9e de lecture estim\u00e9e":"2 minutes"},"schema":{"@context":"https:\/\/schema.org","@graph":[{"@type":"Article","@id":"https:\/\/www.e2.law\/fr\/2022\/09\/26\/quelles-sont-les-limitations-au-pouvoir-de-lorgane-dadministration\/#article","isPartOf":{"@id":"https:\/\/www.e2.law\/fr\/2022\/09\/26\/quelles-sont-les-limitations-au-pouvoir-de-lorgane-dadministration\/"},"author":{"name":"e\u00b2.law","@id":"https:\/\/www.e2.law\/fr\/#\/schema\/person\/9f822952177053b420c93ceda8001bcd"},"headline":"Quelles sont les limitations au pouvoir de l&#8217;organe d&#8217;administration ?","datePublished":"2022-09-26T11:31:07+00:00","dateModified":"2023-02-06T21:18:13+00:00","mainEntityOfPage":{"@id":"https:\/\/www.e2.law\/fr\/2022\/09\/26\/quelles-sont-les-limitations-au-pouvoir-de-lorgane-dadministration\/"},"wordCount":278,"publisher":{"@id":"https:\/\/www.e2.law\/fr\/#organization"},"keywords":["soci\u00e9t\u00e9 \u00e0 responsabilit\u00e9 limit\u00e9e (SRL)"],"articleSection":["Non classifi\u00e9(e)"],"inLanguage":"fr-FR"},{"@type":"WebPage","@id":"https:\/\/www.e2.law\/fr\/2022\/09\/26\/quelles-sont-les-limitations-au-pouvoir-de-lorgane-dadministration\/","url":"https:\/\/www.e2.law\/fr\/2022\/09\/26\/quelles-sont-les-limitations-au-pouvoir-de-lorgane-dadministration\/","name":"Quelles sont les limitations au pouvoir de l'organe d'administration ? - e2.law","isPartOf":{"@id":"https:\/\/www.e2.law\/fr\/#website"},"datePublished":"2022-09-26T11:31:07+00:00","dateModified":"2023-02-06T21:18:13+00:00","breadcrumb":{"@id":"https:\/\/www.e2.law\/fr\/2022\/09\/26\/quelles-sont-les-limitations-au-pouvoir-de-lorgane-dadministration\/#breadcrumb"},"inLanguage":"fr-FR","potentialAction":[{"@type":"ReadAction","target":["https:\/\/www.e2.law\/fr\/2022\/09\/26\/quelles-sont-les-limitations-au-pouvoir-de-lorgane-dadministration\/"]}]},{"@type":"BreadcrumbList","@id":"https:\/\/www.e2.law\/fr\/2022\/09\/26\/quelles-sont-les-limitations-au-pouvoir-de-lorgane-dadministration\/#breadcrumb","itemListElement":[{"@type":"ListItem","position":1,"name":"Home","item":"https:\/\/www.e2.law\/fr\/home\/"},{"@type":"ListItem","position":2,"name":"Quelles sont les limitations au pouvoir de l&#8217;organe d&#8217;administration ?"}]},{"@type":"WebSite","@id":"https:\/\/www.e2.law\/fr\/#website","url":"https:\/\/www.e2.law\/fr\/","name":"e2.law","description":"A Business Law Firm","publisher":{"@id":"https:\/\/www.e2.law\/fr\/#organization"},"potentialAction":[{"@type":"SearchAction","target":{"@type":"EntryPoint","urlTemplate":"https:\/\/www.e2.law\/fr\/?s={search_term_string}"},"query-input":{"@type":"PropertyValueSpecification","valueRequired":true,"valueName":"search_term_string"}}],"inLanguage":"fr-FR"},{"@type":"Organization","@id":"https:\/\/www.e2.law\/fr\/#organization","name":"E2.law","url":"https:\/\/www.e2.law\/fr\/","logo":{"@type":"ImageObject","inLanguage":"fr-FR","@id":"https:\/\/www.e2.law\/fr\/#\/schema\/logo\/image\/","url":"https:\/\/www.e2.law\/wp-content\/uploads\/2018\/12\/logo-2.png","contentUrl":"https:\/\/www.e2.law\/wp-content\/uploads\/2018\/12\/logo-2.png","width":152,"height":40,"caption":"E2.law"},"image":{"@id":"https:\/\/www.e2.law\/fr\/#\/schema\/logo\/image\/"},"sameAs":["https:\/\/www.linkedin.com\/company\/e2.law"]},{"@type":"Person","@id":"https:\/\/www.e2.law\/fr\/#\/schema\/person\/9f822952177053b420c93ceda8001bcd","name":"e\u00b2.law","image":{"@type":"ImageObject","inLanguage":"fr-FR","@id":"https:\/\/secure.gravatar.com\/avatar\/?d=https:\/\/www.e2.law\/wp-content\/uploads\/2021\/01\/pixie_1609696175704-e1610820192173.png&amp;s=96","url":"https:\/\/secure.gravatar.com\/avatar\/?d=https:\/\/www.e2.law\/wp-content\/uploads\/2021\/01\/pixie_1609696175704-e1610820192173.png&amp;s=96","contentUrl":"https:\/\/secure.gravatar.com\/avatar\/?d=https:\/\/www.e2.law\/wp-content\/uploads\/2021\/01\/pixie_1609696175704-e1610820192173.png&amp;s=96","caption":"e\u00b2.law"},"sameAs":["http:\/\/www.e2.law","www.linkedin.com\\companyprofile\\e2.law"],"url":"https:\/\/www.e2.law\/fr\/author\/visitor\/"}]}},"jetpack_featured_media_url":"","jetpack_sharing_enabled":true,"_links":{"self":[{"href":"https:\/\/www.e2.law\/fr\/wp-json\/wp\/v2\/posts\/42805","targetHints":{"allow":["GET"]}}],"collection":[{"href":"https:\/\/www.e2.law\/fr\/wp-json\/wp\/v2\/posts"}],"about":[{"href":"https:\/\/www.e2.law\/fr\/wp-json\/wp\/v2\/types\/post"}],"author":[{"embeddable":true,"href":"https:\/\/www.e2.law\/fr\/wp-json\/wp\/v2\/users\/169"}],"replies":[{"embeddable":true,"href":"https:\/\/www.e2.law\/fr\/wp-json\/wp\/v2\/comments?post=42805"}],"version-history":[{"count":3,"href":"https:\/\/www.e2.law\/fr\/wp-json\/wp\/v2\/posts\/42805\/revisions"}],"predecessor-version":[{"id":43634,"href":"https:\/\/www.e2.law\/fr\/wp-json\/wp\/v2\/posts\/42805\/revisions\/43634"}],"wp:attachment":[{"href":"https:\/\/www.e2.law\/fr\/wp-json\/wp\/v2\/media?parent=42805"}],"wp:term":[{"taxonomy":"category","embeddable":true,"href":"https:\/\/www.e2.law\/fr\/wp-json\/wp\/v2\/categories?post=42805"},{"taxonomy":"post_tag","embeddable":true,"href":"https:\/\/www.e2.law\/fr\/wp-json\/wp\/v2\/tags?post=42805"}],"curies":[{"name":"wp","href":"https:\/\/api.w.org\/{rel}","templated":true}]}}