{"id":42843,"date":"2023-02-08T18:35:49","date_gmt":"2023-02-08T16:35:49","guid":{"rendered":"https:\/\/www.e2.law\/?p=42843"},"modified":"2025-10-20T15:24:06","modified_gmt":"2025-10-20T13:24:06","slug":"la-rupture-du-contrat-de-travail","status":"publish","type":"post","link":"https:\/\/www.e2.law\/fr\/2023\/02\/08\/la-rupture-du-contrat-de-travail\/","title":{"rendered":"La rupture du contrat de travail"},"content":{"rendered":"<p>Le contrat de travail \u00e0 dur\u00e9e ind\u00e9termin\u00e9e prend fin de diff\u00e9rentes fa\u00e7on :<\/p>\n<ul>\n<li>la rupture pour faute grave ;<\/li>\n<li>la rupture avec pr\u00e9avis ;<\/li>\n<li>la rupture imm\u00e9diate avec indemnit\u00e9 compensatoire de pr\u00e9avis.<\/li>\n<\/ul>\n<p>Le contrat de travail \u00e0 dur\u00e9e d\u00e9termin\u00e9e prend fin:<\/p>\n<ul>\n<li>par l&#8217;\u00e9ch\u00e9ance du terme ;<\/li>\n<li>par l&#8217;\u00e9ch\u00e9ance du travail \u00e0 effectuer dans le cadre d&#8217;un contrat conclu pour un travail nettement d\u00e9fini ;<\/li>\n<li>par rupture unilat\u00e9rale de l&#8217;une des parties avec indemnit\u00e9 compensatoire ;<\/li>\n<li>par rupture pour faute grave.<\/li>\n<\/ul>\n","protected":false},"excerpt":{"rendered":"<p>Le contrat de travail \u00e0 dur\u00e9e ind\u00e9termin\u00e9e prend fin de diff\u00e9rentes fa\u00e7on : la rupture pour faute grave ; la rupture avec pr\u00e9avis ; la rupture imm\u00e9diate avec indemnit\u00e9 compensatoire de pr\u00e9avis. Le contrat de travail \u00e0 dur\u00e9e d\u00e9termin\u00e9e prend fin: par l&#8217;\u00e9ch\u00e9ance du terme ; par l&#8217;\u00e9ch\u00e9ance du travail \u00e0 effectuer dans le cadre d&#8217;un   [&#8230;]<\/p>\n","protected":false},"author":169,"featured_media":43696,"comment_status":"closed","ping_status":"open","sticky":false,"template":"","format":"standard","meta":{"_acf_changed":false,"_jetpack_memberships_contains_paid_content":false,"footnotes":""},"categories":[141],"tags":[830,1003,1009],"class_list":["post-42843","post","type-post","status-publish","format-standard","has-post-thumbnail","hentry","category-non-classifiee","tag-contrat-de-travail","tag-preavis","tag-rupture"],"acf":[],"yoast_head":"<!-- This site is optimized with the Yoast SEO plugin v27.5 - https:\/\/yoast.com\/product\/yoast-seo-wordpress\/ -->\n<title>La rupture du contrat de travail - e2.law<\/title>\n<meta name=\"description\" content=\"Le contrat de travail \u00e0 dur\u00e9e ind\u00e9termin\u00e9e prend fin de diff\u00e9rentes fa\u00e7on : la rupture pour faute grave ; la rupture avec pr\u00e9avis ; la rupture imm\u00e9diate sans pr\u00e9avis.\" \/>\n<meta name=\"robots\" content=\"index, follow, max-snippet:-1, max-image-preview:large, max-video-preview:-1\" \/>\n<link rel=\"canonical\" href=\"https:\/\/www.e2.law\/fr\/2023\/02\/08\/la-rupture-du-contrat-de-travail\/\" \/>\n<meta property=\"og:locale\" content=\"fr_FR\" \/>\n<meta property=\"og:type\" content=\"article\" \/>\n<meta property=\"og:title\" content=\"La rupture du contrat de travail - e2.law\" \/>\n<meta property=\"og:description\" content=\"Le contrat de travail \u00e0 dur\u00e9e ind\u00e9termin\u00e9e prend fin de diff\u00e9rentes fa\u00e7on : la rupture pour faute grave ; la rupture avec pr\u00e9avis ; la rupture imm\u00e9diate sans pr\u00e9avis.\" \/>\n<meta property=\"og:url\" content=\"https:\/\/www.e2.law\/fr\/2023\/02\/08\/la-rupture-du-contrat-de-travail\/\" \/>\n<meta property=\"og:site_name\" content=\"e2.law\" \/>\n<meta property=\"article:published_time\" content=\"2023-02-08T16:35:49+00:00\" \/>\n<meta property=\"article:modified_time\" content=\"2025-10-20T13:24:06+00:00\" \/>\n<meta property=\"og:image\" content=\"https:\/\/www.e2.law\/wp-content\/uploads\/2022\/10\/Contrat_Rompu-2.png\" \/>\n\t<meta property=\"og:image:width\" content=\"800\" \/>\n\t<meta property=\"og:image:height\" content=\"800\" \/>\n\t<meta property=\"og:image:type\" content=\"image\/png\" \/>\n<meta name=\"author\" content=\"e\u00b2.law\" \/>\n<meta name=\"twitter:card\" content=\"summary_large_image\" \/>\n<meta name=\"twitter:label1\" content=\"\u00c9crit par\" \/>\n\t<meta name=\"twitter:data1\" content=\"e\u00b2.law\" \/>\n\t<meta name=\"twitter:label2\" content=\"Dur\u00e9e de lecture estim\u00e9e\" \/>\n\t<meta name=\"twitter:data2\" content=\"1 minute\" \/>\n<script type=\"application\/ld+json\" class=\"yoast-schema-graph\">{\"@context\":\"https:\\\/\\\/schema.org\",\"@graph\":[{\"@type\":\"Article\",\"@id\":\"https:\\\/\\\/www.e2.law\\\/fr\\\/2023\\\/02\\\/08\\\/la-rupture-du-contrat-de-travail\\\/#article\",\"isPartOf\":{\"@id\":\"https:\\\/\\\/www.e2.law\\\/fr\\\/2023\\\/02\\\/08\\\/la-rupture-du-contrat-de-travail\\\/\"},\"author\":{\"name\":\"e\u00b2.law\",\"@id\":\"https:\\\/\\\/www.e2.law\\\/fr\\\/#\\\/schema\\\/person\\\/9f822952177053b420c93ceda8001bcd\"},\"headline\":\"La rupture du contrat de travail\",\"datePublished\":\"2023-02-08T16:35:49+00:00\",\"dateModified\":\"2025-10-20T13:24:06+00:00\",\"mainEntityOfPage\":{\"@id\":\"https:\\\/\\\/www.e2.law\\\/fr\\\/2023\\\/02\\\/08\\\/la-rupture-du-contrat-de-travail\\\/\"},\"wordCount\":94,\"publisher\":{\"@id\":\"https:\\\/\\\/www.e2.law\\\/fr\\\/#organization\"},\"image\":{\"@id\":\"https:\\\/\\\/www.e2.law\\\/fr\\\/2023\\\/02\\\/08\\\/la-rupture-du-contrat-de-travail\\\/#primaryimage\"},\"thumbnailUrl\":\"https:\\\/\\\/i0.wp.com\\\/www.e2.law\\\/wp-content\\\/uploads\\\/2022\\\/10\\\/Contrat_Rompu-2.png?fit=800%2C800&ssl=1\",\"keywords\":[\"contrat de travail\",\"pr\u00e9avis\",\"G\u00e9rer une rupture de contrat de travail\"],\"articleSection\":[\"Non classifi\u00e9(e)\"],\"inLanguage\":\"fr-FR\"},{\"@type\":\"WebPage\",\"@id\":\"https:\\\/\\\/www.e2.law\\\/fr\\\/2023\\\/02\\\/08\\\/la-rupture-du-contrat-de-travail\\\/\",\"url\":\"https:\\\/\\\/www.e2.law\\\/fr\\\/2023\\\/02\\\/08\\\/la-rupture-du-contrat-de-travail\\\/\",\"name\":\"La rupture du contrat de travail - e2.law\",\"isPartOf\":{\"@id\":\"https:\\\/\\\/www.e2.law\\\/fr\\\/#website\"},\"primaryImageOfPage\":{\"@id\":\"https:\\\/\\\/www.e2.law\\\/fr\\\/2023\\\/02\\\/08\\\/la-rupture-du-contrat-de-travail\\\/#primaryimage\"},\"image\":{\"@id\":\"https:\\\/\\\/www.e2.law\\\/fr\\\/2023\\\/02\\\/08\\\/la-rupture-du-contrat-de-travail\\\/#primaryimage\"},\"thumbnailUrl\":\"https:\\\/\\\/i0.wp.com\\\/www.e2.law\\\/wp-content\\\/uploads\\\/2022\\\/10\\\/Contrat_Rompu-2.png?fit=800%2C800&ssl=1\",\"datePublished\":\"2023-02-08T16:35:49+00:00\",\"dateModified\":\"2025-10-20T13:24:06+00:00\",\"description\":\"Le contrat de travail \u00e0 dur\u00e9e ind\u00e9termin\u00e9e prend fin de diff\u00e9rentes fa\u00e7on : la rupture pour faute grave ; la rupture avec pr\u00e9avis ; la rupture imm\u00e9diate sans pr\u00e9avis.\",\"breadcrumb\":{\"@id\":\"https:\\\/\\\/www.e2.law\\\/fr\\\/2023\\\/02\\\/08\\\/la-rupture-du-contrat-de-travail\\\/#breadcrumb\"},\"inLanguage\":\"fr-FR\",\"potentialAction\":[{\"@type\":\"ReadAction\",\"target\":[\"https:\\\/\\\/www.e2.law\\\/fr\\\/2023\\\/02\\\/08\\\/la-rupture-du-contrat-de-travail\\\/\"]}]},{\"@type\":\"ImageObject\",\"inLanguage\":\"fr-FR\",\"@id\":\"https:\\\/\\\/www.e2.law\\\/fr\\\/2023\\\/02\\\/08\\\/la-rupture-du-contrat-de-travail\\\/#primaryimage\",\"url\":\"https:\\\/\\\/i0.wp.com\\\/www.e2.law\\\/wp-content\\\/uploads\\\/2022\\\/10\\\/Contrat_Rompu-2.png?fit=800%2C800&ssl=1\",\"contentUrl\":\"https:\\\/\\\/i0.wp.com\\\/www.e2.law\\\/wp-content\\\/uploads\\\/2022\\\/10\\\/Contrat_Rompu-2.png?fit=800%2C800&ssl=1\",\"width\":800,\"height\":800},{\"@type\":\"BreadcrumbList\",\"@id\":\"https:\\\/\\\/www.e2.law\\\/fr\\\/2023\\\/02\\\/08\\\/la-rupture-du-contrat-de-travail\\\/#breadcrumb\",\"itemListElement\":[{\"@type\":\"ListItem\",\"position\":1,\"name\":\"Home\",\"item\":\"https:\\\/\\\/www.e2.law\\\/fr\\\/home\\\/\"},{\"@type\":\"ListItem\",\"position\":2,\"name\":\"La rupture du contrat de travail\"}]},{\"@type\":\"WebSite\",\"@id\":\"https:\\\/\\\/www.e2.law\\\/fr\\\/#website\",\"url\":\"https:\\\/\\\/www.e2.law\\\/fr\\\/\",\"name\":\"e2.law\",\"description\":\"A Business Law Firm\",\"publisher\":{\"@id\":\"https:\\\/\\\/www.e2.law\\\/fr\\\/#organization\"},\"potentialAction\":[{\"@type\":\"SearchAction\",\"target\":{\"@type\":\"EntryPoint\",\"urlTemplate\":\"https:\\\/\\\/www.e2.law\\\/fr\\\/?s={search_term_string}\"},\"query-input\":{\"@type\":\"PropertyValueSpecification\",\"valueRequired\":true,\"valueName\":\"search_term_string\"}}],\"inLanguage\":\"fr-FR\"},{\"@type\":\"Organization\",\"@id\":\"https:\\\/\\\/www.e2.law\\\/fr\\\/#organization\",\"name\":\"E2.law\",\"url\":\"https:\\\/\\\/www.e2.law\\\/fr\\\/\",\"logo\":{\"@type\":\"ImageObject\",\"inLanguage\":\"fr-FR\",\"@id\":\"https:\\\/\\\/www.e2.law\\\/fr\\\/#\\\/schema\\\/logo\\\/image\\\/\",\"url\":\"https:\\\/\\\/www.e2.law\\\/wp-content\\\/uploads\\\/2018\\\/12\\\/logo-2.png\",\"contentUrl\":\"https:\\\/\\\/www.e2.law\\\/wp-content\\\/uploads\\\/2018\\\/12\\\/logo-2.png\",\"width\":152,\"height\":40,\"caption\":\"E2.law\"},\"image\":{\"@id\":\"https:\\\/\\\/www.e2.law\\\/fr\\\/#\\\/schema\\\/logo\\\/image\\\/\"},\"sameAs\":[\"https:\\\/\\\/www.linkedin.com\\\/company\\\/e2.law\"]},{\"@type\":\"Person\",\"@id\":\"https:\\\/\\\/www.e2.law\\\/fr\\\/#\\\/schema\\\/person\\\/9f822952177053b420c93ceda8001bcd\",\"name\":\"e\u00b2.law\",\"image\":{\"@type\":\"ImageObject\",\"inLanguage\":\"fr-FR\",\"@id\":\"https:\\\/\\\/secure.gravatar.com\\\/avatar\\\/?d=https:\\\/\\\/www.e2.law\\\/wp-content\\\/uploads\\\/2021\\\/01\\\/pixie_1609696175704-e1610820192173.png&amp;s=96\",\"url\":\"https:\\\/\\\/secure.gravatar.com\\\/avatar\\\/?d=https:\\\/\\\/www.e2.law\\\/wp-content\\\/uploads\\\/2021\\\/01\\\/pixie_1609696175704-e1610820192173.png&amp;s=96\",\"contentUrl\":\"https:\\\/\\\/secure.gravatar.com\\\/avatar\\\/?d=https:\\\/\\\/www.e2.law\\\/wp-content\\\/uploads\\\/2021\\\/01\\\/pixie_1609696175704-e1610820192173.png&amp;s=96\",\"caption\":\"e\u00b2.law\"},\"sameAs\":[\"http:\\\/\\\/www.e2.law\",\"www.linkedin.com\\\\companyprofile\\\\e2.law\"],\"url\":\"https:\\\/\\\/www.e2.law\\\/fr\\\/author\\\/visitor\\\/\"}]}<\/script>\n<!-- \/ Yoast SEO plugin. -->","yoast_head_json":{"title":"La rupture du contrat de travail - e2.law","description":"Le contrat de travail \u00e0 dur\u00e9e ind\u00e9termin\u00e9e prend fin de diff\u00e9rentes fa\u00e7on : la rupture pour faute grave ; la rupture avec pr\u00e9avis ; la rupture imm\u00e9diate sans pr\u00e9avis.","robots":{"index":"index","follow":"follow","max-snippet":"max-snippet:-1","max-image-preview":"max-image-preview:large","max-video-preview":"max-video-preview:-1"},"canonical":"https:\/\/www.e2.law\/fr\/2023\/02\/08\/la-rupture-du-contrat-de-travail\/","og_locale":"fr_FR","og_type":"article","og_title":"La rupture du contrat de travail - e2.law","og_description":"Le contrat de travail \u00e0 dur\u00e9e ind\u00e9termin\u00e9e prend fin de diff\u00e9rentes fa\u00e7on : la rupture pour faute grave ; la rupture avec pr\u00e9avis ; la rupture imm\u00e9diate sans pr\u00e9avis.","og_url":"https:\/\/www.e2.law\/fr\/2023\/02\/08\/la-rupture-du-contrat-de-travail\/","og_site_name":"e2.law","article_published_time":"2023-02-08T16:35:49+00:00","article_modified_time":"2025-10-20T13:24:06+00:00","og_image":[{"width":800,"height":800,"url":"https:\/\/www.e2.law\/wp-content\/uploads\/2022\/10\/Contrat_Rompu-2.png","type":"image\/png"}],"author":"e\u00b2.law","twitter_card":"summary_large_image","twitter_misc":{"\u00c9crit par":"e\u00b2.law","Dur\u00e9e de lecture estim\u00e9e":"1 minute"},"schema":{"@context":"https:\/\/schema.org","@graph":[{"@type":"Article","@id":"https:\/\/www.e2.law\/fr\/2023\/02\/08\/la-rupture-du-contrat-de-travail\/#article","isPartOf":{"@id":"https:\/\/www.e2.law\/fr\/2023\/02\/08\/la-rupture-du-contrat-de-travail\/"},"author":{"name":"e\u00b2.law","@id":"https:\/\/www.e2.law\/fr\/#\/schema\/person\/9f822952177053b420c93ceda8001bcd"},"headline":"La rupture du contrat de travail","datePublished":"2023-02-08T16:35:49+00:00","dateModified":"2025-10-20T13:24:06+00:00","mainEntityOfPage":{"@id":"https:\/\/www.e2.law\/fr\/2023\/02\/08\/la-rupture-du-contrat-de-travail\/"},"wordCount":94,"publisher":{"@id":"https:\/\/www.e2.law\/fr\/#organization"},"image":{"@id":"https:\/\/www.e2.law\/fr\/2023\/02\/08\/la-rupture-du-contrat-de-travail\/#primaryimage"},"thumbnailUrl":"https:\/\/i0.wp.com\/www.e2.law\/wp-content\/uploads\/2022\/10\/Contrat_Rompu-2.png?fit=800%2C800&ssl=1","keywords":["contrat de travail","pr\u00e9avis","G\u00e9rer une rupture de contrat de travail"],"articleSection":["Non classifi\u00e9(e)"],"inLanguage":"fr-FR"},{"@type":"WebPage","@id":"https:\/\/www.e2.law\/fr\/2023\/02\/08\/la-rupture-du-contrat-de-travail\/","url":"https:\/\/www.e2.law\/fr\/2023\/02\/08\/la-rupture-du-contrat-de-travail\/","name":"La rupture du contrat de travail - e2.law","isPartOf":{"@id":"https:\/\/www.e2.law\/fr\/#website"},"primaryImageOfPage":{"@id":"https:\/\/www.e2.law\/fr\/2023\/02\/08\/la-rupture-du-contrat-de-travail\/#primaryimage"},"image":{"@id":"https:\/\/www.e2.law\/fr\/2023\/02\/08\/la-rupture-du-contrat-de-travail\/#primaryimage"},"thumbnailUrl":"https:\/\/i0.wp.com\/www.e2.law\/wp-content\/uploads\/2022\/10\/Contrat_Rompu-2.png?fit=800%2C800&ssl=1","datePublished":"2023-02-08T16:35:49+00:00","dateModified":"2025-10-20T13:24:06+00:00","description":"Le contrat de travail \u00e0 dur\u00e9e ind\u00e9termin\u00e9e prend fin de diff\u00e9rentes fa\u00e7on : la rupture pour faute grave ; la rupture avec pr\u00e9avis ; la rupture imm\u00e9diate sans pr\u00e9avis.","breadcrumb":{"@id":"https:\/\/www.e2.law\/fr\/2023\/02\/08\/la-rupture-du-contrat-de-travail\/#breadcrumb"},"inLanguage":"fr-FR","potentialAction":[{"@type":"ReadAction","target":["https:\/\/www.e2.law\/fr\/2023\/02\/08\/la-rupture-du-contrat-de-travail\/"]}]},{"@type":"ImageObject","inLanguage":"fr-FR","@id":"https:\/\/www.e2.law\/fr\/2023\/02\/08\/la-rupture-du-contrat-de-travail\/#primaryimage","url":"https:\/\/i0.wp.com\/www.e2.law\/wp-content\/uploads\/2022\/10\/Contrat_Rompu-2.png?fit=800%2C800&ssl=1","contentUrl":"https:\/\/i0.wp.com\/www.e2.law\/wp-content\/uploads\/2022\/10\/Contrat_Rompu-2.png?fit=800%2C800&ssl=1","width":800,"height":800},{"@type":"BreadcrumbList","@id":"https:\/\/www.e2.law\/fr\/2023\/02\/08\/la-rupture-du-contrat-de-travail\/#breadcrumb","itemListElement":[{"@type":"ListItem","position":1,"name":"Home","item":"https:\/\/www.e2.law\/fr\/home\/"},{"@type":"ListItem","position":2,"name":"La rupture du contrat de travail"}]},{"@type":"WebSite","@id":"https:\/\/www.e2.law\/fr\/#website","url":"https:\/\/www.e2.law\/fr\/","name":"e2.law","description":"A Business Law Firm","publisher":{"@id":"https:\/\/www.e2.law\/fr\/#organization"},"potentialAction":[{"@type":"SearchAction","target":{"@type":"EntryPoint","urlTemplate":"https:\/\/www.e2.law\/fr\/?s={search_term_string}"},"query-input":{"@type":"PropertyValueSpecification","valueRequired":true,"valueName":"search_term_string"}}],"inLanguage":"fr-FR"},{"@type":"Organization","@id":"https:\/\/www.e2.law\/fr\/#organization","name":"E2.law","url":"https:\/\/www.e2.law\/fr\/","logo":{"@type":"ImageObject","inLanguage":"fr-FR","@id":"https:\/\/www.e2.law\/fr\/#\/schema\/logo\/image\/","url":"https:\/\/www.e2.law\/wp-content\/uploads\/2018\/12\/logo-2.png","contentUrl":"https:\/\/www.e2.law\/wp-content\/uploads\/2018\/12\/logo-2.png","width":152,"height":40,"caption":"E2.law"},"image":{"@id":"https:\/\/www.e2.law\/fr\/#\/schema\/logo\/image\/"},"sameAs":["https:\/\/www.linkedin.com\/company\/e2.law"]},{"@type":"Person","@id":"https:\/\/www.e2.law\/fr\/#\/schema\/person\/9f822952177053b420c93ceda8001bcd","name":"e\u00b2.law","image":{"@type":"ImageObject","inLanguage":"fr-FR","@id":"https:\/\/secure.gravatar.com\/avatar\/?d=https:\/\/www.e2.law\/wp-content\/uploads\/2021\/01\/pixie_1609696175704-e1610820192173.png&amp;s=96","url":"https:\/\/secure.gravatar.com\/avatar\/?d=https:\/\/www.e2.law\/wp-content\/uploads\/2021\/01\/pixie_1609696175704-e1610820192173.png&amp;s=96","contentUrl":"https:\/\/secure.gravatar.com\/avatar\/?d=https:\/\/www.e2.law\/wp-content\/uploads\/2021\/01\/pixie_1609696175704-e1610820192173.png&amp;s=96","caption":"e\u00b2.law"},"sameAs":["http:\/\/www.e2.law","www.linkedin.com\\companyprofile\\e2.law"],"url":"https:\/\/www.e2.law\/fr\/author\/visitor\/"}]}},"jetpack_featured_media_url":"https:\/\/i0.wp.com\/www.e2.law\/wp-content\/uploads\/2022\/10\/Contrat_Rompu-2.png?fit=800%2C800&ssl=1","jetpack_sharing_enabled":true,"_links":{"self":[{"href":"https:\/\/www.e2.law\/fr\/wp-json\/wp\/v2\/posts\/42843","targetHints":{"allow":["GET"]}}],"collection":[{"href":"https:\/\/www.e2.law\/fr\/wp-json\/wp\/v2\/posts"}],"about":[{"href":"https:\/\/www.e2.law\/fr\/wp-json\/wp\/v2\/types\/post"}],"author":[{"embeddable":true,"href":"https:\/\/www.e2.law\/fr\/wp-json\/wp\/v2\/users\/169"}],"replies":[{"embeddable":true,"href":"https:\/\/www.e2.law\/fr\/wp-json\/wp\/v2\/comments?post=42843"}],"version-history":[{"count":4,"href":"https:\/\/www.e2.law\/fr\/wp-json\/wp\/v2\/posts\/42843\/revisions"}],"predecessor-version":[{"id":43700,"href":"https:\/\/www.e2.law\/fr\/wp-json\/wp\/v2\/posts\/42843\/revisions\/43700"}],"wp:featuredmedia":[{"embeddable":true,"href":"https:\/\/www.e2.law\/fr\/wp-json\/wp\/v2\/media\/43696"}],"wp:attachment":[{"href":"https:\/\/www.e2.law\/fr\/wp-json\/wp\/v2\/media?parent=42843"}],"wp:term":[{"taxonomy":"category","embeddable":true,"href":"https:\/\/www.e2.law\/fr\/wp-json\/wp\/v2\/categories?post=42843"},{"taxonomy":"post_tag","embeddable":true,"href":"https:\/\/www.e2.law\/fr\/wp-json\/wp\/v2\/tags?post=42843"}],"curies":[{"name":"wp","href":"https:\/\/api.w.org\/{rel}","templated":true}]}}