{"id":43547,"date":"2023-01-17T16:56:45","date_gmt":"2023-01-17T14:56:45","guid":{"rendered":"https:\/\/www.e2.law\/?p=43547"},"modified":"2025-10-20T15:24:08","modified_gmt":"2025-10-20T13:24:08","slug":"le-bail-est-il-un-contrat-intuitu-personae","status":"publish","type":"post","link":"https:\/\/www.e2.law\/fr\/2023\/01\/17\/le-bail-est-il-un-contrat-intuitu-personae\/","title":{"rendered":"Le bail est-il un contrat intuitu personae ?"},"content":{"rendered":"<div class=\"fusion-fullwidth fullwidth-box fusion-builder-row-1 fusion-flex-container nonhundred-percent-fullwidth non-hundred-percent-height-scrolling\" style=\"--awb-border-radius-top-left:0px;--awb-border-radius-top-right:0px;--awb-border-radius-bottom-right:0px;--awb-border-radius-bottom-left:0px;--awb-flex-wrap:wrap;\" ><div class=\"fusion-builder-row fusion-row fusion-flex-align-items-flex-start fusion-flex-content-wrap\" style=\"max-width:1144px;margin-left: calc(-4% \/ 2 );margin-right: calc(-4% \/ 2 );\"><div class=\"fusion-layout-column fusion_builder_column fusion-builder-column-0 fusion_builder_column_1_1 1_1 fusion-flex-column\" style=\"--awb-bg-blend:overlay;--awb-bg-size:cover;--awb-width-large:100%;--awb-margin-top-large:0px;--awb-spacing-right-large:1.92%;--awb-margin-bottom-large:0px;--awb-spacing-left-large:1.92%;--awb-width-medium:100%;--awb-spacing-right-medium:1.92%;--awb-spacing-left-medium:1.92%;--awb-width-small:100%;--awb-spacing-right-small:1.92%;--awb-spacing-left-small:1.92%;\"><div class=\"fusion-column-wrapper fusion-flex-justify-content-flex-start fusion-content-layout-column\"><div class=\"fusion-text fusion-text-1\"><p>Un<a href=\"https:\/\/www.e2.law\/fr\/legalconcepts\/contrat-intuitu-personae\/\"><strong> contrat <\/strong><\/a><em><strong>intuitu personae<\/strong> <\/em>est un contrat dans lequel l&#8217;identit\u00e9 du cocontractant est d\u00e9terminante dans la conclusion du contrat par l&#8217;autre partie.<\/p>\n<p>Le bail est-il consid\u00e9r\u00e9 comme un contrat <em>intuitu personae<\/em> ?<\/p>\n<p>Non, le principe n&#8217;est g\u00e9n\u00e9ralement pas consid\u00e9r\u00e9 comme un contrat intuitu personae par la jurisprudence, sauf :<\/p>\n<ul>\n<li>lorsque les circonstances particuli\u00e8res dans lesquelles ont \u00e9t\u00e9 conclues le bail impliquent que l&#8217;identit\u00e9 d&#8217;une des parties \u00e9tait d\u00e9terminante pour la conclusion du bail ;<br \/>\n<span style=\"color: #ffffff;\">.<\/span><\/li>\n<li>lorsque les parties ont pr\u00e9vu le contraitre dans le contrat de bail.<\/li>\n<\/ul>\n<p>La doctrine majoritaire consid\u00e8re qu&#8217;un contrat de bail commercial n&#8217;est lui, par nature, jamais consid\u00e9r\u00e9 comme un contrat intuitu personae. La vie des affaires impose que les commer\u00e7ants puissent librement c\u00e9der leur bail commercial en m\u00eame temps que leur fonds de commerce.<\/p>\n<\/div><\/div><\/div><\/div><\/div>\n","protected":false},"excerpt":{"rendered":"","protected":false},"author":164,"featured_media":43666,"comment_status":"closed","ping_status":"open","sticky":false,"template":"","format":"standard","meta":{"_acf_changed":false,"_jetpack_memberships_contains_paid_content":false,"footnotes":""},"categories":[141],"tags":[883,1104],"class_list":["post-43547","post","type-post","status-publish","format-standard","has-post-thumbnail","hentry","category-non-classifiee","tag-contrat","tag-bail"],"acf":[],"yoast_head":"<!-- This site is optimized with the Yoast SEO plugin v27.5 - https:\/\/yoast.com\/product\/yoast-seo-wordpress\/ -->\n<title>Le bail est-il un contrat intuitu personae ? - e2.law<\/title>\n<meta name=\"description\" content=\"Un contrat intuitu personae est un contrat dans lequel l&#039;identit\u00e9 du cocontractant est d\u00e9terminante dans la conclusion du contrat.\" \/>\n<meta name=\"robots\" content=\"index, follow, max-snippet:-1, max-image-preview:large, max-video-preview:-1\" \/>\n<link rel=\"canonical\" href=\"https:\/\/www.e2.law\/fr\/2023\/01\/17\/le-bail-est-il-un-contrat-intuitu-personae\/\" \/>\n<meta property=\"og:locale\" content=\"fr_FR\" \/>\n<meta property=\"og:type\" content=\"article\" \/>\n<meta property=\"og:title\" content=\"Le bail est-il un contrat intuitu personae ? - e2.law\" \/>\n<meta property=\"og:description\" content=\"Un contrat intuitu personae est un contrat dans lequel l&#039;identit\u00e9 du cocontractant est d\u00e9terminante dans la conclusion du contrat.\" \/>\n<meta property=\"og:url\" content=\"https:\/\/www.e2.law\/fr\/2023\/01\/17\/le-bail-est-il-un-contrat-intuitu-personae\/\" \/>\n<meta property=\"og:site_name\" content=\"e2.law\" \/>\n<meta property=\"article:published_time\" content=\"2023-01-17T14:56:45+00:00\" \/>\n<meta property=\"article:modified_time\" content=\"2025-10-20T13:24:08+00:00\" \/>\n<meta property=\"og:image\" content=\"https:\/\/www.e2.law\/wp-content\/uploads\/2023\/01\/Contrat_De_Bail.png\" \/>\n\t<meta property=\"og:image:width\" content=\"800\" \/>\n\t<meta property=\"og:image:height\" content=\"800\" \/>\n\t<meta property=\"og:image:type\" content=\"image\/png\" \/>\n<meta name=\"author\" content=\"Valentine Bonamis\" \/>\n<meta name=\"twitter:card\" content=\"summary_large_image\" \/>\n<meta name=\"twitter:label1\" content=\"\u00c9crit par\" \/>\n\t<meta name=\"twitter:data1\" content=\"Valentine Bonamis\" \/>\n\t<meta name=\"twitter:label2\" content=\"Dur\u00e9e de lecture estim\u00e9e\" \/>\n\t<meta name=\"twitter:data2\" content=\"1 minute\" \/>\n<script type=\"application\/ld+json\" class=\"yoast-schema-graph\">{\"@context\":\"https:\\\/\\\/schema.org\",\"@graph\":[{\"@type\":\"Article\",\"@id\":\"https:\\\/\\\/www.e2.law\\\/fr\\\/2023\\\/01\\\/17\\\/le-bail-est-il-un-contrat-intuitu-personae\\\/#article\",\"isPartOf\":{\"@id\":\"https:\\\/\\\/www.e2.law\\\/fr\\\/2023\\\/01\\\/17\\\/le-bail-est-il-un-contrat-intuitu-personae\\\/\"},\"author\":{\"name\":\"Valentine Bonamis\",\"@id\":\"https:\\\/\\\/www.e2.law\\\/fr\\\/#\\\/schema\\\/person\\\/fc4936c485fc15b9d2be735eb6fa9080\"},\"headline\":\"Le bail est-il un contrat intuitu personae ?\",\"datePublished\":\"2023-01-17T14:56:45+00:00\",\"dateModified\":\"2025-10-20T13:24:08+00:00\",\"mainEntityOfPage\":{\"@id\":\"https:\\\/\\\/www.e2.law\\\/fr\\\/2023\\\/01\\\/17\\\/le-bail-est-il-un-contrat-intuitu-personae\\\/\"},\"wordCount\":271,\"publisher\":{\"@id\":\"https:\\\/\\\/www.e2.law\\\/fr\\\/#organization\"},\"image\":{\"@id\":\"https:\\\/\\\/www.e2.law\\\/fr\\\/2023\\\/01\\\/17\\\/le-bail-est-il-un-contrat-intuitu-personae\\\/#primaryimage\"},\"thumbnailUrl\":\"https:\\\/\\\/i0.wp.com\\\/www.e2.law\\\/wp-content\\\/uploads\\\/2023\\\/01\\\/Contrat_De_Bail.png?fit=800%2C800&ssl=1\",\"keywords\":[\"contrat\",\"bail\"],\"articleSection\":[\"Non classifi\u00e9(e)\"],\"inLanguage\":\"fr-FR\"},{\"@type\":\"WebPage\",\"@id\":\"https:\\\/\\\/www.e2.law\\\/fr\\\/2023\\\/01\\\/17\\\/le-bail-est-il-un-contrat-intuitu-personae\\\/\",\"url\":\"https:\\\/\\\/www.e2.law\\\/fr\\\/2023\\\/01\\\/17\\\/le-bail-est-il-un-contrat-intuitu-personae\\\/\",\"name\":\"Le bail est-il un contrat intuitu personae ? - e2.law\",\"isPartOf\":{\"@id\":\"https:\\\/\\\/www.e2.law\\\/fr\\\/#website\"},\"primaryImageOfPage\":{\"@id\":\"https:\\\/\\\/www.e2.law\\\/fr\\\/2023\\\/01\\\/17\\\/le-bail-est-il-un-contrat-intuitu-personae\\\/#primaryimage\"},\"image\":{\"@id\":\"https:\\\/\\\/www.e2.law\\\/fr\\\/2023\\\/01\\\/17\\\/le-bail-est-il-un-contrat-intuitu-personae\\\/#primaryimage\"},\"thumbnailUrl\":\"https:\\\/\\\/i0.wp.com\\\/www.e2.law\\\/wp-content\\\/uploads\\\/2023\\\/01\\\/Contrat_De_Bail.png?fit=800%2C800&ssl=1\",\"datePublished\":\"2023-01-17T14:56:45+00:00\",\"dateModified\":\"2025-10-20T13:24:08+00:00\",\"description\":\"Un contrat intuitu personae est un contrat dans lequel l'identit\u00e9 du cocontractant est d\u00e9terminante dans la conclusion du contrat.\",\"breadcrumb\":{\"@id\":\"https:\\\/\\\/www.e2.law\\\/fr\\\/2023\\\/01\\\/17\\\/le-bail-est-il-un-contrat-intuitu-personae\\\/#breadcrumb\"},\"inLanguage\":\"fr-FR\",\"potentialAction\":[{\"@type\":\"ReadAction\",\"target\":[\"https:\\\/\\\/www.e2.law\\\/fr\\\/2023\\\/01\\\/17\\\/le-bail-est-il-un-contrat-intuitu-personae\\\/\"]}]},{\"@type\":\"ImageObject\",\"inLanguage\":\"fr-FR\",\"@id\":\"https:\\\/\\\/www.e2.law\\\/fr\\\/2023\\\/01\\\/17\\\/le-bail-est-il-un-contrat-intuitu-personae\\\/#primaryimage\",\"url\":\"https:\\\/\\\/i0.wp.com\\\/www.e2.law\\\/wp-content\\\/uploads\\\/2023\\\/01\\\/Contrat_De_Bail.png?fit=800%2C800&ssl=1\",\"contentUrl\":\"https:\\\/\\\/i0.wp.com\\\/www.e2.law\\\/wp-content\\\/uploads\\\/2023\\\/01\\\/Contrat_De_Bail.png?fit=800%2C800&ssl=1\",\"width\":800,\"height\":800},{\"@type\":\"BreadcrumbList\",\"@id\":\"https:\\\/\\\/www.e2.law\\\/fr\\\/2023\\\/01\\\/17\\\/le-bail-est-il-un-contrat-intuitu-personae\\\/#breadcrumb\",\"itemListElement\":[{\"@type\":\"ListItem\",\"position\":1,\"name\":\"Home\",\"item\":\"https:\\\/\\\/www.e2.law\\\/fr\\\/home\\\/\"},{\"@type\":\"ListItem\",\"position\":2,\"name\":\"Le bail est-il un contrat intuitu personae ?\"}]},{\"@type\":\"WebSite\",\"@id\":\"https:\\\/\\\/www.e2.law\\\/fr\\\/#website\",\"url\":\"https:\\\/\\\/www.e2.law\\\/fr\\\/\",\"name\":\"e2.law\",\"description\":\"A Business Law Firm\",\"publisher\":{\"@id\":\"https:\\\/\\\/www.e2.law\\\/fr\\\/#organization\"},\"potentialAction\":[{\"@type\":\"SearchAction\",\"target\":{\"@type\":\"EntryPoint\",\"urlTemplate\":\"https:\\\/\\\/www.e2.law\\\/fr\\\/?s={search_term_string}\"},\"query-input\":{\"@type\":\"PropertyValueSpecification\",\"valueRequired\":true,\"valueName\":\"search_term_string\"}}],\"inLanguage\":\"fr-FR\"},{\"@type\":\"Organization\",\"@id\":\"https:\\\/\\\/www.e2.law\\\/fr\\\/#organization\",\"name\":\"E2.law\",\"url\":\"https:\\\/\\\/www.e2.law\\\/fr\\\/\",\"logo\":{\"@type\":\"ImageObject\",\"inLanguage\":\"fr-FR\",\"@id\":\"https:\\\/\\\/www.e2.law\\\/fr\\\/#\\\/schema\\\/logo\\\/image\\\/\",\"url\":\"https:\\\/\\\/www.e2.law\\\/wp-content\\\/uploads\\\/2018\\\/12\\\/logo-2.png\",\"contentUrl\":\"https:\\\/\\\/www.e2.law\\\/wp-content\\\/uploads\\\/2018\\\/12\\\/logo-2.png\",\"width\":152,\"height\":40,\"caption\":\"E2.law\"},\"image\":{\"@id\":\"https:\\\/\\\/www.e2.law\\\/fr\\\/#\\\/schema\\\/logo\\\/image\\\/\"},\"sameAs\":[\"https:\\\/\\\/www.linkedin.com\\\/company\\\/e2.law\"]},{\"@type\":\"Person\",\"@id\":\"https:\\\/\\\/www.e2.law\\\/fr\\\/#\\\/schema\\\/person\\\/fc4936c485fc15b9d2be735eb6fa9080\",\"name\":\"Valentine Bonamis\",\"image\":{\"@type\":\"ImageObject\",\"inLanguage\":\"fr-FR\",\"@id\":\"https:\\\/\\\/www.e2.law\\\/wp-content\\\/uploads\\\/2021\\\/02\\\/6E22BF17-266E-4CB1-A676-FCE71D83B2A2_1_201_a-scaled-96x96.jpeg\",\"url\":\"https:\\\/\\\/www.e2.law\\\/wp-content\\\/uploads\\\/2021\\\/02\\\/6E22BF17-266E-4CB1-A676-FCE71D83B2A2_1_201_a-scaled-96x96.jpeg\",\"contentUrl\":\"https:\\\/\\\/www.e2.law\\\/wp-content\\\/uploads\\\/2021\\\/02\\\/6E22BF17-266E-4CB1-A676-FCE71D83B2A2_1_201_a-scaled-96x96.jpeg\",\"caption\":\"Valentine Bonamis\"},\"url\":\"https:\\\/\\\/www.e2.law\\\/fr\\\/author\\\/valentine-b\\\/\"}]}<\/script>\n<!-- \/ Yoast SEO plugin. -->","yoast_head_json":{"title":"Le bail est-il un contrat intuitu personae ? - e2.law","description":"Un contrat intuitu personae est un contrat dans lequel l'identit\u00e9 du cocontractant est d\u00e9terminante dans la conclusion du contrat.","robots":{"index":"index","follow":"follow","max-snippet":"max-snippet:-1","max-image-preview":"max-image-preview:large","max-video-preview":"max-video-preview:-1"},"canonical":"https:\/\/www.e2.law\/fr\/2023\/01\/17\/le-bail-est-il-un-contrat-intuitu-personae\/","og_locale":"fr_FR","og_type":"article","og_title":"Le bail est-il un contrat intuitu personae ? - e2.law","og_description":"Un contrat intuitu personae est un contrat dans lequel l'identit\u00e9 du cocontractant est d\u00e9terminante dans la conclusion du contrat.","og_url":"https:\/\/www.e2.law\/fr\/2023\/01\/17\/le-bail-est-il-un-contrat-intuitu-personae\/","og_site_name":"e2.law","article_published_time":"2023-01-17T14:56:45+00:00","article_modified_time":"2025-10-20T13:24:08+00:00","og_image":[{"width":800,"height":800,"url":"https:\/\/www.e2.law\/wp-content\/uploads\/2023\/01\/Contrat_De_Bail.png","type":"image\/png"}],"author":"Valentine Bonamis","twitter_card":"summary_large_image","twitter_misc":{"\u00c9crit par":"Valentine Bonamis","Dur\u00e9e de lecture estim\u00e9e":"1 minute"},"schema":{"@context":"https:\/\/schema.org","@graph":[{"@type":"Article","@id":"https:\/\/www.e2.law\/fr\/2023\/01\/17\/le-bail-est-il-un-contrat-intuitu-personae\/#article","isPartOf":{"@id":"https:\/\/www.e2.law\/fr\/2023\/01\/17\/le-bail-est-il-un-contrat-intuitu-personae\/"},"author":{"name":"Valentine Bonamis","@id":"https:\/\/www.e2.law\/fr\/#\/schema\/person\/fc4936c485fc15b9d2be735eb6fa9080"},"headline":"Le bail est-il un contrat intuitu personae ?","datePublished":"2023-01-17T14:56:45+00:00","dateModified":"2025-10-20T13:24:08+00:00","mainEntityOfPage":{"@id":"https:\/\/www.e2.law\/fr\/2023\/01\/17\/le-bail-est-il-un-contrat-intuitu-personae\/"},"wordCount":271,"publisher":{"@id":"https:\/\/www.e2.law\/fr\/#organization"},"image":{"@id":"https:\/\/www.e2.law\/fr\/2023\/01\/17\/le-bail-est-il-un-contrat-intuitu-personae\/#primaryimage"},"thumbnailUrl":"https:\/\/i0.wp.com\/www.e2.law\/wp-content\/uploads\/2023\/01\/Contrat_De_Bail.png?fit=800%2C800&ssl=1","keywords":["contrat","bail"],"articleSection":["Non classifi\u00e9(e)"],"inLanguage":"fr-FR"},{"@type":"WebPage","@id":"https:\/\/www.e2.law\/fr\/2023\/01\/17\/le-bail-est-il-un-contrat-intuitu-personae\/","url":"https:\/\/www.e2.law\/fr\/2023\/01\/17\/le-bail-est-il-un-contrat-intuitu-personae\/","name":"Le bail est-il un contrat intuitu personae ? - e2.law","isPartOf":{"@id":"https:\/\/www.e2.law\/fr\/#website"},"primaryImageOfPage":{"@id":"https:\/\/www.e2.law\/fr\/2023\/01\/17\/le-bail-est-il-un-contrat-intuitu-personae\/#primaryimage"},"image":{"@id":"https:\/\/www.e2.law\/fr\/2023\/01\/17\/le-bail-est-il-un-contrat-intuitu-personae\/#primaryimage"},"thumbnailUrl":"https:\/\/i0.wp.com\/www.e2.law\/wp-content\/uploads\/2023\/01\/Contrat_De_Bail.png?fit=800%2C800&ssl=1","datePublished":"2023-01-17T14:56:45+00:00","dateModified":"2025-10-20T13:24:08+00:00","description":"Un contrat intuitu personae est un contrat dans lequel l'identit\u00e9 du cocontractant est d\u00e9terminante dans la conclusion du contrat.","breadcrumb":{"@id":"https:\/\/www.e2.law\/fr\/2023\/01\/17\/le-bail-est-il-un-contrat-intuitu-personae\/#breadcrumb"},"inLanguage":"fr-FR","potentialAction":[{"@type":"ReadAction","target":["https:\/\/www.e2.law\/fr\/2023\/01\/17\/le-bail-est-il-un-contrat-intuitu-personae\/"]}]},{"@type":"ImageObject","inLanguage":"fr-FR","@id":"https:\/\/www.e2.law\/fr\/2023\/01\/17\/le-bail-est-il-un-contrat-intuitu-personae\/#primaryimage","url":"https:\/\/i0.wp.com\/www.e2.law\/wp-content\/uploads\/2023\/01\/Contrat_De_Bail.png?fit=800%2C800&ssl=1","contentUrl":"https:\/\/i0.wp.com\/www.e2.law\/wp-content\/uploads\/2023\/01\/Contrat_De_Bail.png?fit=800%2C800&ssl=1","width":800,"height":800},{"@type":"BreadcrumbList","@id":"https:\/\/www.e2.law\/fr\/2023\/01\/17\/le-bail-est-il-un-contrat-intuitu-personae\/#breadcrumb","itemListElement":[{"@type":"ListItem","position":1,"name":"Home","item":"https:\/\/www.e2.law\/fr\/home\/"},{"@type":"ListItem","position":2,"name":"Le bail est-il un contrat intuitu personae ?"}]},{"@type":"WebSite","@id":"https:\/\/www.e2.law\/fr\/#website","url":"https:\/\/www.e2.law\/fr\/","name":"e2.law","description":"A Business Law Firm","publisher":{"@id":"https:\/\/www.e2.law\/fr\/#organization"},"potentialAction":[{"@type":"SearchAction","target":{"@type":"EntryPoint","urlTemplate":"https:\/\/www.e2.law\/fr\/?s={search_term_string}"},"query-input":{"@type":"PropertyValueSpecification","valueRequired":true,"valueName":"search_term_string"}}],"inLanguage":"fr-FR"},{"@type":"Organization","@id":"https:\/\/www.e2.law\/fr\/#organization","name":"E2.law","url":"https:\/\/www.e2.law\/fr\/","logo":{"@type":"ImageObject","inLanguage":"fr-FR","@id":"https:\/\/www.e2.law\/fr\/#\/schema\/logo\/image\/","url":"https:\/\/www.e2.law\/wp-content\/uploads\/2018\/12\/logo-2.png","contentUrl":"https:\/\/www.e2.law\/wp-content\/uploads\/2018\/12\/logo-2.png","width":152,"height":40,"caption":"E2.law"},"image":{"@id":"https:\/\/www.e2.law\/fr\/#\/schema\/logo\/image\/"},"sameAs":["https:\/\/www.linkedin.com\/company\/e2.law"]},{"@type":"Person","@id":"https:\/\/www.e2.law\/fr\/#\/schema\/person\/fc4936c485fc15b9d2be735eb6fa9080","name":"Valentine Bonamis","image":{"@type":"ImageObject","inLanguage":"fr-FR","@id":"https:\/\/www.e2.law\/wp-content\/uploads\/2021\/02\/6E22BF17-266E-4CB1-A676-FCE71D83B2A2_1_201_a-scaled-96x96.jpeg","url":"https:\/\/www.e2.law\/wp-content\/uploads\/2021\/02\/6E22BF17-266E-4CB1-A676-FCE71D83B2A2_1_201_a-scaled-96x96.jpeg","contentUrl":"https:\/\/www.e2.law\/wp-content\/uploads\/2021\/02\/6E22BF17-266E-4CB1-A676-FCE71D83B2A2_1_201_a-scaled-96x96.jpeg","caption":"Valentine Bonamis"},"url":"https:\/\/www.e2.law\/fr\/author\/valentine-b\/"}]}},"jetpack_featured_media_url":"https:\/\/i0.wp.com\/www.e2.law\/wp-content\/uploads\/2023\/01\/Contrat_De_Bail.png?fit=800%2C800&ssl=1","jetpack_sharing_enabled":true,"_links":{"self":[{"href":"https:\/\/www.e2.law\/fr\/wp-json\/wp\/v2\/posts\/43547","targetHints":{"allow":["GET"]}}],"collection":[{"href":"https:\/\/www.e2.law\/fr\/wp-json\/wp\/v2\/posts"}],"about":[{"href":"https:\/\/www.e2.law\/fr\/wp-json\/wp\/v2\/types\/post"}],"author":[{"embeddable":true,"href":"https:\/\/www.e2.law\/fr\/wp-json\/wp\/v2\/users\/164"}],"replies":[{"embeddable":true,"href":"https:\/\/www.e2.law\/fr\/wp-json\/wp\/v2\/comments?post=43547"}],"version-history":[{"count":3,"href":"https:\/\/www.e2.law\/fr\/wp-json\/wp\/v2\/posts\/43547\/revisions"}],"predecessor-version":[{"id":43551,"href":"https:\/\/www.e2.law\/fr\/wp-json\/wp\/v2\/posts\/43547\/revisions\/43551"}],"wp:featuredmedia":[{"embeddable":true,"href":"https:\/\/www.e2.law\/fr\/wp-json\/wp\/v2\/media\/43666"}],"wp:attachment":[{"href":"https:\/\/www.e2.law\/fr\/wp-json\/wp\/v2\/media?parent=43547"}],"wp:term":[{"taxonomy":"category","embeddable":true,"href":"https:\/\/www.e2.law\/fr\/wp-json\/wp\/v2\/categories?post=43547"},{"taxonomy":"post_tag","embeddable":true,"href":"https:\/\/www.e2.law\/fr\/wp-json\/wp\/v2\/tags?post=43547"}],"curies":[{"name":"wp","href":"https:\/\/api.w.org\/{rel}","templated":true}]}}