{"id":43605,"date":"2023-02-03T18:13:38","date_gmt":"2023-02-03T16:13:38","guid":{"rendered":"https:\/\/www.e2.law\/?p=43605"},"modified":"2025-10-20T15:24:07","modified_gmt":"2025-10-20T13:24:07","slug":"lopposabilite-des-conditions-generales","status":"publish","type":"post","link":"https:\/\/www.e2.law\/fr\/2023\/02\/03\/lopposabilite-des-conditions-generales\/","title":{"rendered":"L&#8217;opposabilit\u00e9 des conditions g\u00e9n\u00e9rales"},"content":{"rendered":"<p><div class=\"fusion-fullwidth fullwidth-box fusion-builder-row-1 fusion-flex-container nonhundred-percent-fullwidth non-hundred-percent-height-scrolling\" style=\"--awb-border-radius-top-left:0px;--awb-border-radius-top-right:0px;--awb-border-radius-bottom-right:0px;--awb-border-radius-bottom-left:0px;--awb-flex-wrap:wrap;\" ><div class=\"fusion-builder-row fusion-row fusion-flex-align-items-flex-start fusion-flex-content-wrap\" style=\"max-width:1144px;margin-left: calc(-4% \/ 2 );margin-right: calc(-4% \/ 2 );\"><div class=\"fusion-layout-column fusion_builder_column fusion-builder-column-0 fusion_builder_column_1_1 1_1 fusion-flex-column\" style=\"--awb-bg-blend:overlay;--awb-bg-size:cover;--awb-width-large:100%;--awb-margin-top-large:0px;--awb-spacing-right-large:1.92%;--awb-margin-bottom-large:0px;--awb-spacing-left-large:1.92%;--awb-width-medium:100%;--awb-spacing-right-medium:1.92%;--awb-spacing-left-medium:1.92%;--awb-width-small:100%;--awb-spacing-right-small:1.92%;--awb-spacing-left-small:1.92%;\"><div class=\"fusion-column-wrapper fusion-flex-justify-content-flex-start fusion-content-layout-column\"><div class=\"fusion-text fusion-text-1\"><\/div><\/div><\/div><\/div><\/div><div class=\"fusion-fullwidth fullwidth-box fusion-builder-row-2 fusion-flex-container nonhundred-percent-fullwidth non-hundred-percent-height-scrolling\" style=\"--awb-border-radius-top-left:0px;--awb-border-radius-top-right:0px;--awb-border-radius-bottom-right:0px;--awb-border-radius-bottom-left:0px;--awb-flex-wrap:wrap;\" ><div class=\"fusion-builder-row fusion-row fusion-flex-align-items-flex-start fusion-flex-content-wrap\" style=\"max-width:1144px;margin-left: calc(-4% \/ 2 );margin-right: calc(-4% \/ 2 );\"><div class=\"fusion-layout-column fusion_builder_column fusion-builder-column-1 fusion_builder_column_1_1 1_1 fusion-flex-column\" style=\"--awb-bg-blend:overlay;--awb-bg-size:cover;--awb-width-large:100%;--awb-margin-top-large:0px;--awb-spacing-right-large:1.92%;--awb-margin-bottom-large:0px;--awb-spacing-left-large:1.92%;--awb-width-medium:100%;--awb-spacing-right-medium:1.92%;--awb-spacing-left-medium:1.92%;--awb-width-small:100%;--awb-spacing-right-small:1.92%;--awb-spacing-left-small:1.92%;\"><div class=\"fusion-column-wrapper fusion-flex-justify-content-flex-start fusion-content-layout-column\"><div class=\"fusion-text fusion-text-2\"><p><b>Comment s\u2019assurer que les <a href=\"https:\/\/www.e2.law\/fr\/legalconcepts\/conditions-generales\/\">conditions g\u00e9n\u00e9rales<\/a> d\u2019une entreprise soient opposables \u00e0 ses cocontractants ?<\/b><\/p>\n<blockquote>\n<p>On qualifie d\u2019 \u00ab <strong>opposables<\/strong> \u00bb les conditions g\u00e9n\u00e9rales qui ont une valeur contractuelle entre les parties et qui ont force obligatoire entre elles.<\/p>\n<\/blockquote>\n<p>La particularit\u00e9 des conditions g\u00e9n\u00e9rales tient dans le fait qu&#8217;elles sont r\u00e9dig\u00e9es unilat\u00e9ralement par une des parties et impos\u00e9es \u00e0 l\u2019autre partie. Cela ne fait pas en soi obstacle \u00e0 leur opposabilit\u00e9 mais l\u2019entreprise qui se pr\u00e9vaut de conditions g\u00e9n\u00e9rales doit pouvoir d\u00e9montrer que son cocontractant :<\/p>\n<ul>\n<li><b>en a pris connaissance <\/b>(ou, \u00e0 tout le moins, a eu la possibilit\u00e9 d\u2019en prendre connaissance) ; et<\/li>\n<li><b>les a accept\u00e9es<\/b> [1].<\/li>\n<\/ul>\n<p>De par la nature m\u00eame des conditions g\u00e9n\u00e9rales, qui sont tant\u00f4t appos\u00e9es au dos d\u2019une facture en petits caract\u00e8res, tant\u00f4t disponibles sur un site internet, ces exigences sont parfois difficiles \u00e0 d\u00e9montrer.<br \/>\n<span style=\"color: #ffffff;\">.<\/span><\/p>\n<h2 class=\"fusion-responsive-typography-calculated\" style=\"--fontsize: 24; line-height: 1.5;\" data-fontsize=\"24\" data-lineheight=\"36px\"><b>Condition n\u00b0 1 : la prise de connaissance<\/b><\/h2>\n<p>Pour avoir valeur contractuelle, le cocontractant doit avoir pris connaissance, ou \u00e0 tout le moins avoir eu la possibilit\u00e9 raisonnable d\u2019en prendre connaissance, pr\u00e9alablement ou <strong>au plus tard au moment de la conclusion du contrat<\/strong>.<\/p>\n<blockquote>\n<p>La prise de connaissance <strong>doit porter sur le contenu<\/strong> des conditions g\u00e9n\u00e9rales et non simplement sur leur existence. La mention de l\u2019existence de conditions g\u00e9n\u00e9rales disponibles sur un site internet ne suffit pas \u00e0 remplir cette condition.<\/p>\n<\/blockquote>\n<p>La possibilit\u00e9 raisonnable de prise de connaissance s\u2019\u00e9value concr\u00e8tement au regard des circonstances d\u2019une situation donn\u00e9e. Il ne peut s\u2019agir d\u2019une simple possibilit\u00e9 th\u00e9orique.<\/p>\n<p>La jurisprudence a notamment d\u00e9gag\u00e9 les crit\u00e8res suivants :<\/p>\n<ul>\n<li>Les conditions g\u00e9n\u00e9rales doivent \u00eatre r\u00e9dig\u00e9es de fa\u00e7on <b>claire et lisible<\/b>, dans une police de taille ad\u00e9quate et dans une langue comprise par le client ;<br \/>\n<span style=\"color: #ffffff;\">.<\/span><\/li>\n<li>Leur <b>emplacement <\/b>doit \u00eatre <b>ad\u00e9quat<\/b>.<b> <\/b>Il doit permettre<b> <\/b>au cocontractant d\u2019en prendre connaissance avant la conclusion du contrat et qui lui laisse la libert\u00e9 de ne pas contracter s\u2019il ne les accepte pas.<em> Par exemple, les conditions g\u00e9n\u00e9rales affich\u00e9es dans les parkings doivent \u00eatre plac\u00e9es dans un endroit visible par le conducteur avant qu\u2019il entre dans le parking.<\/em> Elles ne peuvent pas \u00eatre plac\u00e9es \u00e0 c\u00f4t\u00e9 des bornes de paiement.<br \/>\n<span style=\"color: #ffffff;\">.<\/span><\/li>\n<li>Lorsqu\u2019elles sont appos\u00e9es au dos d\u2019une facture, d&#8217;un bon de commande ou d\u2019un devis, une<b> mention invitant le client \u00e0 prendre connaissance des conditions g\u00e9n\u00e9rales au verso<\/b> doit figurer au recto du document.<\/li>\n<\/ul>\n<p>Lorsque les conditions g\u00e9n\u00e9rales sont communiqu\u00e9es apr\u00e8s la conclusion du contrat, elles sont en principe consid\u00e9r\u00e9es comme une proposition d\u2019avenant au contrat. Cet avenant est soumis \u00e0 l\u2019acceptation de l\u2019autre partie et, \u00e0 d\u00e9faut d\u2019acceptation, elles ne pourront lui \u00eatre oppos\u00e9es.<br \/>\n<span style=\"color: #ffffff;\">.<\/span><\/p>\n<h2 class=\"fusion-responsive-typography-calculated\" style=\"--fontsize: 24; line-height: 1.5;\" data-fontsize=\"24\" data-lineheight=\"36px\"><b>Condition n\u00b02 : l&#8217;acceptation<\/b><\/h2>\n<p>Le cocontractant doit accepter les conditions g\u00e9n\u00e9rales pour qu\u2019elles lui soient opposables.<\/p>\n<p>L\u2019acceptation peut \u00eatre expresse ou tacite, mais doit dans tous les cas \u00eatre certaine.<\/p>\n<ul>\n<li>L\u2019acceptation est <strong>expresse<\/strong> lorsque le cocontractant signe les conditions g\u00e9n\u00e9rales ou coche une case indiquant qu\u2019il confirme avoir pris connaissance et accept\u00e9 les conditions g\u00e9n\u00e9rales de vente avant un achat en ligne.<br \/>\n<span style=\"color: #ffffff;\">.<\/span><\/li>\n<li>L\u2019acceptation est <strong>tacite<\/strong> lorsqu\u2019il peut \u00eatre d\u00e9duit de mani\u00e8re certaine des circonstances que le cocontractant a accept\u00e9 les conditions g\u00e9n\u00e9rales. Le seul fait que le cocontractant n\u2019ait pas \u00e9mis de r\u00e9serve ou n\u2019ait pas express\u00e9ment refus\u00e9 les conditions g\u00e9n\u00e9rales ne suffit pas. Le silence doit \u00eatre circonstanci\u00e9.<em> L\u2019acceptation tacite est admise lorsque les parties entretiennent une relation d\u2019affaires suivies par exemple.<br \/>\n<span style=\"color: #ffffff;\">.<\/span><\/em><\/li>\n<\/ul>\n<h2 class=\"fusion-responsive-typography-calculated\" style=\"--fontsize: 24; line-height: 1.5;\" data-fontsize=\"24\" data-lineheight=\"36px\"><b>Charge de la preuve<\/b><\/h2>\n<p>La charge de la preuve de l&#8217;opposabilit\u00e9 des conditions g\u00e9n\u00e9rales incombe \u00e0 la partie qui souhaite s\u2019en pr\u00e9valoir.<\/p>\n<p>___________<\/p>\n<p>[1]<a href=\"https:\/\/www.ejustice.just.fgov.be\/cgi_loi\/loi_a1.pl?imgcn.x=54&amp;imgcn.y=6&amp;DETAIL=2022042827%2FF&amp;caller=list&amp;row_id=1&amp;numero=2&amp;rech=30&amp;cn=2022042827&amp;table_name=LOI&amp;nm=2022A32058&amp;la=F&amp;chercher=t&amp;dt=CODE+CIVIL&amp;language=fr&amp;fr=f&amp;choix1=ET&amp;choix2=ET&amp;text1=livre+&amp;fromtab=loi_all&amp;sql=dt+contains++%27CODE%27%2526+%27CIVIL%27+and+%28%28+tit+contains++%28+%27livre%27%29+++%29+or+%28+text+contains++%28+%27livre%27%29+++%29%29and+actif+%3D+%27Y%27&amp;tri=dd+AS+RANK+&amp;trier=promulgation#Art.5.23\"> Article 5.23, Code civil<\/a><\/p>\n<\/div><\/div><\/div><\/div><\/div><\/p>\n","protected":false},"excerpt":{"rendered":"","protected":false},"author":164,"featured_media":43659,"comment_status":"closed","ping_status":"open","sticky":false,"template":"","format":"standard","meta":{"_acf_changed":false,"_jetpack_memberships_contains_paid_content":false,"footnotes":""},"categories":[141],"tags":[883],"class_list":["post-43605","post","type-post","status-publish","format-standard","has-post-thumbnail","hentry","category-non-classifiee","tag-contrat"],"acf":[],"yoast_head":"<!-- This site is optimized with the Yoast SEO plugin v27.5 - https:\/\/yoast.com\/product\/yoast-seo-wordpress\/ -->\n<title>L&#039;opposabilit\u00e9 des conditions g\u00e9n\u00e9rales - e2.law<\/title>\n<meta name=\"description\" content=\"Comment s\u2019assurer que les conditions g\u00e9n\u00e9rales d\u2019une entreprise soient opposables \u00e0 ses cocontractants ?\" \/>\n<meta name=\"robots\" content=\"index, follow, max-snippet:-1, max-image-preview:large, max-video-preview:-1\" \/>\n<link rel=\"canonical\" href=\"https:\/\/www.e2.law\/fr\/2023\/02\/03\/lopposabilite-des-conditions-generales\/\" \/>\n<meta property=\"og:locale\" content=\"fr_FR\" \/>\n<meta property=\"og:type\" content=\"article\" \/>\n<meta property=\"og:title\" content=\"L&#039;opposabilit\u00e9 des conditions g\u00e9n\u00e9rales - e2.law\" \/>\n<meta property=\"og:description\" content=\"Comment s\u2019assurer que les conditions g\u00e9n\u00e9rales d\u2019une entreprise soient opposables \u00e0 ses cocontractants ?\" \/>\n<meta property=\"og:url\" content=\"https:\/\/www.e2.law\/fr\/2023\/02\/03\/lopposabilite-des-conditions-generales\/\" \/>\n<meta property=\"og:site_name\" content=\"e2.law\" \/>\n<meta property=\"article:published_time\" content=\"2023-02-03T16:13:38+00:00\" \/>\n<meta property=\"article:modified_time\" content=\"2025-10-20T13:24:07+00:00\" \/>\n<meta property=\"og:image\" content=\"https:\/\/www.e2.law\/wp-content\/uploads\/2023\/02\/Conditions_Ge\u0301ne\u0301rales.png\" \/>\n\t<meta property=\"og:image:width\" content=\"800\" \/>\n\t<meta property=\"og:image:height\" content=\"800\" \/>\n\t<meta property=\"og:image:type\" content=\"image\/png\" \/>\n<meta name=\"author\" content=\"Valentine Bonamis\" \/>\n<meta name=\"twitter:card\" content=\"summary_large_image\" \/>\n<meta name=\"twitter:label1\" content=\"\u00c9crit par\" \/>\n\t<meta name=\"twitter:data1\" content=\"Valentine Bonamis\" \/>\n\t<meta name=\"twitter:label2\" content=\"Dur\u00e9e de lecture estim\u00e9e\" \/>\n\t<meta name=\"twitter:data2\" content=\"3 minutes\" \/>\n<script type=\"application\/ld+json\" class=\"yoast-schema-graph\">{\"@context\":\"https:\\\/\\\/schema.org\",\"@graph\":[{\"@type\":\"Article\",\"@id\":\"https:\\\/\\\/www.e2.law\\\/fr\\\/2023\\\/02\\\/03\\\/lopposabilite-des-conditions-generales\\\/#article\",\"isPartOf\":{\"@id\":\"https:\\\/\\\/www.e2.law\\\/fr\\\/2023\\\/02\\\/03\\\/lopposabilite-des-conditions-generales\\\/\"},\"author\":{\"name\":\"Valentine Bonamis\",\"@id\":\"https:\\\/\\\/www.e2.law\\\/fr\\\/#\\\/schema\\\/person\\\/fc4936c485fc15b9d2be735eb6fa9080\"},\"headline\":\"L&#8217;opposabilit\u00e9 des conditions g\u00e9n\u00e9rales\",\"datePublished\":\"2023-02-03T16:13:38+00:00\",\"dateModified\":\"2025-10-20T13:24:07+00:00\",\"mainEntityOfPage\":{\"@id\":\"https:\\\/\\\/www.e2.law\\\/fr\\\/2023\\\/02\\\/03\\\/lopposabilite-des-conditions-generales\\\/\"},\"wordCount\":900,\"publisher\":{\"@id\":\"https:\\\/\\\/www.e2.law\\\/fr\\\/#organization\"},\"image\":{\"@id\":\"https:\\\/\\\/www.e2.law\\\/fr\\\/2023\\\/02\\\/03\\\/lopposabilite-des-conditions-generales\\\/#primaryimage\"},\"thumbnailUrl\":\"https:\\\/\\\/i0.wp.com\\\/www.e2.law\\\/wp-content\\\/uploads\\\/2023\\\/02\\\/Conditions_Ge%CC%81ne%CC%81rales.png?fit=800%2C800&ssl=1\",\"keywords\":[\"contrat\"],\"articleSection\":[\"Non classifi\u00e9(e)\"],\"inLanguage\":\"fr-FR\"},{\"@type\":\"WebPage\",\"@id\":\"https:\\\/\\\/www.e2.law\\\/fr\\\/2023\\\/02\\\/03\\\/lopposabilite-des-conditions-generales\\\/\",\"url\":\"https:\\\/\\\/www.e2.law\\\/fr\\\/2023\\\/02\\\/03\\\/lopposabilite-des-conditions-generales\\\/\",\"name\":\"L'opposabilit\u00e9 des conditions g\u00e9n\u00e9rales - e2.law\",\"isPartOf\":{\"@id\":\"https:\\\/\\\/www.e2.law\\\/fr\\\/#website\"},\"primaryImageOfPage\":{\"@id\":\"https:\\\/\\\/www.e2.law\\\/fr\\\/2023\\\/02\\\/03\\\/lopposabilite-des-conditions-generales\\\/#primaryimage\"},\"image\":{\"@id\":\"https:\\\/\\\/www.e2.law\\\/fr\\\/2023\\\/02\\\/03\\\/lopposabilite-des-conditions-generales\\\/#primaryimage\"},\"thumbnailUrl\":\"https:\\\/\\\/i0.wp.com\\\/www.e2.law\\\/wp-content\\\/uploads\\\/2023\\\/02\\\/Conditions_Ge%CC%81ne%CC%81rales.png?fit=800%2C800&ssl=1\",\"datePublished\":\"2023-02-03T16:13:38+00:00\",\"dateModified\":\"2025-10-20T13:24:07+00:00\",\"description\":\"Comment s\u2019assurer que les conditions g\u00e9n\u00e9rales d\u2019une entreprise soient opposables \u00e0 ses cocontractants ?\",\"breadcrumb\":{\"@id\":\"https:\\\/\\\/www.e2.law\\\/fr\\\/2023\\\/02\\\/03\\\/lopposabilite-des-conditions-generales\\\/#breadcrumb\"},\"inLanguage\":\"fr-FR\",\"potentialAction\":[{\"@type\":\"ReadAction\",\"target\":[\"https:\\\/\\\/www.e2.law\\\/fr\\\/2023\\\/02\\\/03\\\/lopposabilite-des-conditions-generales\\\/\"]}]},{\"@type\":\"ImageObject\",\"inLanguage\":\"fr-FR\",\"@id\":\"https:\\\/\\\/www.e2.law\\\/fr\\\/2023\\\/02\\\/03\\\/lopposabilite-des-conditions-generales\\\/#primaryimage\",\"url\":\"https:\\\/\\\/i0.wp.com\\\/www.e2.law\\\/wp-content\\\/uploads\\\/2023\\\/02\\\/Conditions_Ge%CC%81ne%CC%81rales.png?fit=800%2C800&ssl=1\",\"contentUrl\":\"https:\\\/\\\/i0.wp.com\\\/www.e2.law\\\/wp-content\\\/uploads\\\/2023\\\/02\\\/Conditions_Ge%CC%81ne%CC%81rales.png?fit=800%2C800&ssl=1\",\"width\":800,\"height\":800},{\"@type\":\"BreadcrumbList\",\"@id\":\"https:\\\/\\\/www.e2.law\\\/fr\\\/2023\\\/02\\\/03\\\/lopposabilite-des-conditions-generales\\\/#breadcrumb\",\"itemListElement\":[{\"@type\":\"ListItem\",\"position\":1,\"name\":\"Home\",\"item\":\"https:\\\/\\\/www.e2.law\\\/fr\\\/home\\\/\"},{\"@type\":\"ListItem\",\"position\":2,\"name\":\"L&#8217;opposabilit\u00e9 des conditions g\u00e9n\u00e9rales\"}]},{\"@type\":\"WebSite\",\"@id\":\"https:\\\/\\\/www.e2.law\\\/fr\\\/#website\",\"url\":\"https:\\\/\\\/www.e2.law\\\/fr\\\/\",\"name\":\"e2.law\",\"description\":\"A Business Law Firm\",\"publisher\":{\"@id\":\"https:\\\/\\\/www.e2.law\\\/fr\\\/#organization\"},\"potentialAction\":[{\"@type\":\"SearchAction\",\"target\":{\"@type\":\"EntryPoint\",\"urlTemplate\":\"https:\\\/\\\/www.e2.law\\\/fr\\\/?s={search_term_string}\"},\"query-input\":{\"@type\":\"PropertyValueSpecification\",\"valueRequired\":true,\"valueName\":\"search_term_string\"}}],\"inLanguage\":\"fr-FR\"},{\"@type\":\"Organization\",\"@id\":\"https:\\\/\\\/www.e2.law\\\/fr\\\/#organization\",\"name\":\"E2.law\",\"url\":\"https:\\\/\\\/www.e2.law\\\/fr\\\/\",\"logo\":{\"@type\":\"ImageObject\",\"inLanguage\":\"fr-FR\",\"@id\":\"https:\\\/\\\/www.e2.law\\\/fr\\\/#\\\/schema\\\/logo\\\/image\\\/\",\"url\":\"https:\\\/\\\/www.e2.law\\\/wp-content\\\/uploads\\\/2018\\\/12\\\/logo-2.png\",\"contentUrl\":\"https:\\\/\\\/www.e2.law\\\/wp-content\\\/uploads\\\/2018\\\/12\\\/logo-2.png\",\"width\":152,\"height\":40,\"caption\":\"E2.law\"},\"image\":{\"@id\":\"https:\\\/\\\/www.e2.law\\\/fr\\\/#\\\/schema\\\/logo\\\/image\\\/\"},\"sameAs\":[\"https:\\\/\\\/www.linkedin.com\\\/company\\\/e2.law\"]},{\"@type\":\"Person\",\"@id\":\"https:\\\/\\\/www.e2.law\\\/fr\\\/#\\\/schema\\\/person\\\/fc4936c485fc15b9d2be735eb6fa9080\",\"name\":\"Valentine Bonamis\",\"image\":{\"@type\":\"ImageObject\",\"inLanguage\":\"fr-FR\",\"@id\":\"https:\\\/\\\/www.e2.law\\\/wp-content\\\/uploads\\\/2021\\\/02\\\/6E22BF17-266E-4CB1-A676-FCE71D83B2A2_1_201_a-scaled-96x96.jpeg\",\"url\":\"https:\\\/\\\/www.e2.law\\\/wp-content\\\/uploads\\\/2021\\\/02\\\/6E22BF17-266E-4CB1-A676-FCE71D83B2A2_1_201_a-scaled-96x96.jpeg\",\"contentUrl\":\"https:\\\/\\\/www.e2.law\\\/wp-content\\\/uploads\\\/2021\\\/02\\\/6E22BF17-266E-4CB1-A676-FCE71D83B2A2_1_201_a-scaled-96x96.jpeg\",\"caption\":\"Valentine Bonamis\"},\"url\":\"https:\\\/\\\/www.e2.law\\\/fr\\\/author\\\/valentine-b\\\/\"}]}<\/script>\n<!-- \/ Yoast SEO plugin. -->","yoast_head_json":{"title":"L'opposabilit\u00e9 des conditions g\u00e9n\u00e9rales - e2.law","description":"Comment s\u2019assurer que les conditions g\u00e9n\u00e9rales d\u2019une entreprise soient opposables \u00e0 ses cocontractants ?","robots":{"index":"index","follow":"follow","max-snippet":"max-snippet:-1","max-image-preview":"max-image-preview:large","max-video-preview":"max-video-preview:-1"},"canonical":"https:\/\/www.e2.law\/fr\/2023\/02\/03\/lopposabilite-des-conditions-generales\/","og_locale":"fr_FR","og_type":"article","og_title":"L'opposabilit\u00e9 des conditions g\u00e9n\u00e9rales - e2.law","og_description":"Comment s\u2019assurer que les conditions g\u00e9n\u00e9rales d\u2019une entreprise soient opposables \u00e0 ses cocontractants ?","og_url":"https:\/\/www.e2.law\/fr\/2023\/02\/03\/lopposabilite-des-conditions-generales\/","og_site_name":"e2.law","article_published_time":"2023-02-03T16:13:38+00:00","article_modified_time":"2025-10-20T13:24:07+00:00","og_image":[{"width":800,"height":800,"url":"https:\/\/www.e2.law\/wp-content\/uploads\/2023\/02\/Conditions_Ge\u0301ne\u0301rales.png","type":"image\/png"}],"author":"Valentine Bonamis","twitter_card":"summary_large_image","twitter_misc":{"\u00c9crit par":"Valentine Bonamis","Dur\u00e9e de lecture estim\u00e9e":"3 minutes"},"schema":{"@context":"https:\/\/schema.org","@graph":[{"@type":"Article","@id":"https:\/\/www.e2.law\/fr\/2023\/02\/03\/lopposabilite-des-conditions-generales\/#article","isPartOf":{"@id":"https:\/\/www.e2.law\/fr\/2023\/02\/03\/lopposabilite-des-conditions-generales\/"},"author":{"name":"Valentine Bonamis","@id":"https:\/\/www.e2.law\/fr\/#\/schema\/person\/fc4936c485fc15b9d2be735eb6fa9080"},"headline":"L&#8217;opposabilit\u00e9 des conditions g\u00e9n\u00e9rales","datePublished":"2023-02-03T16:13:38+00:00","dateModified":"2025-10-20T13:24:07+00:00","mainEntityOfPage":{"@id":"https:\/\/www.e2.law\/fr\/2023\/02\/03\/lopposabilite-des-conditions-generales\/"},"wordCount":900,"publisher":{"@id":"https:\/\/www.e2.law\/fr\/#organization"},"image":{"@id":"https:\/\/www.e2.law\/fr\/2023\/02\/03\/lopposabilite-des-conditions-generales\/#primaryimage"},"thumbnailUrl":"https:\/\/i0.wp.com\/www.e2.law\/wp-content\/uploads\/2023\/02\/Conditions_Ge%CC%81ne%CC%81rales.png?fit=800%2C800&ssl=1","keywords":["contrat"],"articleSection":["Non classifi\u00e9(e)"],"inLanguage":"fr-FR"},{"@type":"WebPage","@id":"https:\/\/www.e2.law\/fr\/2023\/02\/03\/lopposabilite-des-conditions-generales\/","url":"https:\/\/www.e2.law\/fr\/2023\/02\/03\/lopposabilite-des-conditions-generales\/","name":"L'opposabilit\u00e9 des conditions g\u00e9n\u00e9rales - e2.law","isPartOf":{"@id":"https:\/\/www.e2.law\/fr\/#website"},"primaryImageOfPage":{"@id":"https:\/\/www.e2.law\/fr\/2023\/02\/03\/lopposabilite-des-conditions-generales\/#primaryimage"},"image":{"@id":"https:\/\/www.e2.law\/fr\/2023\/02\/03\/lopposabilite-des-conditions-generales\/#primaryimage"},"thumbnailUrl":"https:\/\/i0.wp.com\/www.e2.law\/wp-content\/uploads\/2023\/02\/Conditions_Ge%CC%81ne%CC%81rales.png?fit=800%2C800&ssl=1","datePublished":"2023-02-03T16:13:38+00:00","dateModified":"2025-10-20T13:24:07+00:00","description":"Comment s\u2019assurer que les conditions g\u00e9n\u00e9rales d\u2019une entreprise soient opposables \u00e0 ses cocontractants ?","breadcrumb":{"@id":"https:\/\/www.e2.law\/fr\/2023\/02\/03\/lopposabilite-des-conditions-generales\/#breadcrumb"},"inLanguage":"fr-FR","potentialAction":[{"@type":"ReadAction","target":["https:\/\/www.e2.law\/fr\/2023\/02\/03\/lopposabilite-des-conditions-generales\/"]}]},{"@type":"ImageObject","inLanguage":"fr-FR","@id":"https:\/\/www.e2.law\/fr\/2023\/02\/03\/lopposabilite-des-conditions-generales\/#primaryimage","url":"https:\/\/i0.wp.com\/www.e2.law\/wp-content\/uploads\/2023\/02\/Conditions_Ge%CC%81ne%CC%81rales.png?fit=800%2C800&ssl=1","contentUrl":"https:\/\/i0.wp.com\/www.e2.law\/wp-content\/uploads\/2023\/02\/Conditions_Ge%CC%81ne%CC%81rales.png?fit=800%2C800&ssl=1","width":800,"height":800},{"@type":"BreadcrumbList","@id":"https:\/\/www.e2.law\/fr\/2023\/02\/03\/lopposabilite-des-conditions-generales\/#breadcrumb","itemListElement":[{"@type":"ListItem","position":1,"name":"Home","item":"https:\/\/www.e2.law\/fr\/home\/"},{"@type":"ListItem","position":2,"name":"L&#8217;opposabilit\u00e9 des conditions g\u00e9n\u00e9rales"}]},{"@type":"WebSite","@id":"https:\/\/www.e2.law\/fr\/#website","url":"https:\/\/www.e2.law\/fr\/","name":"e2.law","description":"A Business Law Firm","publisher":{"@id":"https:\/\/www.e2.law\/fr\/#organization"},"potentialAction":[{"@type":"SearchAction","target":{"@type":"EntryPoint","urlTemplate":"https:\/\/www.e2.law\/fr\/?s={search_term_string}"},"query-input":{"@type":"PropertyValueSpecification","valueRequired":true,"valueName":"search_term_string"}}],"inLanguage":"fr-FR"},{"@type":"Organization","@id":"https:\/\/www.e2.law\/fr\/#organization","name":"E2.law","url":"https:\/\/www.e2.law\/fr\/","logo":{"@type":"ImageObject","inLanguage":"fr-FR","@id":"https:\/\/www.e2.law\/fr\/#\/schema\/logo\/image\/","url":"https:\/\/www.e2.law\/wp-content\/uploads\/2018\/12\/logo-2.png","contentUrl":"https:\/\/www.e2.law\/wp-content\/uploads\/2018\/12\/logo-2.png","width":152,"height":40,"caption":"E2.law"},"image":{"@id":"https:\/\/www.e2.law\/fr\/#\/schema\/logo\/image\/"},"sameAs":["https:\/\/www.linkedin.com\/company\/e2.law"]},{"@type":"Person","@id":"https:\/\/www.e2.law\/fr\/#\/schema\/person\/fc4936c485fc15b9d2be735eb6fa9080","name":"Valentine Bonamis","image":{"@type":"ImageObject","inLanguage":"fr-FR","@id":"https:\/\/www.e2.law\/wp-content\/uploads\/2021\/02\/6E22BF17-266E-4CB1-A676-FCE71D83B2A2_1_201_a-scaled-96x96.jpeg","url":"https:\/\/www.e2.law\/wp-content\/uploads\/2021\/02\/6E22BF17-266E-4CB1-A676-FCE71D83B2A2_1_201_a-scaled-96x96.jpeg","contentUrl":"https:\/\/www.e2.law\/wp-content\/uploads\/2021\/02\/6E22BF17-266E-4CB1-A676-FCE71D83B2A2_1_201_a-scaled-96x96.jpeg","caption":"Valentine Bonamis"},"url":"https:\/\/www.e2.law\/fr\/author\/valentine-b\/"}]}},"jetpack_featured_media_url":"https:\/\/i0.wp.com\/www.e2.law\/wp-content\/uploads\/2023\/02\/Conditions_Ge%CC%81ne%CC%81rales.png?fit=800%2C800&ssl=1","jetpack_sharing_enabled":true,"_links":{"self":[{"href":"https:\/\/www.e2.law\/fr\/wp-json\/wp\/v2\/posts\/43605","targetHints":{"allow":["GET"]}}],"collection":[{"href":"https:\/\/www.e2.law\/fr\/wp-json\/wp\/v2\/posts"}],"about":[{"href":"https:\/\/www.e2.law\/fr\/wp-json\/wp\/v2\/types\/post"}],"author":[{"embeddable":true,"href":"https:\/\/www.e2.law\/fr\/wp-json\/wp\/v2\/users\/164"}],"replies":[{"embeddable":true,"href":"https:\/\/www.e2.law\/fr\/wp-json\/wp\/v2\/comments?post=43605"}],"version-history":[{"count":7,"href":"https:\/\/www.e2.law\/fr\/wp-json\/wp\/v2\/posts\/43605\/revisions"}],"predecessor-version":[{"id":44679,"href":"https:\/\/www.e2.law\/fr\/wp-json\/wp\/v2\/posts\/43605\/revisions\/44679"}],"wp:featuredmedia":[{"embeddable":true,"href":"https:\/\/www.e2.law\/fr\/wp-json\/wp\/v2\/media\/43659"}],"wp:attachment":[{"href":"https:\/\/www.e2.law\/fr\/wp-json\/wp\/v2\/media?parent=43605"}],"wp:term":[{"taxonomy":"category","embeddable":true,"href":"https:\/\/www.e2.law\/fr\/wp-json\/wp\/v2\/categories?post=43605"},{"taxonomy":"post_tag","embeddable":true,"href":"https:\/\/www.e2.law\/fr\/wp-json\/wp\/v2\/tags?post=43605"}],"curies":[{"name":"wp","href":"https:\/\/api.w.org\/{rel}","templated":true}]}}