{"id":43612,"date":"2023-02-03T18:44:18","date_gmt":"2023-02-03T16:44:18","guid":{"rendered":"https:\/\/www.e2.law\/?p=43612"},"modified":"2025-10-20T15:24:06","modified_gmt":"2025-10-20T13:24:06","slug":"lopposabilite-des-conditions-generales-au-dos-dune-facture","status":"publish","type":"post","link":"https:\/\/www.e2.law\/fr\/2023\/02\/03\/lopposabilite-des-conditions-generales-au-dos-dune-facture\/","title":{"rendered":"L&#8217;opposabilit\u00e9 des conditions g\u00e9n\u00e9rales au dos d&#8217;une facture"},"content":{"rendered":"<div class=\"fusion-fullwidth fullwidth-box fusion-builder-row-1 fusion-flex-container nonhundred-percent-fullwidth non-hundred-percent-height-scrolling\" style=\"--awb-border-radius-top-left:0px;--awb-border-radius-top-right:0px;--awb-border-radius-bottom-right:0px;--awb-border-radius-bottom-left:0px;--awb-background-color:#ffffff;--awb-flex-wrap:wrap;\" ><div class=\"fusion-builder-row fusion-row fusion-flex-align-items-flex-start fusion-flex-content-wrap\" style=\"max-width:1144px;margin-left: calc(-4% \/ 2 );margin-right: calc(-4% \/ 2 );\"><div class=\"fusion-layout-column fusion_builder_column fusion-builder-column-0 fusion_builder_column_1_1 1_1 fusion-flex-column\" style=\"--awb-bg-blend:overlay;--awb-bg-size:cover;--awb-width-large:100%;--awb-margin-top-large:0px;--awb-spacing-right-large:1.92%;--awb-margin-bottom-large:0px;--awb-spacing-left-large:1.92%;--awb-width-medium:100%;--awb-spacing-right-medium:1.92%;--awb-spacing-left-medium:1.92%;--awb-width-small:100%;--awb-spacing-right-small:1.92%;--awb-spacing-left-small:1.92%;\"><div class=\"fusion-column-wrapper fusion-flex-justify-content-flex-start fusion-content-layout-column\"><div class=\"fusion-text fusion-text-1\"><p><b>Les <a href=\"https:\/\/www.e2.law\/fr\/legalconcepts\/conditions-generales\/\">conditions g\u00e9n\u00e9rales<\/a> qui figurent au dos d&#8217;un facture \u00e9mise par une entreprise sont-elles opposables \u00e0 ses clients ?<\/b><\/p>\n<p>En principe, pour avoir valeur contractuelle, les conditions g\u00e9n\u00e9rales doivent avoir \u00e9t\u00e9 port\u00e9es \u00e0 la connaissance du cocontractant et avoir \u00e9t\u00e9 accept\u00e9es par celui-ci au plus tard \u00e0 la conclusion du contrat.<\/p>\n<p>Or, en pratique, il arrive souvent que le seul document \u00e9crit entre deux parties \u00e0 un contrat soit la facture \u00e9mise par l\u2019une d\u2019entre elle apr\u00e8s la r\u00e9alisation de la prestation convenue.<\/p>\n<p style=\"padding-left: 40px;\"><em>Exemples:<\/em><\/p>\n<ul>\n<li style=\"list-style-type: none;\">\n<ul>\n<li><em><span style=\"font-weight: var(--body_typography-font-weight); letter-spacing: var(--body_typography-letter-spacing); background-color: var(--testimonial_bg_color); color: var(--body_typography-color); font-family: var(--body_typography-font-family); font-size: var(--body_typography-font-size);\">Lorsqu\u2019un particulier fait appel \u00e0 un plombier pour r\u00e9parer une fuite, il n\u2019y a g\u00e9n\u00e9ralement aucun contrat \u00e9crit sign\u00e9 par les parties avant la r\u00e9alisation des travaux.<\/span><\/em><\/li>\n<li><em><span style=\"background-color: var(--testimonial_bg_color); letter-spacing: var(--body_typography-letter-spacing);\">Lors de l\u2019achat d\u2019un appareil \u00e9lectrom\u00e9nager dans un magasin sp\u00e9cialis\u00e9, la facture est g\u00e9n\u00e9ralement transmise au client apr\u00e8s le paiement.<\/span><\/em><\/li>\n<li><em>Lorsqu&#8217;un restaurateur commande des produits chez un fournisseur, ou lorsqu&#8217;une entreprise distribue ses produits chez des commer\u00e7ants, la seule trace \u00e9crite de la vente est g\u00e9n\u00e9ralement la facture du vendeur, \u00e9mise apr\u00e8s la livraison des produits.<\/em><\/li>\n<\/ul>\n<\/li>\n<\/ul>\n<p>Dans ce cas, les conditions g\u00e9n\u00e9rales appos\u00e9es au dos d\u2019une facture \u00e9mise par une entreprise sont-elles toujours inopposables \u00e0 son cocontractant ?<\/p>\n<p>Pas n\u00e9cessairement. Pour commencer, il y a lieu de distinguer la facture adress\u00e9e \u00e0 un client professionnel (relation B2B) de celle adress\u00e9e \u00e0 un consommateur (relation B2C).<br \/>\n<span style=\"color: #ffffff;\">.<\/span><\/p>\n<h2 class=\"fusion-responsive-typography-calculated\" style=\"--fontsize: 24; line-height: 1.5;\" data-fontsize=\"24\" data-lineheight=\"36px\"><b>I. Relations B2B<\/b><\/h2>\n<p><a href=\"https:\/\/www.ejustice.just.fgov.be\/cgi_loi\/loi_a1.pl?imgcn.x=27&amp;imgcn.y=14&amp;DETAIL=2019041329%2FF&amp;caller=list&amp;row_id=1&amp;numero=2&amp;rech=24&amp;cn=2019041329&amp;table_name=LOI&amp;nm=2019A12168&amp;la=F&amp;chercher=t&amp;dt=CODE+CIVIL&amp;language=fr&amp;fr=f&amp;choix1=ET&amp;choix2=ET&amp;fromtab=loi_all&amp;sql=dt+contains++%27CODE%27%2526+%27CIVIL%27and+actif+%3D+%27Y%27&amp;tri=dd+AS+RANK+&amp;trier=promulgation#Art.8.11\">L\u2019article 8.11, \u00a74, al. 1 du code civil<\/a> pr\u00e9voit que, sauf preuve contraire, une facture accept\u00e9e par une entreprise ou non contest\u00e9e dans un d\u00e9lai raisonnable fait preuve contre l&#8217;entreprise de l&#8217;acte juridique all\u00e9gu\u00e9.<\/p>\n<p>Pour autant que les conditions g\u00e9n\u00e9rales soient imprim\u00e9es int\u00e9gralement de mani\u00e8re lisible au dos de la facture, dans une langue compr\u00e9hensible pour le destinataire, elles seront opposables au client professionnel qui ne conteste pas ladite facture.<\/p>\n<blockquote>\n<p><strong>Exception.<\/strong> La jurisprudence constante consid\u00e8re que la clause de choix de juridiction contenue dans les conditions g\u00e9n\u00e9rales au dos d\u2019une facture n\u2019est pas opposable au cocontractant, m\u00eame lorsqu\u2019il n\u2019a pas contest\u00e9 la facture.<\/p>\n<p>Le r\u00e8glement europ\u00e9en Bruxelles I bis requiert que la clause d\u2019\u00e9lection de for soit accept\u00e9e au plus tard au moment de la conclusion du contrat. Or, si la facture est transmise au client apr\u00e8s la conclusion du contrat, elle ne constitue pas un accord valable.<\/p>\n<p><em>Pour vous assurer de la validit\u00e9 de cette clause, nous vous conseillons de l\u2019extraire des conditions g\u00e9n\u00e9rales et de la placer dans le contrat principal sign\u00e9 par les parties ou d\u2019obtenir l\u2019accord du cocontractant sur son contenu par email ou autre forme d\u2019\u00e9crit.<\/em><\/p>\n<p>Cette exception est nuanc\u00e9e dans le cadre des relations commerciales suivies entre entreprises. Il reviendra au tribunal comp\u00e9tent saisi d\u2019un litige sur cette question de d\u00e9terminer s\u2019il y a accord des parties ou non, en fonction des circonstances de la cause.<br \/>\n<span style=\"color: #ffffff;\">.<\/span><\/p>\n<\/blockquote>\n<h2 class=\"fusion-responsive-typography-calculated\" style=\"--fontsize: 24; line-height: 1.5;\" data-fontsize=\"24\" data-lineheight=\"36px\"><b>II. Relations B2C<\/b><\/h2>\n<p><a href=\"https:\/\/www.ejustice.just.fgov.be\/cgi_loi\/loi_a1.pl?imgcn.x=27&amp;imgcn.y=14&amp;DETAIL=2019041329%2FF&amp;caller=list&amp;row_id=1&amp;numero=2&amp;rech=24&amp;cn=2019041329&amp;table_name=LOI&amp;nm=2019A12168&amp;la=F&amp;chercher=t&amp;dt=CODE+CIVIL&amp;language=fr&amp;fr=f&amp;choix1=ET&amp;choix2=ET&amp;fromtab=loi_all&amp;sql=dt+contains++%27CODE%27%2526+%27CIVIL%27and+actif+%3D+%27Y%27&amp;tri=dd+AS+RANK+&amp;trier=promulgation#Art.8.11\">L\u2019article 8.11, \u00a74, al. 2 du code civil<\/a> pr\u00e9voit qu\u2019une facture non contest\u00e9e par un particulier ne peut \u00eatre consid\u00e9r\u00e9e comme accept\u00e9e, sauf si cette absence de contestation constitue un silence circonstanci\u00e9. Lorsque la facture est accept\u00e9e, express\u00e9ment ou tacitement, elle constitue seulement une pr\u00e9somption de fait.<\/p>\n<p>Les conditions g\u00e9n\u00e9rales reprises au dos d\u2019une facture envoy\u00e9e \u00e0 un consommateur ne sont donc pas suffisantes. M\u00eame s\u2019il accepte la facture concern\u00e9e, le consommateur n\u2019est que pr\u00e9sum\u00e9 avoir accept\u00e9 les conditions g\u00e9n\u00e9rales.<br \/>\n<span style=\"color: #ffffff;\">.<\/span><\/p>\n<h2 class=\"fusion-responsive-typography-calculated\" style=\"--fontsize: 24; line-height: 1.5;\" data-fontsize=\"24\" data-lineheight=\"36px\"><b>III. Bonnes pratiques<\/b><\/h2>\n<p><strong>Si vos clients sont des consommateurs<\/strong>, faites toujours lire et signer vos conditions g\u00e9n\u00e9rales avant la conclusion du contrat. A d\u00e9faut, vous ne pourrez \u00eatre certain de les lui opposer en cas de litige.<\/p>\n<p><strong>Si vos clients sont des professionnels<\/strong>, pour assurer au maximum l\u2019opposabilit\u00e9 des conditions g\u00e9n\u00e9rales reprises au dos de vos factures :<\/p>\n<ul>\n<li>Vos conditions g\u00e9n\u00e9rales doivent \u00eatre reprises en int\u00e9gralit\u00e9 sur le document. Ne vous contentez pas de mentionner qu\u2019elles sont disponibles sur demande ou de renvoyer vers une page internet.<br \/>\n<span style=\"color: #ffffff;\">.<\/span><\/li>\n<li>R\u00e9digez votre document de fa\u00e7on claire et compr\u00e9hensible, dans une langue comprise par votre client.<br \/>\n<span style=\"color: #ffffff;\">.<\/span><\/li>\n<li>Utilisez une police lisible, de taille et de couleur appropri\u00e9e.<br \/>\n<span style=\"color: #ffffff;\">.<\/span><\/li>\n<li>Mentionnez au recto de la facture que les conditions g\u00e9n\u00e9rales applicables au contrat se trouvent au verso du document.<br \/>\n<span style=\"color: #ffffff;\">.<\/span><\/li>\n<li>Pr\u00e9cisez au recto de la facture qu\u2019en acceptant cette facture ou en s\u2019abstenant de la contester dans un d\u00e9lai raisonnable, le client sera li\u00e9 par les conditions g\u00e9n\u00e9rales au verso.<\/li>\n<\/ul>\n<\/div><\/div><\/div><\/div><\/div>\n","protected":false},"excerpt":{"rendered":"","protected":false},"author":164,"featured_media":43659,"comment_status":"closed","ping_status":"open","sticky":false,"template":"","format":"standard","meta":{"_acf_changed":false,"_jetpack_memberships_contains_paid_content":false,"footnotes":""},"categories":[141],"tags":[883],"class_list":["post-43612","post","type-post","status-publish","format-standard","has-post-thumbnail","hentry","category-non-classifiee","tag-contrat"],"acf":[],"yoast_head":"<!-- This site is optimized with the Yoast SEO plugin v27.5 - https:\/\/yoast.com\/product\/yoast-seo-wordpress\/ -->\n<title>L&#039;opposabilit\u00e9 des conditions g\u00e9n\u00e9rales au dos d&#039;une facture - e2.law<\/title>\n<meta name=\"description\" content=\"Les conditions g\u00e9n\u00e9rales qui figurent au dos des factures \u00e9mises par une entreprise sont-elles opposables \u00e0 ses clients ?\" \/>\n<meta name=\"robots\" content=\"index, follow, max-snippet:-1, max-image-preview:large, max-video-preview:-1\" \/>\n<link rel=\"canonical\" href=\"https:\/\/www.e2.law\/fr\/2023\/02\/03\/lopposabilite-des-conditions-generales-au-dos-dune-facture\/\" \/>\n<meta property=\"og:locale\" content=\"fr_FR\" \/>\n<meta property=\"og:type\" content=\"article\" \/>\n<meta property=\"og:title\" content=\"L&#039;opposabilit\u00e9 des conditions g\u00e9n\u00e9rales au dos d&#039;une facture - e2.law\" \/>\n<meta property=\"og:description\" content=\"Les conditions g\u00e9n\u00e9rales qui figurent au dos des factures \u00e9mises par une entreprise sont-elles opposables \u00e0 ses clients ?\" \/>\n<meta property=\"og:url\" content=\"https:\/\/www.e2.law\/fr\/2023\/02\/03\/lopposabilite-des-conditions-generales-au-dos-dune-facture\/\" \/>\n<meta property=\"og:site_name\" content=\"e2.law\" \/>\n<meta property=\"article:published_time\" content=\"2023-02-03T16:44:18+00:00\" \/>\n<meta property=\"article:modified_time\" content=\"2025-10-20T13:24:06+00:00\" \/>\n<meta property=\"og:image\" content=\"https:\/\/www.e2.law\/wp-content\/uploads\/2023\/02\/Conditions_Ge\u0301ne\u0301rales.png\" \/>\n\t<meta property=\"og:image:width\" content=\"800\" \/>\n\t<meta property=\"og:image:height\" content=\"800\" \/>\n\t<meta property=\"og:image:type\" content=\"image\/png\" \/>\n<meta name=\"author\" content=\"Valentine Bonamis\" \/>\n<meta name=\"twitter:card\" content=\"summary_large_image\" \/>\n<meta name=\"twitter:label1\" content=\"\u00c9crit par\" \/>\n\t<meta name=\"twitter:data1\" content=\"Valentine Bonamis\" \/>\n\t<meta name=\"twitter:label2\" content=\"Dur\u00e9e de lecture estim\u00e9e\" \/>\n\t<meta name=\"twitter:data2\" content=\"3 minutes\" \/>\n<script type=\"application\/ld+json\" class=\"yoast-schema-graph\">{\"@context\":\"https:\\\/\\\/schema.org\",\"@graph\":[{\"@type\":\"Article\",\"@id\":\"https:\\\/\\\/www.e2.law\\\/fr\\\/2023\\\/02\\\/03\\\/lopposabilite-des-conditions-generales-au-dos-dune-facture\\\/#article\",\"isPartOf\":{\"@id\":\"https:\\\/\\\/www.e2.law\\\/fr\\\/2023\\\/02\\\/03\\\/lopposabilite-des-conditions-generales-au-dos-dune-facture\\\/\"},\"author\":{\"name\":\"Valentine Bonamis\",\"@id\":\"https:\\\/\\\/www.e2.law\\\/fr\\\/#\\\/schema\\\/person\\\/fc4936c485fc15b9d2be735eb6fa9080\"},\"headline\":\"L&#8217;opposabilit\u00e9 des conditions g\u00e9n\u00e9rales au dos d&#8217;une facture\",\"datePublished\":\"2023-02-03T16:44:18+00:00\",\"dateModified\":\"2025-10-20T13:24:06+00:00\",\"mainEntityOfPage\":{\"@id\":\"https:\\\/\\\/www.e2.law\\\/fr\\\/2023\\\/02\\\/03\\\/lopposabilite-des-conditions-generales-au-dos-dune-facture\\\/\"},\"wordCount\":921,\"publisher\":{\"@id\":\"https:\\\/\\\/www.e2.law\\\/fr\\\/#organization\"},\"image\":{\"@id\":\"https:\\\/\\\/www.e2.law\\\/fr\\\/2023\\\/02\\\/03\\\/lopposabilite-des-conditions-generales-au-dos-dune-facture\\\/#primaryimage\"},\"thumbnailUrl\":\"https:\\\/\\\/i0.wp.com\\\/www.e2.law\\\/wp-content\\\/uploads\\\/2023\\\/02\\\/Conditions_Ge%CC%81ne%CC%81rales.png?fit=800%2C800&ssl=1\",\"keywords\":[\"contrat\"],\"articleSection\":[\"Non classifi\u00e9(e)\"],\"inLanguage\":\"fr-FR\"},{\"@type\":\"WebPage\",\"@id\":\"https:\\\/\\\/www.e2.law\\\/fr\\\/2023\\\/02\\\/03\\\/lopposabilite-des-conditions-generales-au-dos-dune-facture\\\/\",\"url\":\"https:\\\/\\\/www.e2.law\\\/fr\\\/2023\\\/02\\\/03\\\/lopposabilite-des-conditions-generales-au-dos-dune-facture\\\/\",\"name\":\"L'opposabilit\u00e9 des conditions g\u00e9n\u00e9rales au dos d'une facture - e2.law\",\"isPartOf\":{\"@id\":\"https:\\\/\\\/www.e2.law\\\/fr\\\/#website\"},\"primaryImageOfPage\":{\"@id\":\"https:\\\/\\\/www.e2.law\\\/fr\\\/2023\\\/02\\\/03\\\/lopposabilite-des-conditions-generales-au-dos-dune-facture\\\/#primaryimage\"},\"image\":{\"@id\":\"https:\\\/\\\/www.e2.law\\\/fr\\\/2023\\\/02\\\/03\\\/lopposabilite-des-conditions-generales-au-dos-dune-facture\\\/#primaryimage\"},\"thumbnailUrl\":\"https:\\\/\\\/i0.wp.com\\\/www.e2.law\\\/wp-content\\\/uploads\\\/2023\\\/02\\\/Conditions_Ge%CC%81ne%CC%81rales.png?fit=800%2C800&ssl=1\",\"datePublished\":\"2023-02-03T16:44:18+00:00\",\"dateModified\":\"2025-10-20T13:24:06+00:00\",\"description\":\"Les conditions g\u00e9n\u00e9rales qui figurent au dos des factures \u00e9mises par une entreprise sont-elles opposables \u00e0 ses clients ?\",\"breadcrumb\":{\"@id\":\"https:\\\/\\\/www.e2.law\\\/fr\\\/2023\\\/02\\\/03\\\/lopposabilite-des-conditions-generales-au-dos-dune-facture\\\/#breadcrumb\"},\"inLanguage\":\"fr-FR\",\"potentialAction\":[{\"@type\":\"ReadAction\",\"target\":[\"https:\\\/\\\/www.e2.law\\\/fr\\\/2023\\\/02\\\/03\\\/lopposabilite-des-conditions-generales-au-dos-dune-facture\\\/\"]}]},{\"@type\":\"ImageObject\",\"inLanguage\":\"fr-FR\",\"@id\":\"https:\\\/\\\/www.e2.law\\\/fr\\\/2023\\\/02\\\/03\\\/lopposabilite-des-conditions-generales-au-dos-dune-facture\\\/#primaryimage\",\"url\":\"https:\\\/\\\/i0.wp.com\\\/www.e2.law\\\/wp-content\\\/uploads\\\/2023\\\/02\\\/Conditions_Ge%CC%81ne%CC%81rales.png?fit=800%2C800&ssl=1\",\"contentUrl\":\"https:\\\/\\\/i0.wp.com\\\/www.e2.law\\\/wp-content\\\/uploads\\\/2023\\\/02\\\/Conditions_Ge%CC%81ne%CC%81rales.png?fit=800%2C800&ssl=1\",\"width\":800,\"height\":800},{\"@type\":\"BreadcrumbList\",\"@id\":\"https:\\\/\\\/www.e2.law\\\/fr\\\/2023\\\/02\\\/03\\\/lopposabilite-des-conditions-generales-au-dos-dune-facture\\\/#breadcrumb\",\"itemListElement\":[{\"@type\":\"ListItem\",\"position\":1,\"name\":\"Home\",\"item\":\"https:\\\/\\\/www.e2.law\\\/fr\\\/home\\\/\"},{\"@type\":\"ListItem\",\"position\":2,\"name\":\"L&#8217;opposabilit\u00e9 des conditions g\u00e9n\u00e9rales au dos d&#8217;une facture\"}]},{\"@type\":\"WebSite\",\"@id\":\"https:\\\/\\\/www.e2.law\\\/fr\\\/#website\",\"url\":\"https:\\\/\\\/www.e2.law\\\/fr\\\/\",\"name\":\"e2.law\",\"description\":\"A Business Law Firm\",\"publisher\":{\"@id\":\"https:\\\/\\\/www.e2.law\\\/fr\\\/#organization\"},\"potentialAction\":[{\"@type\":\"SearchAction\",\"target\":{\"@type\":\"EntryPoint\",\"urlTemplate\":\"https:\\\/\\\/www.e2.law\\\/fr\\\/?s={search_term_string}\"},\"query-input\":{\"@type\":\"PropertyValueSpecification\",\"valueRequired\":true,\"valueName\":\"search_term_string\"}}],\"inLanguage\":\"fr-FR\"},{\"@type\":\"Organization\",\"@id\":\"https:\\\/\\\/www.e2.law\\\/fr\\\/#organization\",\"name\":\"E2.law\",\"url\":\"https:\\\/\\\/www.e2.law\\\/fr\\\/\",\"logo\":{\"@type\":\"ImageObject\",\"inLanguage\":\"fr-FR\",\"@id\":\"https:\\\/\\\/www.e2.law\\\/fr\\\/#\\\/schema\\\/logo\\\/image\\\/\",\"url\":\"https:\\\/\\\/www.e2.law\\\/wp-content\\\/uploads\\\/2018\\\/12\\\/logo-2.png\",\"contentUrl\":\"https:\\\/\\\/www.e2.law\\\/wp-content\\\/uploads\\\/2018\\\/12\\\/logo-2.png\",\"width\":152,\"height\":40,\"caption\":\"E2.law\"},\"image\":{\"@id\":\"https:\\\/\\\/www.e2.law\\\/fr\\\/#\\\/schema\\\/logo\\\/image\\\/\"},\"sameAs\":[\"https:\\\/\\\/www.linkedin.com\\\/company\\\/e2.law\"]},{\"@type\":\"Person\",\"@id\":\"https:\\\/\\\/www.e2.law\\\/fr\\\/#\\\/schema\\\/person\\\/fc4936c485fc15b9d2be735eb6fa9080\",\"name\":\"Valentine Bonamis\",\"image\":{\"@type\":\"ImageObject\",\"inLanguage\":\"fr-FR\",\"@id\":\"https:\\\/\\\/www.e2.law\\\/wp-content\\\/uploads\\\/2021\\\/02\\\/6E22BF17-266E-4CB1-A676-FCE71D83B2A2_1_201_a-scaled-96x96.jpeg\",\"url\":\"https:\\\/\\\/www.e2.law\\\/wp-content\\\/uploads\\\/2021\\\/02\\\/6E22BF17-266E-4CB1-A676-FCE71D83B2A2_1_201_a-scaled-96x96.jpeg\",\"contentUrl\":\"https:\\\/\\\/www.e2.law\\\/wp-content\\\/uploads\\\/2021\\\/02\\\/6E22BF17-266E-4CB1-A676-FCE71D83B2A2_1_201_a-scaled-96x96.jpeg\",\"caption\":\"Valentine Bonamis\"},\"url\":\"https:\\\/\\\/www.e2.law\\\/fr\\\/author\\\/valentine-b\\\/\"}]}<\/script>\n<!-- \/ Yoast SEO plugin. -->","yoast_head_json":{"title":"L'opposabilit\u00e9 des conditions g\u00e9n\u00e9rales au dos d'une facture - e2.law","description":"Les conditions g\u00e9n\u00e9rales qui figurent au dos des factures \u00e9mises par une entreprise sont-elles opposables \u00e0 ses clients ?","robots":{"index":"index","follow":"follow","max-snippet":"max-snippet:-1","max-image-preview":"max-image-preview:large","max-video-preview":"max-video-preview:-1"},"canonical":"https:\/\/www.e2.law\/fr\/2023\/02\/03\/lopposabilite-des-conditions-generales-au-dos-dune-facture\/","og_locale":"fr_FR","og_type":"article","og_title":"L'opposabilit\u00e9 des conditions g\u00e9n\u00e9rales au dos d'une facture - e2.law","og_description":"Les conditions g\u00e9n\u00e9rales qui figurent au dos des factures \u00e9mises par une entreprise sont-elles opposables \u00e0 ses clients ?","og_url":"https:\/\/www.e2.law\/fr\/2023\/02\/03\/lopposabilite-des-conditions-generales-au-dos-dune-facture\/","og_site_name":"e2.law","article_published_time":"2023-02-03T16:44:18+00:00","article_modified_time":"2025-10-20T13:24:06+00:00","og_image":[{"width":800,"height":800,"url":"https:\/\/www.e2.law\/wp-content\/uploads\/2023\/02\/Conditions_Ge\u0301ne\u0301rales.png","type":"image\/png"}],"author":"Valentine Bonamis","twitter_card":"summary_large_image","twitter_misc":{"\u00c9crit par":"Valentine Bonamis","Dur\u00e9e de lecture estim\u00e9e":"3 minutes"},"schema":{"@context":"https:\/\/schema.org","@graph":[{"@type":"Article","@id":"https:\/\/www.e2.law\/fr\/2023\/02\/03\/lopposabilite-des-conditions-generales-au-dos-dune-facture\/#article","isPartOf":{"@id":"https:\/\/www.e2.law\/fr\/2023\/02\/03\/lopposabilite-des-conditions-generales-au-dos-dune-facture\/"},"author":{"name":"Valentine Bonamis","@id":"https:\/\/www.e2.law\/fr\/#\/schema\/person\/fc4936c485fc15b9d2be735eb6fa9080"},"headline":"L&#8217;opposabilit\u00e9 des conditions g\u00e9n\u00e9rales au dos d&#8217;une facture","datePublished":"2023-02-03T16:44:18+00:00","dateModified":"2025-10-20T13:24:06+00:00","mainEntityOfPage":{"@id":"https:\/\/www.e2.law\/fr\/2023\/02\/03\/lopposabilite-des-conditions-generales-au-dos-dune-facture\/"},"wordCount":921,"publisher":{"@id":"https:\/\/www.e2.law\/fr\/#organization"},"image":{"@id":"https:\/\/www.e2.law\/fr\/2023\/02\/03\/lopposabilite-des-conditions-generales-au-dos-dune-facture\/#primaryimage"},"thumbnailUrl":"https:\/\/i0.wp.com\/www.e2.law\/wp-content\/uploads\/2023\/02\/Conditions_Ge%CC%81ne%CC%81rales.png?fit=800%2C800&ssl=1","keywords":["contrat"],"articleSection":["Non classifi\u00e9(e)"],"inLanguage":"fr-FR"},{"@type":"WebPage","@id":"https:\/\/www.e2.law\/fr\/2023\/02\/03\/lopposabilite-des-conditions-generales-au-dos-dune-facture\/","url":"https:\/\/www.e2.law\/fr\/2023\/02\/03\/lopposabilite-des-conditions-generales-au-dos-dune-facture\/","name":"L'opposabilit\u00e9 des conditions g\u00e9n\u00e9rales au dos d'une facture - e2.law","isPartOf":{"@id":"https:\/\/www.e2.law\/fr\/#website"},"primaryImageOfPage":{"@id":"https:\/\/www.e2.law\/fr\/2023\/02\/03\/lopposabilite-des-conditions-generales-au-dos-dune-facture\/#primaryimage"},"image":{"@id":"https:\/\/www.e2.law\/fr\/2023\/02\/03\/lopposabilite-des-conditions-generales-au-dos-dune-facture\/#primaryimage"},"thumbnailUrl":"https:\/\/i0.wp.com\/www.e2.law\/wp-content\/uploads\/2023\/02\/Conditions_Ge%CC%81ne%CC%81rales.png?fit=800%2C800&ssl=1","datePublished":"2023-02-03T16:44:18+00:00","dateModified":"2025-10-20T13:24:06+00:00","description":"Les conditions g\u00e9n\u00e9rales qui figurent au dos des factures \u00e9mises par une entreprise sont-elles opposables \u00e0 ses clients ?","breadcrumb":{"@id":"https:\/\/www.e2.law\/fr\/2023\/02\/03\/lopposabilite-des-conditions-generales-au-dos-dune-facture\/#breadcrumb"},"inLanguage":"fr-FR","potentialAction":[{"@type":"ReadAction","target":["https:\/\/www.e2.law\/fr\/2023\/02\/03\/lopposabilite-des-conditions-generales-au-dos-dune-facture\/"]}]},{"@type":"ImageObject","inLanguage":"fr-FR","@id":"https:\/\/www.e2.law\/fr\/2023\/02\/03\/lopposabilite-des-conditions-generales-au-dos-dune-facture\/#primaryimage","url":"https:\/\/i0.wp.com\/www.e2.law\/wp-content\/uploads\/2023\/02\/Conditions_Ge%CC%81ne%CC%81rales.png?fit=800%2C800&ssl=1","contentUrl":"https:\/\/i0.wp.com\/www.e2.law\/wp-content\/uploads\/2023\/02\/Conditions_Ge%CC%81ne%CC%81rales.png?fit=800%2C800&ssl=1","width":800,"height":800},{"@type":"BreadcrumbList","@id":"https:\/\/www.e2.law\/fr\/2023\/02\/03\/lopposabilite-des-conditions-generales-au-dos-dune-facture\/#breadcrumb","itemListElement":[{"@type":"ListItem","position":1,"name":"Home","item":"https:\/\/www.e2.law\/fr\/home\/"},{"@type":"ListItem","position":2,"name":"L&#8217;opposabilit\u00e9 des conditions g\u00e9n\u00e9rales au dos d&#8217;une facture"}]},{"@type":"WebSite","@id":"https:\/\/www.e2.law\/fr\/#website","url":"https:\/\/www.e2.law\/fr\/","name":"e2.law","description":"A Business Law Firm","publisher":{"@id":"https:\/\/www.e2.law\/fr\/#organization"},"potentialAction":[{"@type":"SearchAction","target":{"@type":"EntryPoint","urlTemplate":"https:\/\/www.e2.law\/fr\/?s={search_term_string}"},"query-input":{"@type":"PropertyValueSpecification","valueRequired":true,"valueName":"search_term_string"}}],"inLanguage":"fr-FR"},{"@type":"Organization","@id":"https:\/\/www.e2.law\/fr\/#organization","name":"E2.law","url":"https:\/\/www.e2.law\/fr\/","logo":{"@type":"ImageObject","inLanguage":"fr-FR","@id":"https:\/\/www.e2.law\/fr\/#\/schema\/logo\/image\/","url":"https:\/\/www.e2.law\/wp-content\/uploads\/2018\/12\/logo-2.png","contentUrl":"https:\/\/www.e2.law\/wp-content\/uploads\/2018\/12\/logo-2.png","width":152,"height":40,"caption":"E2.law"},"image":{"@id":"https:\/\/www.e2.law\/fr\/#\/schema\/logo\/image\/"},"sameAs":["https:\/\/www.linkedin.com\/company\/e2.law"]},{"@type":"Person","@id":"https:\/\/www.e2.law\/fr\/#\/schema\/person\/fc4936c485fc15b9d2be735eb6fa9080","name":"Valentine Bonamis","image":{"@type":"ImageObject","inLanguage":"fr-FR","@id":"https:\/\/www.e2.law\/wp-content\/uploads\/2021\/02\/6E22BF17-266E-4CB1-A676-FCE71D83B2A2_1_201_a-scaled-96x96.jpeg","url":"https:\/\/www.e2.law\/wp-content\/uploads\/2021\/02\/6E22BF17-266E-4CB1-A676-FCE71D83B2A2_1_201_a-scaled-96x96.jpeg","contentUrl":"https:\/\/www.e2.law\/wp-content\/uploads\/2021\/02\/6E22BF17-266E-4CB1-A676-FCE71D83B2A2_1_201_a-scaled-96x96.jpeg","caption":"Valentine Bonamis"},"url":"https:\/\/www.e2.law\/fr\/author\/valentine-b\/"}]}},"jetpack_featured_media_url":"https:\/\/i0.wp.com\/www.e2.law\/wp-content\/uploads\/2023\/02\/Conditions_Ge%CC%81ne%CC%81rales.png?fit=800%2C800&ssl=1","jetpack_sharing_enabled":true,"_links":{"self":[{"href":"https:\/\/www.e2.law\/fr\/wp-json\/wp\/v2\/posts\/43612","targetHints":{"allow":["GET"]}}],"collection":[{"href":"https:\/\/www.e2.law\/fr\/wp-json\/wp\/v2\/posts"}],"about":[{"href":"https:\/\/www.e2.law\/fr\/wp-json\/wp\/v2\/types\/post"}],"author":[{"embeddable":true,"href":"https:\/\/www.e2.law\/fr\/wp-json\/wp\/v2\/users\/164"}],"replies":[{"embeddable":true,"href":"https:\/\/www.e2.law\/fr\/wp-json\/wp\/v2\/comments?post=43612"}],"version-history":[{"count":9,"href":"https:\/\/www.e2.law\/fr\/wp-json\/wp\/v2\/posts\/43612\/revisions"}],"predecessor-version":[{"id":44680,"href":"https:\/\/www.e2.law\/fr\/wp-json\/wp\/v2\/posts\/43612\/revisions\/44680"}],"wp:featuredmedia":[{"embeddable":true,"href":"https:\/\/www.e2.law\/fr\/wp-json\/wp\/v2\/media\/43659"}],"wp:attachment":[{"href":"https:\/\/www.e2.law\/fr\/wp-json\/wp\/v2\/media?parent=43612"}],"wp:term":[{"taxonomy":"category","embeddable":true,"href":"https:\/\/www.e2.law\/fr\/wp-json\/wp\/v2\/categories?post=43612"},{"taxonomy":"post_tag","embeddable":true,"href":"https:\/\/www.e2.law\/fr\/wp-json\/wp\/v2\/tags?post=43612"}],"curies":[{"name":"wp","href":"https:\/\/api.w.org\/{rel}","templated":true}]}}