{"id":43786,"date":"2023-02-09T16:29:13","date_gmt":"2023-02-09T14:29:13","guid":{"rendered":"https:\/\/www.e2.law\/?p=43786"},"modified":"2025-10-20T15:24:05","modified_gmt":"2025-10-20T13:24:05","slug":"comment-introduire-une-demande-de-conge-parental","status":"publish","type":"post","link":"https:\/\/www.e2.law\/fr\/2023\/02\/09\/comment-introduire-une-demande-de-conge-parental\/","title":{"rendered":"Comment introduire une demande de cong\u00e9 parental ?"},"content":{"rendered":"<div class=\"fusion-fullwidth fullwidth-box fusion-builder-row-1 fusion-flex-container nonhundred-percent-fullwidth non-hundred-percent-height-scrolling\" style=\"--awb-border-radius-top-left:0px;--awb-border-radius-top-right:0px;--awb-border-radius-bottom-right:0px;--awb-border-radius-bottom-left:0px;--awb-flex-wrap:wrap;\" ><div class=\"fusion-builder-row fusion-row fusion-flex-align-items-flex-start fusion-flex-content-wrap\" style=\"max-width:1144px;margin-left: calc(-4% \/ 2 );margin-right: calc(-4% \/ 2 );\"><div class=\"fusion-layout-column fusion_builder_column fusion-builder-column-0 fusion_builder_column_1_1 1_1 fusion-flex-column\" style=\"--awb-bg-size:cover;--awb-width-large:100%;--awb-margin-top-large:0px;--awb-spacing-right-large:1.92%;--awb-margin-bottom-large:0px;--awb-spacing-left-large:1.92%;--awb-width-medium:100%;--awb-spacing-right-medium:1.92%;--awb-spacing-left-medium:1.92%;--awb-width-small:100%;--awb-spacing-right-small:1.92%;--awb-spacing-left-small:1.92%;\"><div class=\"fusion-column-wrapper fusion-flex-justify-content-flex-start fusion-content-layout-column\"><div class=\"fusion-text fusion-text-1\"><p><strong>Comment introduire une demande de cong\u00e9 parental aupr\u00e8s de son employeur ? R\u00e9ponse dans l&#8217;article ci-dessous.<\/strong><\/p>\n<p>Pour plus d&#8217;informations sur le cong\u00e9 parental et les conditions dans lesquelles un travailleur peut en b\u00e9n\u00e9ficier, rendez-vous sur <a href=\"https:\/\/www.e2.law\/fr\/legalconcepts\/le-conge-parental\/\">l&#8217;article d\u00e9di\u00e9 au cong\u00e9 parental<\/a>.<\/p>\n<h2>I. Sous quelles formes ?<\/h2>\n<h3>A. Ecrit et modes d&#8217;envoi<\/h3>\n<p>Le travailleur qui souhaite prendre un cong\u00e9 parental doit introduire une<strong> demande \u00e9crite<\/strong> aupr\u00e8s de son employeur :<\/p>\n<ul>\n<li>envoy\u00e9e par <strong>courrier recommand\u00e9\u00a0<\/strong>; ou<\/li>\n<li><strong>remis de la main \u00e0 la main<\/strong> en double exemplaire.<br \/>\nLe travailleur fait alors signer le double par l&#8217;employeur au titre d&#8217;accus\u00e9 de r\u00e9ception.<\/li>\n<\/ul>\n<h3>B. Mentions obligatoires<\/h3>\n<p>Dans la demande \u00e9crite, le travailleur doit pr\u00e9ciser :<\/p>\n<ul>\n<li>les <strong>modalit\u00e9s<\/strong> selon lesquelles il entend exercer son droit ; et<\/li>\n<li>les <strong>dates de d\u00e9but et de fin<\/strong> du cong\u00e9.<\/li>\n<\/ul>\n<h2>II. Dans quel d\u00e9lai ?<\/h2>\n<p>La demande doit \u00eatre introduite dans un d\u00e9lai de <strong>2 mois minimum<\/strong> et <strong>3 mois maximum<\/strong> avant la prise de cours souhait\u00e9e.<\/p>\n<p>Ce d\u00e9lai peut \u00eatre r\u00e9duit de commun accord entre les parties.<\/p>\n<h2>III. Documents \u00e0 fournir<\/h2>\n<p>Le travailleur doit founir \u00e0 l&#8217;employeur <strong>l&#8217;extrait d&#8217;acte de naissance<\/strong> ou les documents attestant l&#8217;adoption de l&#8217;enfant au plus tard \u00e0 la prise de cours du cong\u00e9.<\/p>\n<h2>IV. Introduire une demande d&#8217;allocation d&#8217;interruption<\/h2>\n<p>Le travailleur qui b\u00e9n\u00e9ficie d&#8217;un cong\u00e9 parental a le droit d&#8217;obtenir une allocation d&#8217;interruption sous certaines conditions.<\/p>\n<p>Pour ce faire, il doit introduire une demande aupr\u00e8s de l&#8217;ONEm <strong>dans un d\u00e9lai de 2 mois<\/strong> \u00e0 partir du lendemain du jour de d\u00e9but du cong\u00e9.<\/p>\n<p>La demande s&#8217;introduit :<\/p>\n<ul>\n<li>par<strong> voie \u00e9lectronique<\/strong>, via le site <a href=\"https:\/\/www.socialsecurity.be\/citizen\/fr\/static\/applics\/elo\/index.htm\">www.socialsecurity.be<\/a> ; ou<\/li>\n<li>via un <strong>formulaire papier<\/strong> \u00e0 compl\u00e9ter par le travailleur et l&#8217;employaur. Ce formulaire est t\u00e9l\u00e9chargeable sur <a href=\"https:\/\/www.onem.be\/fr\/documentation\/formulaires\/c61-conge-parental\">le site de l&#8217;ONEm<\/a>.<\/li>\n<\/ul>\n<h2>V. Base l\u00e9gale<\/h2>\n<p><a href=\"https:\/\/www.ejustice.just.fgov.be\/eli\/arrete\/1997\/10\/29\/1997012760\/justel\">A.R. du 29 octobre 1997 relatif \u00e0 l&#8217;introduction d&#8217;un droit au cong\u00e9 parental dans le cadre d&#8217;une interruption de la carri\u00e8re professionnelle<\/a><\/p>\n<\/div><\/div><\/div><\/div><\/div>\n","protected":false},"excerpt":{"rendered":"","protected":false},"author":164,"featured_media":43783,"comment_status":"closed","ping_status":"open","sticky":false,"template":"","format":"standard","meta":{"_acf_changed":false,"_jetpack_memberships_contains_paid_content":false,"footnotes":""},"categories":[141],"tags":[1061],"class_list":["post-43786","post","type-post","status-publish","format-standard","has-post-thumbnail","hentry","category-non-classifiee","tag-remuneration"],"acf":[],"yoast_head":"<!-- This site is optimized with the Yoast SEO plugin v27.5 - https:\/\/yoast.com\/product\/yoast-seo-wordpress\/ -->\n<title>Comment introduire une demande de cong\u00e9 parental ? - e2.law<\/title>\n<meta name=\"description\" content=\"Comment introduire une demande de cong\u00e9 parental aupr\u00e8s de son employeur ? R\u00e9ponse dans l&#039;article ci-dessous.\" \/>\n<meta name=\"robots\" content=\"index, follow, max-snippet:-1, max-image-preview:large, max-video-preview:-1\" \/>\n<link rel=\"canonical\" href=\"https:\/\/www.e2.law\/fr\/2023\/02\/09\/comment-introduire-une-demande-de-conge-parental\/\" \/>\n<meta property=\"og:locale\" content=\"fr_FR\" \/>\n<meta property=\"og:type\" content=\"article\" \/>\n<meta property=\"og:title\" content=\"Comment introduire une demande de cong\u00e9 parental ? - e2.law\" \/>\n<meta property=\"og:description\" content=\"Comment introduire une demande de cong\u00e9 parental aupr\u00e8s de son employeur ? R\u00e9ponse dans l&#039;article ci-dessous.\" \/>\n<meta property=\"og:url\" content=\"https:\/\/www.e2.law\/fr\/2023\/02\/09\/comment-introduire-une-demande-de-conge-parental\/\" \/>\n<meta property=\"og:site_name\" content=\"e2.law\" \/>\n<meta property=\"article:published_time\" content=\"2023-02-09T14:29:13+00:00\" \/>\n<meta property=\"article:modified_time\" content=\"2025-10-20T13:24:05+00:00\" \/>\n<meta property=\"og:image\" content=\"https:\/\/www.e2.law\/wp-content\/uploads\/2022\/05\/Pause.png\" \/>\n\t<meta property=\"og:image:width\" content=\"800\" \/>\n\t<meta property=\"og:image:height\" content=\"800\" \/>\n\t<meta property=\"og:image:type\" content=\"image\/png\" \/>\n<meta name=\"author\" content=\"Valentine Bonamis\" \/>\n<meta name=\"twitter:card\" content=\"summary_large_image\" \/>\n<meta name=\"twitter:label1\" content=\"\u00c9crit par\" \/>\n\t<meta name=\"twitter:data1\" content=\"Valentine Bonamis\" \/>\n\t<meta name=\"twitter:label2\" content=\"Dur\u00e9e de lecture estim\u00e9e\" \/>\n\t<meta name=\"twitter:data2\" content=\"2 minutes\" \/>\n<script type=\"application\/ld+json\" class=\"yoast-schema-graph\">{\"@context\":\"https:\\\/\\\/schema.org\",\"@graph\":[{\"@type\":\"Article\",\"@id\":\"https:\\\/\\\/www.e2.law\\\/fr\\\/2023\\\/02\\\/09\\\/comment-introduire-une-demande-de-conge-parental\\\/#article\",\"isPartOf\":{\"@id\":\"https:\\\/\\\/www.e2.law\\\/fr\\\/2023\\\/02\\\/09\\\/comment-introduire-une-demande-de-conge-parental\\\/\"},\"author\":{\"name\":\"Valentine Bonamis\",\"@id\":\"https:\\\/\\\/www.e2.law\\\/fr\\\/#\\\/schema\\\/person\\\/fc4936c485fc15b9d2be735eb6fa9080\"},\"headline\":\"Comment introduire une demande de cong\u00e9 parental ?\",\"datePublished\":\"2023-02-09T14:29:13+00:00\",\"dateModified\":\"2025-10-20T13:24:05+00:00\",\"mainEntityOfPage\":{\"@id\":\"https:\\\/\\\/www.e2.law\\\/fr\\\/2023\\\/02\\\/09\\\/comment-introduire-une-demande-de-conge-parental\\\/\"},\"wordCount\":493,\"publisher\":{\"@id\":\"https:\\\/\\\/www.e2.law\\\/fr\\\/#organization\"},\"image\":{\"@id\":\"https:\\\/\\\/www.e2.law\\\/fr\\\/2023\\\/02\\\/09\\\/comment-introduire-une-demande-de-conge-parental\\\/#primaryimage\"},\"thumbnailUrl\":\"https:\\\/\\\/i0.wp.com\\\/www.e2.law\\\/wp-content\\\/uploads\\\/2022\\\/05\\\/Pause.png?fit=800%2C800&ssl=1\",\"keywords\":[\"r\u00e9mun\u00e9ration\"],\"articleSection\":[\"Non classifi\u00e9(e)\"],\"inLanguage\":\"fr-FR\"},{\"@type\":\"WebPage\",\"@id\":\"https:\\\/\\\/www.e2.law\\\/fr\\\/2023\\\/02\\\/09\\\/comment-introduire-une-demande-de-conge-parental\\\/\",\"url\":\"https:\\\/\\\/www.e2.law\\\/fr\\\/2023\\\/02\\\/09\\\/comment-introduire-une-demande-de-conge-parental\\\/\",\"name\":\"Comment introduire une demande de cong\u00e9 parental ? - e2.law\",\"isPartOf\":{\"@id\":\"https:\\\/\\\/www.e2.law\\\/fr\\\/#website\"},\"primaryImageOfPage\":{\"@id\":\"https:\\\/\\\/www.e2.law\\\/fr\\\/2023\\\/02\\\/09\\\/comment-introduire-une-demande-de-conge-parental\\\/#primaryimage\"},\"image\":{\"@id\":\"https:\\\/\\\/www.e2.law\\\/fr\\\/2023\\\/02\\\/09\\\/comment-introduire-une-demande-de-conge-parental\\\/#primaryimage\"},\"thumbnailUrl\":\"https:\\\/\\\/i0.wp.com\\\/www.e2.law\\\/wp-content\\\/uploads\\\/2022\\\/05\\\/Pause.png?fit=800%2C800&ssl=1\",\"datePublished\":\"2023-02-09T14:29:13+00:00\",\"dateModified\":\"2025-10-20T13:24:05+00:00\",\"description\":\"Comment introduire une demande de cong\u00e9 parental aupr\u00e8s de son employeur ? R\u00e9ponse dans l'article ci-dessous.\",\"breadcrumb\":{\"@id\":\"https:\\\/\\\/www.e2.law\\\/fr\\\/2023\\\/02\\\/09\\\/comment-introduire-une-demande-de-conge-parental\\\/#breadcrumb\"},\"inLanguage\":\"fr-FR\",\"potentialAction\":[{\"@type\":\"ReadAction\",\"target\":[\"https:\\\/\\\/www.e2.law\\\/fr\\\/2023\\\/02\\\/09\\\/comment-introduire-une-demande-de-conge-parental\\\/\"]}]},{\"@type\":\"ImageObject\",\"inLanguage\":\"fr-FR\",\"@id\":\"https:\\\/\\\/www.e2.law\\\/fr\\\/2023\\\/02\\\/09\\\/comment-introduire-une-demande-de-conge-parental\\\/#primaryimage\",\"url\":\"https:\\\/\\\/i0.wp.com\\\/www.e2.law\\\/wp-content\\\/uploads\\\/2022\\\/05\\\/Pause.png?fit=800%2C800&ssl=1\",\"contentUrl\":\"https:\\\/\\\/i0.wp.com\\\/www.e2.law\\\/wp-content\\\/uploads\\\/2022\\\/05\\\/Pause.png?fit=800%2C800&ssl=1\",\"width\":800,\"height\":800},{\"@type\":\"BreadcrumbList\",\"@id\":\"https:\\\/\\\/www.e2.law\\\/fr\\\/2023\\\/02\\\/09\\\/comment-introduire-une-demande-de-conge-parental\\\/#breadcrumb\",\"itemListElement\":[{\"@type\":\"ListItem\",\"position\":1,\"name\":\"Home\",\"item\":\"https:\\\/\\\/www.e2.law\\\/fr\\\/home\\\/\"},{\"@type\":\"ListItem\",\"position\":2,\"name\":\"Comment introduire une demande de cong\u00e9 parental ?\"}]},{\"@type\":\"WebSite\",\"@id\":\"https:\\\/\\\/www.e2.law\\\/fr\\\/#website\",\"url\":\"https:\\\/\\\/www.e2.law\\\/fr\\\/\",\"name\":\"e2.law\",\"description\":\"A Business Law Firm\",\"publisher\":{\"@id\":\"https:\\\/\\\/www.e2.law\\\/fr\\\/#organization\"},\"potentialAction\":[{\"@type\":\"SearchAction\",\"target\":{\"@type\":\"EntryPoint\",\"urlTemplate\":\"https:\\\/\\\/www.e2.law\\\/fr\\\/?s={search_term_string}\"},\"query-input\":{\"@type\":\"PropertyValueSpecification\",\"valueRequired\":true,\"valueName\":\"search_term_string\"}}],\"inLanguage\":\"fr-FR\"},{\"@type\":\"Organization\",\"@id\":\"https:\\\/\\\/www.e2.law\\\/fr\\\/#organization\",\"name\":\"E2.law\",\"url\":\"https:\\\/\\\/www.e2.law\\\/fr\\\/\",\"logo\":{\"@type\":\"ImageObject\",\"inLanguage\":\"fr-FR\",\"@id\":\"https:\\\/\\\/www.e2.law\\\/fr\\\/#\\\/schema\\\/logo\\\/image\\\/\",\"url\":\"https:\\\/\\\/www.e2.law\\\/wp-content\\\/uploads\\\/2018\\\/12\\\/logo-2.png\",\"contentUrl\":\"https:\\\/\\\/www.e2.law\\\/wp-content\\\/uploads\\\/2018\\\/12\\\/logo-2.png\",\"width\":152,\"height\":40,\"caption\":\"E2.law\"},\"image\":{\"@id\":\"https:\\\/\\\/www.e2.law\\\/fr\\\/#\\\/schema\\\/logo\\\/image\\\/\"},\"sameAs\":[\"https:\\\/\\\/www.linkedin.com\\\/company\\\/e2.law\"]},{\"@type\":\"Person\",\"@id\":\"https:\\\/\\\/www.e2.law\\\/fr\\\/#\\\/schema\\\/person\\\/fc4936c485fc15b9d2be735eb6fa9080\",\"name\":\"Valentine Bonamis\",\"image\":{\"@type\":\"ImageObject\",\"inLanguage\":\"fr-FR\",\"@id\":\"https:\\\/\\\/www.e2.law\\\/wp-content\\\/uploads\\\/2021\\\/02\\\/6E22BF17-266E-4CB1-A676-FCE71D83B2A2_1_201_a-scaled-96x96.jpeg\",\"url\":\"https:\\\/\\\/www.e2.law\\\/wp-content\\\/uploads\\\/2021\\\/02\\\/6E22BF17-266E-4CB1-A676-FCE71D83B2A2_1_201_a-scaled-96x96.jpeg\",\"contentUrl\":\"https:\\\/\\\/www.e2.law\\\/wp-content\\\/uploads\\\/2021\\\/02\\\/6E22BF17-266E-4CB1-A676-FCE71D83B2A2_1_201_a-scaled-96x96.jpeg\",\"caption\":\"Valentine Bonamis\"},\"url\":\"https:\\\/\\\/www.e2.law\\\/fr\\\/author\\\/valentine-b\\\/\"}]}<\/script>\n<!-- \/ Yoast SEO plugin. -->","yoast_head_json":{"title":"Comment introduire une demande de cong\u00e9 parental ? - e2.law","description":"Comment introduire une demande de cong\u00e9 parental aupr\u00e8s de son employeur ? R\u00e9ponse dans l'article ci-dessous.","robots":{"index":"index","follow":"follow","max-snippet":"max-snippet:-1","max-image-preview":"max-image-preview:large","max-video-preview":"max-video-preview:-1"},"canonical":"https:\/\/www.e2.law\/fr\/2023\/02\/09\/comment-introduire-une-demande-de-conge-parental\/","og_locale":"fr_FR","og_type":"article","og_title":"Comment introduire une demande de cong\u00e9 parental ? - e2.law","og_description":"Comment introduire une demande de cong\u00e9 parental aupr\u00e8s de son employeur ? R\u00e9ponse dans l'article ci-dessous.","og_url":"https:\/\/www.e2.law\/fr\/2023\/02\/09\/comment-introduire-une-demande-de-conge-parental\/","og_site_name":"e2.law","article_published_time":"2023-02-09T14:29:13+00:00","article_modified_time":"2025-10-20T13:24:05+00:00","og_image":[{"width":800,"height":800,"url":"https:\/\/www.e2.law\/wp-content\/uploads\/2022\/05\/Pause.png","type":"image\/png"}],"author":"Valentine Bonamis","twitter_card":"summary_large_image","twitter_misc":{"\u00c9crit par":"Valentine Bonamis","Dur\u00e9e de lecture estim\u00e9e":"2 minutes"},"schema":{"@context":"https:\/\/schema.org","@graph":[{"@type":"Article","@id":"https:\/\/www.e2.law\/fr\/2023\/02\/09\/comment-introduire-une-demande-de-conge-parental\/#article","isPartOf":{"@id":"https:\/\/www.e2.law\/fr\/2023\/02\/09\/comment-introduire-une-demande-de-conge-parental\/"},"author":{"name":"Valentine Bonamis","@id":"https:\/\/www.e2.law\/fr\/#\/schema\/person\/fc4936c485fc15b9d2be735eb6fa9080"},"headline":"Comment introduire une demande de cong\u00e9 parental ?","datePublished":"2023-02-09T14:29:13+00:00","dateModified":"2025-10-20T13:24:05+00:00","mainEntityOfPage":{"@id":"https:\/\/www.e2.law\/fr\/2023\/02\/09\/comment-introduire-une-demande-de-conge-parental\/"},"wordCount":493,"publisher":{"@id":"https:\/\/www.e2.law\/fr\/#organization"},"image":{"@id":"https:\/\/www.e2.law\/fr\/2023\/02\/09\/comment-introduire-une-demande-de-conge-parental\/#primaryimage"},"thumbnailUrl":"https:\/\/i0.wp.com\/www.e2.law\/wp-content\/uploads\/2022\/05\/Pause.png?fit=800%2C800&ssl=1","keywords":["r\u00e9mun\u00e9ration"],"articleSection":["Non classifi\u00e9(e)"],"inLanguage":"fr-FR"},{"@type":"WebPage","@id":"https:\/\/www.e2.law\/fr\/2023\/02\/09\/comment-introduire-une-demande-de-conge-parental\/","url":"https:\/\/www.e2.law\/fr\/2023\/02\/09\/comment-introduire-une-demande-de-conge-parental\/","name":"Comment introduire une demande de cong\u00e9 parental ? - e2.law","isPartOf":{"@id":"https:\/\/www.e2.law\/fr\/#website"},"primaryImageOfPage":{"@id":"https:\/\/www.e2.law\/fr\/2023\/02\/09\/comment-introduire-une-demande-de-conge-parental\/#primaryimage"},"image":{"@id":"https:\/\/www.e2.law\/fr\/2023\/02\/09\/comment-introduire-une-demande-de-conge-parental\/#primaryimage"},"thumbnailUrl":"https:\/\/i0.wp.com\/www.e2.law\/wp-content\/uploads\/2022\/05\/Pause.png?fit=800%2C800&ssl=1","datePublished":"2023-02-09T14:29:13+00:00","dateModified":"2025-10-20T13:24:05+00:00","description":"Comment introduire une demande de cong\u00e9 parental aupr\u00e8s de son employeur ? R\u00e9ponse dans l'article ci-dessous.","breadcrumb":{"@id":"https:\/\/www.e2.law\/fr\/2023\/02\/09\/comment-introduire-une-demande-de-conge-parental\/#breadcrumb"},"inLanguage":"fr-FR","potentialAction":[{"@type":"ReadAction","target":["https:\/\/www.e2.law\/fr\/2023\/02\/09\/comment-introduire-une-demande-de-conge-parental\/"]}]},{"@type":"ImageObject","inLanguage":"fr-FR","@id":"https:\/\/www.e2.law\/fr\/2023\/02\/09\/comment-introduire-une-demande-de-conge-parental\/#primaryimage","url":"https:\/\/i0.wp.com\/www.e2.law\/wp-content\/uploads\/2022\/05\/Pause.png?fit=800%2C800&ssl=1","contentUrl":"https:\/\/i0.wp.com\/www.e2.law\/wp-content\/uploads\/2022\/05\/Pause.png?fit=800%2C800&ssl=1","width":800,"height":800},{"@type":"BreadcrumbList","@id":"https:\/\/www.e2.law\/fr\/2023\/02\/09\/comment-introduire-une-demande-de-conge-parental\/#breadcrumb","itemListElement":[{"@type":"ListItem","position":1,"name":"Home","item":"https:\/\/www.e2.law\/fr\/home\/"},{"@type":"ListItem","position":2,"name":"Comment introduire une demande de cong\u00e9 parental ?"}]},{"@type":"WebSite","@id":"https:\/\/www.e2.law\/fr\/#website","url":"https:\/\/www.e2.law\/fr\/","name":"e2.law","description":"A Business Law Firm","publisher":{"@id":"https:\/\/www.e2.law\/fr\/#organization"},"potentialAction":[{"@type":"SearchAction","target":{"@type":"EntryPoint","urlTemplate":"https:\/\/www.e2.law\/fr\/?s={search_term_string}"},"query-input":{"@type":"PropertyValueSpecification","valueRequired":true,"valueName":"search_term_string"}}],"inLanguage":"fr-FR"},{"@type":"Organization","@id":"https:\/\/www.e2.law\/fr\/#organization","name":"E2.law","url":"https:\/\/www.e2.law\/fr\/","logo":{"@type":"ImageObject","inLanguage":"fr-FR","@id":"https:\/\/www.e2.law\/fr\/#\/schema\/logo\/image\/","url":"https:\/\/www.e2.law\/wp-content\/uploads\/2018\/12\/logo-2.png","contentUrl":"https:\/\/www.e2.law\/wp-content\/uploads\/2018\/12\/logo-2.png","width":152,"height":40,"caption":"E2.law"},"image":{"@id":"https:\/\/www.e2.law\/fr\/#\/schema\/logo\/image\/"},"sameAs":["https:\/\/www.linkedin.com\/company\/e2.law"]},{"@type":"Person","@id":"https:\/\/www.e2.law\/fr\/#\/schema\/person\/fc4936c485fc15b9d2be735eb6fa9080","name":"Valentine Bonamis","image":{"@type":"ImageObject","inLanguage":"fr-FR","@id":"https:\/\/www.e2.law\/wp-content\/uploads\/2021\/02\/6E22BF17-266E-4CB1-A676-FCE71D83B2A2_1_201_a-scaled-96x96.jpeg","url":"https:\/\/www.e2.law\/wp-content\/uploads\/2021\/02\/6E22BF17-266E-4CB1-A676-FCE71D83B2A2_1_201_a-scaled-96x96.jpeg","contentUrl":"https:\/\/www.e2.law\/wp-content\/uploads\/2021\/02\/6E22BF17-266E-4CB1-A676-FCE71D83B2A2_1_201_a-scaled-96x96.jpeg","caption":"Valentine Bonamis"},"url":"https:\/\/www.e2.law\/fr\/author\/valentine-b\/"}]}},"jetpack_featured_media_url":"https:\/\/i0.wp.com\/www.e2.law\/wp-content\/uploads\/2022\/05\/Pause.png?fit=800%2C800&ssl=1","jetpack_sharing_enabled":true,"_links":{"self":[{"href":"https:\/\/www.e2.law\/fr\/wp-json\/wp\/v2\/posts\/43786","targetHints":{"allow":["GET"]}}],"collection":[{"href":"https:\/\/www.e2.law\/fr\/wp-json\/wp\/v2\/posts"}],"about":[{"href":"https:\/\/www.e2.law\/fr\/wp-json\/wp\/v2\/types\/post"}],"author":[{"embeddable":true,"href":"https:\/\/www.e2.law\/fr\/wp-json\/wp\/v2\/users\/164"}],"replies":[{"embeddable":true,"href":"https:\/\/www.e2.law\/fr\/wp-json\/wp\/v2\/comments?post=43786"}],"version-history":[{"count":2,"href":"https:\/\/www.e2.law\/fr\/wp-json\/wp\/v2\/posts\/43786\/revisions"}],"predecessor-version":[{"id":44697,"href":"https:\/\/www.e2.law\/fr\/wp-json\/wp\/v2\/posts\/43786\/revisions\/44697"}],"wp:featuredmedia":[{"embeddable":true,"href":"https:\/\/www.e2.law\/fr\/wp-json\/wp\/v2\/media\/43783"}],"wp:attachment":[{"href":"https:\/\/www.e2.law\/fr\/wp-json\/wp\/v2\/media?parent=43786"}],"wp:term":[{"taxonomy":"category","embeddable":true,"href":"https:\/\/www.e2.law\/fr\/wp-json\/wp\/v2\/categories?post=43786"},{"taxonomy":"post_tag","embeddable":true,"href":"https:\/\/www.e2.law\/fr\/wp-json\/wp\/v2\/tags?post=43786"}],"curies":[{"name":"wp","href":"https:\/\/api.w.org\/{rel}","templated":true}]}}