{"id":43891,"date":"2022-02-28T17:06:39","date_gmt":"2022-02-28T15:06:39","guid":{"rendered":"https:\/\/www.e2.law\/?p=43891"},"modified":"2023-02-13T17:20:40","modified_gmt":"2023-02-13T15:20:40","slug":"les-taux-dimposition-a-limpot-des-personnes-physiques","status":"publish","type":"post","link":"https:\/\/www.e2.law\/fr\/2022\/02\/28\/les-taux-dimposition-a-limpot-des-personnes-physiques\/","title":{"rendered":"Les taux d&#8217;imposition \u00e0 l&#8217;Imp\u00f4t des personnes physiques"},"content":{"rendered":"<p>L\u2019imp\u00f4t des personnes physiques conna\u00eet\u00a0<strong>des taux d&#8217;imposition progressifs.<\/strong>\u00a0Cela signifie que le taux d\u2019imposition grimpe au fur et \u00e0 mesure que les revenus croissent.\u00a0 L\u2019imp\u00f4t des personnes physiques est calcul\u00e9 sur tous les revenus imposables, m\u00eame si certains revenus ont \u00e9t\u00e9 per\u00e7us ou obtenus \u00e0 l\u2019\u00e9tranger.<\/p>\n<p>Les taux d&#8217;imposition progressifs pour les exercices et ann\u00e9es de revvenus suivent sont :<\/p>\n<p>&nbsp;<\/p>\n<table class=\"table table-bordered\" border=\"0\">\n<thead>\n<tr>\n<th>TRANCHE DE REVENUS<\/th>\n<th>TAUX D&#8217;IMPOSITION<\/th>\n<\/tr>\n<\/thead>\n<tbody>\n<tr>\n<th colspan=\"2\">EXERCICE D\u2019IMPOSITION 2023<\/p>\n<p>(ann\u00e9e de revenus 2022)<\/th>\n<\/tr>\n<tr>\n<td>de 0,01 \u20ac \u00e0 13.870 \u20ac<\/td>\n<td>25 %<\/td>\n<\/tr>\n<tr>\n<td>de 13.870 \u20ac \u00e0 24.480 \u20ac<\/td>\n<td>40 %<\/td>\n<\/tr>\n<tr>\n<td>de 24.480 \u20ac \u00e0 42.370 \u20ac<\/td>\n<td>45 %<\/td>\n<\/tr>\n<tr>\n<td>sup\u00e9rieure \u00e0 42.370 \u20ac<\/td>\n<td>50 %<\/td>\n<\/tr>\n<tr>\n<th colspan=\"2\">EXERCICE D\u2019IMPOSITION 2022<\/p>\n<p>(ann\u00e9e de revenus 2022)<\/th>\n<\/tr>\n<tr>\n<td><\/td>\n<td><\/td>\n<\/tr>\n<tr>\n<td>de 0,01 \u20ac \u00e0 13.540 \u20ac<\/td>\n<td>25 %<\/td>\n<\/tr>\n<tr>\n<td>de 13.540 \u20ac \u00e0 23.900 \u20ac<\/td>\n<td>40 %<\/td>\n<\/tr>\n<tr>\n<td>de 23.900 \u20ac \u00e0 41.360 \u20ac<\/td>\n<td>45 %<\/td>\n<\/tr>\n<tr>\n<td>sup\u00e9rieure \u00e0 41.360 \u20ac<\/td>\n<td>50 %<\/td>\n<\/tr>\n<\/tbody>\n<\/table>\n<p>&nbsp;<\/p>\n<p>Certains revenus ne sont pas tax\u00e9s \u00e0 ces taux progressifs et sont impos\u00e9s \u00e0 des taux distincts (par exemple, certains capitaux de pensions compl\u00e9mentaires).<\/p>\n<p>Toute personne soumise \u00e0 un imp\u00f4t des personnes physiques, a droit \u00e0 une\u00a0<strong>\u00ab\u00a0somme exon\u00e9r\u00e9e\u00a0\u00bb<\/strong>. Cela signifie qu\u2019une partie des revenus imposables n\u2019est pas tax\u00e9e.\u00a0 La somme exon\u00e9r\u00e9e s\u2019\u00e9l\u00e8ve \u00e0\u00a0<strong>9.050 euros<\/strong> (exercice 2022, revenus 2021, contre 9.270 EUR pour l&#8217;ann\u00e9e, exercice suivant). Cette somme exon\u00e9r\u00e9e peut augmenter selon la situation personnelle (par exemple, pour enfants \u00e0 charge).<\/p>\n<p>Ensuite l\u2019imp\u00f4t est encore\u00a0<strong>r\u00e9duit:<\/strong><\/p>\n<ul>\n<li>pour certains revenus (par exemple pour des revenus \u00e9trangers, des pensions et revenus de remplacement, etc.);<\/li>\n<li>pour certaines d\u00e9penses (par exemple, pour la garde d\u2019enfants, l\u2019\u00e9pargne-pension, etc.).<\/li>\n<\/ul>\n","protected":false},"excerpt":{"rendered":"<p>L\u2019imp\u00f4t des personnes physiques conna\u00eet\u00a0des taux d&#8217;imposition progressifs.\u00a0Cela signifie que le taux d\u2019imposition grimpe au fur et \u00e0 mesure que les revenus croissent.\u00a0 L\u2019imp\u00f4t des personnes physiques est calcul\u00e9 sur tous les revenus imposables, m\u00eame si certains revenus ont \u00e9t\u00e9 per\u00e7us ou obtenus \u00e0 l\u2019\u00e9tranger. Les taux d&#8217;imposition progressifs pour les exercices et ann\u00e9es de revvenus   [&#8230;]<\/p>\n","protected":false},"author":169,"featured_media":0,"comment_status":"closed","ping_status":"open","sticky":false,"template":"","format":"standard","meta":{"_acf_changed":false,"_jetpack_memberships_contains_paid_content":false,"footnotes":""},"categories":[141],"tags":[],"class_list":["post-43891","post","type-post","status-publish","format-standard","hentry","category-non-classifiee"],"acf":[],"yoast_head":"<!-- This site is optimized with the Yoast SEO plugin v27.5 - https:\/\/yoast.com\/product\/yoast-seo-wordpress\/ -->\n<title>Les taux d&#039;imposition \u00e0 l&#039;Imp\u00f4t des personnes physiques - e2.law<\/title>\n<meta name=\"robots\" content=\"index, follow, max-snippet:-1, max-image-preview:large, max-video-preview:-1\" \/>\n<link rel=\"canonical\" href=\"https:\/\/www.e2.law\/fr\/2022\/02\/28\/les-taux-dimposition-a-limpot-des-personnes-physiques\/\" \/>\n<meta property=\"og:locale\" content=\"fr_FR\" \/>\n<meta property=\"og:type\" content=\"article\" \/>\n<meta property=\"og:title\" content=\"Les taux d&#039;imposition \u00e0 l&#039;Imp\u00f4t des personnes physiques - e2.law\" \/>\n<meta property=\"og:description\" content=\"L\u2019imp\u00f4t des personnes physiques conna\u00eet\u00a0des taux d&#8217;imposition progressifs.\u00a0Cela signifie que le taux d\u2019imposition grimpe au fur et \u00e0 mesure que les revenus croissent.\u00a0 L\u2019imp\u00f4t des personnes physiques est calcul\u00e9 sur tous les revenus imposables, m\u00eame si certains revenus ont \u00e9t\u00e9 per\u00e7us ou obtenus \u00e0 l\u2019\u00e9tranger. Les taux d&#8217;imposition progressifs pour les exercices et ann\u00e9es de revvenus  [...]\" \/>\n<meta property=\"og:url\" content=\"https:\/\/www.e2.law\/fr\/2022\/02\/28\/les-taux-dimposition-a-limpot-des-personnes-physiques\/\" \/>\n<meta property=\"og:site_name\" content=\"e2.law\" \/>\n<meta property=\"article:published_time\" content=\"2022-02-28T15:06:39+00:00\" \/>\n<meta property=\"article:modified_time\" content=\"2023-02-13T15:20:40+00:00\" \/>\n<meta name=\"author\" content=\"e\u00b2.law\" \/>\n<meta name=\"twitter:card\" content=\"summary_large_image\" \/>\n<meta name=\"twitter:label1\" content=\"\u00c9crit par\" \/>\n\t<meta name=\"twitter:data1\" content=\"e\u00b2.law\" \/>\n\t<meta name=\"twitter:label2\" content=\"Dur\u00e9e de lecture estim\u00e9e\" \/>\n\t<meta name=\"twitter:data2\" content=\"2 minutes\" \/>\n<script type=\"application\/ld+json\" class=\"yoast-schema-graph\">{\"@context\":\"https:\\\/\\\/schema.org\",\"@graph\":[{\"@type\":\"Article\",\"@id\":\"https:\\\/\\\/www.e2.law\\\/fr\\\/2022\\\/02\\\/28\\\/les-taux-dimposition-a-limpot-des-personnes-physiques\\\/#article\",\"isPartOf\":{\"@id\":\"https:\\\/\\\/www.e2.law\\\/fr\\\/2022\\\/02\\\/28\\\/les-taux-dimposition-a-limpot-des-personnes-physiques\\\/\"},\"author\":{\"name\":\"e\u00b2.law\",\"@id\":\"https:\\\/\\\/www.e2.law\\\/fr\\\/#\\\/schema\\\/person\\\/9f822952177053b420c93ceda8001bcd\"},\"headline\":\"Les taux d&#8217;imposition \u00e0 l&#8217;Imp\u00f4t des personnes physiques\",\"datePublished\":\"2022-02-28T15:06:39+00:00\",\"dateModified\":\"2023-02-13T15:20:40+00:00\",\"mainEntityOfPage\":{\"@id\":\"https:\\\/\\\/www.e2.law\\\/fr\\\/2022\\\/02\\\/28\\\/les-taux-dimposition-a-limpot-des-personnes-physiques\\\/\"},\"wordCount\":233,\"publisher\":{\"@id\":\"https:\\\/\\\/www.e2.law\\\/fr\\\/#organization\"},\"articleSection\":[\"Non classifi\u00e9(e)\"],\"inLanguage\":\"fr-FR\"},{\"@type\":\"WebPage\",\"@id\":\"https:\\\/\\\/www.e2.law\\\/fr\\\/2022\\\/02\\\/28\\\/les-taux-dimposition-a-limpot-des-personnes-physiques\\\/\",\"url\":\"https:\\\/\\\/www.e2.law\\\/fr\\\/2022\\\/02\\\/28\\\/les-taux-dimposition-a-limpot-des-personnes-physiques\\\/\",\"name\":\"Les taux d'imposition \u00e0 l'Imp\u00f4t des personnes physiques - e2.law\",\"isPartOf\":{\"@id\":\"https:\\\/\\\/www.e2.law\\\/fr\\\/#website\"},\"datePublished\":\"2022-02-28T15:06:39+00:00\",\"dateModified\":\"2023-02-13T15:20:40+00:00\",\"breadcrumb\":{\"@id\":\"https:\\\/\\\/www.e2.law\\\/fr\\\/2022\\\/02\\\/28\\\/les-taux-dimposition-a-limpot-des-personnes-physiques\\\/#breadcrumb\"},\"inLanguage\":\"fr-FR\",\"potentialAction\":[{\"@type\":\"ReadAction\",\"target\":[\"https:\\\/\\\/www.e2.law\\\/fr\\\/2022\\\/02\\\/28\\\/les-taux-dimposition-a-limpot-des-personnes-physiques\\\/\"]}]},{\"@type\":\"BreadcrumbList\",\"@id\":\"https:\\\/\\\/www.e2.law\\\/fr\\\/2022\\\/02\\\/28\\\/les-taux-dimposition-a-limpot-des-personnes-physiques\\\/#breadcrumb\",\"itemListElement\":[{\"@type\":\"ListItem\",\"position\":1,\"name\":\"Home\",\"item\":\"https:\\\/\\\/www.e2.law\\\/fr\\\/home\\\/\"},{\"@type\":\"ListItem\",\"position\":2,\"name\":\"Les taux d&#8217;imposition \u00e0 l&#8217;Imp\u00f4t des personnes physiques\"}]},{\"@type\":\"WebSite\",\"@id\":\"https:\\\/\\\/www.e2.law\\\/fr\\\/#website\",\"url\":\"https:\\\/\\\/www.e2.law\\\/fr\\\/\",\"name\":\"e2.law\",\"description\":\"A Business Law Firm\",\"publisher\":{\"@id\":\"https:\\\/\\\/www.e2.law\\\/fr\\\/#organization\"},\"potentialAction\":[{\"@type\":\"SearchAction\",\"target\":{\"@type\":\"EntryPoint\",\"urlTemplate\":\"https:\\\/\\\/www.e2.law\\\/fr\\\/?s={search_term_string}\"},\"query-input\":{\"@type\":\"PropertyValueSpecification\",\"valueRequired\":true,\"valueName\":\"search_term_string\"}}],\"inLanguage\":\"fr-FR\"},{\"@type\":\"Organization\",\"@id\":\"https:\\\/\\\/www.e2.law\\\/fr\\\/#organization\",\"name\":\"E2.law\",\"url\":\"https:\\\/\\\/www.e2.law\\\/fr\\\/\",\"logo\":{\"@type\":\"ImageObject\",\"inLanguage\":\"fr-FR\",\"@id\":\"https:\\\/\\\/www.e2.law\\\/fr\\\/#\\\/schema\\\/logo\\\/image\\\/\",\"url\":\"https:\\\/\\\/www.e2.law\\\/wp-content\\\/uploads\\\/2018\\\/12\\\/logo-2.png\",\"contentUrl\":\"https:\\\/\\\/www.e2.law\\\/wp-content\\\/uploads\\\/2018\\\/12\\\/logo-2.png\",\"width\":152,\"height\":40,\"caption\":\"E2.law\"},\"image\":{\"@id\":\"https:\\\/\\\/www.e2.law\\\/fr\\\/#\\\/schema\\\/logo\\\/image\\\/\"},\"sameAs\":[\"https:\\\/\\\/www.linkedin.com\\\/company\\\/e2.law\"]},{\"@type\":\"Person\",\"@id\":\"https:\\\/\\\/www.e2.law\\\/fr\\\/#\\\/schema\\\/person\\\/9f822952177053b420c93ceda8001bcd\",\"name\":\"e\u00b2.law\",\"image\":{\"@type\":\"ImageObject\",\"inLanguage\":\"fr-FR\",\"@id\":\"https:\\\/\\\/secure.gravatar.com\\\/avatar\\\/?d=https:\\\/\\\/www.e2.law\\\/wp-content\\\/uploads\\\/2021\\\/01\\\/pixie_1609696175704-e1610820192173.png&amp;s=96\",\"url\":\"https:\\\/\\\/secure.gravatar.com\\\/avatar\\\/?d=https:\\\/\\\/www.e2.law\\\/wp-content\\\/uploads\\\/2021\\\/01\\\/pixie_1609696175704-e1610820192173.png&amp;s=96\",\"contentUrl\":\"https:\\\/\\\/secure.gravatar.com\\\/avatar\\\/?d=https:\\\/\\\/www.e2.law\\\/wp-content\\\/uploads\\\/2021\\\/01\\\/pixie_1609696175704-e1610820192173.png&amp;s=96\",\"caption\":\"e\u00b2.law\"},\"sameAs\":[\"http:\\\/\\\/www.e2.law\",\"www.linkedin.com\\\\companyprofile\\\\e2.law\"],\"url\":\"https:\\\/\\\/www.e2.law\\\/fr\\\/author\\\/visitor\\\/\"}]}<\/script>\n<!-- \/ Yoast SEO plugin. -->","yoast_head_json":{"title":"Les taux d'imposition \u00e0 l'Imp\u00f4t des personnes physiques - e2.law","robots":{"index":"index","follow":"follow","max-snippet":"max-snippet:-1","max-image-preview":"max-image-preview:large","max-video-preview":"max-video-preview:-1"},"canonical":"https:\/\/www.e2.law\/fr\/2022\/02\/28\/les-taux-dimposition-a-limpot-des-personnes-physiques\/","og_locale":"fr_FR","og_type":"article","og_title":"Les taux d'imposition \u00e0 l'Imp\u00f4t des personnes physiques - e2.law","og_description":"L\u2019imp\u00f4t des personnes physiques conna\u00eet\u00a0des taux d&#8217;imposition progressifs.\u00a0Cela signifie que le taux d\u2019imposition grimpe au fur et \u00e0 mesure que les revenus croissent.\u00a0 L\u2019imp\u00f4t des personnes physiques est calcul\u00e9 sur tous les revenus imposables, m\u00eame si certains revenus ont \u00e9t\u00e9 per\u00e7us ou obtenus \u00e0 l\u2019\u00e9tranger. Les taux d&#8217;imposition progressifs pour les exercices et ann\u00e9es de revvenus  [...]","og_url":"https:\/\/www.e2.law\/fr\/2022\/02\/28\/les-taux-dimposition-a-limpot-des-personnes-physiques\/","og_site_name":"e2.law","article_published_time":"2022-02-28T15:06:39+00:00","article_modified_time":"2023-02-13T15:20:40+00:00","author":"e\u00b2.law","twitter_card":"summary_large_image","twitter_misc":{"\u00c9crit par":"e\u00b2.law","Dur\u00e9e de lecture estim\u00e9e":"2 minutes"},"schema":{"@context":"https:\/\/schema.org","@graph":[{"@type":"Article","@id":"https:\/\/www.e2.law\/fr\/2022\/02\/28\/les-taux-dimposition-a-limpot-des-personnes-physiques\/#article","isPartOf":{"@id":"https:\/\/www.e2.law\/fr\/2022\/02\/28\/les-taux-dimposition-a-limpot-des-personnes-physiques\/"},"author":{"name":"e\u00b2.law","@id":"https:\/\/www.e2.law\/fr\/#\/schema\/person\/9f822952177053b420c93ceda8001bcd"},"headline":"Les taux d&#8217;imposition \u00e0 l&#8217;Imp\u00f4t des personnes physiques","datePublished":"2022-02-28T15:06:39+00:00","dateModified":"2023-02-13T15:20:40+00:00","mainEntityOfPage":{"@id":"https:\/\/www.e2.law\/fr\/2022\/02\/28\/les-taux-dimposition-a-limpot-des-personnes-physiques\/"},"wordCount":233,"publisher":{"@id":"https:\/\/www.e2.law\/fr\/#organization"},"articleSection":["Non classifi\u00e9(e)"],"inLanguage":"fr-FR"},{"@type":"WebPage","@id":"https:\/\/www.e2.law\/fr\/2022\/02\/28\/les-taux-dimposition-a-limpot-des-personnes-physiques\/","url":"https:\/\/www.e2.law\/fr\/2022\/02\/28\/les-taux-dimposition-a-limpot-des-personnes-physiques\/","name":"Les taux d'imposition \u00e0 l'Imp\u00f4t des personnes physiques - e2.law","isPartOf":{"@id":"https:\/\/www.e2.law\/fr\/#website"},"datePublished":"2022-02-28T15:06:39+00:00","dateModified":"2023-02-13T15:20:40+00:00","breadcrumb":{"@id":"https:\/\/www.e2.law\/fr\/2022\/02\/28\/les-taux-dimposition-a-limpot-des-personnes-physiques\/#breadcrumb"},"inLanguage":"fr-FR","potentialAction":[{"@type":"ReadAction","target":["https:\/\/www.e2.law\/fr\/2022\/02\/28\/les-taux-dimposition-a-limpot-des-personnes-physiques\/"]}]},{"@type":"BreadcrumbList","@id":"https:\/\/www.e2.law\/fr\/2022\/02\/28\/les-taux-dimposition-a-limpot-des-personnes-physiques\/#breadcrumb","itemListElement":[{"@type":"ListItem","position":1,"name":"Home","item":"https:\/\/www.e2.law\/fr\/home\/"},{"@type":"ListItem","position":2,"name":"Les taux d&#8217;imposition \u00e0 l&#8217;Imp\u00f4t des personnes physiques"}]},{"@type":"WebSite","@id":"https:\/\/www.e2.law\/fr\/#website","url":"https:\/\/www.e2.law\/fr\/","name":"e2.law","description":"A Business Law Firm","publisher":{"@id":"https:\/\/www.e2.law\/fr\/#organization"},"potentialAction":[{"@type":"SearchAction","target":{"@type":"EntryPoint","urlTemplate":"https:\/\/www.e2.law\/fr\/?s={search_term_string}"},"query-input":{"@type":"PropertyValueSpecification","valueRequired":true,"valueName":"search_term_string"}}],"inLanguage":"fr-FR"},{"@type":"Organization","@id":"https:\/\/www.e2.law\/fr\/#organization","name":"E2.law","url":"https:\/\/www.e2.law\/fr\/","logo":{"@type":"ImageObject","inLanguage":"fr-FR","@id":"https:\/\/www.e2.law\/fr\/#\/schema\/logo\/image\/","url":"https:\/\/www.e2.law\/wp-content\/uploads\/2018\/12\/logo-2.png","contentUrl":"https:\/\/www.e2.law\/wp-content\/uploads\/2018\/12\/logo-2.png","width":152,"height":40,"caption":"E2.law"},"image":{"@id":"https:\/\/www.e2.law\/fr\/#\/schema\/logo\/image\/"},"sameAs":["https:\/\/www.linkedin.com\/company\/e2.law"]},{"@type":"Person","@id":"https:\/\/www.e2.law\/fr\/#\/schema\/person\/9f822952177053b420c93ceda8001bcd","name":"e\u00b2.law","image":{"@type":"ImageObject","inLanguage":"fr-FR","@id":"https:\/\/secure.gravatar.com\/avatar\/?d=https:\/\/www.e2.law\/wp-content\/uploads\/2021\/01\/pixie_1609696175704-e1610820192173.png&amp;s=96","url":"https:\/\/secure.gravatar.com\/avatar\/?d=https:\/\/www.e2.law\/wp-content\/uploads\/2021\/01\/pixie_1609696175704-e1610820192173.png&amp;s=96","contentUrl":"https:\/\/secure.gravatar.com\/avatar\/?d=https:\/\/www.e2.law\/wp-content\/uploads\/2021\/01\/pixie_1609696175704-e1610820192173.png&amp;s=96","caption":"e\u00b2.law"},"sameAs":["http:\/\/www.e2.law","www.linkedin.com\\companyprofile\\e2.law"],"url":"https:\/\/www.e2.law\/fr\/author\/visitor\/"}]}},"jetpack_featured_media_url":"","jetpack_sharing_enabled":true,"_links":{"self":[{"href":"https:\/\/www.e2.law\/fr\/wp-json\/wp\/v2\/posts\/43891","targetHints":{"allow":["GET"]}}],"collection":[{"href":"https:\/\/www.e2.law\/fr\/wp-json\/wp\/v2\/posts"}],"about":[{"href":"https:\/\/www.e2.law\/fr\/wp-json\/wp\/v2\/types\/post"}],"author":[{"embeddable":true,"href":"https:\/\/www.e2.law\/fr\/wp-json\/wp\/v2\/users\/169"}],"replies":[{"embeddable":true,"href":"https:\/\/www.e2.law\/fr\/wp-json\/wp\/v2\/comments?post=43891"}],"version-history":[{"count":5,"href":"https:\/\/www.e2.law\/fr\/wp-json\/wp\/v2\/posts\/43891\/revisions"}],"predecessor-version":[{"id":43899,"href":"https:\/\/www.e2.law\/fr\/wp-json\/wp\/v2\/posts\/43891\/revisions\/43899"}],"wp:attachment":[{"href":"https:\/\/www.e2.law\/fr\/wp-json\/wp\/v2\/media?parent=43891"}],"wp:term":[{"taxonomy":"category","embeddable":true,"href":"https:\/\/www.e2.law\/fr\/wp-json\/wp\/v2\/categories?post=43891"},{"taxonomy":"post_tag","embeddable":true,"href":"https:\/\/www.e2.law\/fr\/wp-json\/wp\/v2\/tags?post=43891"}],"curies":[{"name":"wp","href":"https:\/\/api.w.org\/{rel}","templated":true}]}}