{"id":43946,"date":"2023-02-21T14:44:39","date_gmt":"2023-02-21T12:44:39","guid":{"rendered":"https:\/\/www.e2.law\/?p=43946"},"modified":"2025-10-20T15:24:05","modified_gmt":"2025-10-20T13:24:05","slug":"les-membres-dune-asbl","status":"publish","type":"post","link":"https:\/\/www.e2.law\/fr\/2023\/02\/21\/les-membres-dune-asbl\/","title":{"rendered":"Les membres d&#8217;une ASBL"},"content":{"rendered":"<p>L&#8217;<a href=\"https:\/\/www.e2.law\/fr\/player\/asbl\/\">ASBL<\/a> est compos\u00e9e de <strong>membres<\/strong> qui, ensemble, forment l<strong>&#8216;assembl\u00e9e g\u00e9n\u00e9rale des membres<\/strong>. L&#8217;assembl\u00e9e g\u00e9n\u00e9rale d\u00e9termine les lignes directrices des activit\u00e9s de l&#8217;association.<\/p>\n<p>Retrouvez ci-dessous toutes les informations li\u00e9es au statut de membre d&#8217;ABSL.<\/p>\n<div class=\"accordian fusion-accordian\" style=\"--awb-border-size:1px;--awb-icon-size:13px;--awb-content-font-size:16px;--awb-icon-alignment:left;--awb-hover-color:#f9f9f9;--awb-border-color:#cccccc;--awb-background-color:#ffffff;--awb-divider-color:#e0dede;--awb-divider-hover-color:#e0dede;--awb-icon-color:#ffffff;--awb-title-color:#333333;--awb-content-color:#747474;--awb-icon-box-color:#333333;--awb-toggle-hover-accent-color:#0da74c;--awb-title-font-family:&quot;Roboto Slab&quot;;--awb-title-font-weight:300;--awb-title-font-style:normal;--awb-title-font-size:14px;--awb-content-font-family:&quot;PT Sans&quot;;--awb-content-font-style:normal;--awb-content-font-weight:400;\"><div class=\"panel-group fusion-toggle-icon-boxed\" id=\"accordion-43946-1\"><div class=\"fusion-panel panel-default panel-cb32727c51542ec1c fusion-toggle-has-divider\" style=\"--awb-title-color:#333333;--awb-content-color:#747474;\"><div class=\"panel-heading\"><h4 class=\"panel-title toggle\" id=\"toggle_cb32727c51542ec1c\"><a aria-expanded=\"false\" aria-controls=\"cb32727c51542ec1c\" role=\"button\" data-toggle=\"collapse\" data-parent=\"#accordion-43946-1\" data-target=\"#cb32727c51542ec1c\" href=\"#cb32727c51542ec1c\"><span class=\"fusion-toggle-icon-wrapper\" aria-hidden=\"true\"><i class=\"fa-fusion-box active-icon awb-icon-minus\" aria-hidden=\"true\"><\/i><i class=\"fa-fusion-box inactive-icon awb-icon-plus\" aria-hidden=\"true\"><\/i><\/span><span class=\"fusion-toggle-heading\">Nombre de membres<\/span><\/a><\/h4><\/div><div id=\"cb32727c51542ec1c\" class=\"panel-collapse collapse \" aria-labelledby=\"toggle_cb32727c51542ec1c\"><div class=\"panel-body toggle-content fusion-clearfix\"><\/p>\n<h2>Nombre de membres<\/h2>\n<p>Pour \u00eatre valablement constitu\u00e9e, une ASBL doit \u00eatre compos\u00e9e d&#8217;<strong>au moins deux membres<\/strong>. Les statuts peuvent y d\u00e9roger et pr\u00e9voir un nombre minimum sup\u00e9rieur \u00e0 deux. Les statuts peuvent \u00e9galement pr\u00e9voir un nombre fixe de membres.<\/p>\n<p>Si apr\u00e8s sa cr\u00e9ation, l&#8217;ASBL ne compte moins de membres que le nombre impos\u00e9 par les statuts ou, \u00e0 d\u00e9faut, par la loi, elle peut \u00eatre dissoute par le tribunal de l&#8217;entreprise \u00e0 la requ\u00eate d&#8217;un membre, du minist\u00e8re public ou de tout tiers int\u00e9ress\u00e9.<\/p>\n<p><\/div><\/div><\/div><div class=\"fusion-panel panel-default panel-ee48a83261a9afeac fusion-toggle-has-divider\" style=\"--awb-title-color:#333333;--awb-content-color:#747474;\"><div class=\"panel-heading\"><h4 class=\"panel-title toggle\" id=\"toggle_ee48a83261a9afeac\"><a aria-expanded=\"false\" aria-controls=\"ee48a83261a9afeac\" role=\"button\" data-toggle=\"collapse\" data-parent=\"#accordion-43946-1\" data-target=\"#ee48a83261a9afeac\" href=\"#ee48a83261a9afeac\"><span class=\"fusion-toggle-icon-wrapper\" aria-hidden=\"true\"><i class=\"fa-fusion-box active-icon awb-icon-minus\" aria-hidden=\"true\"><\/i><i class=\"fa-fusion-box inactive-icon awb-icon-plus\" aria-hidden=\"true\"><\/i><\/span><span class=\"fusion-toggle-heading\">Cat\u00e9gories de membres<\/span><\/a><\/h4><\/div><div id=\"ee48a83261a9afeac\" class=\"panel-collapse collapse \" aria-labelledby=\"toggle_ee48a83261a9afeac\"><div class=\"panel-body toggle-content fusion-clearfix\"><\/p>\n<h2>Distinction entre membres effectifs et membres adh\u00e9rents<\/h2>\n<p>Il est n\u00e9cessaire de distinguer les membres effectifs et les membres adh\u00e9rents :<\/p>\n<ul>\n<li>Les <strong>membres effectifs<\/strong> sont les membres qui composent l&#8217;assembl\u00e9e g\u00e9n\u00e9rale. Ils ont un droit de vote et b\u00e9n\u00e9ficient des droits list\u00e9s ci-dessous.<\/li>\n<li>Les <strong>membres adh\u00e9rents<\/strong>, eux, ne prennent pas part aux d\u00e9cisions de l&#8217;association. Il s&#8217;agit g\u00e9n\u00e9ralement des personnes qui soutiennent l&#8217;association et s&#8217;investissent dans ses activit\u00e9s.<\/li>\n<\/ul>\n<p>Les statuts et le r\u00e8glement d&#8217;ordr eint\u00e9rieur peuvent pr\u00e9voir, dans les limites impos\u00e9es par la loi, les modalit\u00e9s propres \u00e0 chaque cat\u00e9gorie de membres : montant de la cotisation annuelle, droits et obligations, modalit\u00e9s d&#8217;admission, etc.<\/p>\n<p><\/div><\/div><\/div><\/p>\n<h1>I. Qualit\u00e9 de membre effectif<\/h1>\n<p><div class=\"fusion-panel panel-default panel-70b04a156c7dd2a8e fusion-toggle-has-divider\" style=\"--awb-title-color:#333333;--awb-content-color:#747474;\"><div class=\"panel-heading\"><h4 class=\"panel-title toggle\" id=\"toggle_70b04a156c7dd2a8e\"><a aria-expanded=\"false\" aria-controls=\"70b04a156c7dd2a8e\" role=\"button\" data-toggle=\"collapse\" data-parent=\"#accordion-43946-1\" data-target=\"#70b04a156c7dd2a8e\" href=\"#70b04a156c7dd2a8e\"><span class=\"fusion-toggle-icon-wrapper\" aria-hidden=\"true\"><i class=\"fa-fusion-box active-icon awb-icon-minus\" aria-hidden=\"true\"><\/i><i class=\"fa-fusion-box inactive-icon awb-icon-plus\" aria-hidden=\"true\"><\/i><\/span><span class=\"fusion-toggle-heading\">Admission<\/span><\/a><\/h4><\/div><div id=\"70b04a156c7dd2a8e\" class=\"panel-collapse collapse \" aria-labelledby=\"toggle_70b04a156c7dd2a8e\"><div class=\"panel-body toggle-content fusion-clearfix\"><\/p>\n<h2>Admission des membres<\/h2>\n<p>Toute personne peut \u00eatre membre d&#8217;une ASBL : <strong>les personnes morales et les personnes physiques<\/strong>, <strong>indiff\u00e9remment de leur nationalit\u00e9<\/strong>.<\/p>\n<h3>A. Conditions d&#8217;admissibilit\u00e9<\/h3>\n<p>Les statuts peuvent imposer des conditions d&#8217;admissibilit\u00e9 [1] pour autant qu&#8217;elles soient objectives et justifi\u00e9es par le but poursuivi par l&#8217;association. <strong>Les crit\u00e8res ne peuvent en aucun cas \u00eatre discriminatoires.<\/strong><\/p>\n<p style=\"padding-left: 40px;\"><em>Elles peuvent porter sur l&#8217;exercice d&#8217;une profession d\u00e9termin\u00e9e, l&#8217;appartenance \u00e0 un parti politique, l&#8217;adh\u00e9sion \u00e0 une religion, le genre, la naionalit\u00e9, etc.<\/em><\/p>\n<p>Lorsque le membre ne pr\u00e9sente plus les conditions d&#8217;admissibilit\u00e9 \u00e9nonc\u00e9es dans les statuts, il pourra \u00eatre exclu de l&#8217;association. Les statuts peuvent \u00e9galement express\u00e9ment pr\u00e9voir qu&#8217;en cas de perte de telle qualit\u00e9, le membre sera pr\u00e9sum\u00e9 d\u00e9missionnaire.<\/p>\n<h3>B. Formalit\u00e9s d&#8217;admission<\/h3>\n<p>Les statuts d\u00e9terminent \u00e9galement les formalit\u00e9s d&#8217;admission exig\u00e9es.<\/p>\n<p style=\"padding-left: 40px;\"><em>Ils peuvent par exemple imposer la soumission de candidature\u00a0 par courrier, le parainage par un membre existant, la pr\u00e9sentation du membre devant l&#8217;assembl\u00e9e g\u00e9n\u00e9rale, etc.<\/em><\/p>\n<h3>C. Membres de droit<\/h3>\n<p>Les statuts peuvent \u00e9galement d\u00e9signer des\u00a0<strong>membres de droit<\/strong>, c&#8217;est \u00e0 dire des personne d\u00e9termin\u00e9es ou d\u00e9terminables (une cat\u00e9gorie de personnes particuli\u00e8res par exemple) qui sont dispens\u00e9es des formalit\u00e9s d&#8217;admission et qui sont nomm\u00e9es membres d\u00e8s qu&#8217;elles le souhaitent.<\/p>\n<h3>D. Registre des membres<\/h3>\n<p>Le conseil d&#8217;administrtion tient un <strong>registre des membres<\/strong> au si\u00e8ge de l&#8217;association. Il contient la liste des membres et leurs coordonn\u00e9es.<\/p>\n<p>________<\/p>\n<p>[1] <a href=\"https:\/\/www.ejustice.just.fgov.be\/cgi_loi\/loi_a1.pl?language=fr&amp;la=F&amp;table_name=loi&amp;cn=2019032309&amp;&amp;caller=list&amp;F&amp;fromtab=loi&amp;tri=dd+AS+RANK&amp;rech=1&amp;numero=1&amp;sql=(text+contains+(%27%27))#Art.2:9\">Article 2:9, Code des soci\u00e9t\u00e9s et des associations<\/a><\/p>\n<p><\/div><\/div><\/div><div class=\"fusion-panel panel-default panel-f81591dd7762d3eb8 fusion-toggle-has-divider\" style=\"--awb-title-color:#333333;--awb-content-color:#747474;\"><div class=\"panel-heading\"><h4 class=\"panel-title toggle\" id=\"toggle_f81591dd7762d3eb8\"><a aria-expanded=\"false\" aria-controls=\"f81591dd7762d3eb8\" role=\"button\" data-toggle=\"collapse\" data-parent=\"#accordion-43946-1\" data-target=\"#f81591dd7762d3eb8\" href=\"#f81591dd7762d3eb8\"><span class=\"fusion-toggle-icon-wrapper\" aria-hidden=\"true\"><i class=\"fa-fusion-box active-icon awb-icon-minus\" aria-hidden=\"true\"><\/i><i class=\"fa-fusion-box inactive-icon awb-icon-plus\" aria-hidden=\"true\"><\/i><\/span><span class=\"fusion-toggle-heading\">D\u00e9mission<\/span><\/a><\/h4><\/div><div id=\"f81591dd7762d3eb8\" class=\"panel-collapse collapse \" aria-labelledby=\"toggle_f81591dd7762d3eb8\"><div class=\"panel-body toggle-content fusion-clearfix\"><\/p>\n<h2>D\u00e9mission<\/h2>\n<h3>A. D\u00e9mission expresse<\/h3>\n<p>Les membres <strong>ont le droit de quitter l&#8217;association \u00e0 tout moment<\/strong>, moyennant le respect des formalit\u00e9s impos\u00e9es par les statuts.<\/p>\n<p>A d\u00e9faut de formalit\u00e9s particuli\u00e8res pr\u00e9vues, il suffit au membre d&#8217;adresser une lettre au conseil d&#8217;administration de l&#8217;association.<\/p>\n<p>Les statuts peuvent imposer d&#8217;autres formalit\u00e9s (<em>notification par courrier recommand\u00e9, respect d&#8217;un pr\u00e9avis raisonnable, etc.<\/em>) pour autant qu&#8217;ils se limitent \u00e0 organiser la sortie du membre. Ils ne peuvent avoir pour effet de limiter sa libert\u00e9 de d\u00e9mission.<\/p>\n<h3>B. Pr\u00e9somption de d\u00e9mission<\/h3>\n<p>Les statuts peuvent \u00e9num\u00e9rer limitativement les circonstances dans lesquelles un membre sera pr\u00e9sum\u00e9 d\u00e9missionnaire, soit avec effet imm\u00e9diat, soit apr\u00e8s constatation du conseil d&#8217;administration.<\/p>\n<p><em>Par exemple, les statuts peuvent pr\u00e9voir qu&#8217;en cas de non-paiement de la cotisation, pass\u00e9 un certain \u00e2ge ou en cas de perte d&#8217;une certaine qualit\u00e9.<\/em><\/p>\n<h3>C. D\u00e9c\u00e8s d&#8217;un membre<\/h3>\n<p>En cas de d\u00e9c\u00e8s, le membre perd automatiquement sa qualit\u00e9 de membre.<\/p>\n<p><\/div><\/div><\/div><div class=\"fusion-panel panel-default panel-8d660e013f8b3e4c6 fusion-toggle-has-divider\" style=\"--awb-title-color:#333333;--awb-content-color:#747474;\"><div class=\"panel-heading\"><h4 class=\"panel-title toggle\" id=\"toggle_8d660e013f8b3e4c6\"><a aria-expanded=\"false\" aria-controls=\"8d660e013f8b3e4c6\" role=\"button\" data-toggle=\"collapse\" data-parent=\"#accordion-43946-1\" data-target=\"#8d660e013f8b3e4c6\" href=\"#8d660e013f8b3e4c6\"><span class=\"fusion-toggle-icon-wrapper\" aria-hidden=\"true\"><i class=\"fa-fusion-box active-icon awb-icon-minus\" aria-hidden=\"true\"><\/i><i class=\"fa-fusion-box inactive-icon awb-icon-plus\" aria-hidden=\"true\"><\/i><\/span><span class=\"fusion-toggle-heading\">Exclusion<\/span><\/a><\/h4><\/div><div id=\"8d660e013f8b3e4c6\" class=\"panel-collapse collapse \" aria-labelledby=\"toggle_8d660e013f8b3e4c6\"><div class=\"panel-body toggle-content fusion-clearfix\"><\/p>\n<h2>Exclusion<\/h2>\n<p>L&#8217;assembl\u00e9e g\u00e9n\u00e9rale peut prononcer l&#8217;exclusion d&#8217;un membre moyennant le respect des majorit\u00e9s suivantes :<\/p>\n<ul>\n<li>2\/3 des membres pr\u00e9sents ou repr\u00e9sent\u00e9s ;<\/li>\n<li>2\/3 des votes des membres pr\u00e9sents ou repr\u00e9sent\u00e9s.<\/li>\n<\/ul>\n<p>Si les statuts \u00e9noncent limitativement les raisons pour lesquelles un membre peut \u00eatre exclu, l&#8217;assembl\u00e9e g\u00e9n\u00e9rale est tenue de les respecter.<\/p>\n<p>Le membre dont on vote l&#8217;exclusion a le droit d&#8217;\u00eatre entendu par\u00a0 l&#8217;assembl\u00e9e g\u00e9n\u00e9rale avant le vote.<\/p>\n<p><\/div><\/div><\/div><div class=\"fusion-panel panel-default panel-e7b1adc9210557641 fusion-toggle-has-divider\" style=\"--awb-title-color:#333333;--awb-content-color:#747474;\"><div class=\"panel-heading\"><h4 class=\"panel-title toggle\" id=\"toggle_e7b1adc9210557641\"><a aria-expanded=\"false\" aria-controls=\"e7b1adc9210557641\" role=\"button\" data-toggle=\"collapse\" data-parent=\"#accordion-43946-1\" data-target=\"#e7b1adc9210557641\" href=\"#e7b1adc9210557641\"><span class=\"fusion-toggle-icon-wrapper\" aria-hidden=\"true\"><i class=\"fa-fusion-box active-icon awb-icon-minus\" aria-hidden=\"true\"><\/i><i class=\"fa-fusion-box inactive-icon awb-icon-plus\" aria-hidden=\"true\"><\/i><\/span><span class=\"fusion-toggle-heading\">Suspension<\/span><\/a><\/h4><\/div><div id=\"e7b1adc9210557641\" class=\"panel-collapse collapse \" aria-labelledby=\"toggle_e7b1adc9210557641\"><div class=\"panel-body toggle-content fusion-clearfix\"><\/p>\n<h2>Suspension<\/h2>\n<p>Le conseil d&#8217;administration, ou un autre organe si les statuts le d\u00e9cident, peut suspendre temporairement un membre. il s&#8217;agit d&#8217;une mesure provisoire qui n&#8217;a vocation qu&#8217;\u00e0 durer le temps de r\u00e9unir l&#8217;assembl\u00e9e g\u00e9n\u00e9rale en vue d&#8217;une exclusion d\u00e9finitive.<\/p>\n<p>Le membre suspendu conserve ses droits jusqu&#8217;au vote de l&#8217;assembl\u00e9e g\u00e9n\u00e9rale sur son exclusion.<\/p>\n<p><\/div><\/div><\/div><\/p>\n<h1>II. Droits et obligations<\/h1>\n<p><div class=\"fusion-panel panel-default panel-3fb2a490dba892650 fusion-toggle-has-divider\" style=\"--awb-title-color:#333333;--awb-content-color:#747474;\"><div class=\"panel-heading\"><h4 class=\"panel-title toggle\" id=\"toggle_3fb2a490dba892650\"><a aria-expanded=\"false\" aria-controls=\"3fb2a490dba892650\" role=\"button\" data-toggle=\"collapse\" data-parent=\"#accordion-43946-1\" data-target=\"#3fb2a490dba892650\" href=\"#3fb2a490dba892650\"><span class=\"fusion-toggle-icon-wrapper\" aria-hidden=\"true\"><i class=\"fa-fusion-box active-icon awb-icon-minus\" aria-hidden=\"true\"><\/i><i class=\"fa-fusion-box inactive-icon awb-icon-plus\" aria-hidden=\"true\"><\/i><\/span><span class=\"fusion-toggle-heading\">Droits<\/span><\/a><\/h4><\/div><div id=\"3fb2a490dba892650\" class=\"panel-collapse collapse \" aria-labelledby=\"toggle_3fb2a490dba892650\"><div class=\"panel-body toggle-content fusion-clearfix\"><\/p>\n<p>Les membres poss\u00e8dent les droits qui leur sont octroy\u00e9s par la loi, par les statuts et par l&#8217;\u00e9ventuel <a href=\"https:\/\/www.e2.law\/fr\/document\/reglement-dordre-interieur\/\">r\u00e8glement d&#8217;ordre int\u00e9rieur<\/a> de l&#8217;association.<\/p>\n<p>La loi attribue aux membres les droits suivants :<\/p>\n<ul>\n<li>assister (ou se faire repr\u00e9senter) aux assembl\u00e9es g\u00e9n\u00e9rales et y voter ;<\/li>\n<li>demander la convocation de l&#8217;assembl\u00e9e g\u00e9n\u00e9rale, moyennant la r\u00e9union d&#8217;1\/5 des membres ;<\/li>\n<li>demander d&#8217;ajouter un point \u00e0 l&#8217;ordre du jour de l&#8217;assembl\u00e9e g\u00e9n\u00e9rale, moyennant la r\u00e9union d&#8217;1\/20 des membres ;<\/li>\n<li>consulter le registre des membres et les documents de l&#8217;ASBL ;<\/li>\n<li>demander la nullit\u00e9 d&#8217;une d\u00e9cision prise par un organe de l&#8217;association devant le tribunal de l&#8217;entreprise ;<\/li>\n<li>demander la nullit\u00e9 de l&#8217;association devant le tribunal de l&#8217;entreprise ou d\u00e9cider de sa dissolution judiciaire.<\/li>\n<\/ul>\n<p><\/div><\/div><\/div><div class=\"fusion-panel panel-default panel-dcc34767f050480b1 fusion-toggle-has-divider\" style=\"--awb-title-color:#333333;--awb-content-color:#747474;\"><div class=\"panel-heading\"><h4 class=\"panel-title toggle\" id=\"toggle_dcc34767f050480b1\"><a aria-expanded=\"false\" aria-controls=\"dcc34767f050480b1\" role=\"button\" data-toggle=\"collapse\" data-parent=\"#accordion-43946-1\" data-target=\"#dcc34767f050480b1\" href=\"#dcc34767f050480b1\"><span class=\"fusion-toggle-icon-wrapper\" aria-hidden=\"true\"><i class=\"fa-fusion-box active-icon awb-icon-minus\" aria-hidden=\"true\"><\/i><i class=\"fa-fusion-box inactive-icon awb-icon-plus\" aria-hidden=\"true\"><\/i><\/span><span class=\"fusion-toggle-heading\">Obligations<\/span><\/a><\/h4><\/div><div id=\"dcc34767f050480b1\" class=\"panel-collapse collapse \" aria-labelledby=\"toggle_dcc34767f050480b1\"><div class=\"panel-body toggle-content fusion-clearfix\"><\/p>\n<p>Lorsqu&#8217;il adh\u00e8re \u00e0 l&#8217;association, le membre s&#8217;engage \u00e0 respecter les statuts et le r\u00e8glement d&#8217;ordre int\u00e9rieur de l&#8217;association.<\/p>\n<p>Si les statuts pr\u00e9voient le paiement d&#8217;une cotisation annuelle, le membre s&#8217;engage \u00e0 la payer.<\/p>\n<p><\/div><\/div><\/div><div class=\"fusion-panel panel-default panel-db6615af82de479f1 fusion-toggle-has-divider\" style=\"--awb-title-color:#333333;--awb-content-color:#747474;\"><div class=\"panel-heading\"><h4 class=\"panel-title toggle\" id=\"toggle_db6615af82de479f1\"><a aria-expanded=\"false\" aria-controls=\"db6615af82de479f1\" role=\"button\" data-toggle=\"collapse\" data-parent=\"#accordion-43946-1\" data-target=\"#db6615af82de479f1\" href=\"#db6615af82de479f1\"><span class=\"fusion-toggle-icon-wrapper\" aria-hidden=\"true\"><i class=\"fa-fusion-box active-icon awb-icon-minus\" aria-hidden=\"true\"><\/i><i class=\"fa-fusion-box inactive-icon awb-icon-plus\" aria-hidden=\"true\"><\/i><\/span><span class=\"fusion-toggle-heading\">Responsabilit\u00e9<\/span><\/a><\/h4><\/div><div id=\"db6615af82de479f1\" class=\"panel-collapse collapse \" aria-labelledby=\"toggle_db6615af82de479f1\"><div class=\"panel-body toggle-content fusion-clearfix\"><\/p>\n<p>Les membres ne sont pas responsables des actes post\u00e9s par l&#8217;association.<\/p>\n<p>Les membres fondateurs peuvent voir leur responsabilit\u00e9 engag\u00e9e seulement s&#8217;il est d\u00e9montr\u00e9\u00a0 que la constitution de l&#8217;association est d\u00e9raisonnable et qu&#8217;elle cause un dommage \u00e0 autrui.<\/p>\n<p style=\"padding-left: 40px;\"><em>Tel pourrait \u00eatre le cas si l&#8217;association est constitu\u00e9e dans le but de nuir \u00e0 autrui ou d&#8217;\u00e9chaper \u00e0 des r\u00e8gles imp\u00e9ratives par exemple.<\/em><\/p>\n<p><\/div><\/div><\/div><\/div><\/div>\n","protected":false},"excerpt":{"rendered":"<p>L&#8217;ASBL est compos\u00e9e de membres qui, ensemble, forment l&#8216;assembl\u00e9e g\u00e9n\u00e9rale des membres. L&#8217;assembl\u00e9e g\u00e9n\u00e9rale d\u00e9termine les lignes directrices des activit\u00e9s de l&#8217;association. Retrouvez ci-dessous toutes les informations li\u00e9es au statut de membre d&#8217;ABSL.<\/p>\n","protected":false},"author":164,"featured_media":43972,"comment_status":"closed","ping_status":"open","sticky":false,"template":"","format":"standard","meta":{"_acf_changed":false,"_jetpack_memberships_contains_paid_content":false,"footnotes":""},"categories":[141],"tags":[1231],"class_list":["post-43946","post","type-post","status-publish","format-standard","has-post-thumbnail","hentry","category-non-classifiee","tag-non-marchand"],"acf":[],"yoast_head":"<!-- This site is optimized with the Yoast SEO plugin v27.5 - https:\/\/yoast.com\/product\/yoast-seo-wordpress\/ -->\n<title>Les membres d&#039;une ASBL - e2.law<\/title>\n<meta name=\"description\" content=\"L&#039;ASBL est compos\u00e9e de membres qui, ensemble, forment l&#039;assembl\u00e9e g\u00e9n\u00e9rale des membres.\" \/>\n<meta name=\"robots\" content=\"index, follow, max-snippet:-1, max-image-preview:large, max-video-preview:-1\" \/>\n<link rel=\"canonical\" href=\"https:\/\/www.e2.law\/fr\/2023\/02\/21\/les-membres-dune-asbl\/\" \/>\n<meta property=\"og:locale\" content=\"fr_FR\" \/>\n<meta property=\"og:type\" content=\"article\" \/>\n<meta property=\"og:title\" content=\"Les membres d&#039;une ASBL - e2.law\" \/>\n<meta property=\"og:description\" content=\"L&#039;ASBL est compos\u00e9e de membres qui, ensemble, forment l&#039;assembl\u00e9e g\u00e9n\u00e9rale des membres.\" \/>\n<meta property=\"og:url\" content=\"https:\/\/www.e2.law\/fr\/2023\/02\/21\/les-membres-dune-asbl\/\" \/>\n<meta property=\"og:site_name\" content=\"e2.law\" \/>\n<meta property=\"article:published_time\" content=\"2023-02-21T12:44:39+00:00\" \/>\n<meta property=\"article:modified_time\" content=\"2025-10-20T13:24:05+00:00\" \/>\n<meta property=\"og:image\" content=\"https:\/\/www.e2.law\/wp-content\/uploads\/2023\/02\/Assemble\u0301e_Ge\u0301ne\u0301rale_.png\" \/>\n\t<meta property=\"og:image:width\" content=\"800\" \/>\n\t<meta property=\"og:image:height\" content=\"800\" \/>\n\t<meta property=\"og:image:type\" content=\"image\/png\" \/>\n<meta name=\"author\" content=\"Valentine Bonamis\" \/>\n<meta name=\"twitter:card\" content=\"summary_large_image\" \/>\n<meta name=\"twitter:label1\" content=\"\u00c9crit par\" \/>\n\t<meta name=\"twitter:data1\" content=\"Valentine Bonamis\" \/>\n\t<meta name=\"twitter:label2\" content=\"Dur\u00e9e de lecture estim\u00e9e\" \/>\n\t<meta name=\"twitter:data2\" content=\"6 minutes\" \/>\n<script type=\"application\/ld+json\" class=\"yoast-schema-graph\">{\"@context\":\"https:\\\/\\\/schema.org\",\"@graph\":[{\"@type\":\"Article\",\"@id\":\"https:\\\/\\\/www.e2.law\\\/fr\\\/2023\\\/02\\\/21\\\/les-membres-dune-asbl\\\/#article\",\"isPartOf\":{\"@id\":\"https:\\\/\\\/www.e2.law\\\/fr\\\/2023\\\/02\\\/21\\\/les-membres-dune-asbl\\\/\"},\"author\":{\"name\":\"Valentine Bonamis\",\"@id\":\"https:\\\/\\\/www.e2.law\\\/fr\\\/#\\\/schema\\\/person\\\/fc4936c485fc15b9d2be735eb6fa9080\"},\"headline\":\"Les membres d&#8217;une ASBL\",\"datePublished\":\"2023-02-21T12:44:39+00:00\",\"dateModified\":\"2025-10-20T13:24:05+00:00\",\"mainEntityOfPage\":{\"@id\":\"https:\\\/\\\/www.e2.law\\\/fr\\\/2023\\\/02\\\/21\\\/les-membres-dune-asbl\\\/\"},\"wordCount\":1738,\"publisher\":{\"@id\":\"https:\\\/\\\/www.e2.law\\\/fr\\\/#organization\"},\"image\":{\"@id\":\"https:\\\/\\\/www.e2.law\\\/fr\\\/2023\\\/02\\\/21\\\/les-membres-dune-asbl\\\/#primaryimage\"},\"thumbnailUrl\":\"https:\\\/\\\/i0.wp.com\\\/www.e2.law\\\/wp-content\\\/uploads\\\/2023\\\/02\\\/Assemble%CC%81e_Ge%CC%81ne%CC%81rale_.png?fit=800%2C800&ssl=1\",\"keywords\":[\"Exercer une activit\u00e9 d\u00e9sint\u00e9ress\u00e9e\"],\"articleSection\":[\"Non classifi\u00e9(e)\"],\"inLanguage\":\"fr-FR\"},{\"@type\":\"WebPage\",\"@id\":\"https:\\\/\\\/www.e2.law\\\/fr\\\/2023\\\/02\\\/21\\\/les-membres-dune-asbl\\\/\",\"url\":\"https:\\\/\\\/www.e2.law\\\/fr\\\/2023\\\/02\\\/21\\\/les-membres-dune-asbl\\\/\",\"name\":\"Les membres d'une ASBL - e2.law\",\"isPartOf\":{\"@id\":\"https:\\\/\\\/www.e2.law\\\/fr\\\/#website\"},\"primaryImageOfPage\":{\"@id\":\"https:\\\/\\\/www.e2.law\\\/fr\\\/2023\\\/02\\\/21\\\/les-membres-dune-asbl\\\/#primaryimage\"},\"image\":{\"@id\":\"https:\\\/\\\/www.e2.law\\\/fr\\\/2023\\\/02\\\/21\\\/les-membres-dune-asbl\\\/#primaryimage\"},\"thumbnailUrl\":\"https:\\\/\\\/i0.wp.com\\\/www.e2.law\\\/wp-content\\\/uploads\\\/2023\\\/02\\\/Assemble%CC%81e_Ge%CC%81ne%CC%81rale_.png?fit=800%2C800&ssl=1\",\"datePublished\":\"2023-02-21T12:44:39+00:00\",\"dateModified\":\"2025-10-20T13:24:05+00:00\",\"description\":\"L'ASBL est compos\u00e9e de membres qui, ensemble, forment l'assembl\u00e9e g\u00e9n\u00e9rale des membres.\",\"breadcrumb\":{\"@id\":\"https:\\\/\\\/www.e2.law\\\/fr\\\/2023\\\/02\\\/21\\\/les-membres-dune-asbl\\\/#breadcrumb\"},\"inLanguage\":\"fr-FR\",\"potentialAction\":[{\"@type\":\"ReadAction\",\"target\":[\"https:\\\/\\\/www.e2.law\\\/fr\\\/2023\\\/02\\\/21\\\/les-membres-dune-asbl\\\/\"]}]},{\"@type\":\"ImageObject\",\"inLanguage\":\"fr-FR\",\"@id\":\"https:\\\/\\\/www.e2.law\\\/fr\\\/2023\\\/02\\\/21\\\/les-membres-dune-asbl\\\/#primaryimage\",\"url\":\"https:\\\/\\\/i0.wp.com\\\/www.e2.law\\\/wp-content\\\/uploads\\\/2023\\\/02\\\/Assemble%CC%81e_Ge%CC%81ne%CC%81rale_.png?fit=800%2C800&ssl=1\",\"contentUrl\":\"https:\\\/\\\/i0.wp.com\\\/www.e2.law\\\/wp-content\\\/uploads\\\/2023\\\/02\\\/Assemble%CC%81e_Ge%CC%81ne%CC%81rale_.png?fit=800%2C800&ssl=1\",\"width\":800,\"height\":800},{\"@type\":\"BreadcrumbList\",\"@id\":\"https:\\\/\\\/www.e2.law\\\/fr\\\/2023\\\/02\\\/21\\\/les-membres-dune-asbl\\\/#breadcrumb\",\"itemListElement\":[{\"@type\":\"ListItem\",\"position\":1,\"name\":\"Home\",\"item\":\"https:\\\/\\\/www.e2.law\\\/fr\\\/home\\\/\"},{\"@type\":\"ListItem\",\"position\":2,\"name\":\"Les membres d&#8217;une ASBL\"}]},{\"@type\":\"WebSite\",\"@id\":\"https:\\\/\\\/www.e2.law\\\/fr\\\/#website\",\"url\":\"https:\\\/\\\/www.e2.law\\\/fr\\\/\",\"name\":\"e2.law\",\"description\":\"A Business Law Firm\",\"publisher\":{\"@id\":\"https:\\\/\\\/www.e2.law\\\/fr\\\/#organization\"},\"potentialAction\":[{\"@type\":\"SearchAction\",\"target\":{\"@type\":\"EntryPoint\",\"urlTemplate\":\"https:\\\/\\\/www.e2.law\\\/fr\\\/?s={search_term_string}\"},\"query-input\":{\"@type\":\"PropertyValueSpecification\",\"valueRequired\":true,\"valueName\":\"search_term_string\"}}],\"inLanguage\":\"fr-FR\"},{\"@type\":\"Organization\",\"@id\":\"https:\\\/\\\/www.e2.law\\\/fr\\\/#organization\",\"name\":\"E2.law\",\"url\":\"https:\\\/\\\/www.e2.law\\\/fr\\\/\",\"logo\":{\"@type\":\"ImageObject\",\"inLanguage\":\"fr-FR\",\"@id\":\"https:\\\/\\\/www.e2.law\\\/fr\\\/#\\\/schema\\\/logo\\\/image\\\/\",\"url\":\"https:\\\/\\\/www.e2.law\\\/wp-content\\\/uploads\\\/2018\\\/12\\\/logo-2.png\",\"contentUrl\":\"https:\\\/\\\/www.e2.law\\\/wp-content\\\/uploads\\\/2018\\\/12\\\/logo-2.png\",\"width\":152,\"height\":40,\"caption\":\"E2.law\"},\"image\":{\"@id\":\"https:\\\/\\\/www.e2.law\\\/fr\\\/#\\\/schema\\\/logo\\\/image\\\/\"},\"sameAs\":[\"https:\\\/\\\/www.linkedin.com\\\/company\\\/e2.law\"]},{\"@type\":\"Person\",\"@id\":\"https:\\\/\\\/www.e2.law\\\/fr\\\/#\\\/schema\\\/person\\\/fc4936c485fc15b9d2be735eb6fa9080\",\"name\":\"Valentine Bonamis\",\"image\":{\"@type\":\"ImageObject\",\"inLanguage\":\"fr-FR\",\"@id\":\"https:\\\/\\\/www.e2.law\\\/wp-content\\\/uploads\\\/2021\\\/02\\\/6E22BF17-266E-4CB1-A676-FCE71D83B2A2_1_201_a-scaled-96x96.jpeg\",\"url\":\"https:\\\/\\\/www.e2.law\\\/wp-content\\\/uploads\\\/2021\\\/02\\\/6E22BF17-266E-4CB1-A676-FCE71D83B2A2_1_201_a-scaled-96x96.jpeg\",\"contentUrl\":\"https:\\\/\\\/www.e2.law\\\/wp-content\\\/uploads\\\/2021\\\/02\\\/6E22BF17-266E-4CB1-A676-FCE71D83B2A2_1_201_a-scaled-96x96.jpeg\",\"caption\":\"Valentine Bonamis\"},\"url\":\"https:\\\/\\\/www.e2.law\\\/fr\\\/author\\\/valentine-b\\\/\"}]}<\/script>\n<!-- \/ Yoast SEO plugin. -->","yoast_head_json":{"title":"Les membres d'une ASBL - e2.law","description":"L'ASBL est compos\u00e9e de membres qui, ensemble, forment l'assembl\u00e9e g\u00e9n\u00e9rale des membres.","robots":{"index":"index","follow":"follow","max-snippet":"max-snippet:-1","max-image-preview":"max-image-preview:large","max-video-preview":"max-video-preview:-1"},"canonical":"https:\/\/www.e2.law\/fr\/2023\/02\/21\/les-membres-dune-asbl\/","og_locale":"fr_FR","og_type":"article","og_title":"Les membres d'une ASBL - e2.law","og_description":"L'ASBL est compos\u00e9e de membres qui, ensemble, forment l'assembl\u00e9e g\u00e9n\u00e9rale des membres.","og_url":"https:\/\/www.e2.law\/fr\/2023\/02\/21\/les-membres-dune-asbl\/","og_site_name":"e2.law","article_published_time":"2023-02-21T12:44:39+00:00","article_modified_time":"2025-10-20T13:24:05+00:00","og_image":[{"width":800,"height":800,"url":"https:\/\/www.e2.law\/wp-content\/uploads\/2023\/02\/Assemble\u0301e_Ge\u0301ne\u0301rale_.png","type":"image\/png"}],"author":"Valentine Bonamis","twitter_card":"summary_large_image","twitter_misc":{"\u00c9crit par":"Valentine Bonamis","Dur\u00e9e de lecture estim\u00e9e":"6 minutes"},"schema":{"@context":"https:\/\/schema.org","@graph":[{"@type":"Article","@id":"https:\/\/www.e2.law\/fr\/2023\/02\/21\/les-membres-dune-asbl\/#article","isPartOf":{"@id":"https:\/\/www.e2.law\/fr\/2023\/02\/21\/les-membres-dune-asbl\/"},"author":{"name":"Valentine Bonamis","@id":"https:\/\/www.e2.law\/fr\/#\/schema\/person\/fc4936c485fc15b9d2be735eb6fa9080"},"headline":"Les membres d&#8217;une ASBL","datePublished":"2023-02-21T12:44:39+00:00","dateModified":"2025-10-20T13:24:05+00:00","mainEntityOfPage":{"@id":"https:\/\/www.e2.law\/fr\/2023\/02\/21\/les-membres-dune-asbl\/"},"wordCount":1738,"publisher":{"@id":"https:\/\/www.e2.law\/fr\/#organization"},"image":{"@id":"https:\/\/www.e2.law\/fr\/2023\/02\/21\/les-membres-dune-asbl\/#primaryimage"},"thumbnailUrl":"https:\/\/i0.wp.com\/www.e2.law\/wp-content\/uploads\/2023\/02\/Assemble%CC%81e_Ge%CC%81ne%CC%81rale_.png?fit=800%2C800&ssl=1","keywords":["Exercer une activit\u00e9 d\u00e9sint\u00e9ress\u00e9e"],"articleSection":["Non classifi\u00e9(e)"],"inLanguage":"fr-FR"},{"@type":"WebPage","@id":"https:\/\/www.e2.law\/fr\/2023\/02\/21\/les-membres-dune-asbl\/","url":"https:\/\/www.e2.law\/fr\/2023\/02\/21\/les-membres-dune-asbl\/","name":"Les membres d'une ASBL - e2.law","isPartOf":{"@id":"https:\/\/www.e2.law\/fr\/#website"},"primaryImageOfPage":{"@id":"https:\/\/www.e2.law\/fr\/2023\/02\/21\/les-membres-dune-asbl\/#primaryimage"},"image":{"@id":"https:\/\/www.e2.law\/fr\/2023\/02\/21\/les-membres-dune-asbl\/#primaryimage"},"thumbnailUrl":"https:\/\/i0.wp.com\/www.e2.law\/wp-content\/uploads\/2023\/02\/Assemble%CC%81e_Ge%CC%81ne%CC%81rale_.png?fit=800%2C800&ssl=1","datePublished":"2023-02-21T12:44:39+00:00","dateModified":"2025-10-20T13:24:05+00:00","description":"L'ASBL est compos\u00e9e de membres qui, ensemble, forment l'assembl\u00e9e g\u00e9n\u00e9rale des membres.","breadcrumb":{"@id":"https:\/\/www.e2.law\/fr\/2023\/02\/21\/les-membres-dune-asbl\/#breadcrumb"},"inLanguage":"fr-FR","potentialAction":[{"@type":"ReadAction","target":["https:\/\/www.e2.law\/fr\/2023\/02\/21\/les-membres-dune-asbl\/"]}]},{"@type":"ImageObject","inLanguage":"fr-FR","@id":"https:\/\/www.e2.law\/fr\/2023\/02\/21\/les-membres-dune-asbl\/#primaryimage","url":"https:\/\/i0.wp.com\/www.e2.law\/wp-content\/uploads\/2023\/02\/Assemble%CC%81e_Ge%CC%81ne%CC%81rale_.png?fit=800%2C800&ssl=1","contentUrl":"https:\/\/i0.wp.com\/www.e2.law\/wp-content\/uploads\/2023\/02\/Assemble%CC%81e_Ge%CC%81ne%CC%81rale_.png?fit=800%2C800&ssl=1","width":800,"height":800},{"@type":"BreadcrumbList","@id":"https:\/\/www.e2.law\/fr\/2023\/02\/21\/les-membres-dune-asbl\/#breadcrumb","itemListElement":[{"@type":"ListItem","position":1,"name":"Home","item":"https:\/\/www.e2.law\/fr\/home\/"},{"@type":"ListItem","position":2,"name":"Les membres d&#8217;une ASBL"}]},{"@type":"WebSite","@id":"https:\/\/www.e2.law\/fr\/#website","url":"https:\/\/www.e2.law\/fr\/","name":"e2.law","description":"A Business Law Firm","publisher":{"@id":"https:\/\/www.e2.law\/fr\/#organization"},"potentialAction":[{"@type":"SearchAction","target":{"@type":"EntryPoint","urlTemplate":"https:\/\/www.e2.law\/fr\/?s={search_term_string}"},"query-input":{"@type":"PropertyValueSpecification","valueRequired":true,"valueName":"search_term_string"}}],"inLanguage":"fr-FR"},{"@type":"Organization","@id":"https:\/\/www.e2.law\/fr\/#organization","name":"E2.law","url":"https:\/\/www.e2.law\/fr\/","logo":{"@type":"ImageObject","inLanguage":"fr-FR","@id":"https:\/\/www.e2.law\/fr\/#\/schema\/logo\/image\/","url":"https:\/\/www.e2.law\/wp-content\/uploads\/2018\/12\/logo-2.png","contentUrl":"https:\/\/www.e2.law\/wp-content\/uploads\/2018\/12\/logo-2.png","width":152,"height":40,"caption":"E2.law"},"image":{"@id":"https:\/\/www.e2.law\/fr\/#\/schema\/logo\/image\/"},"sameAs":["https:\/\/www.linkedin.com\/company\/e2.law"]},{"@type":"Person","@id":"https:\/\/www.e2.law\/fr\/#\/schema\/person\/fc4936c485fc15b9d2be735eb6fa9080","name":"Valentine Bonamis","image":{"@type":"ImageObject","inLanguage":"fr-FR","@id":"https:\/\/www.e2.law\/wp-content\/uploads\/2021\/02\/6E22BF17-266E-4CB1-A676-FCE71D83B2A2_1_201_a-scaled-96x96.jpeg","url":"https:\/\/www.e2.law\/wp-content\/uploads\/2021\/02\/6E22BF17-266E-4CB1-A676-FCE71D83B2A2_1_201_a-scaled-96x96.jpeg","contentUrl":"https:\/\/www.e2.law\/wp-content\/uploads\/2021\/02\/6E22BF17-266E-4CB1-A676-FCE71D83B2A2_1_201_a-scaled-96x96.jpeg","caption":"Valentine Bonamis"},"url":"https:\/\/www.e2.law\/fr\/author\/valentine-b\/"}]}},"jetpack_featured_media_url":"https:\/\/i0.wp.com\/www.e2.law\/wp-content\/uploads\/2023\/02\/Assemble%CC%81e_Ge%CC%81ne%CC%81rale_.png?fit=800%2C800&ssl=1","jetpack_sharing_enabled":true,"_links":{"self":[{"href":"https:\/\/www.e2.law\/fr\/wp-json\/wp\/v2\/posts\/43946","targetHints":{"allow":["GET"]}}],"collection":[{"href":"https:\/\/www.e2.law\/fr\/wp-json\/wp\/v2\/posts"}],"about":[{"href":"https:\/\/www.e2.law\/fr\/wp-json\/wp\/v2\/types\/post"}],"author":[{"embeddable":true,"href":"https:\/\/www.e2.law\/fr\/wp-json\/wp\/v2\/users\/164"}],"replies":[{"embeddable":true,"href":"https:\/\/www.e2.law\/fr\/wp-json\/wp\/v2\/comments?post=43946"}],"version-history":[{"count":4,"href":"https:\/\/www.e2.law\/fr\/wp-json\/wp\/v2\/posts\/43946\/revisions"}],"predecessor-version":[{"id":43979,"href":"https:\/\/www.e2.law\/fr\/wp-json\/wp\/v2\/posts\/43946\/revisions\/43979"}],"wp:featuredmedia":[{"embeddable":true,"href":"https:\/\/www.e2.law\/fr\/wp-json\/wp\/v2\/media\/43972"}],"wp:attachment":[{"href":"https:\/\/www.e2.law\/fr\/wp-json\/wp\/v2\/media?parent=43946"}],"wp:term":[{"taxonomy":"category","embeddable":true,"href":"https:\/\/www.e2.law\/fr\/wp-json\/wp\/v2\/categories?post=43946"},{"taxonomy":"post_tag","embeddable":true,"href":"https:\/\/www.e2.law\/fr\/wp-json\/wp\/v2\/tags?post=43946"}],"curies":[{"name":"wp","href":"https:\/\/api.w.org\/{rel}","templated":true}]}}