{"id":43984,"date":"2023-02-21T17:53:01","date_gmt":"2023-02-21T15:53:01","guid":{"rendered":"https:\/\/www.e2.law\/?p=43984"},"modified":"2025-10-20T15:24:04","modified_gmt":"2025-10-20T13:24:04","slug":"lassemblee-generale-de-lasbl","status":"publish","type":"post","link":"https:\/\/www.e2.law\/fr\/2023\/02\/21\/lassemblee-generale-de-lasbl\/","title":{"rendered":"L&#8217;assembl\u00e9e g\u00e9n\u00e9rale de l&#8217;ASBL"},"content":{"rendered":"<div class=\"fusion-fullwidth fullwidth-box fusion-builder-row-1 fusion-flex-container nonhundred-percent-fullwidth non-hundred-percent-height-scrolling\" style=\"--awb-border-radius-top-left:0px;--awb-border-radius-top-right:0px;--awb-border-radius-bottom-right:0px;--awb-border-radius-bottom-left:0px;--awb-flex-wrap:wrap;\" ><div class=\"fusion-builder-row fusion-row fusion-flex-align-items-flex-start fusion-flex-content-wrap\" style=\"max-width:1144px;margin-left: calc(-4% \/ 2 );margin-right: calc(-4% \/ 2 );\"><div class=\"fusion-layout-column fusion_builder_column fusion-builder-column-0 fusion_builder_column_1_1 1_1 fusion-flex-column\" style=\"--awb-bg-size:cover;--awb-width-large:100%;--awb-margin-top-large:0px;--awb-spacing-right-large:1.92%;--awb-margin-bottom-large:0px;--awb-spacing-left-large:1.92%;--awb-width-medium:100%;--awb-spacing-right-medium:1.92%;--awb-spacing-left-medium:1.92%;--awb-width-small:100%;--awb-spacing-right-small:1.92%;--awb-spacing-left-small:1.92%;\"><div class=\"fusion-column-wrapper fusion-flex-justify-content-flex-start fusion-content-layout-column\"><div class=\"fusion-text fusion-text-1\"><p>L&#8217;assembl\u00e9e g\u00e9n\u00e9rale d&#8217;une ASBL est compos\u00e9e de ses <a href=\"https:\/\/www.e2.law\/fr\/2023\/02\/21\/les-membres-dune-asbl\/\">membres effectifs<\/a>. C&#8217;est elle qui d\u00e9termine le cadre g\u00e9n\u00e9ral des activit\u00e9s de l&#8217;ASBL qui seront ensuite mises en oeuvre par le Conseil d&#8217;administration.<\/p>\n<\/div><div class=\"accordian fusion-accordian\" style=\"--awb-border-size:1px;--awb-icon-size:13px;--awb-content-font-size:16px;--awb-icon-alignment:left;--awb-hover-color:#f9f9f9;--awb-border-color:#cccccc;--awb-background-color:#ffffff;--awb-divider-color:#e0dede;--awb-divider-hover-color:#e0dede;--awb-icon-color:#ffffff;--awb-title-color:#333333;--awb-content-color:#747474;--awb-icon-box-color:#333333;--awb-toggle-hover-accent-color:#0da74c;--awb-title-font-family:&quot;Roboto Slab&quot;;--awb-title-font-weight:300;--awb-title-font-style:normal;--awb-title-font-size:14px;--awb-content-font-family:&quot;PT Sans&quot;;--awb-content-font-style:normal;--awb-content-font-weight:400;\"><div class=\"panel-group fusion-toggle-icon-boxed\" id=\"accordion-43984-1\"><div class=\"fusion-panel panel-default panel-2fe998b0b898c5b32 fusion-toggle-has-divider\" style=\"--awb-title-color:#333333;--awb-content-color:#747474;\"><div class=\"panel-heading\"><h4 class=\"panel-title toggle\" id=\"toggle_2fe998b0b898c5b32\"><a aria-expanded=\"false\" aria-controls=\"2fe998b0b898c5b32\" role=\"button\" data-toggle=\"collapse\" data-parent=\"#accordion-43984-1\" data-target=\"#2fe998b0b898c5b32\" href=\"#2fe998b0b898c5b32\"><span class=\"fusion-toggle-icon-wrapper\" aria-hidden=\"true\"><i class=\"fa-fusion-box active-icon awb-icon-minus\" aria-hidden=\"true\"><\/i><i class=\"fa-fusion-box inactive-icon awb-icon-plus\" aria-hidden=\"true\"><\/i><\/span><span class=\"fusion-toggle-heading\">Composition<\/span><\/a><\/h4><\/div><div id=\"2fe998b0b898c5b32\" class=\"panel-collapse collapse \" aria-labelledby=\"toggle_2fe998b0b898c5b32\"><div class=\"panel-body toggle-content fusion-clearfix\">\n<h2>Composition<\/h2>\n<p>L&#8217;assembl\u00e9e g\u00e9n\u00e9rale <strong>se compose des membres<\/strong> de l&#8217;ASBL.<\/p>\n<p>Avant chaque r\u00e9union de l&#8217;assembl\u00e9e g\u00e9n\u00e9rale, tous les membres sont convoqu\u00e9s dans les r\u00e8gles \u00e9tablies par la loi.<\/p>\n<p>Les membres qui sont absents le jour de l&#8217;assembl\u00e9e g\u00e9n\u00e9rale peuvent se faire repr\u00e9senter par un mandant, un autre membre ou un tiers si les statuts l&#8217;autorisent. Le membre absent donne procuration \u00e0 un mandant de voter conform\u00e9ment \u00e0 ses instructions.<\/p>\n<\/div><\/div><\/div><div class=\"fusion-panel panel-default panel-9a3ab9841c5b33af0 fusion-toggle-has-divider\" style=\"--awb-title-color:#333333;--awb-content-color:#747474;\"><div class=\"panel-heading\"><h4 class=\"panel-title toggle\" id=\"toggle_9a3ab9841c5b33af0\"><a aria-expanded=\"false\" aria-controls=\"9a3ab9841c5b33af0\" role=\"button\" data-toggle=\"collapse\" data-parent=\"#accordion-43984-1\" data-target=\"#9a3ab9841c5b33af0\" href=\"#9a3ab9841c5b33af0\"><span class=\"fusion-toggle-icon-wrapper\" aria-hidden=\"true\"><i class=\"fa-fusion-box active-icon awb-icon-minus\" aria-hidden=\"true\"><\/i><i class=\"fa-fusion-box inactive-icon awb-icon-plus\" aria-hidden=\"true\"><\/i><\/span><span class=\"fusion-toggle-heading\">Comp\u00e9tences<\/span><\/a><\/h4><\/div><div id=\"9a3ab9841c5b33af0\" class=\"panel-collapse collapse \" aria-labelledby=\"toggle_9a3ab9841c5b33af0\"><div class=\"panel-body toggle-content fusion-clearfix\">\n<h2>Comp\u00e9tences<\/h2>\n<p>Les comp\u00e9tences de l&#8217;assembl\u00e9e g\u00e9n\u00e9rale sont celles qui lui sont d\u00e9volues par la loi et celles qui lui sont express\u00e9ment attribu\u00e9es par les statuts.<\/p>\n<p>La loi lui confie les comp\u00e9tences suivantes :<\/p>\n<ul>\n<li>la modification des statuts;<\/li>\n<li>la nomination et la r\u00e9vocation des administrateurs et la fixation de leur r\u00e9mun\u00e9ration dans les cas o\u00f9 une r\u00e9mun\u00e9ration leur est attribu\u00e9e;<\/li>\n<li>la nomination et la r\u00e9vocation du commissaire et la fixation de sa r\u00e9mun\u00e9ration;<\/li>\n<li>la d\u00e9charge \u00e0 octroyer aux administrateurs et au commissaire, ainsi que, le cas \u00e9ch\u00e9ant, l&#8217;introduction d&#8217;une action de l&#8217;association contre les administrateurs et les commissaires;<\/li>\n<li>l&#8217;approbation des comptes annuels et du budget;<\/li>\n<li>la dissolution de l&#8217;association;<\/li>\n<li>l&#8217;exclusion d&#8217;un membre;<\/li>\n<li>la transformation de l&#8217;ASBL en AISBL, en soci\u00e9t\u00e9 coop\u00e9rative agr\u00e9\u00e9e comme entreprise sociale et en soci\u00e9t\u00e9 coop\u00e9rative entreprise sociale agr\u00e9\u00e9e;<\/li>\n<li>effectuer ou accepter l&#8217;apport \u00e0 titre gratuit d&#8217;une universalit\u00e9;<\/li>\n<li>tous les autres cas o\u00f9 la loi ou les statuts l&#8217;exigent [1].<\/li>\n<\/ul>\n<p>_____________<\/p>\n[1] <a href=\"https:\/\/www.ejustice.just.fgov.be\/cgi_loi\/loi_a1.pl?language=fr&amp;la=F&amp;table_name=loi&amp;cn=2019032309&amp;&amp;caller=list&amp;F&amp;fromtab=loi&amp;tri=dd+AS+RANK&amp;rech=1&amp;numero=1&amp;sql=(text+contains+(%27%27))#Art.9:12\">Article 9:12, CSA<\/a><\/p>\n<\/div><\/div><\/div><div class=\"fusion-panel panel-default panel-ecfc8f4c96eaf17cc fusion-toggle-has-divider\" style=\"--awb-title-color:#333333;--awb-content-color:#747474;\"><div class=\"panel-heading\"><h4 class=\"panel-title toggle\" id=\"toggle_ecfc8f4c96eaf17cc\"><a aria-expanded=\"false\" aria-controls=\"ecfc8f4c96eaf17cc\" role=\"button\" data-toggle=\"collapse\" data-parent=\"#accordion-43984-1\" data-target=\"#ecfc8f4c96eaf17cc\" href=\"#ecfc8f4c96eaf17cc\"><span class=\"fusion-toggle-icon-wrapper\" aria-hidden=\"true\"><i class=\"fa-fusion-box active-icon awb-icon-minus\" aria-hidden=\"true\"><\/i><i class=\"fa-fusion-box inactive-icon awb-icon-plus\" aria-hidden=\"true\"><\/i><\/span><span class=\"fusion-toggle-heading\">Convocation<\/span><\/a><\/h4><\/div><div id=\"ecfc8f4c96eaf17cc\" class=\"panel-collapse collapse \" aria-labelledby=\"toggle_ecfc8f4c96eaf17cc\"><div class=\"panel-body toggle-content fusion-clearfix\">\n<h2>Convocation<\/h2>\n<p>L&#8217;assembl\u00e9e g\u00e9n\u00e9rale est convoqu\u00e9e :<\/p>\n<ul>\n<li>chaque ann\u00e9e, au plus tard dans les six mois de la cl\u00f4ture de l&#8217;exercice sociale pour approuver les comptes annuels ;<\/li>\n<li>chaque fois qu&#8217;au moins 1\/5e des membres en font la demande ;<\/li>\n<li>chaque fois qu&#8217;une des comp\u00e9tences qui lui sont r\u00e9serv\u00e9es doit \u00eatre exerc\u00e9e ;<\/li>\n<li>quand le commissaire la convoque (si applicable).<\/li>\n<\/ul>\n<p>Les membres et les administrateurs sont convoqu\u00e9s \u00e0 l&#8217;assembl\u00e9e g\u00e9n\u00e9rale par le conseil d&#8217;administration lui-m\u00eame au moins 15 jours avant la date de celle-ci. Si les statuts le pr\u00e9voient, les membres adh\u00e9rents peuvent \u00eatre invist\u00e9s \u00e0 assiter \u00e0 l&#8217;assembl\u00e9e g\u00e9n\u00e9rale \u00e9galement.<\/p>\n<p><em>Pour de plus amples informations sur les formalit\u00e9s de convocation de l&#8217;assembl\u00e9e g\u00e9n\u00e9rale, nous vous invitons \u00e0 consulter <a href=\"https:\/\/www.e2.law\/fr\/2021\/05\/21\/la-convocation-de-lassemblee-generale-dune-asbl\/\">notre article d\u00e9di\u00e9<\/a>.<\/em><\/p>\n<\/div><\/div><\/div><div class=\"fusion-panel panel-default panel-ed32a3f14636514bb fusion-toggle-has-divider\" style=\"--awb-title-color:#333333;--awb-content-color:#747474;\"><div class=\"panel-heading\"><h4 class=\"panel-title toggle\" id=\"toggle_ed32a3f14636514bb\"><a aria-expanded=\"false\" aria-controls=\"ed32a3f14636514bb\" role=\"button\" data-toggle=\"collapse\" data-parent=\"#accordion-43984-1\" data-target=\"#ed32a3f14636514bb\" href=\"#ed32a3f14636514bb\"><span class=\"fusion-toggle-icon-wrapper\" aria-hidden=\"true\"><i class=\"fa-fusion-box active-icon awb-icon-minus\" aria-hidden=\"true\"><\/i><i class=\"fa-fusion-box inactive-icon awb-icon-plus\" aria-hidden=\"true\"><\/i><\/span><span class=\"fusion-toggle-heading\">Majorit\u00e9s n\u00e9cessaires<\/span><\/a><\/h4><\/div><div id=\"ed32a3f14636514bb\" class=\"panel-collapse collapse \" aria-labelledby=\"toggle_ed32a3f14636514bb\"><div class=\"panel-body toggle-content fusion-clearfix\">\n<h2>Majorit\u00e9s n\u00e9cessaires<\/h2>\n<p>A d\u00e9faut de disposition statutaire contraire, chaque membre dispose d&#8217;une voix [1].<\/p>\n<p>Lors des <strong>assembl\u00e9es dites &#8220;ordinaires<\/strong>&#8220;, c&#8217;est-\u00e0-dire les assembl\u00e9es g\u00e9n\u00e9rales annuelles lors desquelles sont approuv\u00e9s les comptes annuels, les d\u00e9cisions sont prises \u00e0 la majorit\u00e9 absolue, sauf dans les cas o\u00f9 les statuts pr\u00e9voient des majorit\u00e9s plus strictes.<\/p>\n<p>Lors des <strong>assembl\u00e9es dites &#8220;extraordinaires&#8221;<\/strong>, les d\u00e9cisions sont soit prises \u00e0 la majorit\u00e9 des 2\/3, soit des 4\/5e des voix, voir parfois \u00e0 l&#8217;unanimit\u00e9, en fonction de la d\u00e9cision vot\u00e9e. Les quorums de pr\u00e9sence sont \u00e9galement plus strictes que lors des assembl\u00e9es ordinaires.<\/p>\n<p>_________<\/p>\n[1] <a href=\"https:\/\/www.ejustice.just.fgov.be\/cgi_loi\/loi_a1.pl?language=fr&amp;la=F&amp;cn=2019032309&amp;table_name=loi&amp;&amp;caller=list&amp;F&amp;fromtab=loi&amp;tri=dd+AS+RANK&amp;rech=1&amp;numero=1&amp;sql=(text+contains+(%27%27))#Art.9:17\">Article 9:17, CSA<\/a><\/p>\n<\/div><\/div><\/div><\/div><\/div><\/div><\/div><\/div><\/div>\n","protected":false},"excerpt":{"rendered":"","protected":false},"author":164,"featured_media":43972,"comment_status":"closed","ping_status":"open","sticky":false,"template":"","format":"standard","meta":{"_acf_changed":false,"_jetpack_memberships_contains_paid_content":false,"footnotes":""},"categories":[141],"tags":[774,776,1231],"class_list":["post-43984","post","type-post","status-publish","format-standard","has-post-thumbnail","hentry","category-non-classifiee","tag-assemblee-generale-fr","tag-asbl-fr","tag-non-marchand"],"acf":[],"yoast_head":"<!-- This site is optimized with the Yoast SEO plugin v27.5 - https:\/\/yoast.com\/product\/yoast-seo-wordpress\/ -->\n<title>L&#039;assembl\u00e9e g\u00e9n\u00e9rale de l&#039;ASBL - e2.law<\/title>\n<meta name=\"description\" content=\"L&#039;assembl\u00e9e g\u00e9n\u00e9rale d&#039;une ASBL est compos\u00e9e de ses membres effectifs. C&#039;est elle qui d\u00e9termine le cadre g\u00e9n\u00e9ral des activit\u00e9s de l&#039;ASBL qui seront ensuite mises en oeuvre par le Conseil d&#039;administration.\" \/>\n<meta name=\"robots\" content=\"index, follow, max-snippet:-1, max-image-preview:large, max-video-preview:-1\" \/>\n<link rel=\"canonical\" href=\"https:\/\/www.e2.law\/fr\/2023\/02\/21\/lassemblee-generale-de-lasbl\/\" \/>\n<meta property=\"og:locale\" content=\"fr_FR\" \/>\n<meta property=\"og:type\" content=\"article\" \/>\n<meta property=\"og:title\" content=\"L&#039;assembl\u00e9e g\u00e9n\u00e9rale de l&#039;ASBL - e2.law\" \/>\n<meta property=\"og:description\" content=\"L&#039;assembl\u00e9e g\u00e9n\u00e9rale d&#039;une ASBL est compos\u00e9e de ses membres effectifs. C&#039;est elle qui d\u00e9termine le cadre g\u00e9n\u00e9ral des activit\u00e9s de l&#039;ASBL qui seront ensuite mises en oeuvre par le Conseil d&#039;administration.\" \/>\n<meta property=\"og:url\" content=\"https:\/\/www.e2.law\/fr\/2023\/02\/21\/lassemblee-generale-de-lasbl\/\" \/>\n<meta property=\"og:site_name\" content=\"e2.law\" \/>\n<meta property=\"article:published_time\" content=\"2023-02-21T15:53:01+00:00\" \/>\n<meta property=\"article:modified_time\" content=\"2025-10-20T13:24:04+00:00\" \/>\n<meta property=\"og:image\" content=\"https:\/\/www.e2.law\/wp-content\/uploads\/2023\/02\/Assemble\u0301e_Ge\u0301ne\u0301rale_.png\" \/>\n\t<meta property=\"og:image:width\" content=\"800\" \/>\n\t<meta property=\"og:image:height\" content=\"800\" \/>\n\t<meta property=\"og:image:type\" content=\"image\/png\" \/>\n<meta name=\"author\" content=\"Valentine Bonamis\" \/>\n<meta name=\"twitter:card\" content=\"summary_large_image\" \/>\n<meta name=\"twitter:label1\" content=\"\u00c9crit par\" \/>\n\t<meta name=\"twitter:data1\" content=\"Valentine Bonamis\" \/>\n\t<meta name=\"twitter:label2\" content=\"Dur\u00e9e de lecture estim\u00e9e\" \/>\n\t<meta name=\"twitter:data2\" content=\"3 minutes\" \/>\n<script type=\"application\/ld+json\" class=\"yoast-schema-graph\">{\"@context\":\"https:\\\/\\\/schema.org\",\"@graph\":[{\"@type\":\"Article\",\"@id\":\"https:\\\/\\\/www.e2.law\\\/fr\\\/2023\\\/02\\\/21\\\/lassemblee-generale-de-lasbl\\\/#article\",\"isPartOf\":{\"@id\":\"https:\\\/\\\/www.e2.law\\\/fr\\\/2023\\\/02\\\/21\\\/lassemblee-generale-de-lasbl\\\/\"},\"author\":{\"name\":\"Valentine Bonamis\",\"@id\":\"https:\\\/\\\/www.e2.law\\\/fr\\\/#\\\/schema\\\/person\\\/fc4936c485fc15b9d2be735eb6fa9080\"},\"headline\":\"L&#8217;assembl\u00e9e g\u00e9n\u00e9rale de l&#8217;ASBL\",\"datePublished\":\"2023-02-21T15:53:01+00:00\",\"dateModified\":\"2025-10-20T13:24:04+00:00\",\"mainEntityOfPage\":{\"@id\":\"https:\\\/\\\/www.e2.law\\\/fr\\\/2023\\\/02\\\/21\\\/lassemblee-generale-de-lasbl\\\/\"},\"wordCount\":1078,\"publisher\":{\"@id\":\"https:\\\/\\\/www.e2.law\\\/fr\\\/#organization\"},\"image\":{\"@id\":\"https:\\\/\\\/www.e2.law\\\/fr\\\/2023\\\/02\\\/21\\\/lassemblee-generale-de-lasbl\\\/#primaryimage\"},\"thumbnailUrl\":\"https:\\\/\\\/i0.wp.com\\\/www.e2.law\\\/wp-content\\\/uploads\\\/2023\\\/02\\\/Assemble%CC%81e_Ge%CC%81ne%CC%81rale_.png?fit=800%2C800&ssl=1\",\"keywords\":[\"assembl\u00e9e g\u00e9n\u00e9rale\",\"asbl\",\"Exercer une activit\u00e9 d\u00e9sint\u00e9ress\u00e9e\"],\"articleSection\":[\"Non classifi\u00e9(e)\"],\"inLanguage\":\"fr-FR\"},{\"@type\":\"WebPage\",\"@id\":\"https:\\\/\\\/www.e2.law\\\/fr\\\/2023\\\/02\\\/21\\\/lassemblee-generale-de-lasbl\\\/\",\"url\":\"https:\\\/\\\/www.e2.law\\\/fr\\\/2023\\\/02\\\/21\\\/lassemblee-generale-de-lasbl\\\/\",\"name\":\"L'assembl\u00e9e g\u00e9n\u00e9rale de l'ASBL - e2.law\",\"isPartOf\":{\"@id\":\"https:\\\/\\\/www.e2.law\\\/fr\\\/#website\"},\"primaryImageOfPage\":{\"@id\":\"https:\\\/\\\/www.e2.law\\\/fr\\\/2023\\\/02\\\/21\\\/lassemblee-generale-de-lasbl\\\/#primaryimage\"},\"image\":{\"@id\":\"https:\\\/\\\/www.e2.law\\\/fr\\\/2023\\\/02\\\/21\\\/lassemblee-generale-de-lasbl\\\/#primaryimage\"},\"thumbnailUrl\":\"https:\\\/\\\/i0.wp.com\\\/www.e2.law\\\/wp-content\\\/uploads\\\/2023\\\/02\\\/Assemble%CC%81e_Ge%CC%81ne%CC%81rale_.png?fit=800%2C800&ssl=1\",\"datePublished\":\"2023-02-21T15:53:01+00:00\",\"dateModified\":\"2025-10-20T13:24:04+00:00\",\"description\":\"L'assembl\u00e9e g\u00e9n\u00e9rale d'une ASBL est compos\u00e9e de ses membres effectifs. C'est elle qui d\u00e9termine le cadre g\u00e9n\u00e9ral des activit\u00e9s de l'ASBL qui seront ensuite mises en oeuvre par le Conseil d'administration.\",\"breadcrumb\":{\"@id\":\"https:\\\/\\\/www.e2.law\\\/fr\\\/2023\\\/02\\\/21\\\/lassemblee-generale-de-lasbl\\\/#breadcrumb\"},\"inLanguage\":\"fr-FR\",\"potentialAction\":[{\"@type\":\"ReadAction\",\"target\":[\"https:\\\/\\\/www.e2.law\\\/fr\\\/2023\\\/02\\\/21\\\/lassemblee-generale-de-lasbl\\\/\"]}]},{\"@type\":\"ImageObject\",\"inLanguage\":\"fr-FR\",\"@id\":\"https:\\\/\\\/www.e2.law\\\/fr\\\/2023\\\/02\\\/21\\\/lassemblee-generale-de-lasbl\\\/#primaryimage\",\"url\":\"https:\\\/\\\/i0.wp.com\\\/www.e2.law\\\/wp-content\\\/uploads\\\/2023\\\/02\\\/Assemble%CC%81e_Ge%CC%81ne%CC%81rale_.png?fit=800%2C800&ssl=1\",\"contentUrl\":\"https:\\\/\\\/i0.wp.com\\\/www.e2.law\\\/wp-content\\\/uploads\\\/2023\\\/02\\\/Assemble%CC%81e_Ge%CC%81ne%CC%81rale_.png?fit=800%2C800&ssl=1\",\"width\":800,\"height\":800},{\"@type\":\"BreadcrumbList\",\"@id\":\"https:\\\/\\\/www.e2.law\\\/fr\\\/2023\\\/02\\\/21\\\/lassemblee-generale-de-lasbl\\\/#breadcrumb\",\"itemListElement\":[{\"@type\":\"ListItem\",\"position\":1,\"name\":\"Home\",\"item\":\"https:\\\/\\\/www.e2.law\\\/fr\\\/home\\\/\"},{\"@type\":\"ListItem\",\"position\":2,\"name\":\"L&#8217;assembl\u00e9e g\u00e9n\u00e9rale de l&#8217;ASBL\"}]},{\"@type\":\"WebSite\",\"@id\":\"https:\\\/\\\/www.e2.law\\\/fr\\\/#website\",\"url\":\"https:\\\/\\\/www.e2.law\\\/fr\\\/\",\"name\":\"e2.law\",\"description\":\"A Business Law Firm\",\"publisher\":{\"@id\":\"https:\\\/\\\/www.e2.law\\\/fr\\\/#organization\"},\"potentialAction\":[{\"@type\":\"SearchAction\",\"target\":{\"@type\":\"EntryPoint\",\"urlTemplate\":\"https:\\\/\\\/www.e2.law\\\/fr\\\/?s={search_term_string}\"},\"query-input\":{\"@type\":\"PropertyValueSpecification\",\"valueRequired\":true,\"valueName\":\"search_term_string\"}}],\"inLanguage\":\"fr-FR\"},{\"@type\":\"Organization\",\"@id\":\"https:\\\/\\\/www.e2.law\\\/fr\\\/#organization\",\"name\":\"E2.law\",\"url\":\"https:\\\/\\\/www.e2.law\\\/fr\\\/\",\"logo\":{\"@type\":\"ImageObject\",\"inLanguage\":\"fr-FR\",\"@id\":\"https:\\\/\\\/www.e2.law\\\/fr\\\/#\\\/schema\\\/logo\\\/image\\\/\",\"url\":\"https:\\\/\\\/www.e2.law\\\/wp-content\\\/uploads\\\/2018\\\/12\\\/logo-2.png\",\"contentUrl\":\"https:\\\/\\\/www.e2.law\\\/wp-content\\\/uploads\\\/2018\\\/12\\\/logo-2.png\",\"width\":152,\"height\":40,\"caption\":\"E2.law\"},\"image\":{\"@id\":\"https:\\\/\\\/www.e2.law\\\/fr\\\/#\\\/schema\\\/logo\\\/image\\\/\"},\"sameAs\":[\"https:\\\/\\\/www.linkedin.com\\\/company\\\/e2.law\"]},{\"@type\":\"Person\",\"@id\":\"https:\\\/\\\/www.e2.law\\\/fr\\\/#\\\/schema\\\/person\\\/fc4936c485fc15b9d2be735eb6fa9080\",\"name\":\"Valentine Bonamis\",\"image\":{\"@type\":\"ImageObject\",\"inLanguage\":\"fr-FR\",\"@id\":\"https:\\\/\\\/www.e2.law\\\/wp-content\\\/uploads\\\/2021\\\/02\\\/6E22BF17-266E-4CB1-A676-FCE71D83B2A2_1_201_a-scaled-96x96.jpeg\",\"url\":\"https:\\\/\\\/www.e2.law\\\/wp-content\\\/uploads\\\/2021\\\/02\\\/6E22BF17-266E-4CB1-A676-FCE71D83B2A2_1_201_a-scaled-96x96.jpeg\",\"contentUrl\":\"https:\\\/\\\/www.e2.law\\\/wp-content\\\/uploads\\\/2021\\\/02\\\/6E22BF17-266E-4CB1-A676-FCE71D83B2A2_1_201_a-scaled-96x96.jpeg\",\"caption\":\"Valentine Bonamis\"},\"url\":\"https:\\\/\\\/www.e2.law\\\/fr\\\/author\\\/valentine-b\\\/\"}]}<\/script>\n<!-- \/ Yoast SEO plugin. -->","yoast_head_json":{"title":"L'assembl\u00e9e g\u00e9n\u00e9rale de l'ASBL - e2.law","description":"L'assembl\u00e9e g\u00e9n\u00e9rale d'une ASBL est compos\u00e9e de ses membres effectifs. C'est elle qui d\u00e9termine le cadre g\u00e9n\u00e9ral des activit\u00e9s de l'ASBL qui seront ensuite mises en oeuvre par le Conseil d'administration.","robots":{"index":"index","follow":"follow","max-snippet":"max-snippet:-1","max-image-preview":"max-image-preview:large","max-video-preview":"max-video-preview:-1"},"canonical":"https:\/\/www.e2.law\/fr\/2023\/02\/21\/lassemblee-generale-de-lasbl\/","og_locale":"fr_FR","og_type":"article","og_title":"L'assembl\u00e9e g\u00e9n\u00e9rale de l'ASBL - e2.law","og_description":"L'assembl\u00e9e g\u00e9n\u00e9rale d'une ASBL est compos\u00e9e de ses membres effectifs. C'est elle qui d\u00e9termine le cadre g\u00e9n\u00e9ral des activit\u00e9s de l'ASBL qui seront ensuite mises en oeuvre par le Conseil d'administration.","og_url":"https:\/\/www.e2.law\/fr\/2023\/02\/21\/lassemblee-generale-de-lasbl\/","og_site_name":"e2.law","article_published_time":"2023-02-21T15:53:01+00:00","article_modified_time":"2025-10-20T13:24:04+00:00","og_image":[{"width":800,"height":800,"url":"https:\/\/www.e2.law\/wp-content\/uploads\/2023\/02\/Assemble\u0301e_Ge\u0301ne\u0301rale_.png","type":"image\/png"}],"author":"Valentine Bonamis","twitter_card":"summary_large_image","twitter_misc":{"\u00c9crit par":"Valentine Bonamis","Dur\u00e9e de lecture estim\u00e9e":"3 minutes"},"schema":{"@context":"https:\/\/schema.org","@graph":[{"@type":"Article","@id":"https:\/\/www.e2.law\/fr\/2023\/02\/21\/lassemblee-generale-de-lasbl\/#article","isPartOf":{"@id":"https:\/\/www.e2.law\/fr\/2023\/02\/21\/lassemblee-generale-de-lasbl\/"},"author":{"name":"Valentine Bonamis","@id":"https:\/\/www.e2.law\/fr\/#\/schema\/person\/fc4936c485fc15b9d2be735eb6fa9080"},"headline":"L&#8217;assembl\u00e9e g\u00e9n\u00e9rale de l&#8217;ASBL","datePublished":"2023-02-21T15:53:01+00:00","dateModified":"2025-10-20T13:24:04+00:00","mainEntityOfPage":{"@id":"https:\/\/www.e2.law\/fr\/2023\/02\/21\/lassemblee-generale-de-lasbl\/"},"wordCount":1078,"publisher":{"@id":"https:\/\/www.e2.law\/fr\/#organization"},"image":{"@id":"https:\/\/www.e2.law\/fr\/2023\/02\/21\/lassemblee-generale-de-lasbl\/#primaryimage"},"thumbnailUrl":"https:\/\/i0.wp.com\/www.e2.law\/wp-content\/uploads\/2023\/02\/Assemble%CC%81e_Ge%CC%81ne%CC%81rale_.png?fit=800%2C800&ssl=1","keywords":["assembl\u00e9e g\u00e9n\u00e9rale","asbl","Exercer une activit\u00e9 d\u00e9sint\u00e9ress\u00e9e"],"articleSection":["Non classifi\u00e9(e)"],"inLanguage":"fr-FR"},{"@type":"WebPage","@id":"https:\/\/www.e2.law\/fr\/2023\/02\/21\/lassemblee-generale-de-lasbl\/","url":"https:\/\/www.e2.law\/fr\/2023\/02\/21\/lassemblee-generale-de-lasbl\/","name":"L'assembl\u00e9e g\u00e9n\u00e9rale de l'ASBL - e2.law","isPartOf":{"@id":"https:\/\/www.e2.law\/fr\/#website"},"primaryImageOfPage":{"@id":"https:\/\/www.e2.law\/fr\/2023\/02\/21\/lassemblee-generale-de-lasbl\/#primaryimage"},"image":{"@id":"https:\/\/www.e2.law\/fr\/2023\/02\/21\/lassemblee-generale-de-lasbl\/#primaryimage"},"thumbnailUrl":"https:\/\/i0.wp.com\/www.e2.law\/wp-content\/uploads\/2023\/02\/Assemble%CC%81e_Ge%CC%81ne%CC%81rale_.png?fit=800%2C800&ssl=1","datePublished":"2023-02-21T15:53:01+00:00","dateModified":"2025-10-20T13:24:04+00:00","description":"L'assembl\u00e9e g\u00e9n\u00e9rale d'une ASBL est compos\u00e9e de ses membres effectifs. C'est elle qui d\u00e9termine le cadre g\u00e9n\u00e9ral des activit\u00e9s de l'ASBL qui seront ensuite mises en oeuvre par le Conseil d'administration.","breadcrumb":{"@id":"https:\/\/www.e2.law\/fr\/2023\/02\/21\/lassemblee-generale-de-lasbl\/#breadcrumb"},"inLanguage":"fr-FR","potentialAction":[{"@type":"ReadAction","target":["https:\/\/www.e2.law\/fr\/2023\/02\/21\/lassemblee-generale-de-lasbl\/"]}]},{"@type":"ImageObject","inLanguage":"fr-FR","@id":"https:\/\/www.e2.law\/fr\/2023\/02\/21\/lassemblee-generale-de-lasbl\/#primaryimage","url":"https:\/\/i0.wp.com\/www.e2.law\/wp-content\/uploads\/2023\/02\/Assemble%CC%81e_Ge%CC%81ne%CC%81rale_.png?fit=800%2C800&ssl=1","contentUrl":"https:\/\/i0.wp.com\/www.e2.law\/wp-content\/uploads\/2023\/02\/Assemble%CC%81e_Ge%CC%81ne%CC%81rale_.png?fit=800%2C800&ssl=1","width":800,"height":800},{"@type":"BreadcrumbList","@id":"https:\/\/www.e2.law\/fr\/2023\/02\/21\/lassemblee-generale-de-lasbl\/#breadcrumb","itemListElement":[{"@type":"ListItem","position":1,"name":"Home","item":"https:\/\/www.e2.law\/fr\/home\/"},{"@type":"ListItem","position":2,"name":"L&#8217;assembl\u00e9e g\u00e9n\u00e9rale de l&#8217;ASBL"}]},{"@type":"WebSite","@id":"https:\/\/www.e2.law\/fr\/#website","url":"https:\/\/www.e2.law\/fr\/","name":"e2.law","description":"A Business Law Firm","publisher":{"@id":"https:\/\/www.e2.law\/fr\/#organization"},"potentialAction":[{"@type":"SearchAction","target":{"@type":"EntryPoint","urlTemplate":"https:\/\/www.e2.law\/fr\/?s={search_term_string}"},"query-input":{"@type":"PropertyValueSpecification","valueRequired":true,"valueName":"search_term_string"}}],"inLanguage":"fr-FR"},{"@type":"Organization","@id":"https:\/\/www.e2.law\/fr\/#organization","name":"E2.law","url":"https:\/\/www.e2.law\/fr\/","logo":{"@type":"ImageObject","inLanguage":"fr-FR","@id":"https:\/\/www.e2.law\/fr\/#\/schema\/logo\/image\/","url":"https:\/\/www.e2.law\/wp-content\/uploads\/2018\/12\/logo-2.png","contentUrl":"https:\/\/www.e2.law\/wp-content\/uploads\/2018\/12\/logo-2.png","width":152,"height":40,"caption":"E2.law"},"image":{"@id":"https:\/\/www.e2.law\/fr\/#\/schema\/logo\/image\/"},"sameAs":["https:\/\/www.linkedin.com\/company\/e2.law"]},{"@type":"Person","@id":"https:\/\/www.e2.law\/fr\/#\/schema\/person\/fc4936c485fc15b9d2be735eb6fa9080","name":"Valentine Bonamis","image":{"@type":"ImageObject","inLanguage":"fr-FR","@id":"https:\/\/www.e2.law\/wp-content\/uploads\/2021\/02\/6E22BF17-266E-4CB1-A676-FCE71D83B2A2_1_201_a-scaled-96x96.jpeg","url":"https:\/\/www.e2.law\/wp-content\/uploads\/2021\/02\/6E22BF17-266E-4CB1-A676-FCE71D83B2A2_1_201_a-scaled-96x96.jpeg","contentUrl":"https:\/\/www.e2.law\/wp-content\/uploads\/2021\/02\/6E22BF17-266E-4CB1-A676-FCE71D83B2A2_1_201_a-scaled-96x96.jpeg","caption":"Valentine Bonamis"},"url":"https:\/\/www.e2.law\/fr\/author\/valentine-b\/"}]}},"jetpack_featured_media_url":"https:\/\/i0.wp.com\/www.e2.law\/wp-content\/uploads\/2023\/02\/Assemble%CC%81e_Ge%CC%81ne%CC%81rale_.png?fit=800%2C800&ssl=1","jetpack_sharing_enabled":true,"_links":{"self":[{"href":"https:\/\/www.e2.law\/fr\/wp-json\/wp\/v2\/posts\/43984","targetHints":{"allow":["GET"]}}],"collection":[{"href":"https:\/\/www.e2.law\/fr\/wp-json\/wp\/v2\/posts"}],"about":[{"href":"https:\/\/www.e2.law\/fr\/wp-json\/wp\/v2\/types\/post"}],"author":[{"embeddable":true,"href":"https:\/\/www.e2.law\/fr\/wp-json\/wp\/v2\/users\/164"}],"replies":[{"embeddable":true,"href":"https:\/\/www.e2.law\/fr\/wp-json\/wp\/v2\/comments?post=43984"}],"version-history":[{"count":4,"href":"https:\/\/www.e2.law\/fr\/wp-json\/wp\/v2\/posts\/43984\/revisions"}],"predecessor-version":[{"id":44668,"href":"https:\/\/www.e2.law\/fr\/wp-json\/wp\/v2\/posts\/43984\/revisions\/44668"}],"wp:featuredmedia":[{"embeddable":true,"href":"https:\/\/www.e2.law\/fr\/wp-json\/wp\/v2\/media\/43972"}],"wp:attachment":[{"href":"https:\/\/www.e2.law\/fr\/wp-json\/wp\/v2\/media?parent=43984"}],"wp:term":[{"taxonomy":"category","embeddable":true,"href":"https:\/\/www.e2.law\/fr\/wp-json\/wp\/v2\/categories?post=43984"},{"taxonomy":"post_tag","embeddable":true,"href":"https:\/\/www.e2.law\/fr\/wp-json\/wp\/v2\/tags?post=43984"}],"curies":[{"name":"wp","href":"https:\/\/api.w.org\/{rel}","templated":true}]}}