{"id":44807,"date":"2025-08-20T13:01:49","date_gmt":"2025-08-20T11:01:49","guid":{"rendered":"https:\/\/www.e2.law\/?p=44807"},"modified":"2025-10-31T09:57:07","modified_gmt":"2025-10-31T07:57:07","slug":"20-11-2025-a-lln-la-transmission-dentreprises-pour-tous-en-petit-comite","status":"publish","type":"post","link":"https:\/\/www.e2.law\/fr\/2025\/08\/20\/20-11-2025-a-lln-la-transmission-dentreprises-pour-tous-en-petit-comite\/","title":{"rendered":"20.11.2025 \u00e0 LLN &#8211; La transmission d&#8217;entreprises pour tous en petit comit\u00e9"},"content":{"rendered":"<div class=\"fusion-fullwidth fullwidth-box fusion-builder-row-1 fusion-flex-container nonhundred-percent-fullwidth non-hundred-percent-height-scrolling\" style=\"--awb-border-radius-top-left:0px;--awb-border-radius-top-right:0px;--awb-border-radius-bottom-right:0px;--awb-border-radius-bottom-left:0px;--awb-flex-wrap:wrap;\" ><div class=\"fusion-builder-row fusion-row fusion-flex-align-items-flex-start fusion-flex-content-wrap\" style=\"max-width:1144px;margin-left: calc(-4% \/ 2 );margin-right: calc(-4% \/ 2 );\"><div class=\"fusion-layout-column fusion_builder_column fusion-builder-column-0 fusion_builder_column_1_1 1_1 fusion-flex-column\" style=\"--awb-bg-size:cover;--awb-width-large:100%;--awb-margin-top-large:0px;--awb-spacing-right-large:1.92%;--awb-margin-bottom-large:20px;--awb-spacing-left-large:1.92%;--awb-width-medium:100%;--awb-order-medium:0;--awb-spacing-right-medium:1.92%;--awb-spacing-left-medium:1.92%;--awb-width-small:100%;--awb-order-small:0;--awb-spacing-right-small:1.92%;--awb-spacing-left-small:1.92%;\"><div class=\"fusion-column-wrapper fusion-column-has-shadow fusion-flex-justify-content-flex-start fusion-content-layout-column\"><div class=\"fusion-text fusion-text-1\"><h2><strong>Un aper\u00e7u didactique et convivial d&#8217;un sujet essentiel pour renforcer le potentiel de votre projet entrepreneurial.<\/strong><\/h2>\n<\/div><div class=\"fusion-text fusion-text-2\"><h3 data-key=\"417\"><span data-key=\"418\">R\u00e9ussir l\u2019acquisition ou la transmission d\u2019une entreprise est incontestablement un gage de succ\u00e8s de tout projet entrepreneurial. <\/span><\/h3>\n<p><span style=\"font-size: 16px;\">Dans cet esprit, nous proposons une conf\u00e9rence avec les objectifs suivants:<br \/>\n<\/span><\/p>\n<ul>\n<li data-key=\"421\"><span style=\"font-size: 16px;\">Comprendre les principales diff\u00e9rences entre les deux voies pouvant \u00eatre emprunt\u00e9es (cession d\u2019actifs VS cession actions) ainsi que leurs avantages et <\/span><span style=\"font-size: 16px;\">inconv\u00e9nients respectifs;<br \/>\n<\/span><\/li>\n<li data-key=\"421\"><span style=\"font-size: 16px;\">Visualiser, dans les grandes lignes, le processus de cession\/acquisition;<\/span><\/li>\n<li data-key=\"421\"><span style=\"font-size: 16px;\">Acqu\u00e9rir certains r\u00e9flexes pratiques pour la pr\u00e9paration d\u2019une cession\/acquisition, tant pour le vendeur que pour l\u2019acqu\u00e9reur;<\/span><\/li>\n<li data-key=\"421\"><span style=\"font-size: 16px;\">Acqu\u00e9rir une compr\u00e9hension g\u00e9n\u00e9rale des implications fiscales dans le chef du c\u00e9dant et du repreneur.<br \/>\n<\/span><\/li>\n<\/ul>\n<p data-key=\"421\"><span style=\"font-size: 16px;\">Si le temps le permet, nous brosserons succinctement le portrait du <em>management buy out<\/em>.<br \/>\n<\/span><\/p>\n<p data-key=\"421\"><span style=\"font-size: 16px;\">Les participants qui le souhaitent sont invit\u00e9s \u00e0 adresser leurs questions \u00e0 l&#8217;orateur jusqu&#8217;\u00e0 trois jours avant l&#8217;\u00e9venement. Il y sera r\u00e9pondu dans la mesure du possible lors de la pr\u00e9sentation ou en apart\u00e9.<br \/>\n.<\/span><\/p>\n<h2 data-key=\"447\"><span data-key=\"448\">Orateur<\/span><\/h2>\n<p data-key=\"449\"><span data-key=\"450\">Quentin de Bournonville est avocat au Barreau de Bruxelles depuis 2006. Au sein du cabinet e\u00b2.law, il accompagne des entrepreneurs dans leurs projets dans diff\u00e9rents domaines du droit des affaires.<\/span><\/p>\n<h3 data-key=\"449\"><\/h3>\n<h3 data-key=\"449\">Infos pratiques<\/h3>\n<p>Date et Horaires : Le jeudi, 20 novembre 2025 de 12:00 \u00e0 14:00 CET<\/p>\n<p>Lieu: Cercle du Lac, Boulevard Baudouin 1er, 23, \u00e0 Louvain-la-Neuve.<\/p>\n<p>Plus: Un lunch l\u00e9ger est pr\u00e9vu.<\/p>\n<h3 data-key=\"451\"><\/h3>\n<h3 data-key=\"451\"><span data-key=\"452\">Modalit\u00e9s d&#8217;inscription <\/span><\/h3>\n<p data-start=\"70\" data-end=\"305\">Cet \u00e9v\u00e9nement est r\u00e9serv\u00e9 aux <strong>20\u00a0premiers inscrits<\/strong>. Si le nombre de demandes devait exc\u00e9der cette limite, nous nous r\u00e9servons la possibilit\u00e9 d\u2019augmenter exceptionnellement la capacit\u00e9, en concertation avec le <em data-start=\"284\" data-end=\"304\">Cercle du Lac<\/em>.<\/p>\n<p data-start=\"310\" data-end=\"635\">Afin de ne pas priver d&#8217;autres personnes de la possibilit\u00e9 d\u2019y participer, et pour nous permettre d\u2019ajuster le catering au plus juste, nous vous remercions de <strong data-start=\"469\" data-end=\"542\">ne vous inscrire que si vous avez l\u2019intention ferme d\u2019\u00eatre pr\u00e9sent(e)<\/strong> \u2014 et, le cas \u00e9ch\u00e9ant, de <strong data-start=\"568\" data-end=\"613\">nous pr\u00e9venir au moins 5 jours \u00e0 l\u2019avance<\/strong> en cas d\u2019emp\u00eachement.<\/p>\n<p data-start=\"310\" data-end=\"635\"><strong>\u00a0Inscriptions<\/strong> (\u00e0 partir du 1er septembre 2025) <strong><a href=\"https:\/\/www.eventbrite.be\/e\/1610565126649?aff=oddtdtcreator\">ici<\/a><\/strong><\/p>\n<p>Adressez vos questions \u00e9ventuelles \u00e0 qdebournonville@e2.law<\/p>\n<\/div><div class=\"fusion-builder-row fusion-builder-row-inner fusion-row fusion-flex-align-items-flex-start fusion-flex-content-wrap\" style=\"width:104% !important;max-width:104% !important;margin-left: calc(-4% \/ 2 );margin-right: calc(-4% \/ 2 );\"><div class=\"fusion-layout-column fusion_builder_column_inner fusion-builder-nested-column-0 fusion_builder_column_inner_1_3 1_3 fusion-flex-column\" style=\"--awb-bg-size:cover;--awb-width-large:33.333333333333%;--awb-margin-top-large:0px;--awb-spacing-right-large:5.76%;--awb-margin-bottom-large:20px;--awb-spacing-left-large:5.76%;--awb-width-medium:100%;--awb-order-medium:0;--awb-spacing-right-medium:1.92%;--awb-spacing-left-medium:1.92%;--awb-width-small:100%;--awb-order-small:0;--awb-spacing-right-small:1.92%;--awb-spacing-left-small:1.92%;\"><div class=\"fusion-column-wrapper fusion-column-has-shadow fusion-flex-justify-content-flex-start fusion-content-layout-column\"><\/div><\/div><div class=\"fusion-layout-column fusion_builder_column_inner fusion-builder-nested-column-1 fusion_builder_column_inner_1_3 1_3 fusion-flex-column\" style=\"--awb-bg-size:cover;--awb-width-large:33.333333333333%;--awb-margin-top-large:0px;--awb-spacing-right-large:5.76%;--awb-margin-bottom-large:20px;--awb-spacing-left-large:5.76%;--awb-width-medium:100%;--awb-order-medium:0;--awb-spacing-right-medium:1.92%;--awb-spacing-left-medium:1.92%;--awb-width-small:100%;--awb-order-small:0;--awb-spacing-right-small:1.92%;--awb-spacing-left-small:1.92%;\"><div class=\"fusion-column-wrapper fusion-column-has-shadow fusion-flex-justify-content-flex-start fusion-content-layout-column\"><div class=\"fusion-image-element \" style=\"--awb-caption-title-font-family:var(--h2_typography-font-family);--awb-caption-title-font-weight:var(--h2_typography-font-weight);--awb-caption-title-font-style:var(--h2_typography-font-style);--awb-caption-title-size:var(--h2_typography-font-size);--awb-caption-title-transform:var(--h2_typography-text-transform);--awb-caption-title-line-height:var(--h2_typography-line-height);--awb-caption-title-letter-spacing:var(--h2_typography-letter-spacing);\"><span class=\" fusion-imageframe imageframe-none imageframe-1 hover-type-none\"><img decoding=\"async\" width=\"150\" height=\"150\" title=\"e2 events\" src=\"https:\/\/i0.wp.com\/www.e2.law\/wp-content\/uploads\/2022\/11\/e2-events.jpg?fit=2284%2C1955&ssl=1\" data-orig-src=\"https:\/\/www.e2.law\/wp-content\/uploads\/2022\/11\/e2-events-150x150.jpg\" alt class=\"lazyload img-responsive wp-image-43029\" srcset=\"data:image\/svg+xml,%3Csvg%20xmlns%3D%27http%3A%2F%2Fwww.w3.org%2F2000%2Fsvg%27%20width%3D%272284%27%20height%3D%271955%27%20viewBox%3D%270%200%202284%201955%27%3E%3Crect%20width%3D%272284%27%20height%3D%271955%27%20fill-opacity%3D%220%22%2F%3E%3C%2Fsvg%3E\" data-srcset=\"https:\/\/i0.wp.com\/www.e2.law\/wp-content\/uploads\/2022\/11\/e2-events.jpg?resize=66%2C66&amp;ssl=1 66w, https:\/\/i0.wp.com\/www.e2.law\/wp-content\/uploads\/2022\/11\/e2-events.jpg?resize=100%2C100&amp;ssl=1 100w, https:\/\/i0.wp.com\/www.e2.law\/wp-content\/uploads\/2022\/11\/e2-events.jpg?resize=150%2C150&amp;ssl=1 150w, https:\/\/i0.wp.com\/www.e2.law\/wp-content\/uploads\/2022\/11\/e2-events.jpg?zoom=2&amp;resize=150%2C150&amp;ssl=1 300w, https:\/\/i0.wp.com\/www.e2.law\/wp-content\/uploads\/2022\/11\/e2-events.jpg?zoom=3&amp;resize=150%2C150&amp;ssl=1 450w\" data-sizes=\"auto\" data-orig-sizes=\"(max-width: 1024px) 100vw, (max-width: 640px) 100vw, 400px\" \/><\/span><\/div><\/div><\/div><div class=\"fusion-layout-column fusion_builder_column_inner fusion-builder-nested-column-2 fusion_builder_column_inner_1_3 1_3 fusion-flex-column\" style=\"--awb-bg-size:cover;--awb-width-large:33.333333333333%;--awb-margin-top-large:0px;--awb-spacing-right-large:5.76%;--awb-margin-bottom-large:20px;--awb-spacing-left-large:5.76%;--awb-width-medium:100%;--awb-order-medium:0;--awb-spacing-right-medium:1.92%;--awb-spacing-left-medium:1.92%;--awb-width-small:100%;--awb-order-small:0;--awb-spacing-right-small:1.92%;--awb-spacing-left-small:1.92%;\"><div class=\"fusion-column-wrapper fusion-column-has-shadow fusion-flex-justify-content-flex-start fusion-content-layout-column\"><\/div><\/div><\/div><\/div><\/div><\/div><\/div>\n","protected":false},"excerpt":{"rendered":"","protected":false},"author":169,"featured_media":44913,"comment_status":"closed","ping_status":"open","sticky":false,"template":"","format":"standard","meta":{"_acf_changed":false,"_jetpack_memberships_contains_paid_content":false,"footnotes":""},"categories":[141],"tags":[1133],"class_list":["post-44807","post","type-post","status-publish","format-standard","has-post-thumbnail","hentry","category-non-classifiee","tag-events"],"acf":[],"yoast_head":"<!-- This site is optimized with the Yoast SEO plugin v27.5 - https:\/\/yoast.com\/product\/yoast-seo-wordpress\/ -->\n<title>20.11.2025 \u00e0 LLN - La transmission d&#039;entreprises pour tous en petit comit\u00e9 - e2.law<\/title>\n<meta name=\"robots\" content=\"index, follow, max-snippet:-1, max-image-preview:large, max-video-preview:-1\" \/>\n<link rel=\"canonical\" href=\"https:\/\/www.e2.law\/fr\/2025\/08\/20\/20-11-2025-a-lln-la-transmission-dentreprises-pour-tous-en-petit-comite\/\" \/>\n<meta property=\"og:locale\" content=\"fr_FR\" \/>\n<meta property=\"og:type\" content=\"article\" \/>\n<meta property=\"og:title\" content=\"20.11.2025 \u00e0 LLN - La transmission d&#039;entreprises pour tous en petit comit\u00e9 - e2.law\" \/>\n<meta property=\"og:url\" content=\"https:\/\/www.e2.law\/fr\/2025\/08\/20\/20-11-2025-a-lln-la-transmission-dentreprises-pour-tous-en-petit-comite\/\" \/>\n<meta property=\"og:site_name\" content=\"e2.law\" \/>\n<meta property=\"article:published_time\" content=\"2025-08-20T11:01:49+00:00\" \/>\n<meta property=\"article:modified_time\" content=\"2025-10-31T07:57:07+00:00\" \/>\n<meta property=\"og:image\" content=\"https:\/\/www.e2.law\/wp-content\/uploads\/2025\/08\/STW_banner_LinkedIn_avec_photo.jpg\" \/>\n\t<meta property=\"og:image:width\" content=\"2503\" \/>\n\t<meta property=\"og:image:height\" content=\"1316\" \/>\n\t<meta property=\"og:image:type\" content=\"image\/jpeg\" \/>\n<meta name=\"author\" content=\"e\u00b2.law\" \/>\n<meta name=\"twitter:card\" content=\"summary_large_image\" \/>\n<meta name=\"twitter:label1\" content=\"\u00c9crit par\" \/>\n\t<meta name=\"twitter:data1\" content=\"e\u00b2.law\" \/>\n\t<meta name=\"twitter:label2\" content=\"Dur\u00e9e de lecture estim\u00e9e\" \/>\n\t<meta name=\"twitter:data2\" content=\"3 minutes\" \/>\n<script type=\"application\/ld+json\" class=\"yoast-schema-graph\">{\"@context\":\"https:\\\/\\\/schema.org\",\"@graph\":[{\"@type\":\"Article\",\"@id\":\"https:\\\/\\\/www.e2.law\\\/fr\\\/2025\\\/08\\\/20\\\/20-11-2025-a-lln-la-transmission-dentreprises-pour-tous-en-petit-comite\\\/#article\",\"isPartOf\":{\"@id\":\"https:\\\/\\\/www.e2.law\\\/fr\\\/2025\\\/08\\\/20\\\/20-11-2025-a-lln-la-transmission-dentreprises-pour-tous-en-petit-comite\\\/\"},\"author\":{\"name\":\"e\u00b2.law\",\"@id\":\"https:\\\/\\\/www.e2.law\\\/fr\\\/#\\\/schema\\\/person\\\/9f822952177053b420c93ceda8001bcd\"},\"headline\":\"20.11.2025 \u00e0 LLN &#8211; La transmission d&#8217;entreprises pour tous en petit comit\u00e9\",\"datePublished\":\"2025-08-20T11:01:49+00:00\",\"dateModified\":\"2025-10-31T07:57:07+00:00\",\"mainEntityOfPage\":{\"@id\":\"https:\\\/\\\/www.e2.law\\\/fr\\\/2025\\\/08\\\/20\\\/20-11-2025-a-lln-la-transmission-dentreprises-pour-tous-en-petit-comite\\\/\"},\"wordCount\":2111,\"publisher\":{\"@id\":\"https:\\\/\\\/www.e2.law\\\/fr\\\/#organization\"},\"image\":{\"@id\":\"https:\\\/\\\/www.e2.law\\\/fr\\\/2025\\\/08\\\/20\\\/20-11-2025-a-lln-la-transmission-dentreprises-pour-tous-en-petit-comite\\\/#primaryimage\"},\"thumbnailUrl\":\"https:\\\/\\\/i0.wp.com\\\/www.e2.law\\\/wp-content\\\/uploads\\\/2025\\\/08\\\/STW_banner_LinkedIn_avec_photo.jpg?fit=2503%2C1316&ssl=1\",\"keywords\":[\"Events\"],\"articleSection\":[\"Non classifi\u00e9(e)\"],\"inLanguage\":\"fr-FR\"},{\"@type\":\"WebPage\",\"@id\":\"https:\\\/\\\/www.e2.law\\\/fr\\\/2025\\\/08\\\/20\\\/20-11-2025-a-lln-la-transmission-dentreprises-pour-tous-en-petit-comite\\\/\",\"url\":\"https:\\\/\\\/www.e2.law\\\/fr\\\/2025\\\/08\\\/20\\\/20-11-2025-a-lln-la-transmission-dentreprises-pour-tous-en-petit-comite\\\/\",\"name\":\"20.11.2025 \u00e0 LLN - La transmission d'entreprises pour tous en petit comit\u00e9 - e2.law\",\"isPartOf\":{\"@id\":\"https:\\\/\\\/www.e2.law\\\/fr\\\/#website\"},\"primaryImageOfPage\":{\"@id\":\"https:\\\/\\\/www.e2.law\\\/fr\\\/2025\\\/08\\\/20\\\/20-11-2025-a-lln-la-transmission-dentreprises-pour-tous-en-petit-comite\\\/#primaryimage\"},\"image\":{\"@id\":\"https:\\\/\\\/www.e2.law\\\/fr\\\/2025\\\/08\\\/20\\\/20-11-2025-a-lln-la-transmission-dentreprises-pour-tous-en-petit-comite\\\/#primaryimage\"},\"thumbnailUrl\":\"https:\\\/\\\/i0.wp.com\\\/www.e2.law\\\/wp-content\\\/uploads\\\/2025\\\/08\\\/STW_banner_LinkedIn_avec_photo.jpg?fit=2503%2C1316&ssl=1\",\"datePublished\":\"2025-08-20T11:01:49+00:00\",\"dateModified\":\"2025-10-31T07:57:07+00:00\",\"breadcrumb\":{\"@id\":\"https:\\\/\\\/www.e2.law\\\/fr\\\/2025\\\/08\\\/20\\\/20-11-2025-a-lln-la-transmission-dentreprises-pour-tous-en-petit-comite\\\/#breadcrumb\"},\"inLanguage\":\"fr-FR\",\"potentialAction\":[{\"@type\":\"ReadAction\",\"target\":[\"https:\\\/\\\/www.e2.law\\\/fr\\\/2025\\\/08\\\/20\\\/20-11-2025-a-lln-la-transmission-dentreprises-pour-tous-en-petit-comite\\\/\"]}]},{\"@type\":\"ImageObject\",\"inLanguage\":\"fr-FR\",\"@id\":\"https:\\\/\\\/www.e2.law\\\/fr\\\/2025\\\/08\\\/20\\\/20-11-2025-a-lln-la-transmission-dentreprises-pour-tous-en-petit-comite\\\/#primaryimage\",\"url\":\"https:\\\/\\\/i0.wp.com\\\/www.e2.law\\\/wp-content\\\/uploads\\\/2025\\\/08\\\/STW_banner_LinkedIn_avec_photo.jpg?fit=2503%2C1316&ssl=1\",\"contentUrl\":\"https:\\\/\\\/i0.wp.com\\\/www.e2.law\\\/wp-content\\\/uploads\\\/2025\\\/08\\\/STW_banner_LinkedIn_avec_photo.jpg?fit=2503%2C1316&ssl=1\",\"width\":2503,\"height\":1316},{\"@type\":\"BreadcrumbList\",\"@id\":\"https:\\\/\\\/www.e2.law\\\/fr\\\/2025\\\/08\\\/20\\\/20-11-2025-a-lln-la-transmission-dentreprises-pour-tous-en-petit-comite\\\/#breadcrumb\",\"itemListElement\":[{\"@type\":\"ListItem\",\"position\":1,\"name\":\"Home\",\"item\":\"https:\\\/\\\/www.e2.law\\\/fr\\\/home\\\/\"},{\"@type\":\"ListItem\",\"position\":2,\"name\":\"20.11.2025 \u00e0 LLN &#8211; La transmission d&#8217;entreprises pour tous en petit comit\u00e9\"}]},{\"@type\":\"WebSite\",\"@id\":\"https:\\\/\\\/www.e2.law\\\/fr\\\/#website\",\"url\":\"https:\\\/\\\/www.e2.law\\\/fr\\\/\",\"name\":\"e2.law\",\"description\":\"A Business Law Firm\",\"publisher\":{\"@id\":\"https:\\\/\\\/www.e2.law\\\/fr\\\/#organization\"},\"potentialAction\":[{\"@type\":\"SearchAction\",\"target\":{\"@type\":\"EntryPoint\",\"urlTemplate\":\"https:\\\/\\\/www.e2.law\\\/fr\\\/?s={search_term_string}\"},\"query-input\":{\"@type\":\"PropertyValueSpecification\",\"valueRequired\":true,\"valueName\":\"search_term_string\"}}],\"inLanguage\":\"fr-FR\"},{\"@type\":\"Organization\",\"@id\":\"https:\\\/\\\/www.e2.law\\\/fr\\\/#organization\",\"name\":\"E2.law\",\"url\":\"https:\\\/\\\/www.e2.law\\\/fr\\\/\",\"logo\":{\"@type\":\"ImageObject\",\"inLanguage\":\"fr-FR\",\"@id\":\"https:\\\/\\\/www.e2.law\\\/fr\\\/#\\\/schema\\\/logo\\\/image\\\/\",\"url\":\"https:\\\/\\\/www.e2.law\\\/wp-content\\\/uploads\\\/2018\\\/12\\\/logo-2.png\",\"contentUrl\":\"https:\\\/\\\/www.e2.law\\\/wp-content\\\/uploads\\\/2018\\\/12\\\/logo-2.png\",\"width\":152,\"height\":40,\"caption\":\"E2.law\"},\"image\":{\"@id\":\"https:\\\/\\\/www.e2.law\\\/fr\\\/#\\\/schema\\\/logo\\\/image\\\/\"},\"sameAs\":[\"https:\\\/\\\/www.linkedin.com\\\/company\\\/e2.law\"]},{\"@type\":\"Person\",\"@id\":\"https:\\\/\\\/www.e2.law\\\/fr\\\/#\\\/schema\\\/person\\\/9f822952177053b420c93ceda8001bcd\",\"name\":\"e\u00b2.law\",\"image\":{\"@type\":\"ImageObject\",\"inLanguage\":\"fr-FR\",\"@id\":\"https:\\\/\\\/secure.gravatar.com\\\/avatar\\\/?d=https:\\\/\\\/www.e2.law\\\/wp-content\\\/uploads\\\/2021\\\/01\\\/pixie_1609696175704-e1610820192173.png&amp;s=96\",\"url\":\"https:\\\/\\\/secure.gravatar.com\\\/avatar\\\/?d=https:\\\/\\\/www.e2.law\\\/wp-content\\\/uploads\\\/2021\\\/01\\\/pixie_1609696175704-e1610820192173.png&amp;s=96\",\"contentUrl\":\"https:\\\/\\\/secure.gravatar.com\\\/avatar\\\/?d=https:\\\/\\\/www.e2.law\\\/wp-content\\\/uploads\\\/2021\\\/01\\\/pixie_1609696175704-e1610820192173.png&amp;s=96\",\"caption\":\"e\u00b2.law\"},\"sameAs\":[\"http:\\\/\\\/www.e2.law\",\"www.linkedin.com\\\\companyprofile\\\\e2.law\"],\"url\":\"https:\\\/\\\/www.e2.law\\\/fr\\\/author\\\/visitor\\\/\"}]}<\/script>\n<!-- \/ Yoast SEO plugin. -->","yoast_head_json":{"title":"20.11.2025 \u00e0 LLN - La transmission d'entreprises pour tous en petit comit\u00e9 - e2.law","robots":{"index":"index","follow":"follow","max-snippet":"max-snippet:-1","max-image-preview":"max-image-preview:large","max-video-preview":"max-video-preview:-1"},"canonical":"https:\/\/www.e2.law\/fr\/2025\/08\/20\/20-11-2025-a-lln-la-transmission-dentreprises-pour-tous-en-petit-comite\/","og_locale":"fr_FR","og_type":"article","og_title":"20.11.2025 \u00e0 LLN - La transmission d'entreprises pour tous en petit comit\u00e9 - e2.law","og_url":"https:\/\/www.e2.law\/fr\/2025\/08\/20\/20-11-2025-a-lln-la-transmission-dentreprises-pour-tous-en-petit-comite\/","og_site_name":"e2.law","article_published_time":"2025-08-20T11:01:49+00:00","article_modified_time":"2025-10-31T07:57:07+00:00","og_image":[{"width":2503,"height":1316,"url":"https:\/\/www.e2.law\/wp-content\/uploads\/2025\/08\/STW_banner_LinkedIn_avec_photo.jpg","type":"image\/jpeg"}],"author":"e\u00b2.law","twitter_card":"summary_large_image","twitter_misc":{"\u00c9crit par":"e\u00b2.law","Dur\u00e9e de lecture estim\u00e9e":"3 minutes"},"schema":{"@context":"https:\/\/schema.org","@graph":[{"@type":"Article","@id":"https:\/\/www.e2.law\/fr\/2025\/08\/20\/20-11-2025-a-lln-la-transmission-dentreprises-pour-tous-en-petit-comite\/#article","isPartOf":{"@id":"https:\/\/www.e2.law\/fr\/2025\/08\/20\/20-11-2025-a-lln-la-transmission-dentreprises-pour-tous-en-petit-comite\/"},"author":{"name":"e\u00b2.law","@id":"https:\/\/www.e2.law\/fr\/#\/schema\/person\/9f822952177053b420c93ceda8001bcd"},"headline":"20.11.2025 \u00e0 LLN &#8211; La transmission d&#8217;entreprises pour tous en petit comit\u00e9","datePublished":"2025-08-20T11:01:49+00:00","dateModified":"2025-10-31T07:57:07+00:00","mainEntityOfPage":{"@id":"https:\/\/www.e2.law\/fr\/2025\/08\/20\/20-11-2025-a-lln-la-transmission-dentreprises-pour-tous-en-petit-comite\/"},"wordCount":2111,"publisher":{"@id":"https:\/\/www.e2.law\/fr\/#organization"},"image":{"@id":"https:\/\/www.e2.law\/fr\/2025\/08\/20\/20-11-2025-a-lln-la-transmission-dentreprises-pour-tous-en-petit-comite\/#primaryimage"},"thumbnailUrl":"https:\/\/i0.wp.com\/www.e2.law\/wp-content\/uploads\/2025\/08\/STW_banner_LinkedIn_avec_photo.jpg?fit=2503%2C1316&ssl=1","keywords":["Events"],"articleSection":["Non classifi\u00e9(e)"],"inLanguage":"fr-FR"},{"@type":"WebPage","@id":"https:\/\/www.e2.law\/fr\/2025\/08\/20\/20-11-2025-a-lln-la-transmission-dentreprises-pour-tous-en-petit-comite\/","url":"https:\/\/www.e2.law\/fr\/2025\/08\/20\/20-11-2025-a-lln-la-transmission-dentreprises-pour-tous-en-petit-comite\/","name":"20.11.2025 \u00e0 LLN - La transmission d'entreprises pour tous en petit comit\u00e9 - e2.law","isPartOf":{"@id":"https:\/\/www.e2.law\/fr\/#website"},"primaryImageOfPage":{"@id":"https:\/\/www.e2.law\/fr\/2025\/08\/20\/20-11-2025-a-lln-la-transmission-dentreprises-pour-tous-en-petit-comite\/#primaryimage"},"image":{"@id":"https:\/\/www.e2.law\/fr\/2025\/08\/20\/20-11-2025-a-lln-la-transmission-dentreprises-pour-tous-en-petit-comite\/#primaryimage"},"thumbnailUrl":"https:\/\/i0.wp.com\/www.e2.law\/wp-content\/uploads\/2025\/08\/STW_banner_LinkedIn_avec_photo.jpg?fit=2503%2C1316&ssl=1","datePublished":"2025-08-20T11:01:49+00:00","dateModified":"2025-10-31T07:57:07+00:00","breadcrumb":{"@id":"https:\/\/www.e2.law\/fr\/2025\/08\/20\/20-11-2025-a-lln-la-transmission-dentreprises-pour-tous-en-petit-comite\/#breadcrumb"},"inLanguage":"fr-FR","potentialAction":[{"@type":"ReadAction","target":["https:\/\/www.e2.law\/fr\/2025\/08\/20\/20-11-2025-a-lln-la-transmission-dentreprises-pour-tous-en-petit-comite\/"]}]},{"@type":"ImageObject","inLanguage":"fr-FR","@id":"https:\/\/www.e2.law\/fr\/2025\/08\/20\/20-11-2025-a-lln-la-transmission-dentreprises-pour-tous-en-petit-comite\/#primaryimage","url":"https:\/\/i0.wp.com\/www.e2.law\/wp-content\/uploads\/2025\/08\/STW_banner_LinkedIn_avec_photo.jpg?fit=2503%2C1316&ssl=1","contentUrl":"https:\/\/i0.wp.com\/www.e2.law\/wp-content\/uploads\/2025\/08\/STW_banner_LinkedIn_avec_photo.jpg?fit=2503%2C1316&ssl=1","width":2503,"height":1316},{"@type":"BreadcrumbList","@id":"https:\/\/www.e2.law\/fr\/2025\/08\/20\/20-11-2025-a-lln-la-transmission-dentreprises-pour-tous-en-petit-comite\/#breadcrumb","itemListElement":[{"@type":"ListItem","position":1,"name":"Home","item":"https:\/\/www.e2.law\/fr\/home\/"},{"@type":"ListItem","position":2,"name":"20.11.2025 \u00e0 LLN &#8211; La transmission d&#8217;entreprises pour tous en petit comit\u00e9"}]},{"@type":"WebSite","@id":"https:\/\/www.e2.law\/fr\/#website","url":"https:\/\/www.e2.law\/fr\/","name":"e2.law","description":"A Business Law Firm","publisher":{"@id":"https:\/\/www.e2.law\/fr\/#organization"},"potentialAction":[{"@type":"SearchAction","target":{"@type":"EntryPoint","urlTemplate":"https:\/\/www.e2.law\/fr\/?s={search_term_string}"},"query-input":{"@type":"PropertyValueSpecification","valueRequired":true,"valueName":"search_term_string"}}],"inLanguage":"fr-FR"},{"@type":"Organization","@id":"https:\/\/www.e2.law\/fr\/#organization","name":"E2.law","url":"https:\/\/www.e2.law\/fr\/","logo":{"@type":"ImageObject","inLanguage":"fr-FR","@id":"https:\/\/www.e2.law\/fr\/#\/schema\/logo\/image\/","url":"https:\/\/www.e2.law\/wp-content\/uploads\/2018\/12\/logo-2.png","contentUrl":"https:\/\/www.e2.law\/wp-content\/uploads\/2018\/12\/logo-2.png","width":152,"height":40,"caption":"E2.law"},"image":{"@id":"https:\/\/www.e2.law\/fr\/#\/schema\/logo\/image\/"},"sameAs":["https:\/\/www.linkedin.com\/company\/e2.law"]},{"@type":"Person","@id":"https:\/\/www.e2.law\/fr\/#\/schema\/person\/9f822952177053b420c93ceda8001bcd","name":"e\u00b2.law","image":{"@type":"ImageObject","inLanguage":"fr-FR","@id":"https:\/\/secure.gravatar.com\/avatar\/?d=https:\/\/www.e2.law\/wp-content\/uploads\/2021\/01\/pixie_1609696175704-e1610820192173.png&amp;s=96","url":"https:\/\/secure.gravatar.com\/avatar\/?d=https:\/\/www.e2.law\/wp-content\/uploads\/2021\/01\/pixie_1609696175704-e1610820192173.png&amp;s=96","contentUrl":"https:\/\/secure.gravatar.com\/avatar\/?d=https:\/\/www.e2.law\/wp-content\/uploads\/2021\/01\/pixie_1609696175704-e1610820192173.png&amp;s=96","caption":"e\u00b2.law"},"sameAs":["http:\/\/www.e2.law","www.linkedin.com\\companyprofile\\e2.law"],"url":"https:\/\/www.e2.law\/fr\/author\/visitor\/"}]}},"jetpack_featured_media_url":"https:\/\/i0.wp.com\/www.e2.law\/wp-content\/uploads\/2025\/08\/STW_banner_LinkedIn_avec_photo.jpg?fit=2503%2C1316&ssl=1","jetpack_sharing_enabled":true,"_links":{"self":[{"href":"https:\/\/www.e2.law\/fr\/wp-json\/wp\/v2\/posts\/44807","targetHints":{"allow":["GET"]}}],"collection":[{"href":"https:\/\/www.e2.law\/fr\/wp-json\/wp\/v2\/posts"}],"about":[{"href":"https:\/\/www.e2.law\/fr\/wp-json\/wp\/v2\/types\/post"}],"author":[{"embeddable":true,"href":"https:\/\/www.e2.law\/fr\/wp-json\/wp\/v2\/users\/169"}],"replies":[{"embeddable":true,"href":"https:\/\/www.e2.law\/fr\/wp-json\/wp\/v2\/comments?post=44807"}],"version-history":[{"count":9,"href":"https:\/\/www.e2.law\/fr\/wp-json\/wp\/v2\/posts\/44807\/revisions"}],"predecessor-version":[{"id":44903,"href":"https:\/\/www.e2.law\/fr\/wp-json\/wp\/v2\/posts\/44807\/revisions\/44903"}],"wp:featuredmedia":[{"embeddable":true,"href":"https:\/\/www.e2.law\/fr\/wp-json\/wp\/v2\/media\/44913"}],"wp:attachment":[{"href":"https:\/\/www.e2.law\/fr\/wp-json\/wp\/v2\/media?parent=44807"}],"wp:term":[{"taxonomy":"category","embeddable":true,"href":"https:\/\/www.e2.law\/fr\/wp-json\/wp\/v2\/categories?post=44807"},{"taxonomy":"post_tag","embeddable":true,"href":"https:\/\/www.e2.law\/fr\/wp-json\/wp\/v2\/tags?post=44807"}],"curies":[{"name":"wp","href":"https:\/\/api.w.org\/{rel}","templated":true}]}}